{"id":8535,"date":"2026-05-03T06:16:11","date_gmt":"2026-05-03T06:16:11","guid":{"rendered":"https:\/\/cronicahd.ro\/?p=8535"},"modified":"2026-05-03T06:16:11","modified_gmt":"2026-05-03T06:16:11","slug":"liceenii-din-tara-intrecere-la-castelul-nopcsa","status":"publish","type":"post","link":"https:\/\/cronicahd.ro\/?p=8535","title":{"rendered":"Liceenii din \u021bar\u0103, \u00eentrecere la Castelul Nopcsa"},"content":{"rendered":"<p class=\"s3\"><span class=\"s2\"><span class=\"bumpedFont15\">\u00a0<\/span><\/span><\/p>\n<p class=\"s3\"><span class=\"s2\"><span class=\"bumpedFont15\">Peste 350 de liceeni <\/span><\/span><span class=\"s2\"><span class=\"bumpedFont15\">din mai multe locuri din \u021bar\u0103 <\/span><\/span><span class=\"s2\"><span class=\"bumpedFont15\">s-au \u00eentrecut la concursul lansat de cei din \u021aara Ha\u021begului, la Castelul <\/span><\/span><span class=\"s2\"><span class=\"bumpedFont15\">Nopcsa<\/span><\/span><span class=\"s2\"><span class=\"bumpedFont15\">. A fost o nou\u0103 edi\u021bie plin\u0103 de succes, care a atras tinerii \u00een ceea ce este, cu siguran\u021b\u0103, modul lor de a ar\u0103ta c\u0103 tradi\u021biile nu s-au uitat, ci s-au p\u0103strat \u00een timp.<\/span><\/span><\/p>\n<p><img loading=\"lazy\" decoding=\"async\" class=\"alignnone size-full wp-image-8541\" src=\"https:\/\/cronicahd.ro\/wp-content\/uploads\/2026\/05\/att.7o9fN8NPYAYkQ-CsDppTb1Yucie5-T4RGNalXzlLGD8.jpeg\" alt=\"\" width=\"2048\" height=\"1365\" srcset=\"https:\/\/cronicahd.ro\/wp-content\/uploads\/2026\/05\/att.7o9fN8NPYAYkQ-CsDppTb1Yucie5-T4RGNalXzlLGD8.jpeg 2048w, https:\/\/cronicahd.ro\/wp-content\/uploads\/2026\/05\/att.7o9fN8NPYAYkQ-CsDppTb1Yucie5-T4RGNalXzlLGD8-300x200.jpeg 300w, https:\/\/cronicahd.ro\/wp-content\/uploads\/2026\/05\/att.7o9fN8NPYAYkQ-CsDppTb1Yucie5-T4RGNalXzlLGD8-1024x683.jpeg 1024w, https:\/\/cronicahd.ro\/wp-content\/uploads\/2026\/05\/att.7o9fN8NPYAYkQ-CsDppTb1Yucie5-T4RGNalXzlLGD8-768x512.jpeg 768w, https:\/\/cronicahd.ro\/wp-content\/uploads\/2026\/05\/att.7o9fN8NPYAYkQ-CsDppTb1Yucie5-T4RGNalXzlLGD8-1536x1024.jpeg 1536w\" sizes=\"auto, (max-width: 2048px) 100vw, 2048px\" \/><\/p>\n<p class=\"s3\"><span class=\"s2\"><span class=\"bumpedFont15\">Alexandru <\/span><\/span><span class=\"s2\"><span class=\"bumpedFont15\">Malairos<\/span><\/span><span class=\"s2\"><span class=\"bumpedFont15\">, <\/span><\/span><span class=\"s2\"><span class=\"bumpedFont15\">coordonatorul <\/span><\/span><span class=\"s2\"><span class=\"bumpedFont15\">concursului Na\u021bional <\/span><\/span><span class=\"s2\"><span class=\"bumpedFont15\">\u201e<\/span><\/span><span class=\"s2\"><span class=\"bumpedFont15\">Tradi\u021bii \u0219i Obiceiuri de Pa\u0219te \u00eentr-o <\/span><\/span><span class=\"s2\"><span class=\"bumpedFont15\">Rom\u00e2nie<\/span><\/span><span class=\"s2\"><span class=\"bumpedFont15\"> Eco<\/span><\/span><span class=\"s2\"><span class=\"bumpedFont15\">\u201d<\/span><\/span><span class=\"s2\"><span class=\"bumpedFont15\">, organizat de Liceul Teoretic ,,Ion Constantin Br\u0103tianu,, din Ha\u021beg<\/span><\/span><span class=\"s2\"><span class=\"bumpedFont15\">, spune c\u0103, \u0219i de aceast\u0103 dat\u0103, au fost mul\u021bi tineri, au fost idei excep\u021bionale \u0219i se declar\u0103 absolut \u00eenc\u00e2ntat de ceea ce tinerii din ziua de azi fac.<\/span><\/span><\/p>\n<p><img loading=\"lazy\" decoding=\"async\" class=\"alignnone size-full wp-image-8536\" src=\"https:\/\/cronicahd.ro\/wp-content\/uploads\/2026\/05\/att.JyRrNRCVXxF9dRot2e3JMTAcHSEcCx5BTt0Q4ccLB9o.jpeg\" alt=\"\" width=\"2048\" height=\"1365\" srcset=\"https:\/\/cronicahd.ro\/wp-content\/uploads\/2026\/05\/att.JyRrNRCVXxF9dRot2e3JMTAcHSEcCx5BTt0Q4ccLB9o.jpeg 2048w, https:\/\/cronicahd.ro\/wp-content\/uploads\/2026\/05\/att.JyRrNRCVXxF9dRot2e3JMTAcHSEcCx5BTt0Q4ccLB9o-300x200.jpeg 300w, https:\/\/cronicahd.ro\/wp-content\/uploads\/2026\/05\/att.JyRrNRCVXxF9dRot2e3JMTAcHSEcCx5BTt0Q4ccLB9o-1024x683.jpeg 1024w, https:\/\/cronicahd.ro\/wp-content\/uploads\/2026\/05\/att.JyRrNRCVXxF9dRot2e3JMTAcHSEcCx5BTt0Q4ccLB9o-768x512.jpeg 768w, https:\/\/cronicahd.ro\/wp-content\/uploads\/2026\/05\/att.JyRrNRCVXxF9dRot2e3JMTAcHSEcCx5BTt0Q4ccLB9o-1536x1024.jpeg 1536w\" sizes=\"auto, (max-width: 2048px) 100vw, 2048px\" \/><\/p>\n<p class=\"s3\"><span class=\"s2\"><span class=\"bumpedFont15\">\u201e<\/span><\/span><span class=\"s2\"><span class=\"bumpedFont15\">Am avut 28 de parteneriate \u00eencheiate cu licee din \u00eentreaga \u021bar\u0103<\/span><\/span><span class=\"s2\"><span class=\"bumpedFont15\">,<\/span><\/span><span class=\"s2\"><span class=\"bumpedFont15\"> iar la participarea direct\u0103 am avut 15 standuri participante \u00een cadrul competi\u021bie<\/span><\/span><span class=\"s2\"><span class=\"bumpedFont15\">i<\/span><\/span><span class=\"s2\"><span class=\"bumpedFont15\"> pe sec\u021biuni \u0219i \u00eenc\u0103 17 standuri ale partenerilor din toat\u0103 \u021aara Ha\u021begului (\u0219coli gimnaziale cu elevii \u0219i directorii unit\u0103\u021bilor \u0219colare), <\/span><\/span><span class=\"s2\"><span class=\"bumpedFont15\">Geoparcul<\/span><\/span><span class=\"s2\"><span class=\"bumpedFont15\"> Interna\u021bional UNESCO \u021aara Ha\u021begului, Asocia\u021bia de Turism Retezat, Romsilva Asocia\u021bia de Turism a Parcului Natural Gr\u0103di\u0219tea Muncelului, Romsilva &#8211; Administra\u021bia Parcului Na\u021bional Retezat R.A, Cooperativa Ha\u021begana, \u0218coala Gimnazial\u0103 <\/span><\/span><span class=\"s2\"><span class=\"bumpedFont15\">S\u00eent\u0103m\u0103rie<\/span><\/span><span class=\"s2\"><span class=\"bumpedFont15\"> Orlea, \u0218coala Gimnazial\u0103 Sarmizegetusa, \u0218coala Gimnazial\u0103 R\u00e2u de Mori, \u0218coala Gimnazial\u0103 S\u0103la\u0219u de Sus, \u0218coala Gimnazial\u0103 Pui, Universitatea din Petro\u0219ani, Facultatea de \u0218tiin\u021be Economice \u0219i Administrative &#8211; SOCIETATEA ANTREPRENORIAL\u0102 STUDEN\u021aEASC\u0102 SAS-UPET, echipa <\/span><\/span><span class=\"s2\"><span class=\"bumpedFont15\">Afton<\/span><\/span> <span class=\"s2\"><span class=\"bumpedFont15\">Robotics<\/span><\/span><span class=\"s2\"><span class=\"bumpedFont15\"> a Liceului Teoretic ,,Ion Constantin Br\u0103tianu\u201d Ha\u021beg \u0219i standuri ale sponsorilor \u0219i punctelor gastronomice din zon\u0103, care au sus\u021binut evenimentul<\/span><\/span><span class=\"s2\"><span class=\"bumpedFont15\">\u201d, \u00a0spune organizatorul<\/span><\/span><span class=\"s2\"><span class=\"bumpedFont15\">.<\/span><\/span><\/p>\n<p><img loading=\"lazy\" decoding=\"async\" class=\"alignnone size-full wp-image-8538\" src=\"https:\/\/cronicahd.ro\/wp-content\/uploads\/2026\/05\/att.c3LSXFvY7YjctCQExjLXL7qh3kcOVoUd5Q21EnzrKlE.jpeg\" alt=\"\" width=\"2048\" height=\"1365\" srcset=\"https:\/\/cronicahd.ro\/wp-content\/uploads\/2026\/05\/att.c3LSXFvY7YjctCQExjLXL7qh3kcOVoUd5Q21EnzrKlE.jpeg 2048w, https:\/\/cronicahd.ro\/wp-content\/uploads\/2026\/05\/att.c3LSXFvY7YjctCQExjLXL7qh3kcOVoUd5Q21EnzrKlE-300x200.jpeg 300w, https:\/\/cronicahd.ro\/wp-content\/uploads\/2026\/05\/att.c3LSXFvY7YjctCQExjLXL7qh3kcOVoUd5Q21EnzrKlE-1024x683.jpeg 1024w, https:\/\/cronicahd.ro\/wp-content\/uploads\/2026\/05\/att.c3LSXFvY7YjctCQExjLXL7qh3kcOVoUd5Q21EnzrKlE-768x512.jpeg 768w, https:\/\/cronicahd.ro\/wp-content\/uploads\/2026\/05\/att.c3LSXFvY7YjctCQExjLXL7qh3kcOVoUd5Q21EnzrKlE-1536x1024.jpeg 1536w\" sizes=\"auto, (max-width: 2048px) 100vw, 2048px\" \/><\/p>\n<p class=\"s3\"><span class=\"s2\"><span class=\"bumpedFont15\">Ideea a fost ca tinerii s\u0103 le arate tuturor obiceiuri \u0219i tradi\u021bii care s-au p\u0103strat de Pa\u0219te \u00een locurile de unde vine fiecare. \u201e<\/span><\/span><span class=\"s2\"><span class=\"bumpedFont15\">Ne-am dorit s\u0103 ne \u00eentreb\u0103m \u00eempreun\u0103: Cum putem p\u0103stra ve\u0219nicia satului rom\u00e2nesc \u00eentr-o lume care se schimb\u0103 at\u00e2t de repede? R\u0103spunsul a fost unul clar \u0219i <\/span><\/span><span class=\"s2\"><span class=\"bumpedFont15\">vizibil-prin punerea \u00een valoare nu doar a talentului culinar<\/span><\/span><span class=\"s2\"><span class=\"bumpedFont15\">,<\/span><\/span><span class=\"s2\"><span class=\"bumpedFont15\"> sau a spiritului patriotic, ci \u0219i printr-o form\u0103 nobil\u0103 de responsabilitate: respectul pentru p\u0103m\u00e2ntul pe care \u00eel mo\u0219tenim. <\/span><\/span><span class=\"s2\"><span class=\"bumpedFont15\">(&#8230;) <\/span><\/span><span class=\"s2\"><span class=\"bumpedFont15\">Dar, dincolo de fi\u0219ele tehnice \u0219i de filmule\u021bele realizate, cel mai important c\u00e2\u0219tig a fost autocunoa\u0219terea<\/span><\/span><span class=\"s2\"><span class=\"bumpedFont15\">\u201d, a mai spus Alexandru <\/span><\/span><span class=\"s2\"><span class=\"bumpedFont15\">Malairos<\/span><\/span><span class=\"s2\"><span class=\"bumpedFont15\">.<\/span><\/span><\/p>\n<p><img loading=\"lazy\" decoding=\"async\" class=\"alignnone size-full wp-image-8537\" src=\"https:\/\/cronicahd.ro\/wp-content\/uploads\/2026\/05\/att.DXo9qLz8by9lxnF5qq1oSa334MuG5luzFQF4RA7IkS0.jpeg\" alt=\"\" width=\"2048\" height=\"1365\" srcset=\"https:\/\/cronicahd.ro\/wp-content\/uploads\/2026\/05\/att.DXo9qLz8by9lxnF5qq1oSa334MuG5luzFQF4RA7IkS0.jpeg 2048w, https:\/\/cronicahd.ro\/wp-content\/uploads\/2026\/05\/att.DXo9qLz8by9lxnF5qq1oSa334MuG5luzFQF4RA7IkS0-300x200.jpeg 300w, https:\/\/cronicahd.ro\/wp-content\/uploads\/2026\/05\/att.DXo9qLz8by9lxnF5qq1oSa334MuG5luzFQF4RA7IkS0-1024x683.jpeg 1024w, https:\/\/cronicahd.ro\/wp-content\/uploads\/2026\/05\/att.DXo9qLz8by9lxnF5qq1oSa334MuG5luzFQF4RA7IkS0-768x512.jpeg 768w, https:\/\/cronicahd.ro\/wp-content\/uploads\/2026\/05\/att.DXo9qLz8by9lxnF5qq1oSa334MuG5luzFQF4RA7IkS0-1536x1024.jpeg 1536w\" sizes=\"auto, (max-width: 2048px) 100vw, 2048px\" \/><\/p>\n<p class=\"s3\"><span class=\"s2\"><span class=\"bumpedFont15\">La final, a<\/span><\/span><span class=\"s2\"><span class=\"bumpedFont15\">u fost acordate premii, trofee \u0219i articole de birotic\u0103 tuturor participan\u021bilor<\/span><\/span><span class=\"s2\"><span class=\"bumpedFont15\">.<\/span><\/span><\/p>\n<p class=\"s3\"><span class=\"s2\">\u00a0<\/span><\/p>\n<p class=\"s3\"><span class=\"s2\"><span class=\"bumpedFont15\">Diana Mitrache<\/span><\/span><\/p>\n","protected":false},"excerpt":{"rendered":"<p>\u00a0 Peste 350 de liceeni din mai multe locuri din \u021bar\u0103 s-au \u00eentrecut la concursul&#8230;<\/p>\n","protected":false},"author":1,"featured_media":8539,"comment_status":"closed","ping_status":"closed","sticky":false,"template":"","format":"standard","meta":{"footnotes":""},"categories":[1,19],"tags":[],"class_list":["post-8535","post","type-post","status-publish","format-standard","has-post-thumbnail","hentry","category-actual","category-timp-liber"],"yoast_head":"<!-- This site is optimized with the Yoast SEO plugin v25.3.1 - https:\/\/yoast.com\/wordpress\/plugins\/seo\/ -->\n<title>Liceenii din \u021bar\u0103, \u00eentrecere la Castelul Nopcsa -<\/title>\n<meta name=\"robots\" content=\"index, follow, max-snippet:-1, max-image-preview:large, max-video-preview:-1\" \/>\n<link rel=\"canonical\" href=\"https:\/\/cronicahd.ro\/?p=8535\" \/>\n<meta property=\"og:locale\" content=\"ro_RO\" \/>\n<meta property=\"og:type\" content=\"article\" \/>\n<meta property=\"og:title\" content=\"Liceenii din \u021bar\u0103, \u00eentrecere la Castelul Nopcsa -\" \/>\n<meta property=\"og:description\" content=\"\u00a0 Peste 350 de liceeni din mai multe locuri din \u021bar\u0103 s-au \u00eentrecut la concursul...\" \/>\n<meta property=\"og:url\" content=\"https:\/\/cronicahd.ro\/?p=8535\" \/>\n<meta property=\"article:published_time\" content=\"2026-05-03T06:16:11+00:00\" \/>\n<meta property=\"og:image\" content=\"https:\/\/cronicahd.ro\/wp-content\/uploads\/2026\/05\/att.P09g4wGPPEeFP0fsEF2S_qUHePuDOmw6Z4jFQxg9d5c.jpeg\" \/>\n\t<meta property=\"og:image:width\" content=\"2048\" \/>\n\t<meta property=\"og:image:height\" content=\"1365\" \/>\n\t<meta property=\"og:image:type\" content=\"image\/jpeg\" \/>\n<meta name=\"author\" content=\"admin\" \/>\n<meta name=\"twitter:card\" content=\"summary_large_image\" \/>\n<meta name=\"twitter:label1\" content=\"Scris de\" \/>\n\t<meta name=\"twitter:data1\" content=\"admin\" \/>\n\t<meta name=\"twitter:label2\" content=\"Timp estimat pentru citire\" \/>\n\t<meta name=\"twitter:data2\" content=\"3 minute\" \/>\n<script type=\"application\/ld+json\" class=\"yoast-schema-graph\">{\"@context\":\"https:\/\/schema.org\",\"@graph\":[{\"@type\":\"WebPage\",\"@id\":\"https:\/\/cronicahd.ro\/?p=8535\",\"url\":\"https:\/\/cronicahd.ro\/?p=8535\",\"name\":\"Liceenii din \u021bar\u0103, \u00eentrecere la Castelul Nopcsa -\",\"isPartOf\":{\"@id\":\"https:\/\/cronicahd.ro\/#website\"},\"primaryImageOfPage\":{\"@id\":\"https:\/\/cronicahd.ro\/?p=8535#primaryimage\"},\"image\":{\"@id\":\"https:\/\/cronicahd.ro\/?p=8535#primaryimage\"},\"thumbnailUrl\":\"https:\/\/cronicahd.ro\/wp-content\/uploads\/2026\/05\/att.P09g4wGPPEeFP0fsEF2S_qUHePuDOmw6Z4jFQxg9d5c.jpeg\",\"datePublished\":\"2026-05-03T06:16:11+00:00\",\"author\":{\"@id\":\"https:\/\/cronicahd.ro\/#\/schema\/person\/d1a1277a8cd166610328e17aaf58bf46\"},\"breadcrumb\":{\"@id\":\"https:\/\/cronicahd.ro\/?p=8535#breadcrumb\"},\"inLanguage\":\"ro-RO\",\"potentialAction\":[{\"@type\":\"ReadAction\",\"target\":[\"https:\/\/cronicahd.ro\/?p=8535\"]}]},{\"@type\":\"ImageObject\",\"inLanguage\":\"ro-RO\",\"@id\":\"https:\/\/cronicahd.ro\/?p=8535#primaryimage\",\"url\":\"https:\/\/cronicahd.ro\/wp-content\/uploads\/2026\/05\/att.P09g4wGPPEeFP0fsEF2S_qUHePuDOmw6Z4jFQxg9d5c.jpeg\",\"contentUrl\":\"https:\/\/cronicahd.ro\/wp-content\/uploads\/2026\/05\/att.P09g4wGPPEeFP0fsEF2S_qUHePuDOmw6Z4jFQxg9d5c.jpeg\",\"width\":2048,\"height\":1365},{\"@type\":\"BreadcrumbList\",\"@id\":\"https:\/\/cronicahd.ro\/?p=8535#breadcrumb\",\"itemListElement\":[{\"@type\":\"ListItem\",\"position\":1,\"name\":\"Prima pagin\u0103\",\"item\":\"https:\/\/cronicahd.ro\/\"},{\"@type\":\"ListItem\",\"position\":2,\"name\":\"Liceenii din \u021bar\u0103, \u00eentrecere la Castelul Nopcsa\"}]},{\"@type\":\"WebSite\",\"@id\":\"https:\/\/cronicahd.ro\/#website\",\"url\":\"https:\/\/cronicahd.ro\/\",\"name\":\"\",\"description\":\"\",\"potentialAction\":[{\"@type\":\"SearchAction\",\"target\":{\"@type\":\"EntryPoint\",\"urlTemplate\":\"https:\/\/cronicahd.ro\/?s={search_term_string}\"},\"query-input\":{\"@type\":\"PropertyValueSpecification\",\"valueRequired\":true,\"valueName\":\"search_term_string\"}}],\"inLanguage\":\"ro-RO\"},{\"@type\":\"Person\",\"@id\":\"https:\/\/cronicahd.ro\/#\/schema\/person\/d1a1277a8cd166610328e17aaf58bf46\",\"name\":\"admin\",\"image\":{\"@type\":\"ImageObject\",\"inLanguage\":\"ro-RO\",\"@id\":\"https:\/\/cronicahd.ro\/#\/schema\/person\/image\/\",\"url\":\"https:\/\/secure.gravatar.com\/avatar\/24700337280d10898c2e0d19d44a05316bff9fccc941ecc5570ffe41668203f7?s=96&d=mm&r=g\",\"contentUrl\":\"https:\/\/secure.gravatar.com\/avatar\/24700337280d10898c2e0d19d44a05316bff9fccc941ecc5570ffe41668203f7?s=96&d=mm&r=g\",\"caption\":\"admin\"},\"sameAs\":[\"https:\/\/cronicavj.ro\"],\"url\":\"https:\/\/cronicahd.ro\/?author=1\"}]}<\/script>\n<!-- \/ Yoast SEO plugin. -->","yoast_head_json":{"title":"Liceenii din \u021bar\u0103, \u00eentrecere la Castelul Nopcsa -","robots":{"index":"index","follow":"follow","max-snippet":"max-snippet:-1","max-image-preview":"max-image-preview:large","max-video-preview":"max-video-preview:-1"},"canonical":"https:\/\/cronicahd.ro\/?p=8535","og_locale":"ro_RO","og_type":"article","og_title":"Liceenii din \u021bar\u0103, \u00eentrecere la Castelul Nopcsa -","og_description":"\u00a0 Peste 350 de liceeni din mai multe locuri din \u021bar\u0103 s-au \u00eentrecut la concursul...","og_url":"https:\/\/cronicahd.ro\/?p=8535","article_published_time":"2026-05-03T06:16:11+00:00","og_image":[{"width":2048,"height":1365,"url":"https:\/\/cronicahd.ro\/wp-content\/uploads\/2026\/05\/att.P09g4wGPPEeFP0fsEF2S_qUHePuDOmw6Z4jFQxg9d5c.jpeg","type":"image\/jpeg"}],"author":"admin","twitter_card":"summary_large_image","twitter_misc":{"Scris de":"admin","Timp estimat pentru citire":"3 minute"},"schema":{"@context":"https:\/\/schema.org","@graph":[{"@type":"WebPage","@id":"https:\/\/cronicahd.ro\/?p=8535","url":"https:\/\/cronicahd.ro\/?p=8535","name":"Liceenii din \u021bar\u0103, \u00eentrecere la Castelul Nopcsa -","isPartOf":{"@id":"https:\/\/cronicahd.ro\/#website"},"primaryImageOfPage":{"@id":"https:\/\/cronicahd.ro\/?p=8535#primaryimage"},"image":{"@id":"https:\/\/cronicahd.ro\/?p=8535#primaryimage"},"thumbnailUrl":"https:\/\/cronicahd.ro\/wp-content\/uploads\/2026\/05\/att.P09g4wGPPEeFP0fsEF2S_qUHePuDOmw6Z4jFQxg9d5c.jpeg","datePublished":"2026-05-03T06:16:11+00:00","author":{"@id":"https:\/\/cronicahd.ro\/#\/schema\/person\/d1a1277a8cd166610328e17aaf58bf46"},"breadcrumb":{"@id":"https:\/\/cronicahd.ro\/?p=8535#breadcrumb"},"inLanguage":"ro-RO","potentialAction":[{"@type":"ReadAction","target":["https:\/\/cronicahd.ro\/?p=8535"]}]},{"@type":"ImageObject","inLanguage":"ro-RO","@id":"https:\/\/cronicahd.ro\/?p=8535#primaryimage","url":"https:\/\/cronicahd.ro\/wp-content\/uploads\/2026\/05\/att.P09g4wGPPEeFP0fsEF2S_qUHePuDOmw6Z4jFQxg9d5c.jpeg","contentUrl":"https:\/\/cronicahd.ro\/wp-content\/uploads\/2026\/05\/att.P09g4wGPPEeFP0fsEF2S_qUHePuDOmw6Z4jFQxg9d5c.jpeg","width":2048,"height":1365},{"@type":"BreadcrumbList","@id":"https:\/\/cronicahd.ro\/?p=8535#breadcrumb","itemListElement":[{"@type":"ListItem","position":1,"name":"Prima pagin\u0103","item":"https:\/\/cronicahd.ro\/"},{"@type":"ListItem","position":2,"name":"Liceenii din \u021bar\u0103, \u00eentrecere la Castelul Nopcsa"}]},{"@type":"WebSite","@id":"https:\/\/cronicahd.ro\/#website","url":"https:\/\/cronicahd.ro\/","name":"","description":"","potentialAction":[{"@type":"SearchAction","target":{"@type":"EntryPoint","urlTemplate":"https:\/\/cronicahd.ro\/?s={search_term_string}"},"query-input":{"@type":"PropertyValueSpecification","valueRequired":true,"valueName":"search_term_string"}}],"inLanguage":"ro-RO"},{"@type":"Person","@id":"https:\/\/cronicahd.ro\/#\/schema\/person\/d1a1277a8cd166610328e17aaf58bf46","name":"admin","image":{"@type":"ImageObject","inLanguage":"ro-RO","@id":"https:\/\/cronicahd.ro\/#\/schema\/person\/image\/","url":"https:\/\/secure.gravatar.com\/avatar\/24700337280d10898c2e0d19d44a05316bff9fccc941ecc5570ffe41668203f7?s=96&d=mm&r=g","contentUrl":"https:\/\/secure.gravatar.com\/avatar\/24700337280d10898c2e0d19d44a05316bff9fccc941ecc5570ffe41668203f7?s=96&d=mm&r=g","caption":"admin"},"sameAs":["https:\/\/cronicavj.ro"],"url":"https:\/\/cronicahd.ro\/?author=1"}]}},"_links":{"self":[{"href":"https:\/\/cronicahd.ro\/index.php?rest_route=\/wp\/v2\/posts\/8535","targetHints":{"allow":["GET"]}}],"collection":[{"href":"https:\/\/cronicahd.ro\/index.php?rest_route=\/wp\/v2\/posts"}],"about":[{"href":"https:\/\/cronicahd.ro\/index.php?rest_route=\/wp\/v2\/types\/post"}],"author":[{"embeddable":true,"href":"https:\/\/cronicahd.ro\/index.php?rest_route=\/wp\/v2\/users\/1"}],"replies":[{"embeddable":true,"href":"https:\/\/cronicahd.ro\/index.php?rest_route=%2Fwp%2Fv2%2Fcomments&post=8535"}],"version-history":[{"count":1,"href":"https:\/\/cronicahd.ro\/index.php?rest_route=\/wp\/v2\/posts\/8535\/revisions"}],"predecessor-version":[{"id":8542,"href":"https:\/\/cronicahd.ro\/index.php?rest_route=\/wp\/v2\/posts\/8535\/revisions\/8542"}],"wp:featuredmedia":[{"embeddable":true,"href":"https:\/\/cronicahd.ro\/index.php?rest_route=\/wp\/v2\/media\/8539"}],"wp:attachment":[{"href":"https:\/\/cronicahd.ro\/index.php?rest_route=%2Fwp%2Fv2%2Fmedia&parent=8535"}],"wp:term":[{"taxonomy":"category","embeddable":true,"href":"https:\/\/cronicahd.ro\/index.php?rest_route=%2Fwp%2Fv2%2Fcategories&post=8535"},{"taxonomy":"post_tag","embeddable":true,"href":"https:\/\/cronicahd.ro\/index.php?rest_route=%2Fwp%2Fv2%2Ftags&post=8535"}],"curies":[{"name":"wp","href":"https:\/\/api.w.org\/{rel}","templated":true}]}}