{"id":8532,"date":"2026-05-03T05:59:44","date_gmt":"2026-05-03T05:59:44","guid":{"rendered":"https:\/\/cronicahd.ro\/?p=8532"},"modified":"2026-05-03T05:59:44","modified_gmt":"2026-05-03T05:59:44","slug":"profesorii-strang-semnaturi-pentru-o-noua-greva","status":"publish","type":"post","link":"https:\/\/cronicahd.ro\/?p=8532","title":{"rendered":"Profesorii str\u00e2ng semn\u0103turi pentru o nou\u0103 grev\u0103"},"content":{"rendered":"<p class=\"s3\">\n<p class=\"s3\"><span class=\"s2\"><span class=\"bumpedFont15\">A fost lansat un r<\/span><\/span><span class=\"s2\"><span class=\"bumpedFont15\">eferendum<\/span><\/span><span class=\"s2\"><span class=\"bumpedFont15\">, iar profesorii se preg\u0103tesc de o nou\u0103 grev\u0103 de avertisment, care va fi urmat\u0103 de o grev\u0103 general\u0103.<\/span><\/span><\/p>\n<p class=\"s3\"><span class=\"s2\"><span class=\"bumpedFont15\">\u201e<\/span><\/span><span class=\"s2\"><span class=\"bumpedFont15\">Nu a\u0219tepta\u021bi la \u201ecotitur\u0103\u201d! Pentru un profesor care formeaz\u0103 caractere nu st\u0103 \u00een picioare argumentul: \u201evor rezolva ceilal\u021bi \u0219i problemele mele\u201d.<\/span><\/span> <span class=\"s2\"><span class=\"bumpedFont15\">Reac\u021biona\u021bi \u0219i \u00eempreun\u0103 putem opri evolu\u021biile negative din educa\u021bie.<\/span><\/span> <span class=\"s2\"><span class=\"bumpedFont15\">Orice contraargument care \u00eencepe cu \u201esindicatele&#8230;\u201d, \u201eliderii&#8230;\u201d nu-\u0219i g\u0103se\u0219te locul \u00een contextul actual<\/span><\/span><span class=\"s2\"><span class=\"bumpedFont15\">\u201d, este modul \u00een care liderii sindicali \u00ee\u0219i \u00eencep provocarea lansat\u0103 dasc\u0103lilor hunedoreni.<\/span><\/span><\/p>\n<p class=\"s3\"><span class=\"s2\"><span class=\"bumpedFont15\">Calendarul protestelor prevede o grev\u0103 de avertisment \u00een 18 mai \u0219i mai apoi, o grev\u0103 general\u0103 \u00een 25 mai.<\/span><\/span><\/p>\n<p class=\"s3\"><span class=\"s2\"><span class=\"bumpedFont15\">De ce protesteaz\u0103?<\/span><\/span><\/p>\n<p class=\"s3\"><span class=\"s2\"><span class=\"bumpedFont15\">Politicile economice \u0219i sociale ale Guvernului au condus la diminuarea unor drepturi ale personalului din educa\u021bie:<\/span><\/span><\/p>\n<p class=\"s3\"><span class=\"s2\"><span class=\"bumpedFont15\">1) m\u0103rirea normei didactice;<\/span><\/span><\/p>\n<p class=\"s3\"><span class=\"s2\"><span class=\"bumpedFont15\">2) blocarea ocup\u0103rii posturilor vacante pentru personalul didactic auxiliar \u0219i personalul administrativ, gener\u00e2nd volum excesiv de munc\u0103 \u0219i activitate suplimentar\u0103 ce nu este remunerat\u0103;<\/span><\/span><\/p>\n<p class=\"s3\"><span class=\"s2\"><span class=\"bumpedFont15\">3) necompensarea \u00een bani a concediului de odihn\u0103 neefectuat la \u00eencetarea contractului individual de munc\u0103;<\/span><\/span><\/p>\n<p class=\"s3\"><span class=\"s2\"><span class=\"bumpedFont15\">4) neplata drepturilor salariale cuvenite conform hot\u0103r\u00e2rilor judec\u0103tore\u0219ti;<\/span><\/span><\/p>\n<p class=\"s3\"><span class=\"s2\"><span class=\"bumpedFont15\">5) cre\u0219terea efectivelor de elevi\/pre\u0219colari\/<\/span><\/span><span class=\"s2\"><span class=\"bumpedFont15\">antepre\u0219colari<\/span><\/span><span class=\"s2\"><span class=\"bumpedFont15\"> la clas\u0103\/grup\u0103 \u0219i comas\u0103rile abuzive ale unit\u0103\u021bilor de \u00eenv\u0103\u021b\u0103m\u00e2nt;<\/span><\/span><\/p>\n<p class=\"s3\"><span class=\"s2\"><span class=\"bumpedFont15\">6) diminuarea remunera\u021biei pentru activitatea prestat\u0103 \u00een regim de plata cu ora;<\/span><\/span><\/p>\n<p class=\"s3\"><span class=\"s2\"><span class=\"bumpedFont15\">7) neacordarea sporurilor pentru condi\u021bii de munc\u0103;<\/span><\/span><\/p>\n<p class=\"s3\"><span class=\"s2\"><span class=\"bumpedFont15\">8) cre\u0219terea obliga\u021biei de catedr\u0103 pentru cadrele didactice care ocup\u0103 func\u021bii de conducere, \u00eendrumare \u0219i control, ceea ce afecteaz\u0103 condi\u021biile \u00een care aceste categorii \u00ee\u0219i desf\u0103\u0219oar\u0103 activitatea;<\/span><\/span><\/p>\n<p class=\"s3\"><span class=\"s2\"><span class=\"bumpedFont15\">9) birocra\u021bia excesiv\u0103 \u0219i politizarea actului educa\u021bional;<\/span><\/span><\/p>\n<p class=\"s3\"><span class=\"s2\"><span class=\"bumpedFont15\">10) protec\u021bia insuficient\u0103 a personalului din \u00eenv\u0103\u021b\u0103m\u00e2nt \u00een cazul diferitelor forme de violen\u021b\u0103 \u00een spa\u021biul \u0219colar.<\/span><\/span><\/p>\n<p class=\"s3\"><span class=\"s2\"><span class=\"bumpedFont15\">\u00a0<\/span><\/span>Diana Mitrache<\/p>\n<p class=\"s3\"><span class=\"s2\"><span class=\"bumpedFont15\">Foto<\/span><\/span><span class=\"s2\"><span class=\"bumpedFont15\"> Sindicatul \u00cenv\u0103\u021b\u0103m\u00e2nt Preuniversitar Hunedoara<\/span><\/span><\/p>\n","protected":false},"excerpt":{"rendered":"<p>A fost lansat un referendum, iar profesorii se preg\u0103tesc de o nou\u0103 grev\u0103 de avertisment,&#8230;<\/p>\n","protected":false},"author":1,"featured_media":8533,"comment_status":"closed","ping_status":"closed","sticky":false,"template":"","format":"standard","meta":{"footnotes":""},"categories":[1,14],"tags":[],"class_list":["post-8532","post","type-post","status-publish","format-standard","has-post-thumbnail","hentry","category-actual","category-social"],"yoast_head":"<!-- This site is optimized with the Yoast SEO plugin v25.3.1 - https:\/\/yoast.com\/wordpress\/plugins\/seo\/ -->\n<title>Profesorii str\u00e2ng semn\u0103turi pentru o nou\u0103 grev\u0103 -<\/title>\n<meta name=\"robots\" content=\"index, follow, max-snippet:-1, max-image-preview:large, max-video-preview:-1\" \/>\n<link rel=\"canonical\" href=\"https:\/\/cronicahd.ro\/?p=8532\" \/>\n<meta property=\"og:locale\" content=\"ro_RO\" \/>\n<meta property=\"og:type\" content=\"article\" \/>\n<meta property=\"og:title\" content=\"Profesorii str\u00e2ng semn\u0103turi pentru o nou\u0103 grev\u0103 -\" \/>\n<meta property=\"og:description\" content=\"A fost lansat un referendum, iar profesorii se preg\u0103tesc de o nou\u0103 grev\u0103 de avertisment,...\" \/>\n<meta property=\"og:url\" content=\"https:\/\/cronicahd.ro\/?p=8532\" \/>\n<meta property=\"article:published_time\" content=\"2026-05-03T05:59:44+00:00\" \/>\n<meta property=\"og:image\" content=\"https:\/\/cronicahd.ro\/wp-content\/uploads\/2026\/05\/att.r00gVElDic5t7ceHe9aIM5gPW8ErcXQSD19qbJKTM6Q.jpeg\" \/>\n\t<meta property=\"og:image:width\" content=\"1448\" \/>\n\t<meta property=\"og:image:height\" content=\"2048\" \/>\n\t<meta property=\"og:image:type\" content=\"image\/jpeg\" \/>\n<meta name=\"author\" content=\"admin\" \/>\n<meta name=\"twitter:card\" content=\"summary_large_image\" \/>\n<meta name=\"twitter:label1\" content=\"Scris de\" \/>\n\t<meta name=\"twitter:data1\" content=\"admin\" \/>\n\t<meta name=\"twitter:label2\" content=\"Timp estimat pentru citire\" \/>\n\t<meta name=\"twitter:data2\" content=\"2 minute\" \/>\n<script type=\"application\/ld+json\" class=\"yoast-schema-graph\">{\"@context\":\"https:\/\/schema.org\",\"@graph\":[{\"@type\":\"WebPage\",\"@id\":\"https:\/\/cronicahd.ro\/?p=8532\",\"url\":\"https:\/\/cronicahd.ro\/?p=8532\",\"name\":\"Profesorii str\u00e2ng semn\u0103turi pentru o nou\u0103 grev\u0103 -\",\"isPartOf\":{\"@id\":\"https:\/\/cronicahd.ro\/#website\"},\"primaryImageOfPage\":{\"@id\":\"https:\/\/cronicahd.ro\/?p=8532#primaryimage\"},\"image\":{\"@id\":\"https:\/\/cronicahd.ro\/?p=8532#primaryimage\"},\"thumbnailUrl\":\"https:\/\/cronicahd.ro\/wp-content\/uploads\/2026\/05\/att.r00gVElDic5t7ceHe9aIM5gPW8ErcXQSD19qbJKTM6Q.jpeg\",\"datePublished\":\"2026-05-03T05:59:44+00:00\",\"author\":{\"@id\":\"https:\/\/cronicahd.ro\/#\/schema\/person\/d1a1277a8cd166610328e17aaf58bf46\"},\"breadcrumb\":{\"@id\":\"https:\/\/cronicahd.ro\/?p=8532#breadcrumb\"},\"inLanguage\":\"ro-RO\",\"potentialAction\":[{\"@type\":\"ReadAction\",\"target\":[\"https:\/\/cronicahd.ro\/?p=8532\"]}]},{\"@type\":\"ImageObject\",\"inLanguage\":\"ro-RO\",\"@id\":\"https:\/\/cronicahd.ro\/?p=8532#primaryimage\",\"url\":\"https:\/\/cronicahd.ro\/wp-content\/uploads\/2026\/05\/att.r00gVElDic5t7ceHe9aIM5gPW8ErcXQSD19qbJKTM6Q.jpeg\",\"contentUrl\":\"https:\/\/cronicahd.ro\/wp-content\/uploads\/2026\/05\/att.r00gVElDic5t7ceHe9aIM5gPW8ErcXQSD19qbJKTM6Q.jpeg\",\"width\":1448,\"height\":2048},{\"@type\":\"BreadcrumbList\",\"@id\":\"https:\/\/cronicahd.ro\/?p=8532#breadcrumb\",\"itemListElement\":[{\"@type\":\"ListItem\",\"position\":1,\"name\":\"Prima pagin\u0103\",\"item\":\"https:\/\/cronicahd.ro\/\"},{\"@type\":\"ListItem\",\"position\":2,\"name\":\"Profesorii str\u00e2ng semn\u0103turi pentru o nou\u0103 grev\u0103\"}]},{\"@type\":\"WebSite\",\"@id\":\"https:\/\/cronicahd.ro\/#website\",\"url\":\"https:\/\/cronicahd.ro\/\",\"name\":\"\",\"description\":\"\",\"potentialAction\":[{\"@type\":\"SearchAction\",\"target\":{\"@type\":\"EntryPoint\",\"urlTemplate\":\"https:\/\/cronicahd.ro\/?s={search_term_string}\"},\"query-input\":{\"@type\":\"PropertyValueSpecification\",\"valueRequired\":true,\"valueName\":\"search_term_string\"}}],\"inLanguage\":\"ro-RO\"},{\"@type\":\"Person\",\"@id\":\"https:\/\/cronicahd.ro\/#\/schema\/person\/d1a1277a8cd166610328e17aaf58bf46\",\"name\":\"admin\",\"image\":{\"@type\":\"ImageObject\",\"inLanguage\":\"ro-RO\",\"@id\":\"https:\/\/cronicahd.ro\/#\/schema\/person\/image\/\",\"url\":\"https:\/\/secure.gravatar.com\/avatar\/24700337280d10898c2e0d19d44a05316bff9fccc941ecc5570ffe41668203f7?s=96&d=mm&r=g\",\"contentUrl\":\"https:\/\/secure.gravatar.com\/avatar\/24700337280d10898c2e0d19d44a05316bff9fccc941ecc5570ffe41668203f7?s=96&d=mm&r=g\",\"caption\":\"admin\"},\"sameAs\":[\"https:\/\/cronicavj.ro\"],\"url\":\"https:\/\/cronicahd.ro\/?author=1\"}]}<\/script>\n<!-- \/ Yoast SEO plugin. -->","yoast_head_json":{"title":"Profesorii str\u00e2ng semn\u0103turi pentru o nou\u0103 grev\u0103 -","robots":{"index":"index","follow":"follow","max-snippet":"max-snippet:-1","max-image-preview":"max-image-preview:large","max-video-preview":"max-video-preview:-1"},"canonical":"https:\/\/cronicahd.ro\/?p=8532","og_locale":"ro_RO","og_type":"article","og_title":"Profesorii str\u00e2ng semn\u0103turi pentru o nou\u0103 grev\u0103 -","og_description":"A fost lansat un referendum, iar profesorii se preg\u0103tesc de o nou\u0103 grev\u0103 de avertisment,...","og_url":"https:\/\/cronicahd.ro\/?p=8532","article_published_time":"2026-05-03T05:59:44+00:00","og_image":[{"width":1448,"height":2048,"url":"https:\/\/cronicahd.ro\/wp-content\/uploads\/2026\/05\/att.r00gVElDic5t7ceHe9aIM5gPW8ErcXQSD19qbJKTM6Q.jpeg","type":"image\/jpeg"}],"author":"admin","twitter_card":"summary_large_image","twitter_misc":{"Scris de":"admin","Timp estimat pentru citire":"2 minute"},"schema":{"@context":"https:\/\/schema.org","@graph":[{"@type":"WebPage","@id":"https:\/\/cronicahd.ro\/?p=8532","url":"https:\/\/cronicahd.ro\/?p=8532","name":"Profesorii str\u00e2ng semn\u0103turi pentru o nou\u0103 grev\u0103 -","isPartOf":{"@id":"https:\/\/cronicahd.ro\/#website"},"primaryImageOfPage":{"@id":"https:\/\/cronicahd.ro\/?p=8532#primaryimage"},"image":{"@id":"https:\/\/cronicahd.ro\/?p=8532#primaryimage"},"thumbnailUrl":"https:\/\/cronicahd.ro\/wp-content\/uploads\/2026\/05\/att.r00gVElDic5t7ceHe9aIM5gPW8ErcXQSD19qbJKTM6Q.jpeg","datePublished":"2026-05-03T05:59:44+00:00","author":{"@id":"https:\/\/cronicahd.ro\/#\/schema\/person\/d1a1277a8cd166610328e17aaf58bf46"},"breadcrumb":{"@id":"https:\/\/cronicahd.ro\/?p=8532#breadcrumb"},"inLanguage":"ro-RO","potentialAction":[{"@type":"ReadAction","target":["https:\/\/cronicahd.ro\/?p=8532"]}]},{"@type":"ImageObject","inLanguage":"ro-RO","@id":"https:\/\/cronicahd.ro\/?p=8532#primaryimage","url":"https:\/\/cronicahd.ro\/wp-content\/uploads\/2026\/05\/att.r00gVElDic5t7ceHe9aIM5gPW8ErcXQSD19qbJKTM6Q.jpeg","contentUrl":"https:\/\/cronicahd.ro\/wp-content\/uploads\/2026\/05\/att.r00gVElDic5t7ceHe9aIM5gPW8ErcXQSD19qbJKTM6Q.jpeg","width":1448,"height":2048},{"@type":"BreadcrumbList","@id":"https:\/\/cronicahd.ro\/?p=8532#breadcrumb","itemListElement":[{"@type":"ListItem","position":1,"name":"Prima pagin\u0103","item":"https:\/\/cronicahd.ro\/"},{"@type":"ListItem","position":2,"name":"Profesorii str\u00e2ng semn\u0103turi pentru o nou\u0103 grev\u0103"}]},{"@type":"WebSite","@id":"https:\/\/cronicahd.ro\/#website","url":"https:\/\/cronicahd.ro\/","name":"","description":"","potentialAction":[{"@type":"SearchAction","target":{"@type":"EntryPoint","urlTemplate":"https:\/\/cronicahd.ro\/?s={search_term_string}"},"query-input":{"@type":"PropertyValueSpecification","valueRequired":true,"valueName":"search_term_string"}}],"inLanguage":"ro-RO"},{"@type":"Person","@id":"https:\/\/cronicahd.ro\/#\/schema\/person\/d1a1277a8cd166610328e17aaf58bf46","name":"admin","image":{"@type":"ImageObject","inLanguage":"ro-RO","@id":"https:\/\/cronicahd.ro\/#\/schema\/person\/image\/","url":"https:\/\/secure.gravatar.com\/avatar\/24700337280d10898c2e0d19d44a05316bff9fccc941ecc5570ffe41668203f7?s=96&d=mm&r=g","contentUrl":"https:\/\/secure.gravatar.com\/avatar\/24700337280d10898c2e0d19d44a05316bff9fccc941ecc5570ffe41668203f7?s=96&d=mm&r=g","caption":"admin"},"sameAs":["https:\/\/cronicavj.ro"],"url":"https:\/\/cronicahd.ro\/?author=1"}]}},"_links":{"self":[{"href":"https:\/\/cronicahd.ro\/index.php?rest_route=\/wp\/v2\/posts\/8532","targetHints":{"allow":["GET"]}}],"collection":[{"href":"https:\/\/cronicahd.ro\/index.php?rest_route=\/wp\/v2\/posts"}],"about":[{"href":"https:\/\/cronicahd.ro\/index.php?rest_route=\/wp\/v2\/types\/post"}],"author":[{"embeddable":true,"href":"https:\/\/cronicahd.ro\/index.php?rest_route=\/wp\/v2\/users\/1"}],"replies":[{"embeddable":true,"href":"https:\/\/cronicahd.ro\/index.php?rest_route=%2Fwp%2Fv2%2Fcomments&post=8532"}],"version-history":[{"count":1,"href":"https:\/\/cronicahd.ro\/index.php?rest_route=\/wp\/v2\/posts\/8532\/revisions"}],"predecessor-version":[{"id":8534,"href":"https:\/\/cronicahd.ro\/index.php?rest_route=\/wp\/v2\/posts\/8532\/revisions\/8534"}],"wp:featuredmedia":[{"embeddable":true,"href":"https:\/\/cronicahd.ro\/index.php?rest_route=\/wp\/v2\/media\/8533"}],"wp:attachment":[{"href":"https:\/\/cronicahd.ro\/index.php?rest_route=%2Fwp%2Fv2%2Fmedia&parent=8532"}],"wp:term":[{"taxonomy":"category","embeddable":true,"href":"https:\/\/cronicahd.ro\/index.php?rest_route=%2Fwp%2Fv2%2Fcategories&post=8532"},{"taxonomy":"post_tag","embeddable":true,"href":"https:\/\/cronicahd.ro\/index.php?rest_route=%2Fwp%2Fv2%2Ftags&post=8532"}],"curies":[{"name":"wp","href":"https:\/\/api.w.org\/{rel}","templated":true}]}}