{"id":8529,"date":"2026-05-03T05:56:44","date_gmt":"2026-05-03T05:56:44","guid":{"rendered":"https:\/\/cronicahd.ro\/?p=8529"},"modified":"2026-05-03T05:56:44","modified_gmt":"2026-05-03T05:56:44","slug":"elevii-provocati-de-istorie-in-anul-constantin-brancusi","status":"publish","type":"post","link":"https:\/\/cronicahd.ro\/?p=8529","title":{"rendered":"Elevii provoca\u021bi de istorie, \u00een Anul Constantin Br\u00e2ncu\u0219i"},"content":{"rendered":"<p class=\"s3\"><span class=\"s2\"><span class=\"bumpedFont15\">Un concurs inedit, lansat \u00een Anul Constantin Br\u00e2ncu\u0219i \u00eei adun\u0103 pe liceenii din toat\u0103 Rom\u00e2nia \u0219i le propune o competi\u021bie cu premii. Tinerii pot scrie eseuri, poezii, scrisori<\/span><\/span><span class=\"s2\"><span class=\"bumpedFont15\">, ori pot face desene <\/span><\/span><span class=\"s2\"><span class=\"bumpedFont15\">edificative<\/span><\/span><span class=\"s2\"><span class=\"bumpedFont15\">, care, la final, vor ajunge \u00eentr-o lucrare ampl\u0103. Elevii din Hunedoara sunt \u0219i ei provoca\u021bi.<\/span><\/span><\/p>\n<p class=\"s3\"><span class=\"s2\"><span class=\"bumpedFont15\">\u201e<\/span><\/span><span class=\"s2\"><span class=\"bumpedFont15\">Elevii pot participa cu lucr\u0103ri at\u00e2t la sec\u021biunea literar\u0103 (poezie, proz\u0103, eseu, scrisoare), c\u00e2t <\/span><\/span><span class=\"s2\"><span class=\"bumpedFont15\">\u015fi<\/span><\/span><span class=\"s2\"><span class=\"bumpedFont15\">la sec\u021biunea art\u0103 plastic\u0103 (desen, grafic\u0103, pictur\u0103, colaj). Lucr\u0103rile, av\u00e2nd ca tem\u0103: ,Sculptorul Constantin <\/span><\/span><span class=\"s2\"><span class=\"bumpedFont15\">Br\u00e2ncu\u015fi<\/span><\/span><span class=\"s2\"><span class=\"bumpedFont15\">, simbol al creativit\u0103\u021bii artistice <\/span><\/span><span class=\"s2\"><span class=\"bumpedFont15\">rom\u00e2ne\u015fti<\/span><\/span><span class=\"s2\"><span class=\"bumpedFont15\">&#8222;, vor fi trimise pe adresa de email: brancusi.antologie.2026@gmail.com, p\u00e2n\u0103 la data de 1 iunie 2026. Elevii pot participa la realizarea antologiei \u00een cadrul uneia sau ambelor sec\u021biuni. <\/span><\/span><span class=\"s2\"><span class=\"bumpedFont15\">Ace\u015ftia<\/span><\/span><span class=\"s2\"><span class=\"bumpedFont15\"> pot alege s\u0103 trimit\u0103: poezie (maximum trei), o nuvel\u0103, un eseu, o scrisoare sau lucr\u0103ri de desen, pictur\u0103 sau grafic\u0103 (maximum trei). Lucr\u0103rile literare, indiferent de gen, vor avea maximum 5 pagini\/elev <\/span><\/span><span class=\"s2\"><span class=\"bumpedFont15\">\u015fi<\/span><\/span><span class=\"s2\"><span class=\"bumpedFont15\"> vor fi redactate \u00een Word, format A4, font Times New Roman, m\u0103rimea 12, spa\u021biere 1,5, cu diacritice, respect\u00e2nd regulile de punctua\u021bie <\/span><\/span><span class=\"s2\"><span class=\"bumpedFont15\">\u015fi<\/span><\/span><span class=\"s2\"><span class=\"bumpedFont15\"> ortografie. <\/span><\/span><span class=\"s2\"><span class=\"bumpedFont15\">Ata\u015fat<\/span><\/span><span class=\"s2\"><span class=\"bumpedFont15\"> lucr\u0103rii se vor men\u021biona urm\u0103toarele date: numele <\/span><\/span><span class=\"s2\"><span class=\"bumpedFont15\">\u015fi<\/span><\/span><span class=\"s2\"><span class=\"bumpedFont15\">prenumele elevului, numele profesorului coordonator, <\/span><\/span><span class=\"s2\"><span class=\"bumpedFont15\">\u015fcoala<\/span><\/span><span class=\"s2\"><span class=\"bumpedFont15\"> de provenien\u021b\u0103, localitatea, jude\u021bul, num\u0103rul de telefon <\/span><\/span><span class=\"s2\"><span class=\"bumpedFont15\">\u015fi<\/span><\/span><span class=\"s2\"><span class=\"bumpedFont15\"> adresa de e-mail ale profesorului coordonator<\/span><\/span><span class=\"s2\"><span class=\"bumpedFont15\">\u201d, se arat\u0103 \u00een regulamentul concursului.<\/span><\/span><\/p>\n<p class=\"s3\"><span class=\"s2\"><span class=\"bumpedFont15\">Toate lucr\u0103rile trimise care respect\u0103 cerin\u021bele impuse vor fi cuprinse \u00een Antologia se adreseaz\u0103 elevilor din ciclul gimnazial \u0219i liceal, membri ai cercurilor \u201eCultul Eroilor&#8221; din <\/span><\/span><span class=\"s2\"><span class=\"bumpedFont15\">Bucure\u015fti<\/span><\/span> <span class=\"s2\"><span class=\"bumpedFont15\">\u015fi<\/span><\/span><span class=\"s2\"><span class=\"bumpedFont15\"> din jude\u021bele Prahova, <\/span><\/span><span class=\"s2\"><span class=\"bumpedFont15\">Arge\u015f<\/span><\/span><span class=\"s2\"><span class=\"bumpedFont15\">, Olt, Dolj, Gorj <\/span><\/span><span class=\"s2\"><span class=\"bumpedFont15\">\u015fi<\/span><\/span><span class=\"s2\"><span class=\"bumpedFont15\"> Hunedoara, care doresc s\u0103 aduc\u0103 un omagiu sculptorului Constantin <\/span><\/span><span class=\"s2\"><span class=\"bumpedFont15\">Br\u00e2ncu\u015fi<\/span><\/span><span class=\"s2\"><span class=\"bumpedFont15\">. <\/span><\/span><span class=\"s2\"><span class=\"bumpedFont15\">Lansarea antologiei va avea loc \u00een data de 10 iulie 2026, la Casa Memorial\u0103 \u201e,Constantin <\/span><\/span><span class=\"s2\"><span class=\"bumpedFont15\">Br\u00e2ncu\u015fi<\/span><\/span><span class=\"s2\"><span class=\"bumpedFont15\">&#8221; din Hobi\u021ba, jude\u021bul Gorj<\/span><\/span><span class=\"s2\"><span class=\"bumpedFont15\">, <\/span><\/span><span class=\"s2\"><span class=\"bumpedFont15\">iar to\u021bi elevii participan\u021bi vor primi un exemplar al acesteia <\/span><\/span><span class=\"s2\"><span class=\"bumpedFont15\">\u015fi<\/span><\/span><span class=\"s2\"><span class=\"bumpedFont15\"> o diplom\u0103 de participare. De asemenea, elevii care doresc s\u0103 participe fizic la lansarea antologiei sunt ruga\u021bi s\u0103 <\/span><\/span><span class=\"s2\"><span class=\"bumpedFont15\">\u00ee\u015fi<\/span><\/span><span class=\"s2\"><span class=\"bumpedFont15\"> exprime inten\u021bia la adresa de e-mail men\u021bionat\u0103 mai sus. Antologia va fi coordonat\u0103 de un colectiv din cadrul Asocia\u021biei Na\u021bionale Cultul Eroilor \u201eRegina Maria&#8221;, filiala Municipiului <\/span><\/span><span class=\"s2\"><span class=\"bumpedFont15\">Bucure\u015fti<\/span><\/span><span class=\"s2\"><span class=\"bumpedFont15\">, av\u00e2nd ca persoan\u0103 de contact pe dna Nechifor Lucre\u021bia (<\/span><\/span><span class=\"s2\"><span class=\"bumpedFont15\">lucretia<\/span><\/span><span class=\"s2\"><span class=\"bumpedFont15\">nechifor@yahoo.com, telefon 0742 689 524<\/span><\/span><span class=\"s2\"><span class=\"bumpedFont15\">.<\/span><\/span><\/p>\n<p class=\"s3\"><span class=\"s2\">\u00a0<\/span><\/p>\n<p class=\"s3\"><span class=\"s2\"><span class=\"bumpedFont15\">Diana Mitrache<\/span><\/span><\/p>\n","protected":false},"excerpt":{"rendered":"<p>Un concurs inedit, lansat \u00een Anul Constantin Br\u00e2ncu\u0219i \u00eei adun\u0103 pe liceenii din toat\u0103 Rom\u00e2nia&#8230;<\/p>\n","protected":false},"author":1,"featured_media":8530,"comment_status":"closed","ping_status":"closed","sticky":false,"template":"","format":"standard","meta":{"footnotes":""},"categories":[1,12],"tags":[],"class_list":["post-8529","post","type-post","status-publish","format-standard","has-post-thumbnail","hentry","category-actual","category-invatamant"],"yoast_head":"<!-- This site is optimized with the Yoast SEO plugin v25.3.1 - https:\/\/yoast.com\/wordpress\/plugins\/seo\/ -->\n<title>Elevii provoca\u021bi de istorie, \u00een Anul Constantin Br\u00e2ncu\u0219i -<\/title>\n<meta name=\"robots\" content=\"index, follow, max-snippet:-1, max-image-preview:large, max-video-preview:-1\" \/>\n<link rel=\"canonical\" href=\"https:\/\/cronicahd.ro\/?p=8529\" \/>\n<meta property=\"og:locale\" content=\"ro_RO\" \/>\n<meta property=\"og:type\" content=\"article\" \/>\n<meta property=\"og:title\" content=\"Elevii provoca\u021bi de istorie, \u00een Anul Constantin Br\u00e2ncu\u0219i -\" \/>\n<meta property=\"og:description\" content=\"Un concurs inedit, lansat \u00een Anul Constantin Br\u00e2ncu\u0219i \u00eei adun\u0103 pe liceenii din toat\u0103 Rom\u00e2nia...\" \/>\n<meta property=\"og:url\" content=\"https:\/\/cronicahd.ro\/?p=8529\" \/>\n<meta property=\"article:published_time\" content=\"2026-05-03T05:56:44+00:00\" \/>\n<meta property=\"og:image\" content=\"https:\/\/cronicahd.ro\/wp-content\/uploads\/2026\/05\/IMG_6883.webp\" \/>\n\t<meta property=\"og:image:width\" content=\"475\" \/>\n\t<meta property=\"og:image:height\" content=\"509\" \/>\n\t<meta property=\"og:image:type\" content=\"image\/webp\" \/>\n<meta name=\"author\" content=\"admin\" \/>\n<meta name=\"twitter:card\" content=\"summary_large_image\" \/>\n<meta name=\"twitter:label1\" content=\"Scris de\" \/>\n\t<meta name=\"twitter:data1\" content=\"admin\" \/>\n\t<meta name=\"twitter:label2\" content=\"Timp estimat pentru citire\" \/>\n\t<meta name=\"twitter:data2\" content=\"3 minute\" \/>\n<script type=\"application\/ld+json\" class=\"yoast-schema-graph\">{\"@context\":\"https:\/\/schema.org\",\"@graph\":[{\"@type\":\"WebPage\",\"@id\":\"https:\/\/cronicahd.ro\/?p=8529\",\"url\":\"https:\/\/cronicahd.ro\/?p=8529\",\"name\":\"Elevii provoca\u021bi de istorie, \u00een Anul Constantin Br\u00e2ncu\u0219i -\",\"isPartOf\":{\"@id\":\"https:\/\/cronicahd.ro\/#website\"},\"primaryImageOfPage\":{\"@id\":\"https:\/\/cronicahd.ro\/?p=8529#primaryimage\"},\"image\":{\"@id\":\"https:\/\/cronicahd.ro\/?p=8529#primaryimage\"},\"thumbnailUrl\":\"https:\/\/cronicahd.ro\/wp-content\/uploads\/2026\/05\/IMG_6883.webp\",\"datePublished\":\"2026-05-03T05:56:44+00:00\",\"author\":{\"@id\":\"https:\/\/cronicahd.ro\/#\/schema\/person\/d1a1277a8cd166610328e17aaf58bf46\"},\"breadcrumb\":{\"@id\":\"https:\/\/cronicahd.ro\/?p=8529#breadcrumb\"},\"inLanguage\":\"ro-RO\",\"potentialAction\":[{\"@type\":\"ReadAction\",\"target\":[\"https:\/\/cronicahd.ro\/?p=8529\"]}]},{\"@type\":\"ImageObject\",\"inLanguage\":\"ro-RO\",\"@id\":\"https:\/\/cronicahd.ro\/?p=8529#primaryimage\",\"url\":\"https:\/\/cronicahd.ro\/wp-content\/uploads\/2026\/05\/IMG_6883.webp\",\"contentUrl\":\"https:\/\/cronicahd.ro\/wp-content\/uploads\/2026\/05\/IMG_6883.webp\",\"width\":475,\"height\":509},{\"@type\":\"BreadcrumbList\",\"@id\":\"https:\/\/cronicahd.ro\/?p=8529#breadcrumb\",\"itemListElement\":[{\"@type\":\"ListItem\",\"position\":1,\"name\":\"Prima pagin\u0103\",\"item\":\"https:\/\/cronicahd.ro\/\"},{\"@type\":\"ListItem\",\"position\":2,\"name\":\"Elevii provoca\u021bi de istorie, \u00een Anul Constantin Br\u00e2ncu\u0219i\"}]},{\"@type\":\"WebSite\",\"@id\":\"https:\/\/cronicahd.ro\/#website\",\"url\":\"https:\/\/cronicahd.ro\/\",\"name\":\"\",\"description\":\"\",\"potentialAction\":[{\"@type\":\"SearchAction\",\"target\":{\"@type\":\"EntryPoint\",\"urlTemplate\":\"https:\/\/cronicahd.ro\/?s={search_term_string}\"},\"query-input\":{\"@type\":\"PropertyValueSpecification\",\"valueRequired\":true,\"valueName\":\"search_term_string\"}}],\"inLanguage\":\"ro-RO\"},{\"@type\":\"Person\",\"@id\":\"https:\/\/cronicahd.ro\/#\/schema\/person\/d1a1277a8cd166610328e17aaf58bf46\",\"name\":\"admin\",\"image\":{\"@type\":\"ImageObject\",\"inLanguage\":\"ro-RO\",\"@id\":\"https:\/\/cronicahd.ro\/#\/schema\/person\/image\/\",\"url\":\"https:\/\/secure.gravatar.com\/avatar\/24700337280d10898c2e0d19d44a05316bff9fccc941ecc5570ffe41668203f7?s=96&d=mm&r=g\",\"contentUrl\":\"https:\/\/secure.gravatar.com\/avatar\/24700337280d10898c2e0d19d44a05316bff9fccc941ecc5570ffe41668203f7?s=96&d=mm&r=g\",\"caption\":\"admin\"},\"sameAs\":[\"https:\/\/cronicavj.ro\"],\"url\":\"https:\/\/cronicahd.ro\/?author=1\"}]}<\/script>\n<!-- \/ Yoast SEO plugin. -->","yoast_head_json":{"title":"Elevii provoca\u021bi de istorie, \u00een Anul Constantin Br\u00e2ncu\u0219i -","robots":{"index":"index","follow":"follow","max-snippet":"max-snippet:-1","max-image-preview":"max-image-preview:large","max-video-preview":"max-video-preview:-1"},"canonical":"https:\/\/cronicahd.ro\/?p=8529","og_locale":"ro_RO","og_type":"article","og_title":"Elevii provoca\u021bi de istorie, \u00een Anul Constantin Br\u00e2ncu\u0219i -","og_description":"Un concurs inedit, lansat \u00een Anul Constantin Br\u00e2ncu\u0219i \u00eei adun\u0103 pe liceenii din toat\u0103 Rom\u00e2nia...","og_url":"https:\/\/cronicahd.ro\/?p=8529","article_published_time":"2026-05-03T05:56:44+00:00","og_image":[{"width":475,"height":509,"url":"https:\/\/cronicahd.ro\/wp-content\/uploads\/2026\/05\/IMG_6883.webp","type":"image\/webp"}],"author":"admin","twitter_card":"summary_large_image","twitter_misc":{"Scris de":"admin","Timp estimat pentru citire":"3 minute"},"schema":{"@context":"https:\/\/schema.org","@graph":[{"@type":"WebPage","@id":"https:\/\/cronicahd.ro\/?p=8529","url":"https:\/\/cronicahd.ro\/?p=8529","name":"Elevii provoca\u021bi de istorie, \u00een Anul Constantin Br\u00e2ncu\u0219i -","isPartOf":{"@id":"https:\/\/cronicahd.ro\/#website"},"primaryImageOfPage":{"@id":"https:\/\/cronicahd.ro\/?p=8529#primaryimage"},"image":{"@id":"https:\/\/cronicahd.ro\/?p=8529#primaryimage"},"thumbnailUrl":"https:\/\/cronicahd.ro\/wp-content\/uploads\/2026\/05\/IMG_6883.webp","datePublished":"2026-05-03T05:56:44+00:00","author":{"@id":"https:\/\/cronicahd.ro\/#\/schema\/person\/d1a1277a8cd166610328e17aaf58bf46"},"breadcrumb":{"@id":"https:\/\/cronicahd.ro\/?p=8529#breadcrumb"},"inLanguage":"ro-RO","potentialAction":[{"@type":"ReadAction","target":["https:\/\/cronicahd.ro\/?p=8529"]}]},{"@type":"ImageObject","inLanguage":"ro-RO","@id":"https:\/\/cronicahd.ro\/?p=8529#primaryimage","url":"https:\/\/cronicahd.ro\/wp-content\/uploads\/2026\/05\/IMG_6883.webp","contentUrl":"https:\/\/cronicahd.ro\/wp-content\/uploads\/2026\/05\/IMG_6883.webp","width":475,"height":509},{"@type":"BreadcrumbList","@id":"https:\/\/cronicahd.ro\/?p=8529#breadcrumb","itemListElement":[{"@type":"ListItem","position":1,"name":"Prima pagin\u0103","item":"https:\/\/cronicahd.ro\/"},{"@type":"ListItem","position":2,"name":"Elevii provoca\u021bi de istorie, \u00een Anul Constantin Br\u00e2ncu\u0219i"}]},{"@type":"WebSite","@id":"https:\/\/cronicahd.ro\/#website","url":"https:\/\/cronicahd.ro\/","name":"","description":"","potentialAction":[{"@type":"SearchAction","target":{"@type":"EntryPoint","urlTemplate":"https:\/\/cronicahd.ro\/?s={search_term_string}"},"query-input":{"@type":"PropertyValueSpecification","valueRequired":true,"valueName":"search_term_string"}}],"inLanguage":"ro-RO"},{"@type":"Person","@id":"https:\/\/cronicahd.ro\/#\/schema\/person\/d1a1277a8cd166610328e17aaf58bf46","name":"admin","image":{"@type":"ImageObject","inLanguage":"ro-RO","@id":"https:\/\/cronicahd.ro\/#\/schema\/person\/image\/","url":"https:\/\/secure.gravatar.com\/avatar\/24700337280d10898c2e0d19d44a05316bff9fccc941ecc5570ffe41668203f7?s=96&d=mm&r=g","contentUrl":"https:\/\/secure.gravatar.com\/avatar\/24700337280d10898c2e0d19d44a05316bff9fccc941ecc5570ffe41668203f7?s=96&d=mm&r=g","caption":"admin"},"sameAs":["https:\/\/cronicavj.ro"],"url":"https:\/\/cronicahd.ro\/?author=1"}]}},"_links":{"self":[{"href":"https:\/\/cronicahd.ro\/index.php?rest_route=\/wp\/v2\/posts\/8529","targetHints":{"allow":["GET"]}}],"collection":[{"href":"https:\/\/cronicahd.ro\/index.php?rest_route=\/wp\/v2\/posts"}],"about":[{"href":"https:\/\/cronicahd.ro\/index.php?rest_route=\/wp\/v2\/types\/post"}],"author":[{"embeddable":true,"href":"https:\/\/cronicahd.ro\/index.php?rest_route=\/wp\/v2\/users\/1"}],"replies":[{"embeddable":true,"href":"https:\/\/cronicahd.ro\/index.php?rest_route=%2Fwp%2Fv2%2Fcomments&post=8529"}],"version-history":[{"count":1,"href":"https:\/\/cronicahd.ro\/index.php?rest_route=\/wp\/v2\/posts\/8529\/revisions"}],"predecessor-version":[{"id":8531,"href":"https:\/\/cronicahd.ro\/index.php?rest_route=\/wp\/v2\/posts\/8529\/revisions\/8531"}],"wp:featuredmedia":[{"embeddable":true,"href":"https:\/\/cronicahd.ro\/index.php?rest_route=\/wp\/v2\/media\/8530"}],"wp:attachment":[{"href":"https:\/\/cronicahd.ro\/index.php?rest_route=%2Fwp%2Fv2%2Fmedia&parent=8529"}],"wp:term":[{"taxonomy":"category","embeddable":true,"href":"https:\/\/cronicahd.ro\/index.php?rest_route=%2Fwp%2Fv2%2Fcategories&post=8529"},{"taxonomy":"post_tag","embeddable":true,"href":"https:\/\/cronicahd.ro\/index.php?rest_route=%2Fwp%2Fv2%2Ftags&post=8529"}],"curies":[{"name":"wp","href":"https:\/\/api.w.org\/{rel}","templated":true}]}}