{"id":8523,"date":"2026-05-02T06:29:39","date_gmt":"2026-05-02T06:29:39","guid":{"rendered":"https:\/\/cronicahd.ro\/?p=8523"},"modified":"2026-05-02T06:29:39","modified_gmt":"2026-05-02T06:29:39","slug":"barbati-retinuti-pentru-violenta-domestica","status":"publish","type":"post","link":"https:\/\/cronicahd.ro\/?p=8523","title":{"rendered":"B\u0103rba\u021bi re\u021binu\u021bi pentru violen\u021b\u0103 domestic\u0103"},"content":{"rendered":"<p>&nbsp;<\/p>\n<p>Cazurile de violen\u021b\u0103 domestic\u0103 r\u0103m\u00e2n \u00een aten\u021bia autorit\u0103\u021bilor hunedorene, care au intervenit \u00een cursul zilei de 1 mai 2026 \u00een dou\u0103 situa\u021bii distincte, la Petrila \u0219i Ribi\u021ba, pentru protejarea victimelor \u0219i sanc\u021bionarea agresorilor.<\/p>\n<p>Primul incident a avut loc \u00een jurul orei 17:15, la Petrila, unde poli\u021bi\u0219tii au intervenit de urgen\u021b\u0103 \u00een urma unei alerte generate de sistemul de monitorizare electronic\u0103 aferent unui ordin de protec\u021bie. O femeie de 66 de ani, aflat\u0103 \u00eentr-un magazin al\u0103turi de un membru al familiei, a fost abordat\u0103 de un b\u0103rbat de 47 de ani, din localitate, care ar fi \u00eenc\u0103lcat m\u0103surile impuse prin ordinul de protec\u021bie.<\/p>\n<p>Potrivit informa\u021biilor furnizate de poli\u021bi\u0219ti, b\u0103rbatul i-ar fi adresat femeii injurii \u0219i amenin\u021b\u0103ri, refuz\u00e2nd totodat\u0103 s\u0103 se conformeze solicit\u0103rilor dispecerului de a p\u0103r\u0103si zona. Victima a r\u0103mas \u00een siguran\u021b\u0103 \u00een incinta magazinului p\u00e2n\u0103 la sosirea echipajului de poli\u021bie. \u00cen urma administr\u0103rii probatoriului, oamenii legii au dispus re\u021binerea agresorului pentru 24 de ore, acesta fiind cercetat pentru \u00eenc\u0103lcarea ordinului de protec\u021bie \u0219i amenin\u021bare.<\/p>\n<p>\u00cen aceea\u0219i zi, un alt caz de violen\u021b\u0103 domestic\u0103 a fost semnalat \u00een comuna Ribi\u021ba. O femeie a alertat autorit\u0103\u021bile dup\u0103 ce ar fi fost agresat\u0103 fizic de concubinul s\u0103u, un b\u0103rbat de 57 de ani, \u00een urma unui conflict spontan.<\/p>\n<p>\u00cen urma verific\u0103rilor, poli\u021bi\u0219tii au stabilit c\u0103 agresiunea a avut loc pe fondul unor tensiuni izbucnite \u00eentre cei doi. Victima a avut nevoie de \u00eengrijiri medicale \u0219i a fost transportat\u0103 la o unitate medical\u0103 din Deva.<\/p>\n<p>Pe baza evalu\u0103rii riscului, care a indicat un pericol iminent, poli\u021bi\u0219tii au emis un ordin de protec\u021bie provizoriu pentru o perioad\u0103 de 5 zile \u00eempotriva agresorului. Totodat\u0103, \u00een acest caz a fost \u00eentocmit un dosar penal pentru violen\u021b\u0103 \u00een familie.<\/p>\n<p>&nbsp;<\/p>\n","protected":false},"excerpt":{"rendered":"<p>&nbsp; Cazurile de violen\u021b\u0103 domestic\u0103 r\u0103m\u00e2n \u00een aten\u021bia autorit\u0103\u021bilor hunedorene, care au intervenit \u00een cursul&#8230;<\/p>\n","protected":false},"author":1,"featured_media":863,"comment_status":"closed","ping_status":"closed","sticky":false,"template":"","format":"standard","meta":{"footnotes":""},"categories":[1,15],"tags":[],"class_list":["post-8523","post","type-post","status-publish","format-standard","has-post-thumbnail","hentry","category-actual","category-eveniment"],"yoast_head":"<!-- This site is optimized with the Yoast SEO plugin v25.3.1 - https:\/\/yoast.com\/wordpress\/plugins\/seo\/ -->\n<title>B\u0103rba\u021bi re\u021binu\u021bi pentru violen\u021b\u0103 domestic\u0103 -<\/title>\n<meta name=\"robots\" content=\"index, follow, max-snippet:-1, max-image-preview:large, max-video-preview:-1\" \/>\n<link rel=\"canonical\" href=\"https:\/\/cronicahd.ro\/?p=8523\" \/>\n<meta property=\"og:locale\" content=\"ro_RO\" \/>\n<meta property=\"og:type\" content=\"article\" \/>\n<meta property=\"og:title\" content=\"B\u0103rba\u021bi re\u021binu\u021bi pentru violen\u021b\u0103 domestic\u0103 -\" \/>\n<meta property=\"og:description\" content=\"&nbsp; Cazurile de violen\u021b\u0103 domestic\u0103 r\u0103m\u00e2n \u00een aten\u021bia autorit\u0103\u021bilor hunedorene, care au intervenit \u00een cursul...\" \/>\n<meta property=\"og:url\" content=\"https:\/\/cronicahd.ro\/?p=8523\" \/>\n<meta property=\"article:published_time\" content=\"2026-05-02T06:29:39+00:00\" \/>\n<meta property=\"og:image\" content=\"https:\/\/cronicahd.ro\/wp-content\/uploads\/2025\/07\/ordindeprotectie-1.jpg\" \/>\n\t<meta property=\"og:image:width\" content=\"279\" \/>\n\t<meta property=\"og:image:height\" content=\"180\" \/>\n\t<meta property=\"og:image:type\" content=\"image\/jpeg\" \/>\n<meta name=\"author\" content=\"admin\" \/>\n<meta name=\"twitter:card\" content=\"summary_large_image\" \/>\n<meta name=\"twitter:label1\" content=\"Scris de\" \/>\n\t<meta name=\"twitter:data1\" content=\"admin\" \/>\n\t<meta name=\"twitter:label2\" content=\"Timp estimat pentru citire\" \/>\n\t<meta name=\"twitter:data2\" content=\"2 minute\" \/>\n<script type=\"application\/ld+json\" class=\"yoast-schema-graph\">{\"@context\":\"https:\/\/schema.org\",\"@graph\":[{\"@type\":\"WebPage\",\"@id\":\"https:\/\/cronicahd.ro\/?p=8523\",\"url\":\"https:\/\/cronicahd.ro\/?p=8523\",\"name\":\"B\u0103rba\u021bi re\u021binu\u021bi pentru violen\u021b\u0103 domestic\u0103 -\",\"isPartOf\":{\"@id\":\"https:\/\/cronicahd.ro\/#website\"},\"primaryImageOfPage\":{\"@id\":\"https:\/\/cronicahd.ro\/?p=8523#primaryimage\"},\"image\":{\"@id\":\"https:\/\/cronicahd.ro\/?p=8523#primaryimage\"},\"thumbnailUrl\":\"https:\/\/cronicahd.ro\/wp-content\/uploads\/2025\/07\/ordindeprotectie-1.jpg\",\"datePublished\":\"2026-05-02T06:29:39+00:00\",\"author\":{\"@id\":\"https:\/\/cronicahd.ro\/#\/schema\/person\/d1a1277a8cd166610328e17aaf58bf46\"},\"breadcrumb\":{\"@id\":\"https:\/\/cronicahd.ro\/?p=8523#breadcrumb\"},\"inLanguage\":\"ro-RO\",\"potentialAction\":[{\"@type\":\"ReadAction\",\"target\":[\"https:\/\/cronicahd.ro\/?p=8523\"]}]},{\"@type\":\"ImageObject\",\"inLanguage\":\"ro-RO\",\"@id\":\"https:\/\/cronicahd.ro\/?p=8523#primaryimage\",\"url\":\"https:\/\/cronicahd.ro\/wp-content\/uploads\/2025\/07\/ordindeprotectie-1.jpg\",\"contentUrl\":\"https:\/\/cronicahd.ro\/wp-content\/uploads\/2025\/07\/ordindeprotectie-1.jpg\",\"width\":279,\"height\":180},{\"@type\":\"BreadcrumbList\",\"@id\":\"https:\/\/cronicahd.ro\/?p=8523#breadcrumb\",\"itemListElement\":[{\"@type\":\"ListItem\",\"position\":1,\"name\":\"Prima pagin\u0103\",\"item\":\"https:\/\/cronicahd.ro\/\"},{\"@type\":\"ListItem\",\"position\":2,\"name\":\"B\u0103rba\u021bi re\u021binu\u021bi pentru violen\u021b\u0103 domestic\u0103\"}]},{\"@type\":\"WebSite\",\"@id\":\"https:\/\/cronicahd.ro\/#website\",\"url\":\"https:\/\/cronicahd.ro\/\",\"name\":\"\",\"description\":\"\",\"potentialAction\":[{\"@type\":\"SearchAction\",\"target\":{\"@type\":\"EntryPoint\",\"urlTemplate\":\"https:\/\/cronicahd.ro\/?s={search_term_string}\"},\"query-input\":{\"@type\":\"PropertyValueSpecification\",\"valueRequired\":true,\"valueName\":\"search_term_string\"}}],\"inLanguage\":\"ro-RO\"},{\"@type\":\"Person\",\"@id\":\"https:\/\/cronicahd.ro\/#\/schema\/person\/d1a1277a8cd166610328e17aaf58bf46\",\"name\":\"admin\",\"image\":{\"@type\":\"ImageObject\",\"inLanguage\":\"ro-RO\",\"@id\":\"https:\/\/cronicahd.ro\/#\/schema\/person\/image\/\",\"url\":\"https:\/\/secure.gravatar.com\/avatar\/24700337280d10898c2e0d19d44a05316bff9fccc941ecc5570ffe41668203f7?s=96&d=mm&r=g\",\"contentUrl\":\"https:\/\/secure.gravatar.com\/avatar\/24700337280d10898c2e0d19d44a05316bff9fccc941ecc5570ffe41668203f7?s=96&d=mm&r=g\",\"caption\":\"admin\"},\"sameAs\":[\"https:\/\/cronicavj.ro\"],\"url\":\"https:\/\/cronicahd.ro\/?author=1\"}]}<\/script>\n<!-- \/ Yoast SEO plugin. -->","yoast_head_json":{"title":"B\u0103rba\u021bi re\u021binu\u021bi pentru violen\u021b\u0103 domestic\u0103 -","robots":{"index":"index","follow":"follow","max-snippet":"max-snippet:-1","max-image-preview":"max-image-preview:large","max-video-preview":"max-video-preview:-1"},"canonical":"https:\/\/cronicahd.ro\/?p=8523","og_locale":"ro_RO","og_type":"article","og_title":"B\u0103rba\u021bi re\u021binu\u021bi pentru violen\u021b\u0103 domestic\u0103 -","og_description":"&nbsp; Cazurile de violen\u021b\u0103 domestic\u0103 r\u0103m\u00e2n \u00een aten\u021bia autorit\u0103\u021bilor hunedorene, care au intervenit \u00een cursul...","og_url":"https:\/\/cronicahd.ro\/?p=8523","article_published_time":"2026-05-02T06:29:39+00:00","og_image":[{"width":279,"height":180,"url":"https:\/\/cronicahd.ro\/wp-content\/uploads\/2025\/07\/ordindeprotectie-1.jpg","type":"image\/jpeg"}],"author":"admin","twitter_card":"summary_large_image","twitter_misc":{"Scris de":"admin","Timp estimat pentru citire":"2 minute"},"schema":{"@context":"https:\/\/schema.org","@graph":[{"@type":"WebPage","@id":"https:\/\/cronicahd.ro\/?p=8523","url":"https:\/\/cronicahd.ro\/?p=8523","name":"B\u0103rba\u021bi re\u021binu\u021bi pentru violen\u021b\u0103 domestic\u0103 -","isPartOf":{"@id":"https:\/\/cronicahd.ro\/#website"},"primaryImageOfPage":{"@id":"https:\/\/cronicahd.ro\/?p=8523#primaryimage"},"image":{"@id":"https:\/\/cronicahd.ro\/?p=8523#primaryimage"},"thumbnailUrl":"https:\/\/cronicahd.ro\/wp-content\/uploads\/2025\/07\/ordindeprotectie-1.jpg","datePublished":"2026-05-02T06:29:39+00:00","author":{"@id":"https:\/\/cronicahd.ro\/#\/schema\/person\/d1a1277a8cd166610328e17aaf58bf46"},"breadcrumb":{"@id":"https:\/\/cronicahd.ro\/?p=8523#breadcrumb"},"inLanguage":"ro-RO","potentialAction":[{"@type":"ReadAction","target":["https:\/\/cronicahd.ro\/?p=8523"]}]},{"@type":"ImageObject","inLanguage":"ro-RO","@id":"https:\/\/cronicahd.ro\/?p=8523#primaryimage","url":"https:\/\/cronicahd.ro\/wp-content\/uploads\/2025\/07\/ordindeprotectie-1.jpg","contentUrl":"https:\/\/cronicahd.ro\/wp-content\/uploads\/2025\/07\/ordindeprotectie-1.jpg","width":279,"height":180},{"@type":"BreadcrumbList","@id":"https:\/\/cronicahd.ro\/?p=8523#breadcrumb","itemListElement":[{"@type":"ListItem","position":1,"name":"Prima pagin\u0103","item":"https:\/\/cronicahd.ro\/"},{"@type":"ListItem","position":2,"name":"B\u0103rba\u021bi re\u021binu\u021bi pentru violen\u021b\u0103 domestic\u0103"}]},{"@type":"WebSite","@id":"https:\/\/cronicahd.ro\/#website","url":"https:\/\/cronicahd.ro\/","name":"","description":"","potentialAction":[{"@type":"SearchAction","target":{"@type":"EntryPoint","urlTemplate":"https:\/\/cronicahd.ro\/?s={search_term_string}"},"query-input":{"@type":"PropertyValueSpecification","valueRequired":true,"valueName":"search_term_string"}}],"inLanguage":"ro-RO"},{"@type":"Person","@id":"https:\/\/cronicahd.ro\/#\/schema\/person\/d1a1277a8cd166610328e17aaf58bf46","name":"admin","image":{"@type":"ImageObject","inLanguage":"ro-RO","@id":"https:\/\/cronicahd.ro\/#\/schema\/person\/image\/","url":"https:\/\/secure.gravatar.com\/avatar\/24700337280d10898c2e0d19d44a05316bff9fccc941ecc5570ffe41668203f7?s=96&d=mm&r=g","contentUrl":"https:\/\/secure.gravatar.com\/avatar\/24700337280d10898c2e0d19d44a05316bff9fccc941ecc5570ffe41668203f7?s=96&d=mm&r=g","caption":"admin"},"sameAs":["https:\/\/cronicavj.ro"],"url":"https:\/\/cronicahd.ro\/?author=1"}]}},"_links":{"self":[{"href":"https:\/\/cronicahd.ro\/index.php?rest_route=\/wp\/v2\/posts\/8523","targetHints":{"allow":["GET"]}}],"collection":[{"href":"https:\/\/cronicahd.ro\/index.php?rest_route=\/wp\/v2\/posts"}],"about":[{"href":"https:\/\/cronicahd.ro\/index.php?rest_route=\/wp\/v2\/types\/post"}],"author":[{"embeddable":true,"href":"https:\/\/cronicahd.ro\/index.php?rest_route=\/wp\/v2\/users\/1"}],"replies":[{"embeddable":true,"href":"https:\/\/cronicahd.ro\/index.php?rest_route=%2Fwp%2Fv2%2Fcomments&post=8523"}],"version-history":[{"count":1,"href":"https:\/\/cronicahd.ro\/index.php?rest_route=\/wp\/v2\/posts\/8523\/revisions"}],"predecessor-version":[{"id":8524,"href":"https:\/\/cronicahd.ro\/index.php?rest_route=\/wp\/v2\/posts\/8523\/revisions\/8524"}],"wp:featuredmedia":[{"embeddable":true,"href":"https:\/\/cronicahd.ro\/index.php?rest_route=\/wp\/v2\/media\/863"}],"wp:attachment":[{"href":"https:\/\/cronicahd.ro\/index.php?rest_route=%2Fwp%2Fv2%2Fmedia&parent=8523"}],"wp:term":[{"taxonomy":"category","embeddable":true,"href":"https:\/\/cronicahd.ro\/index.php?rest_route=%2Fwp%2Fv2%2Fcategories&post=8523"},{"taxonomy":"post_tag","embeddable":true,"href":"https:\/\/cronicahd.ro\/index.php?rest_route=%2Fwp%2Fv2%2Ftags&post=8523"}],"curies":[{"name":"wp","href":"https:\/\/api.w.org\/{rel}","templated":true}]}}