{"id":8519,"date":"2026-05-01T11:28:14","date_gmt":"2026-05-01T11:28:14","guid":{"rendered":"https:\/\/cronicahd.ro\/?p=8519"},"modified":"2026-05-01T11:28:14","modified_gmt":"2026-05-01T11:28:14","slug":"szell-lorincz-noul-prefect-al-judetului-hunedoara-prioritatea-absoluta-este-cetateanul","status":"publish","type":"post","link":"https:\/\/cronicahd.ro\/?p=8519","title":{"rendered":"Szell Lorincz, noul prefect al jude\u021bului Hunedoara: \u201ePrioritatea absolut\u0103 este cet\u0103\u021beanul\u201d"},"content":{"rendered":"<p>&nbsp;<\/p>\n<p>Jude\u021bul Hunedoara are, un nou reprezentant al Guvernului \u00een teritoriu. Szell Lorincz a preluat oficial func\u021bia de prefect, marc\u00e2nd \u00eenceputul unui mandat pe care \u00eel anun\u021b\u0103 centrat pe nevoile reale ale cet\u0103\u021benilor.<\/p>\n<p>\u00cen prima sa declara\u021bie public\u0103, noul prefect a subliniat importan\u021ba responsabilit\u0103\u021bii pe care o implic\u0103 aceast\u0103 func\u021bie, dar \u0219i direc\u021bia clar\u0103 pe care inten\u021bioneaz\u0103 s\u0103 o urmeze \u00een perioada urm\u0103toare.<\/p>\n<p>\u201eEste o onoare ca \u00eencep\u00e2nd de ast\u0103zi s\u0103 fiu prefectul jude\u021bului Hunedoara. Preiau func\u021bia de prefect cu respect fa\u021b\u0103 de institu\u021bie, dar mai ales cu con\u0219tiin\u021ba clar\u0103 c\u0103 aceast\u0103 func\u021bie exist\u0103 pentru oameni. Pentru cet\u0103\u021beni. Pentru nevoile lor reale, pentru siguran\u021ba lor, pentru prosperitatea lor\u201d, a declarat Szell Lorincz.<\/p>\n<p>Acesta a eviden\u021biat faptul c\u0103 \u00eentreaga activitate a institu\u021biei prefectului trebuie s\u0103 fie orientat\u0103 c\u0103tre \u00eembun\u0103t\u0103\u021birea vie\u021bii de zi cu zi a locuitorilor jude\u021bului, prin servicii publice eficiente, crearea de oportunit\u0103\u021bi economice \u0219i consolidarea unui climat de stabilitate \u0219i \u00eencredere.<\/p>\n<p>\u201ePrioritatea absolut\u0103 a mandatului meu este clar\u0103: cet\u0103\u021beanul. Tot ceea ce vom face trebuie s\u0103 se traduc\u0103 \u00een via\u021ba de zi cu zi a oamenilor \u2013 \u00een servicii publice mai bune, \u00een oportunit\u0103\u021bi economice, \u00een stabilitate \u0219i \u00een \u00eencredere\u201d, a mai transmis noul prefect al jude\u021bului Hunedoara.<\/p>\n<p>R\u0103m\u00e2ne de v\u0103zut care vor fi primele m\u0103suri concrete adoptate de noul prefect \u0219i modul \u00een care acestea vor r\u0103spunde a\u0219tept\u0103rilor cet\u0103\u021benilor din Hunedoara.<\/p>\n","protected":false},"excerpt":{"rendered":"<p>&nbsp; Jude\u021bul Hunedoara are, un nou reprezentant al Guvernului \u00een teritoriu. Szell Lorincz a preluat&#8230;<\/p>\n","protected":false},"author":1,"featured_media":8520,"comment_status":"closed","ping_status":"closed","sticky":false,"template":"","format":"standard","meta":{"footnotes":""},"categories":[1,6],"tags":[],"class_list":["post-8519","post","type-post","status-publish","format-standard","has-post-thumbnail","hentry","category-actual","category-administratie"],"yoast_head":"<!-- This site is optimized with the Yoast SEO plugin v25.3.1 - https:\/\/yoast.com\/wordpress\/plugins\/seo\/ -->\n<title>Szell Lorincz, noul prefect al jude\u021bului Hunedoara: \u201ePrioritatea absolut\u0103 este cet\u0103\u021beanul\u201d -<\/title>\n<meta name=\"robots\" content=\"index, follow, max-snippet:-1, max-image-preview:large, max-video-preview:-1\" \/>\n<link rel=\"canonical\" href=\"https:\/\/cronicahd.ro\/?p=8519\" \/>\n<meta property=\"og:locale\" content=\"ro_RO\" \/>\n<meta property=\"og:type\" content=\"article\" \/>\n<meta property=\"og:title\" content=\"Szell Lorincz, noul prefect al jude\u021bului Hunedoara: \u201ePrioritatea absolut\u0103 este cet\u0103\u021beanul\u201d -\" \/>\n<meta property=\"og:description\" content=\"&nbsp; Jude\u021bul Hunedoara are, un nou reprezentant al Guvernului \u00een teritoriu. Szell Lorincz a preluat...\" \/>\n<meta property=\"og:url\" content=\"https:\/\/cronicahd.ro\/?p=8519\" \/>\n<meta property=\"article:published_time\" content=\"2026-05-01T11:28:14+00:00\" \/>\n<meta property=\"og:image\" content=\"https:\/\/cronicahd.ro\/wp-content\/uploads\/2026\/05\/IMG_6879.jpeg\" \/>\n\t<meta property=\"og:image:width\" content=\"1500\" \/>\n\t<meta property=\"og:image:height\" content=\"1262\" \/>\n\t<meta property=\"og:image:type\" content=\"image\/jpeg\" \/>\n<meta name=\"author\" content=\"admin\" \/>\n<meta name=\"twitter:card\" content=\"summary_large_image\" \/>\n<meta name=\"twitter:label1\" content=\"Scris de\" \/>\n\t<meta name=\"twitter:data1\" content=\"admin\" \/>\n\t<meta name=\"twitter:label2\" content=\"Timp estimat pentru citire\" \/>\n\t<meta name=\"twitter:data2\" content=\"2 minute\" \/>\n<script type=\"application\/ld+json\" class=\"yoast-schema-graph\">{\"@context\":\"https:\/\/schema.org\",\"@graph\":[{\"@type\":\"WebPage\",\"@id\":\"https:\/\/cronicahd.ro\/?p=8519\",\"url\":\"https:\/\/cronicahd.ro\/?p=8519\",\"name\":\"Szell Lorincz, noul prefect al jude\u021bului Hunedoara: \u201ePrioritatea absolut\u0103 este cet\u0103\u021beanul\u201d -\",\"isPartOf\":{\"@id\":\"https:\/\/cronicahd.ro\/#website\"},\"primaryImageOfPage\":{\"@id\":\"https:\/\/cronicahd.ro\/?p=8519#primaryimage\"},\"image\":{\"@id\":\"https:\/\/cronicahd.ro\/?p=8519#primaryimage\"},\"thumbnailUrl\":\"https:\/\/cronicahd.ro\/wp-content\/uploads\/2026\/05\/IMG_6879.jpeg\",\"datePublished\":\"2026-05-01T11:28:14+00:00\",\"author\":{\"@id\":\"https:\/\/cronicahd.ro\/#\/schema\/person\/d1a1277a8cd166610328e17aaf58bf46\"},\"breadcrumb\":{\"@id\":\"https:\/\/cronicahd.ro\/?p=8519#breadcrumb\"},\"inLanguage\":\"ro-RO\",\"potentialAction\":[{\"@type\":\"ReadAction\",\"target\":[\"https:\/\/cronicahd.ro\/?p=8519\"]}]},{\"@type\":\"ImageObject\",\"inLanguage\":\"ro-RO\",\"@id\":\"https:\/\/cronicahd.ro\/?p=8519#primaryimage\",\"url\":\"https:\/\/cronicahd.ro\/wp-content\/uploads\/2026\/05\/IMG_6879.jpeg\",\"contentUrl\":\"https:\/\/cronicahd.ro\/wp-content\/uploads\/2026\/05\/IMG_6879.jpeg\",\"width\":1500,\"height\":1262},{\"@type\":\"BreadcrumbList\",\"@id\":\"https:\/\/cronicahd.ro\/?p=8519#breadcrumb\",\"itemListElement\":[{\"@type\":\"ListItem\",\"position\":1,\"name\":\"Prima pagin\u0103\",\"item\":\"https:\/\/cronicahd.ro\/\"},{\"@type\":\"ListItem\",\"position\":2,\"name\":\"Szell Lorincz, noul prefect al jude\u021bului Hunedoara: \u201ePrioritatea absolut\u0103 este cet\u0103\u021beanul\u201d\"}]},{\"@type\":\"WebSite\",\"@id\":\"https:\/\/cronicahd.ro\/#website\",\"url\":\"https:\/\/cronicahd.ro\/\",\"name\":\"\",\"description\":\"\",\"potentialAction\":[{\"@type\":\"SearchAction\",\"target\":{\"@type\":\"EntryPoint\",\"urlTemplate\":\"https:\/\/cronicahd.ro\/?s={search_term_string}\"},\"query-input\":{\"@type\":\"PropertyValueSpecification\",\"valueRequired\":true,\"valueName\":\"search_term_string\"}}],\"inLanguage\":\"ro-RO\"},{\"@type\":\"Person\",\"@id\":\"https:\/\/cronicahd.ro\/#\/schema\/person\/d1a1277a8cd166610328e17aaf58bf46\",\"name\":\"admin\",\"image\":{\"@type\":\"ImageObject\",\"inLanguage\":\"ro-RO\",\"@id\":\"https:\/\/cronicahd.ro\/#\/schema\/person\/image\/\",\"url\":\"https:\/\/secure.gravatar.com\/avatar\/24700337280d10898c2e0d19d44a05316bff9fccc941ecc5570ffe41668203f7?s=96&d=mm&r=g\",\"contentUrl\":\"https:\/\/secure.gravatar.com\/avatar\/24700337280d10898c2e0d19d44a05316bff9fccc941ecc5570ffe41668203f7?s=96&d=mm&r=g\",\"caption\":\"admin\"},\"sameAs\":[\"https:\/\/cronicavj.ro\"],\"url\":\"https:\/\/cronicahd.ro\/?author=1\"}]}<\/script>\n<!-- \/ Yoast SEO plugin. -->","yoast_head_json":{"title":"Szell Lorincz, noul prefect al jude\u021bului Hunedoara: \u201ePrioritatea absolut\u0103 este cet\u0103\u021beanul\u201d -","robots":{"index":"index","follow":"follow","max-snippet":"max-snippet:-1","max-image-preview":"max-image-preview:large","max-video-preview":"max-video-preview:-1"},"canonical":"https:\/\/cronicahd.ro\/?p=8519","og_locale":"ro_RO","og_type":"article","og_title":"Szell Lorincz, noul prefect al jude\u021bului Hunedoara: \u201ePrioritatea absolut\u0103 este cet\u0103\u021beanul\u201d -","og_description":"&nbsp; Jude\u021bul Hunedoara are, un nou reprezentant al Guvernului \u00een teritoriu. Szell Lorincz a preluat...","og_url":"https:\/\/cronicahd.ro\/?p=8519","article_published_time":"2026-05-01T11:28:14+00:00","og_image":[{"width":1500,"height":1262,"url":"https:\/\/cronicahd.ro\/wp-content\/uploads\/2026\/05\/IMG_6879.jpeg","type":"image\/jpeg"}],"author":"admin","twitter_card":"summary_large_image","twitter_misc":{"Scris de":"admin","Timp estimat pentru citire":"2 minute"},"schema":{"@context":"https:\/\/schema.org","@graph":[{"@type":"WebPage","@id":"https:\/\/cronicahd.ro\/?p=8519","url":"https:\/\/cronicahd.ro\/?p=8519","name":"Szell Lorincz, noul prefect al jude\u021bului Hunedoara: \u201ePrioritatea absolut\u0103 este cet\u0103\u021beanul\u201d -","isPartOf":{"@id":"https:\/\/cronicahd.ro\/#website"},"primaryImageOfPage":{"@id":"https:\/\/cronicahd.ro\/?p=8519#primaryimage"},"image":{"@id":"https:\/\/cronicahd.ro\/?p=8519#primaryimage"},"thumbnailUrl":"https:\/\/cronicahd.ro\/wp-content\/uploads\/2026\/05\/IMG_6879.jpeg","datePublished":"2026-05-01T11:28:14+00:00","author":{"@id":"https:\/\/cronicahd.ro\/#\/schema\/person\/d1a1277a8cd166610328e17aaf58bf46"},"breadcrumb":{"@id":"https:\/\/cronicahd.ro\/?p=8519#breadcrumb"},"inLanguage":"ro-RO","potentialAction":[{"@type":"ReadAction","target":["https:\/\/cronicahd.ro\/?p=8519"]}]},{"@type":"ImageObject","inLanguage":"ro-RO","@id":"https:\/\/cronicahd.ro\/?p=8519#primaryimage","url":"https:\/\/cronicahd.ro\/wp-content\/uploads\/2026\/05\/IMG_6879.jpeg","contentUrl":"https:\/\/cronicahd.ro\/wp-content\/uploads\/2026\/05\/IMG_6879.jpeg","width":1500,"height":1262},{"@type":"BreadcrumbList","@id":"https:\/\/cronicahd.ro\/?p=8519#breadcrumb","itemListElement":[{"@type":"ListItem","position":1,"name":"Prima pagin\u0103","item":"https:\/\/cronicahd.ro\/"},{"@type":"ListItem","position":2,"name":"Szell Lorincz, noul prefect al jude\u021bului Hunedoara: \u201ePrioritatea absolut\u0103 este cet\u0103\u021beanul\u201d"}]},{"@type":"WebSite","@id":"https:\/\/cronicahd.ro\/#website","url":"https:\/\/cronicahd.ro\/","name":"","description":"","potentialAction":[{"@type":"SearchAction","target":{"@type":"EntryPoint","urlTemplate":"https:\/\/cronicahd.ro\/?s={search_term_string}"},"query-input":{"@type":"PropertyValueSpecification","valueRequired":true,"valueName":"search_term_string"}}],"inLanguage":"ro-RO"},{"@type":"Person","@id":"https:\/\/cronicahd.ro\/#\/schema\/person\/d1a1277a8cd166610328e17aaf58bf46","name":"admin","image":{"@type":"ImageObject","inLanguage":"ro-RO","@id":"https:\/\/cronicahd.ro\/#\/schema\/person\/image\/","url":"https:\/\/secure.gravatar.com\/avatar\/24700337280d10898c2e0d19d44a05316bff9fccc941ecc5570ffe41668203f7?s=96&d=mm&r=g","contentUrl":"https:\/\/secure.gravatar.com\/avatar\/24700337280d10898c2e0d19d44a05316bff9fccc941ecc5570ffe41668203f7?s=96&d=mm&r=g","caption":"admin"},"sameAs":["https:\/\/cronicavj.ro"],"url":"https:\/\/cronicahd.ro\/?author=1"}]}},"_links":{"self":[{"href":"https:\/\/cronicahd.ro\/index.php?rest_route=\/wp\/v2\/posts\/8519","targetHints":{"allow":["GET"]}}],"collection":[{"href":"https:\/\/cronicahd.ro\/index.php?rest_route=\/wp\/v2\/posts"}],"about":[{"href":"https:\/\/cronicahd.ro\/index.php?rest_route=\/wp\/v2\/types\/post"}],"author":[{"embeddable":true,"href":"https:\/\/cronicahd.ro\/index.php?rest_route=\/wp\/v2\/users\/1"}],"replies":[{"embeddable":true,"href":"https:\/\/cronicahd.ro\/index.php?rest_route=%2Fwp%2Fv2%2Fcomments&post=8519"}],"version-history":[{"count":1,"href":"https:\/\/cronicahd.ro\/index.php?rest_route=\/wp\/v2\/posts\/8519\/revisions"}],"predecessor-version":[{"id":8521,"href":"https:\/\/cronicahd.ro\/index.php?rest_route=\/wp\/v2\/posts\/8519\/revisions\/8521"}],"wp:featuredmedia":[{"embeddable":true,"href":"https:\/\/cronicahd.ro\/index.php?rest_route=\/wp\/v2\/media\/8520"}],"wp:attachment":[{"href":"https:\/\/cronicahd.ro\/index.php?rest_route=%2Fwp%2Fv2%2Fmedia&parent=8519"}],"wp:term":[{"taxonomy":"category","embeddable":true,"href":"https:\/\/cronicahd.ro\/index.php?rest_route=%2Fwp%2Fv2%2Fcategories&post=8519"},{"taxonomy":"post_tag","embeddable":true,"href":"https:\/\/cronicahd.ro\/index.php?rest_route=%2Fwp%2Fv2%2Ftags&post=8519"}],"curies":[{"name":"wp","href":"https:\/\/api.w.org\/{rel}","templated":true}]}}