{"id":8507,"date":"2026-05-01T11:10:54","date_gmt":"2026-05-01T11:10:54","guid":{"rendered":"https:\/\/cronicahd.ro\/?p=8507"},"modified":"2026-05-01T11:10:54","modified_gmt":"2026-05-01T11:10:54","slug":"senatorul-calin-petru-marian-in-mijlocul-comunitatii-la-targul-de-la-pui-romania-rurala-are-nevoie-de-politici-publice-corecte","status":"publish","type":"post","link":"https:\/\/cronicahd.ro\/?p=8507","title":{"rendered":"Senatorul C\u0103lin Petru Marian, \u00een mijlocul comunit\u0103\u021bii la T\u00e2rgul de la Pui: \u201eRom\u00e2nia rural\u0103 are nevoie de politici publice corecte\u201d"},"content":{"rendered":"<p>&nbsp;<\/p>\n<p>Comuna Pui a g\u0103zduit vineri , de 1 Mai, unul dintre cele mai apreciate evenimente tradi\u021bionale din zon\u0103, T\u00e2rgul de la Pui, care a reunit localnici, produc\u0103tori agricoli \u0219i reprezentan\u021bi ai administra\u021biei locale \u00eentr-un cadru dedicat valorific\u0103rii tradi\u021biilor \u0219i sus\u021binerii economiei rurale.<\/p>\n<p><img loading=\"lazy\" decoding=\"async\" class=\"alignnone size-full wp-image-8511\" src=\"https:\/\/cronicahd.ro\/wp-content\/uploads\/2026\/05\/IMG_6871.jpeg\" alt=\"\" width=\"1200\" height=\"1600\" srcset=\"https:\/\/cronicahd.ro\/wp-content\/uploads\/2026\/05\/IMG_6871.jpeg 1200w, https:\/\/cronicahd.ro\/wp-content\/uploads\/2026\/05\/IMG_6871-225x300.jpeg 225w, https:\/\/cronicahd.ro\/wp-content\/uploads\/2026\/05\/IMG_6871-768x1024.jpeg 768w, https:\/\/cronicahd.ro\/wp-content\/uploads\/2026\/05\/IMG_6871-1152x1536.jpeg 1152w, https:\/\/cronicahd.ro\/wp-content\/uploads\/2026\/05\/IMG_6871-1024x1365.jpeg 1024w\" sizes=\"auto, (max-width: 1200px) 100vw, 1200px\" \/><\/p>\n<p>Printre participan\u021bi s-a num\u0103rat \u0219i senatorul C\u0103lin Petru Marian, care a profitat de aceast\u0103 ocazie pentru a purta discu\u021bii directe cu oamenii din comunitate. Dialogul cu agricultorii \u0219i autorit\u0103\u021bile locale a vizat identificarea principalelor nevoi ale zonei, dar \u0219i g\u0103sirea unor solu\u021bii concrete pentru dezvoltarea durabil\u0103 a mediului rural.<\/p>\n<p><img loading=\"lazy\" decoding=\"async\" class=\"alignnone size-full wp-image-8510\" src=\"https:\/\/cronicahd.ro\/wp-content\/uploads\/2026\/05\/IMG_6872.jpeg\" alt=\"\" width=\"1350\" height=\"1800\" srcset=\"https:\/\/cronicahd.ro\/wp-content\/uploads\/2026\/05\/IMG_6872.jpeg 1350w, https:\/\/cronicahd.ro\/wp-content\/uploads\/2026\/05\/IMG_6872-225x300.jpeg 225w, https:\/\/cronicahd.ro\/wp-content\/uploads\/2026\/05\/IMG_6872-768x1024.jpeg 768w, https:\/\/cronicahd.ro\/wp-content\/uploads\/2026\/05\/IMG_6872-1152x1536.jpeg 1152w, https:\/\/cronicahd.ro\/wp-content\/uploads\/2026\/05\/IMG_6872-1024x1365.jpeg 1024w\" sizes=\"auto, (max-width: 1350px) 100vw, 1350px\" \/><\/p>\n<p>\u201eA fost un bun prilej de a sta din nou de vorb\u0103 cu localnicii, cu agricultorii \u0219i cu autorit\u0103\u021bile locale pentru a vedea care sunt nevoile lor reale \u0219i ce putem face concret pentru dezvoltarea acestei zone. Rom\u00e2nia rural\u0103 are resurse extraordinare, are oameni harnici \u0219i are nevoie de politici publice corecte care s\u0103 o sus\u021bin\u0103\u201d, a declarat senatorul.<\/p>\n<p><img loading=\"lazy\" decoding=\"async\" class=\"alignnone size-full wp-image-8509\" src=\"https:\/\/cronicahd.ro\/wp-content\/uploads\/2026\/05\/IMG_6873.jpeg\" alt=\"\" width=\"1350\" height=\"1800\" srcset=\"https:\/\/cronicahd.ro\/wp-content\/uploads\/2026\/05\/IMG_6873.jpeg 1350w, https:\/\/cronicahd.ro\/wp-content\/uploads\/2026\/05\/IMG_6873-225x300.jpeg 225w, https:\/\/cronicahd.ro\/wp-content\/uploads\/2026\/05\/IMG_6873-768x1024.jpeg 768w, https:\/\/cronicahd.ro\/wp-content\/uploads\/2026\/05\/IMG_6873-1152x1536.jpeg 1152w, https:\/\/cronicahd.ro\/wp-content\/uploads\/2026\/05\/IMG_6873-1024x1365.jpeg 1024w\" sizes=\"auto, (max-width: 1350px) 100vw, 1350px\" \/><\/p>\n<p>Participarea la astfel de evenimente face parte dintr-un demers constant al senatorului de a r\u0103m\u00e2ne conectat la realit\u0103\u021bile din teritoriu \u0219i de a sus\u021bine ini\u021biativele care contribuie la dezvoltarea comunit\u0103\u021bilor locale. Mediul rural r\u0103m\u00e2ne o prioritate \u00een activitatea sa parlamentar\u0103, fiind considerat un pilon esen\u021bial pentru echilibrul economic \u0219i social al \u021b\u0103rii.<\/p>\n<p><img loading=\"lazy\" decoding=\"async\" class=\"alignnone size-full wp-image-8508\" src=\"https:\/\/cronicahd.ro\/wp-content\/uploads\/2026\/05\/IMG_6874.jpeg\" alt=\"\" width=\"1350\" height=\"1800\" srcset=\"https:\/\/cronicahd.ro\/wp-content\/uploads\/2026\/05\/IMG_6874.jpeg 1350w, https:\/\/cronicahd.ro\/wp-content\/uploads\/2026\/05\/IMG_6874-225x300.jpeg 225w, https:\/\/cronicahd.ro\/wp-content\/uploads\/2026\/05\/IMG_6874-768x1024.jpeg 768w, https:\/\/cronicahd.ro\/wp-content\/uploads\/2026\/05\/IMG_6874-1152x1536.jpeg 1152w, https:\/\/cronicahd.ro\/wp-content\/uploads\/2026\/05\/IMG_6874-1024x1365.jpeg 1024w\" sizes=\"auto, (max-width: 1350px) 100vw, 1350px\" \/><\/p>\n<p>La finalul vizitei, C\u0103lin Petru Marian a transmis mul\u021bumiri celor prezen\u021bi pentru primirea c\u0103lduroas\u0103 \u0219i a reafirmat angajamentul de a sprijini \u00een continuare comunitatea din Pui \u0219i proiectele care pot aduce dezvoltare pe termen lung \u00een zon\u0103.<\/p>\n","protected":false},"excerpt":{"rendered":"<p>&nbsp; Comuna Pui a g\u0103zduit vineri , de 1 Mai, unul dintre cele mai apreciate&#8230;<\/p>\n","protected":false},"author":1,"featured_media":8512,"comment_status":"closed","ping_status":"closed","sticky":false,"template":"","format":"standard","meta":{"footnotes":""},"categories":[1,16],"tags":[],"class_list":["post-8507","post","type-post","status-publish","format-standard","has-post-thumbnail","hentry","category-actual","category-politic"],"yoast_head":"<!-- This site is optimized with the Yoast SEO plugin v25.3.1 - https:\/\/yoast.com\/wordpress\/plugins\/seo\/ -->\n<title>Senatorul C\u0103lin Petru Marian, \u00een mijlocul comunit\u0103\u021bii la T\u00e2rgul de la Pui: \u201eRom\u00e2nia rural\u0103 are nevoie de politici publice corecte\u201d -<\/title>\n<meta name=\"robots\" content=\"index, follow, max-snippet:-1, max-image-preview:large, max-video-preview:-1\" \/>\n<link rel=\"canonical\" href=\"https:\/\/cronicahd.ro\/?p=8507\" \/>\n<meta property=\"og:locale\" content=\"ro_RO\" \/>\n<meta property=\"og:type\" content=\"article\" \/>\n<meta property=\"og:title\" content=\"Senatorul C\u0103lin Petru Marian, \u00een mijlocul comunit\u0103\u021bii la T\u00e2rgul de la Pui: \u201eRom\u00e2nia rural\u0103 are nevoie de politici publice corecte\u201d -\" \/>\n<meta property=\"og:description\" content=\"&nbsp; Comuna Pui a g\u0103zduit vineri , de 1 Mai, unul dintre cele mai apreciate...\" \/>\n<meta property=\"og:url\" content=\"https:\/\/cronicahd.ro\/?p=8507\" \/>\n<meta property=\"article:published_time\" content=\"2026-05-01T11:10:54+00:00\" \/>\n<meta property=\"og:image\" content=\"https:\/\/cronicahd.ro\/wp-content\/uploads\/2026\/05\/IMG_6870.jpeg\" \/>\n\t<meta property=\"og:image:width\" content=\"1350\" \/>\n\t<meta property=\"og:image:height\" content=\"1800\" \/>\n\t<meta property=\"og:image:type\" content=\"image\/jpeg\" \/>\n<meta name=\"author\" content=\"admin\" \/>\n<meta name=\"twitter:card\" content=\"summary_large_image\" \/>\n<meta name=\"twitter:label1\" content=\"Scris de\" \/>\n\t<meta name=\"twitter:data1\" content=\"admin\" \/>\n\t<meta name=\"twitter:label2\" content=\"Timp estimat pentru citire\" \/>\n\t<meta name=\"twitter:data2\" content=\"3 minute\" \/>\n<script type=\"application\/ld+json\" class=\"yoast-schema-graph\">{\"@context\":\"https:\/\/schema.org\",\"@graph\":[{\"@type\":\"WebPage\",\"@id\":\"https:\/\/cronicahd.ro\/?p=8507\",\"url\":\"https:\/\/cronicahd.ro\/?p=8507\",\"name\":\"Senatorul C\u0103lin Petru Marian, \u00een mijlocul comunit\u0103\u021bii la T\u00e2rgul de la Pui: \u201eRom\u00e2nia rural\u0103 are nevoie de politici publice corecte\u201d -\",\"isPartOf\":{\"@id\":\"https:\/\/cronicahd.ro\/#website\"},\"primaryImageOfPage\":{\"@id\":\"https:\/\/cronicahd.ro\/?p=8507#primaryimage\"},\"image\":{\"@id\":\"https:\/\/cronicahd.ro\/?p=8507#primaryimage\"},\"thumbnailUrl\":\"https:\/\/cronicahd.ro\/wp-content\/uploads\/2026\/05\/IMG_6870.jpeg\",\"datePublished\":\"2026-05-01T11:10:54+00:00\",\"author\":{\"@id\":\"https:\/\/cronicahd.ro\/#\/schema\/person\/d1a1277a8cd166610328e17aaf58bf46\"},\"breadcrumb\":{\"@id\":\"https:\/\/cronicahd.ro\/?p=8507#breadcrumb\"},\"inLanguage\":\"ro-RO\",\"potentialAction\":[{\"@type\":\"ReadAction\",\"target\":[\"https:\/\/cronicahd.ro\/?p=8507\"]}]},{\"@type\":\"ImageObject\",\"inLanguage\":\"ro-RO\",\"@id\":\"https:\/\/cronicahd.ro\/?p=8507#primaryimage\",\"url\":\"https:\/\/cronicahd.ro\/wp-content\/uploads\/2026\/05\/IMG_6870.jpeg\",\"contentUrl\":\"https:\/\/cronicahd.ro\/wp-content\/uploads\/2026\/05\/IMG_6870.jpeg\",\"width\":1350,\"height\":1800},{\"@type\":\"BreadcrumbList\",\"@id\":\"https:\/\/cronicahd.ro\/?p=8507#breadcrumb\",\"itemListElement\":[{\"@type\":\"ListItem\",\"position\":1,\"name\":\"Prima pagin\u0103\",\"item\":\"https:\/\/cronicahd.ro\/\"},{\"@type\":\"ListItem\",\"position\":2,\"name\":\"Senatorul C\u0103lin Petru Marian, \u00een mijlocul comunit\u0103\u021bii la T\u00e2rgul de la Pui: \u201eRom\u00e2nia rural\u0103 are nevoie de politici publice corecte\u201d\"}]},{\"@type\":\"WebSite\",\"@id\":\"https:\/\/cronicahd.ro\/#website\",\"url\":\"https:\/\/cronicahd.ro\/\",\"name\":\"\",\"description\":\"\",\"potentialAction\":[{\"@type\":\"SearchAction\",\"target\":{\"@type\":\"EntryPoint\",\"urlTemplate\":\"https:\/\/cronicahd.ro\/?s={search_term_string}\"},\"query-input\":{\"@type\":\"PropertyValueSpecification\",\"valueRequired\":true,\"valueName\":\"search_term_string\"}}],\"inLanguage\":\"ro-RO\"},{\"@type\":\"Person\",\"@id\":\"https:\/\/cronicahd.ro\/#\/schema\/person\/d1a1277a8cd166610328e17aaf58bf46\",\"name\":\"admin\",\"image\":{\"@type\":\"ImageObject\",\"inLanguage\":\"ro-RO\",\"@id\":\"https:\/\/cronicahd.ro\/#\/schema\/person\/image\/\",\"url\":\"https:\/\/secure.gravatar.com\/avatar\/24700337280d10898c2e0d19d44a05316bff9fccc941ecc5570ffe41668203f7?s=96&d=mm&r=g\",\"contentUrl\":\"https:\/\/secure.gravatar.com\/avatar\/24700337280d10898c2e0d19d44a05316bff9fccc941ecc5570ffe41668203f7?s=96&d=mm&r=g\",\"caption\":\"admin\"},\"sameAs\":[\"https:\/\/cronicavj.ro\"],\"url\":\"https:\/\/cronicahd.ro\/?author=1\"}]}<\/script>\n<!-- \/ Yoast SEO plugin. -->","yoast_head_json":{"title":"Senatorul C\u0103lin Petru Marian, \u00een mijlocul comunit\u0103\u021bii la T\u00e2rgul de la Pui: \u201eRom\u00e2nia rural\u0103 are nevoie de politici publice corecte\u201d -","robots":{"index":"index","follow":"follow","max-snippet":"max-snippet:-1","max-image-preview":"max-image-preview:large","max-video-preview":"max-video-preview:-1"},"canonical":"https:\/\/cronicahd.ro\/?p=8507","og_locale":"ro_RO","og_type":"article","og_title":"Senatorul C\u0103lin Petru Marian, \u00een mijlocul comunit\u0103\u021bii la T\u00e2rgul de la Pui: \u201eRom\u00e2nia rural\u0103 are nevoie de politici publice corecte\u201d -","og_description":"&nbsp; Comuna Pui a g\u0103zduit vineri , de 1 Mai, unul dintre cele mai apreciate...","og_url":"https:\/\/cronicahd.ro\/?p=8507","article_published_time":"2026-05-01T11:10:54+00:00","og_image":[{"width":1350,"height":1800,"url":"https:\/\/cronicahd.ro\/wp-content\/uploads\/2026\/05\/IMG_6870.jpeg","type":"image\/jpeg"}],"author":"admin","twitter_card":"summary_large_image","twitter_misc":{"Scris de":"admin","Timp estimat pentru citire":"3 minute"},"schema":{"@context":"https:\/\/schema.org","@graph":[{"@type":"WebPage","@id":"https:\/\/cronicahd.ro\/?p=8507","url":"https:\/\/cronicahd.ro\/?p=8507","name":"Senatorul C\u0103lin Petru Marian, \u00een mijlocul comunit\u0103\u021bii la T\u00e2rgul de la Pui: \u201eRom\u00e2nia rural\u0103 are nevoie de politici publice corecte\u201d -","isPartOf":{"@id":"https:\/\/cronicahd.ro\/#website"},"primaryImageOfPage":{"@id":"https:\/\/cronicahd.ro\/?p=8507#primaryimage"},"image":{"@id":"https:\/\/cronicahd.ro\/?p=8507#primaryimage"},"thumbnailUrl":"https:\/\/cronicahd.ro\/wp-content\/uploads\/2026\/05\/IMG_6870.jpeg","datePublished":"2026-05-01T11:10:54+00:00","author":{"@id":"https:\/\/cronicahd.ro\/#\/schema\/person\/d1a1277a8cd166610328e17aaf58bf46"},"breadcrumb":{"@id":"https:\/\/cronicahd.ro\/?p=8507#breadcrumb"},"inLanguage":"ro-RO","potentialAction":[{"@type":"ReadAction","target":["https:\/\/cronicahd.ro\/?p=8507"]}]},{"@type":"ImageObject","inLanguage":"ro-RO","@id":"https:\/\/cronicahd.ro\/?p=8507#primaryimage","url":"https:\/\/cronicahd.ro\/wp-content\/uploads\/2026\/05\/IMG_6870.jpeg","contentUrl":"https:\/\/cronicahd.ro\/wp-content\/uploads\/2026\/05\/IMG_6870.jpeg","width":1350,"height":1800},{"@type":"BreadcrumbList","@id":"https:\/\/cronicahd.ro\/?p=8507#breadcrumb","itemListElement":[{"@type":"ListItem","position":1,"name":"Prima pagin\u0103","item":"https:\/\/cronicahd.ro\/"},{"@type":"ListItem","position":2,"name":"Senatorul C\u0103lin Petru Marian, \u00een mijlocul comunit\u0103\u021bii la T\u00e2rgul de la Pui: \u201eRom\u00e2nia rural\u0103 are nevoie de politici publice corecte\u201d"}]},{"@type":"WebSite","@id":"https:\/\/cronicahd.ro\/#website","url":"https:\/\/cronicahd.ro\/","name":"","description":"","potentialAction":[{"@type":"SearchAction","target":{"@type":"EntryPoint","urlTemplate":"https:\/\/cronicahd.ro\/?s={search_term_string}"},"query-input":{"@type":"PropertyValueSpecification","valueRequired":true,"valueName":"search_term_string"}}],"inLanguage":"ro-RO"},{"@type":"Person","@id":"https:\/\/cronicahd.ro\/#\/schema\/person\/d1a1277a8cd166610328e17aaf58bf46","name":"admin","image":{"@type":"ImageObject","inLanguage":"ro-RO","@id":"https:\/\/cronicahd.ro\/#\/schema\/person\/image\/","url":"https:\/\/secure.gravatar.com\/avatar\/24700337280d10898c2e0d19d44a05316bff9fccc941ecc5570ffe41668203f7?s=96&d=mm&r=g","contentUrl":"https:\/\/secure.gravatar.com\/avatar\/24700337280d10898c2e0d19d44a05316bff9fccc941ecc5570ffe41668203f7?s=96&d=mm&r=g","caption":"admin"},"sameAs":["https:\/\/cronicavj.ro"],"url":"https:\/\/cronicahd.ro\/?author=1"}]}},"_links":{"self":[{"href":"https:\/\/cronicahd.ro\/index.php?rest_route=\/wp\/v2\/posts\/8507","targetHints":{"allow":["GET"]}}],"collection":[{"href":"https:\/\/cronicahd.ro\/index.php?rest_route=\/wp\/v2\/posts"}],"about":[{"href":"https:\/\/cronicahd.ro\/index.php?rest_route=\/wp\/v2\/types\/post"}],"author":[{"embeddable":true,"href":"https:\/\/cronicahd.ro\/index.php?rest_route=\/wp\/v2\/users\/1"}],"replies":[{"embeddable":true,"href":"https:\/\/cronicahd.ro\/index.php?rest_route=%2Fwp%2Fv2%2Fcomments&post=8507"}],"version-history":[{"count":1,"href":"https:\/\/cronicahd.ro\/index.php?rest_route=\/wp\/v2\/posts\/8507\/revisions"}],"predecessor-version":[{"id":8513,"href":"https:\/\/cronicahd.ro\/index.php?rest_route=\/wp\/v2\/posts\/8507\/revisions\/8513"}],"wp:featuredmedia":[{"embeddable":true,"href":"https:\/\/cronicahd.ro\/index.php?rest_route=\/wp\/v2\/media\/8512"}],"wp:attachment":[{"href":"https:\/\/cronicahd.ro\/index.php?rest_route=%2Fwp%2Fv2%2Fmedia&parent=8507"}],"wp:term":[{"taxonomy":"category","embeddable":true,"href":"https:\/\/cronicahd.ro\/index.php?rest_route=%2Fwp%2Fv2%2Fcategories&post=8507"},{"taxonomy":"post_tag","embeddable":true,"href":"https:\/\/cronicahd.ro\/index.php?rest_route=%2Fwp%2Fv2%2Ftags&post=8507"}],"curies":[{"name":"wp","href":"https:\/\/api.w.org\/{rel}","templated":true}]}}