{"id":8504,"date":"2026-05-01T04:22:01","date_gmt":"2026-05-01T04:22:01","guid":{"rendered":"https:\/\/cronicahd.ro\/?p=8504"},"modified":"2026-05-01T04:22:01","modified_gmt":"2026-05-01T04:22:01","slug":"barbat-de-62-de-ani-retinut-pentru-viol-in-urma-unui-caz-grav-petrecut-la-hateg","status":"publish","type":"post","link":"https:\/\/cronicahd.ro\/?p=8504","title":{"rendered":"B\u0103rbat de 62 de ani, re\u021binut pentru viol \u00een urma unui caz grav petrecut la Ha\u021beg"},"content":{"rendered":"<p>&nbsp;<\/p>\n<p>Un b\u0103rbat \u00een v\u00e2rst\u0103 de 62 de ani a fost re\u021binut pentru 24 de ore de poli\u021bi\u0219ti, fiind cercetat sub aspectul comiterii infrac\u021biunii de viol, \u00een urma unui incident grav semnalat \u00een cursul zilei de ieri, \u00een ora\u0219ul Ha\u021beg.<\/p>\n<p>Potrivit informa\u021biilor furnizate de anchetatori, poli\u021bi\u0219tii au fost sesiza\u021bi cu privire la dispari\u021bia unei tinere \u00een v\u00e2rst\u0103 de 27 de ani, fiind declan\u0219ate de urgen\u021b\u0103 activit\u0103\u021bi de c\u0103utare. Interven\u021bia rapid\u0103 a oamenilor legii a dus la identificarea femeii \u00eentr-un timp scurt, aceasta fiind g\u0103sit\u0103 \u00eentr-un spa\u021biu de alimenta\u021bie public\u0103 din zona Pie\u021bei Agroalimentare.<\/p>\n<p>Victima se afla \u00een stare de semi-con\u0219tien\u021b\u0103 \u0219i prezenta o stare general\u0103 grav\u0103, fiind preluat\u0103 imediat de echipajele medicale \u0219i transportat\u0103 la spital pentru \u00eengrijiri de specialitate.<\/p>\n<p>La fa\u021ba locului a fost depistat \u0219i un b\u0103rbat de 62 de ani, care a fost imobilizat \u0219i condus la audieri. \u00cen urma administr\u0103rii probatoriului, poli\u021bi\u0219tii au dispus re\u021binerea acestuia pentru o perioad\u0103 de 24 de ore.<\/p>\n<p>Cercet\u0103rile sunt continuate \u00een acest caz sub coordonarea procurorilor, pentru infrac\u021biunea de viol, urm\u00e2nd a fi stabilite cu exactitate toate circumstan\u021bele \u00een care s-a produs fapta.<\/p>\n<p>Autorit\u0103\u021bile subliniaz\u0103 importan\u021ba interven\u021biei rapide \u00een astfel de situa\u021bii, care poate face diferen\u021ba \u00een salvarea victimelor \u0219i tragerea la r\u0103spundere a celor vinova\u021bi.<\/p>\n","protected":false},"excerpt":{"rendered":"<p>&nbsp; Un b\u0103rbat \u00een v\u00e2rst\u0103 de 62 de ani a fost re\u021binut pentru 24 de&#8230;<\/p>\n","protected":false},"author":1,"featured_media":8505,"comment_status":"closed","ping_status":"closed","sticky":false,"template":"","format":"standard","meta":{"footnotes":""},"categories":[1,18],"tags":[],"class_list":["post-8504","post","type-post","status-publish","format-standard","has-post-thumbnail","hentry","category-actual","category-economic"],"yoast_head":"<!-- This site is optimized with the Yoast SEO plugin v25.3.1 - https:\/\/yoast.com\/wordpress\/plugins\/seo\/ -->\n<title>B\u0103rbat de 62 de ani, re\u021binut pentru viol \u00een urma unui caz grav petrecut la Ha\u021beg -<\/title>\n<meta name=\"robots\" content=\"index, follow, max-snippet:-1, max-image-preview:large, max-video-preview:-1\" \/>\n<link rel=\"canonical\" href=\"https:\/\/cronicahd.ro\/?p=8504\" \/>\n<meta property=\"og:locale\" content=\"ro_RO\" \/>\n<meta property=\"og:type\" content=\"article\" \/>\n<meta property=\"og:title\" content=\"B\u0103rbat de 62 de ani, re\u021binut pentru viol \u00een urma unui caz grav petrecut la Ha\u021beg -\" \/>\n<meta property=\"og:description\" content=\"&nbsp; Un b\u0103rbat \u00een v\u00e2rst\u0103 de 62 de ani a fost re\u021binut pentru 24 de...\" \/>\n<meta property=\"og:url\" content=\"https:\/\/cronicahd.ro\/?p=8504\" \/>\n<meta property=\"article:published_time\" content=\"2026-05-01T04:22:01+00:00\" \/>\n<meta property=\"og:image\" content=\"https:\/\/cronicahd.ro\/wp-content\/uploads\/2026\/05\/IMG_6868.jpeg\" \/>\n\t<meta property=\"og:image:width\" content=\"1125\" \/>\n\t<meta property=\"og:image:height\" content=\"1336\" \/>\n\t<meta property=\"og:image:type\" content=\"image\/jpeg\" \/>\n<meta name=\"author\" content=\"admin\" \/>\n<meta name=\"twitter:card\" content=\"summary_large_image\" \/>\n<meta name=\"twitter:label1\" content=\"Scris de\" \/>\n\t<meta name=\"twitter:data1\" content=\"admin\" \/>\n\t<meta name=\"twitter:label2\" content=\"Timp estimat pentru citire\" \/>\n\t<meta name=\"twitter:data2\" content=\"2 minute\" \/>\n<script type=\"application\/ld+json\" class=\"yoast-schema-graph\">{\"@context\":\"https:\/\/schema.org\",\"@graph\":[{\"@type\":\"WebPage\",\"@id\":\"https:\/\/cronicahd.ro\/?p=8504\",\"url\":\"https:\/\/cronicahd.ro\/?p=8504\",\"name\":\"B\u0103rbat de 62 de ani, re\u021binut pentru viol \u00een urma unui caz grav petrecut la Ha\u021beg -\",\"isPartOf\":{\"@id\":\"https:\/\/cronicahd.ro\/#website\"},\"primaryImageOfPage\":{\"@id\":\"https:\/\/cronicahd.ro\/?p=8504#primaryimage\"},\"image\":{\"@id\":\"https:\/\/cronicahd.ro\/?p=8504#primaryimage\"},\"thumbnailUrl\":\"https:\/\/cronicahd.ro\/wp-content\/uploads\/2026\/05\/IMG_6868.jpeg\",\"datePublished\":\"2026-05-01T04:22:01+00:00\",\"author\":{\"@id\":\"https:\/\/cronicahd.ro\/#\/schema\/person\/d1a1277a8cd166610328e17aaf58bf46\"},\"breadcrumb\":{\"@id\":\"https:\/\/cronicahd.ro\/?p=8504#breadcrumb\"},\"inLanguage\":\"ro-RO\",\"potentialAction\":[{\"@type\":\"ReadAction\",\"target\":[\"https:\/\/cronicahd.ro\/?p=8504\"]}]},{\"@type\":\"ImageObject\",\"inLanguage\":\"ro-RO\",\"@id\":\"https:\/\/cronicahd.ro\/?p=8504#primaryimage\",\"url\":\"https:\/\/cronicahd.ro\/wp-content\/uploads\/2026\/05\/IMG_6868.jpeg\",\"contentUrl\":\"https:\/\/cronicahd.ro\/wp-content\/uploads\/2026\/05\/IMG_6868.jpeg\",\"width\":1125,\"height\":1336,\"caption\":\"Screenshot\"},{\"@type\":\"BreadcrumbList\",\"@id\":\"https:\/\/cronicahd.ro\/?p=8504#breadcrumb\",\"itemListElement\":[{\"@type\":\"ListItem\",\"position\":1,\"name\":\"Prima pagin\u0103\",\"item\":\"https:\/\/cronicahd.ro\/\"},{\"@type\":\"ListItem\",\"position\":2,\"name\":\"B\u0103rbat de 62 de ani, re\u021binut pentru viol \u00een urma unui caz grav petrecut la Ha\u021beg\"}]},{\"@type\":\"WebSite\",\"@id\":\"https:\/\/cronicahd.ro\/#website\",\"url\":\"https:\/\/cronicahd.ro\/\",\"name\":\"\",\"description\":\"\",\"potentialAction\":[{\"@type\":\"SearchAction\",\"target\":{\"@type\":\"EntryPoint\",\"urlTemplate\":\"https:\/\/cronicahd.ro\/?s={search_term_string}\"},\"query-input\":{\"@type\":\"PropertyValueSpecification\",\"valueRequired\":true,\"valueName\":\"search_term_string\"}}],\"inLanguage\":\"ro-RO\"},{\"@type\":\"Person\",\"@id\":\"https:\/\/cronicahd.ro\/#\/schema\/person\/d1a1277a8cd166610328e17aaf58bf46\",\"name\":\"admin\",\"image\":{\"@type\":\"ImageObject\",\"inLanguage\":\"ro-RO\",\"@id\":\"https:\/\/cronicahd.ro\/#\/schema\/person\/image\/\",\"url\":\"https:\/\/secure.gravatar.com\/avatar\/24700337280d10898c2e0d19d44a05316bff9fccc941ecc5570ffe41668203f7?s=96&d=mm&r=g\",\"contentUrl\":\"https:\/\/secure.gravatar.com\/avatar\/24700337280d10898c2e0d19d44a05316bff9fccc941ecc5570ffe41668203f7?s=96&d=mm&r=g\",\"caption\":\"admin\"},\"sameAs\":[\"https:\/\/cronicavj.ro\"],\"url\":\"https:\/\/cronicahd.ro\/?author=1\"}]}<\/script>\n<!-- \/ Yoast SEO plugin. -->","yoast_head_json":{"title":"B\u0103rbat de 62 de ani, re\u021binut pentru viol \u00een urma unui caz grav petrecut la Ha\u021beg -","robots":{"index":"index","follow":"follow","max-snippet":"max-snippet:-1","max-image-preview":"max-image-preview:large","max-video-preview":"max-video-preview:-1"},"canonical":"https:\/\/cronicahd.ro\/?p=8504","og_locale":"ro_RO","og_type":"article","og_title":"B\u0103rbat de 62 de ani, re\u021binut pentru viol \u00een urma unui caz grav petrecut la Ha\u021beg -","og_description":"&nbsp; Un b\u0103rbat \u00een v\u00e2rst\u0103 de 62 de ani a fost re\u021binut pentru 24 de...","og_url":"https:\/\/cronicahd.ro\/?p=8504","article_published_time":"2026-05-01T04:22:01+00:00","og_image":[{"width":1125,"height":1336,"url":"https:\/\/cronicahd.ro\/wp-content\/uploads\/2026\/05\/IMG_6868.jpeg","type":"image\/jpeg"}],"author":"admin","twitter_card":"summary_large_image","twitter_misc":{"Scris de":"admin","Timp estimat pentru citire":"2 minute"},"schema":{"@context":"https:\/\/schema.org","@graph":[{"@type":"WebPage","@id":"https:\/\/cronicahd.ro\/?p=8504","url":"https:\/\/cronicahd.ro\/?p=8504","name":"B\u0103rbat de 62 de ani, re\u021binut pentru viol \u00een urma unui caz grav petrecut la Ha\u021beg -","isPartOf":{"@id":"https:\/\/cronicahd.ro\/#website"},"primaryImageOfPage":{"@id":"https:\/\/cronicahd.ro\/?p=8504#primaryimage"},"image":{"@id":"https:\/\/cronicahd.ro\/?p=8504#primaryimage"},"thumbnailUrl":"https:\/\/cronicahd.ro\/wp-content\/uploads\/2026\/05\/IMG_6868.jpeg","datePublished":"2026-05-01T04:22:01+00:00","author":{"@id":"https:\/\/cronicahd.ro\/#\/schema\/person\/d1a1277a8cd166610328e17aaf58bf46"},"breadcrumb":{"@id":"https:\/\/cronicahd.ro\/?p=8504#breadcrumb"},"inLanguage":"ro-RO","potentialAction":[{"@type":"ReadAction","target":["https:\/\/cronicahd.ro\/?p=8504"]}]},{"@type":"ImageObject","inLanguage":"ro-RO","@id":"https:\/\/cronicahd.ro\/?p=8504#primaryimage","url":"https:\/\/cronicahd.ro\/wp-content\/uploads\/2026\/05\/IMG_6868.jpeg","contentUrl":"https:\/\/cronicahd.ro\/wp-content\/uploads\/2026\/05\/IMG_6868.jpeg","width":1125,"height":1336,"caption":"Screenshot"},{"@type":"BreadcrumbList","@id":"https:\/\/cronicahd.ro\/?p=8504#breadcrumb","itemListElement":[{"@type":"ListItem","position":1,"name":"Prima pagin\u0103","item":"https:\/\/cronicahd.ro\/"},{"@type":"ListItem","position":2,"name":"B\u0103rbat de 62 de ani, re\u021binut pentru viol \u00een urma unui caz grav petrecut la Ha\u021beg"}]},{"@type":"WebSite","@id":"https:\/\/cronicahd.ro\/#website","url":"https:\/\/cronicahd.ro\/","name":"","description":"","potentialAction":[{"@type":"SearchAction","target":{"@type":"EntryPoint","urlTemplate":"https:\/\/cronicahd.ro\/?s={search_term_string}"},"query-input":{"@type":"PropertyValueSpecification","valueRequired":true,"valueName":"search_term_string"}}],"inLanguage":"ro-RO"},{"@type":"Person","@id":"https:\/\/cronicahd.ro\/#\/schema\/person\/d1a1277a8cd166610328e17aaf58bf46","name":"admin","image":{"@type":"ImageObject","inLanguage":"ro-RO","@id":"https:\/\/cronicahd.ro\/#\/schema\/person\/image\/","url":"https:\/\/secure.gravatar.com\/avatar\/24700337280d10898c2e0d19d44a05316bff9fccc941ecc5570ffe41668203f7?s=96&d=mm&r=g","contentUrl":"https:\/\/secure.gravatar.com\/avatar\/24700337280d10898c2e0d19d44a05316bff9fccc941ecc5570ffe41668203f7?s=96&d=mm&r=g","caption":"admin"},"sameAs":["https:\/\/cronicavj.ro"],"url":"https:\/\/cronicahd.ro\/?author=1"}]}},"_links":{"self":[{"href":"https:\/\/cronicahd.ro\/index.php?rest_route=\/wp\/v2\/posts\/8504","targetHints":{"allow":["GET"]}}],"collection":[{"href":"https:\/\/cronicahd.ro\/index.php?rest_route=\/wp\/v2\/posts"}],"about":[{"href":"https:\/\/cronicahd.ro\/index.php?rest_route=\/wp\/v2\/types\/post"}],"author":[{"embeddable":true,"href":"https:\/\/cronicahd.ro\/index.php?rest_route=\/wp\/v2\/users\/1"}],"replies":[{"embeddable":true,"href":"https:\/\/cronicahd.ro\/index.php?rest_route=%2Fwp%2Fv2%2Fcomments&post=8504"}],"version-history":[{"count":1,"href":"https:\/\/cronicahd.ro\/index.php?rest_route=\/wp\/v2\/posts\/8504\/revisions"}],"predecessor-version":[{"id":8506,"href":"https:\/\/cronicahd.ro\/index.php?rest_route=\/wp\/v2\/posts\/8504\/revisions\/8506"}],"wp:featuredmedia":[{"embeddable":true,"href":"https:\/\/cronicahd.ro\/index.php?rest_route=\/wp\/v2\/media\/8505"}],"wp:attachment":[{"href":"https:\/\/cronicahd.ro\/index.php?rest_route=%2Fwp%2Fv2%2Fmedia&parent=8504"}],"wp:term":[{"taxonomy":"category","embeddable":true,"href":"https:\/\/cronicahd.ro\/index.php?rest_route=%2Fwp%2Fv2%2Fcategories&post=8504"},{"taxonomy":"post_tag","embeddable":true,"href":"https:\/\/cronicahd.ro\/index.php?rest_route=%2Fwp%2Fv2%2Ftags&post=8504"}],"curies":[{"name":"wp","href":"https:\/\/api.w.org\/{rel}","templated":true}]}}