{"id":8495,"date":"2026-05-01T03:15:40","date_gmt":"2026-05-01T03:15:40","guid":{"rendered":"https:\/\/cronicahd.ro\/?p=8495"},"modified":"2026-05-01T03:15:40","modified_gmt":"2026-05-01T03:15:40","slug":"schimbare-radicala-in-parcul-national-retezat-pentru-protejarea-biodiversitatii","status":"publish","type":"post","link":"https:\/\/cronicahd.ro\/?p=8495","title":{"rendered":"Schimbare radical\u0103 \u00een Parcul Na\u021bional Retezat pentru protejarea biodiversit\u0103\u021bii"},"content":{"rendered":"<p class=\"s3\"><span class=\"s2\"><span class=\"bumpedFont15\">Administra\u021bia<\/span><\/span> <span class=\"s2\"><span class=\"bumpedFont15\">Parcului<\/span><\/span> <span class=\"s2\"><span class=\"bumpedFont15\">Na\u021bional<\/span><\/span> <span class=\"s2\"><span class=\"bumpedFont15\">Retezat<\/span><\/span> demareaz\u0103 un <span class=\"s2\"><span class=\"bumpedFont15\">proiect<\/span><\/span> <span class=\"s2\"><span class=\"bumpedFont15\">esen\u021bial<\/span><\/span> <span class=\"s2\"><span class=\"bumpedFont15\">pentru<\/span><\/span> <span class=\"s2\"><span class=\"bumpedFont15\">conservarea<\/span><\/span> ecosistemului montan <span class=\"s2\"><span class=\"bumpedFont15\">. <\/span><\/span><span class=\"s2\"><span class=\"bumpedFont15\">Lucr\u0103rile<\/span><\/span><span class=\"s2\"><span class=\"bumpedFont15\"> de <\/span><\/span><span class=\"s2\"><span class=\"bumpedFont15\">infrastructur\u0103<\/span><\/span> <span class=\"s2\"><span class=\"bumpedFont15\">vizeaz\u0103<\/span><\/span> tronsonul cuprins <span class=\"s2\"><span class=\"bumpedFont15\">\u00eentre<\/span><\/span><span class=\"s2\"><span class=\"bumpedFont15\"> Canton <\/span><\/span><span class=\"s2\"><span class=\"bumpedFont15\">Apele<\/span><\/span> <span class=\"s2\"><span class=\"bumpedFont15\">Rom\u00e2ne<\/span><\/span> <span class=\"s2\"><span class=\"bumpedFont15\">\u0219i<\/span><\/span><span class=\"s2\"><span class=\"bumpedFont15\"> Cabana Rotunda.<\/span><\/span> <span class=\"s2\"><span class=\"bumpedFont15\">Obiectivul<\/span><\/span><span class=\"s2\"><span class=\"bumpedFont15\"> principal <\/span><\/span><span class=\"s2\"><span class=\"bumpedFont15\">este<\/span><\/span> eliminarea pericolelor<span class=\"s2\"><span class=\"bumpedFont15\">\u00a0la care <\/span><\/span><span class=\"s2\"><span class=\"bumpedFont15\">sunt<\/span><\/span> <span class=\"s2\"><span class=\"bumpedFont15\">expuse<\/span><\/span> <span class=\"s2\"><span class=\"bumpedFont15\">speciile<\/span><\/span><span class=\"s2\"><span class=\"bumpedFont15\"> de <\/span><\/span><span class=\"s2\"><span class=\"bumpedFont15\">p\u0103s\u0103ri<\/span><\/span><span class=\"s2\"><span class=\"bumpedFont15\"> din <\/span><\/span><span class=\"s2\"><span class=\"bumpedFont15\">aceast\u0103<\/span><\/span> <span class=\"s2\"><span class=\"bumpedFont15\">zon\u0103<\/span><\/span> <span class=\"s2\"><span class=\"bumpedFont15\">protejat\u0103<\/span><\/span><span class=\"s2\"><span class=\"bumpedFont15\">.<\/span><\/span><\/p>\n<p class=\"s3\"><span class=\"s4\"><span class=\"bumpedFont15\">Adio<\/span><\/span> <span class=\"s4\"><span class=\"bumpedFont15\">pericole<\/span><\/span> <span class=\"s4\"><span class=\"bumpedFont15\">pentru<\/span><\/span><span class=\"s4\"><span class=\"bumpedFont15\"> fauna <\/span><\/span><span class=\"s4\"><span class=\"bumpedFont15\">avicol\u0103<\/span><\/span><span class=\"s4\"><span class=\"bumpedFont15\"> din Masivul Retezat<\/span><\/span><\/p>\n<p class=\"s3\"><span class=\"s2\"><span class=\"bumpedFont15\">Actuala<\/span><\/span> <span class=\"s2\"><span class=\"bumpedFont15\">re\u021bea<\/span><\/span> <span class=\"s2\"><span class=\"bumpedFont15\">electric\u0103<\/span><\/span> <span class=\"s2\"><span class=\"bumpedFont15\">aerian\u0103<\/span><\/span> <span class=\"s2\"><span class=\"bumpedFont15\">constituie<\/span><\/span><span class=\"s2\"><span class=\"bumpedFont15\"> o <\/span><\/span><span class=\"s2\"><span class=\"bumpedFont15\">amenin\u021bare<\/span><\/span> <span class=\"s2\"><span class=\"bumpedFont15\">constant\u0103<\/span><\/span> <span class=\"s2\"><span class=\"bumpedFont15\">pentru<\/span><\/span> <span class=\"s2\"><span class=\"bumpedFont15\">biodiversitate<\/span><\/span><span class=\"s2\"><span class=\"bumpedFont15\">. <\/span><\/span><span class=\"s2\"><span class=\"bumpedFont15\">Reprezentan\u021bii<\/span><\/span> <span class=\"s2\"><span class=\"bumpedFont15\">parcului<\/span><\/span> <span class=\"s2\"><span class=\"bumpedFont15\">confirm\u0103<\/span><\/span> <span class=\"s2\"><span class=\"bumpedFont15\">numeroase<\/span><\/span> <span class=\"s2\"><span class=\"bumpedFont15\">cazuri<\/span><\/span><span class=\"s2\"><span class=\"bumpedFont15\">de <\/span><\/span><span class=\"s2\"><span class=\"bumpedFont15\">electrocutare<\/span><\/span> <span class=\"s2\"><span class=\"bumpedFont15\">\u00een<\/span><\/span> <span class=\"s2\"><span class=\"bumpedFont15\">r\u00e2ndul<\/span><\/span> <span class=\"s2\"><span class=\"bumpedFont15\">p\u0103s\u0103rilor<\/span><\/span><span class=\"s2\"><span class=\"bumpedFont15\"> care tranziteaz\u0103 sau<\/span><\/span>\u00a0<span class=\"s2\"><span class=\"bumpedFont15\">cuib\u0103resc<\/span><\/span> <span class=\"s2\"><span class=\"bumpedFont15\">\u00een<\/span><\/span> <span class=\"s2\"><span class=\"bumpedFont15\">masiv<\/span><\/span><span class=\"s2\"><span class=\"bumpedFont15\">. <\/span><\/span><span class=\"s2\"><span class=\"bumpedFont15\">Prin<\/span><\/span> <span class=\"s2\"><span class=\"bumpedFont15\">\u00eengroparea<\/span><\/span> <span class=\"s2\"><span class=\"bumpedFont15\">cablurilor<\/span><\/span><span class=\"s2\"><span class=\"bumpedFont15\">, <\/span><\/span><span class=\"s2\"><span class=\"bumpedFont15\">autorit\u0103\u021bile<\/span><\/span> <span class=\"s2\"><span class=\"bumpedFont15\">elimin\u0103<\/span><\/span> <span class=\"s2\"><span class=\"bumpedFont15\">acest<\/span><\/span> <span class=\"s2\"><span class=\"bumpedFont15\">risc<\/span><\/span><span class=\"s2\"><span class=\"bumpedFont15\"> major <\/span><\/span><span class=\"s2\"><span class=\"bumpedFont15\">\u0219i<\/span><\/span> <span class=\"s2\"><span class=\"bumpedFont15\">asigur\u0103<\/span><\/span> un mediu<span class=\"s2\"><span class=\"bumpedFont15\">\u00a0de <\/span><\/span><span class=\"s2\"><span class=\"bumpedFont15\">via\u021b\u0103<\/span><\/span> <span class=\"s2\"><span class=\"bumpedFont15\">sigur<\/span><\/span> <span class=\"s2\"><span class=\"bumpedFont15\">pentru<\/span><\/span> <span class=\"s2\"><span class=\"bumpedFont15\">speciile<\/span><\/span><span class=\"s2\"><span class=\"bumpedFont15\"> locale.<\/span><\/span><\/p>\n<p class=\"s3\"><span class=\"s2\"><span class=\"bumpedFont15\">De\u0219i<\/span><\/span> <span class=\"s2\"><span class=\"bumpedFont15\">relieful<\/span><\/span><span class=\"s2\"><span class=\"bumpedFont15\"> din <\/span><\/span><span class=\"s2\"><span class=\"bumpedFont15\">zon\u0103<\/span><\/span> <span class=\"s2\"><span class=\"bumpedFont15\">este<\/span><\/span> <span class=\"s2\"><span class=\"bumpedFont15\">unul<\/span><\/span> <span class=\"s2\"><span class=\"bumpedFont15\">dificil<\/span><\/span><span class=\"s2\"><span class=\"bumpedFont15\">, execu\u021bia lucr\u0103rilor <\/span><\/span><span class=\"s2\"><span class=\"bumpedFont15\">respect\u0103<\/span><\/span> <span class=\"s2\"><span class=\"bumpedFont15\">standarde<\/span><\/span> <span class=\"s2\"><span class=\"bumpedFont15\">stricte<\/span><\/span><span class=\"s2\"><span class=\"bumpedFont15\"> de <\/span><\/span><span class=\"s2\"><span class=\"bumpedFont15\">protec\u021bie<\/span><\/span><span class=\"s2\"><span class=\"bumpedFont15\"> a <\/span><\/span><span class=\"s2\"><span class=\"bumpedFont15\">mediului<\/span><\/span><span class=\"s2\"><span class=\"bumpedFont15\">. <\/span><\/span><span class=\"s2\"><span class=\"bumpedFont15\">Oficialii<\/span><\/span> <span class=\"s2\"><span class=\"bumpedFont15\">parcului<\/span><\/span> <span class=\"s2\"><span class=\"bumpedFont15\">dau<\/span><\/span> <span class=\"s2\"><span class=\"bumpedFont15\">asigur\u0103ri<\/span><\/span> ca interven\u021bia <span class=\"s2\"><span class=\"bumpedFont15\">nu <\/span><\/span><span class=\"s2\"><span class=\"bumpedFont15\">afecteaz\u0103<\/span><\/span> <span class=\"s2\"><span class=\"bumpedFont15\">stratul<\/span><\/span><span class=\"s2\"><span class=\"bumpedFont15\"> vegetal <\/span><\/span><span class=\"s2\"><span class=\"bumpedFont15\">sau<\/span><\/span> structura solului <span class=\"s2\"><span class=\"bumpedFont15\">.<\/span><\/span> <span class=\"s2\"><span class=\"bumpedFont15\">Constructorii<\/span><\/span> <span class=\"s2\"><span class=\"bumpedFont15\">utilizeaz\u0103<\/span><\/span> <span class=\"s2\"><span class=\"bumpedFont15\">metode<\/span><\/span><span class=\"s2\"><span class=\"bumpedFont15\"> care <\/span><\/span><span class=\"s2\"><span class=\"bumpedFont15\">reduc<\/span><\/span><span class=\"s2\"><span class=\"bumpedFont15\"> la minimum <\/span><\/span><span class=\"s2\"><span class=\"bumpedFont15\">amprenta<\/span><\/span> <span class=\"s2\"><span class=\"bumpedFont15\">asupra<\/span><\/span> <span class=\"s2\"><span class=\"bumpedFont15\">peisajului<\/span><\/span><span class=\"s2\"><span class=\"bumpedFont15\"> natural, astfel \u00eenc\u00e2t <\/span><\/span><span class=\"s2\"><span class=\"bumpedFont15\">integritatea<\/span><\/span> <span class=\"s2\"><span class=\"bumpedFont15\">parcului<\/span><\/span> <span class=\"s2\"><span class=\"bumpedFont15\">na\u021bional<\/span><\/span> <span class=\"s2\"><span class=\"bumpedFont15\">s\u0103<\/span><\/span> <span class=\"s2\"><span class=\"bumpedFont15\">r\u0103m\u00e2n\u0103<\/span><\/span> <span class=\"s2\"><span class=\"bumpedFont15\">intact\u0103<\/span><\/span><span class=\"s2\"><span class=\"bumpedFont15\">.<\/span><\/span><\/p>\n<p class=\"s3\"><span class=\"s4\"><span class=\"bumpedFont15\">Recomand\u0103ri<\/span><\/span> <span class=\"s4\"><span class=\"bumpedFont15\">pentru<\/span><\/span> <span class=\"s4\"><span class=\"bumpedFont15\">turi\u0219tii<\/span><\/span><span class=\"s4\"><span class=\"bumpedFont15\"> care <\/span><\/span><span class=\"s4\"><span class=\"bumpedFont15\">viziteaz\u0103<\/span><\/span> <span class=\"s4\"><span class=\"bumpedFont15\">zona<\/span><\/span><\/p>\n<p class=\"s3\"><span class=\"s2\"><span class=\"bumpedFont15\">Pe<\/span><\/span> <span class=\"s2\"><span class=\"bumpedFont15\">durata<\/span><\/span> <span class=\"s2\"><span class=\"bumpedFont15\">execu\u021biei<\/span><\/span> <span class=\"s2\"><span class=\"bumpedFont15\">proiectului<\/span><\/span><span class=\"s2\"><span class=\"bumpedFont15\">, <\/span><\/span><span class=\"s2\"><span class=\"bumpedFont15\">vizitatorii<\/span><\/span> <span class=\"s2\"><span class=\"bumpedFont15\">\u0219i<\/span><\/span> localnicii pot <span class=\"s2\"><span class=\"bumpedFont15\">\u00eent\u00e2mpina<\/span><\/span> <span class=\"s2\"><span class=\"bumpedFont15\">mici<\/span><\/span> <span class=\"s2\"><span class=\"bumpedFont15\">perturb\u0103ri<\/span><\/span><span class=\"s2\"><span class=\"bumpedFont15\"> ale <\/span><\/span><span class=\"s2\"><span class=\"bumpedFont15\">traficului<\/span><\/span> <span class=\"s2\"><span class=\"bumpedFont15\">pe<\/span><\/span> traseul men\u021bionat <span class=\"s2\"><span class=\"bumpedFont15\">.<\/span><\/span> <span class=\"s2\"><span class=\"bumpedFont15\">Administra\u021bia<\/span><\/span> <span class=\"s2\"><span class=\"bumpedFont15\">parcului<\/span><\/span> <span class=\"s2\"><span class=\"bumpedFont15\">solicit\u0103<\/span><\/span> <span class=\"s2\"><span class=\"bumpedFont15\">\u00een\u021belegere<\/span><\/span><span class=\"s2\"><span class=\"bumpedFont15\">din <\/span><\/span><span class=\"s2\"><span class=\"bumpedFont15\">partea<\/span><\/span> <span class=\"s2\"><span class=\"bumpedFont15\">publicului<\/span><\/span><span class=\"s2\"><span class=\"bumpedFont15\">, <\/span><\/span><span class=\"s2\"><span class=\"bumpedFont15\">deoarece<\/span><\/span> <span class=\"s2\"><span class=\"bumpedFont15\">acest<\/span><\/span> <span class=\"s2\"><span class=\"bumpedFont15\">disconfort<\/span><\/span> <span class=\"s2\"><span class=\"bumpedFont15\">este<\/span><\/span><span class=\"s2\"><span class=\"bumpedFont15\">doar<\/span><\/span> <span class=\"s2\"><span class=\"bumpedFont15\">unul<\/span><\/span> <span class=\"s2\"><span class=\"bumpedFont15\">temporar<\/span><\/span><span class=\"s2\"><span class=\"bumpedFont15\">. <\/span><\/span><span class=\"s2\"><span class=\"bumpedFont15\">\u201e<\/span><\/span><span class=\"s2\"><span class=\"bumpedFont15\">Scopul<\/span><\/span><span class=\"s2\"><span class=\"bumpedFont15\"> principal <\/span><\/span><span class=\"s2\"><span class=\"bumpedFont15\">este<\/span><\/span> protejarea p\u0103s\u0103rilor <span class=\"s2\"><span class=\"bumpedFont15\">.<\/span><\/span> <span class=\"s2\"><span class=\"bumpedFont15\">Aceste<\/span><\/span> <span class=\"s2\"><span class=\"bumpedFont15\">interven\u021bii<\/span><\/span> <span class=\"s2\"><span class=\"bumpedFont15\">contribuie<\/span><\/span><span class=\"s2\"><span class=\"bumpedFont15\"> direct la <\/span><\/span><span class=\"s2\"><span class=\"bumpedFont15\">p\u0103strarea<\/span><\/span> <span class=\"s2\"><span class=\"bumpedFont15\">Retezatului<\/span><\/span><span class=\"s2\"><span class=\"bumpedFont15\"> ca un loc <\/span><\/span><span class=\"s2\"><span class=\"bumpedFont15\">sigur<\/span><\/span><span class=\"s2\"><span class=\"bumpedFont15\">\u201d, precizeaz\u0103 sursele <\/span><\/span><span class=\"s2\"><span class=\"bumpedFont15\">oficiale<\/span><\/span><span class=\"s2\"><span class=\"bumpedFont15\"> din <\/span><\/span><span class=\"s2\"><span class=\"bumpedFont15\">cadrul<\/span><\/span> <span class=\"s2\"><span class=\"bumpedFont15\">institu\u021biei<\/span><\/span><span class=\"s2\"><span class=\"bumpedFont15\">.<\/span><\/span><\/p>\n<p class=\"s3\"><span class=\"s2\"><span class=\"bumpedFont15\">Aceast\u0103<\/span><\/span> <span class=\"s2\"><span class=\"bumpedFont15\">ini\u021biativ\u0103<\/span><\/span> <span class=\"s2\"><span class=\"bumpedFont15\">reprezint\u0103<\/span><\/span><span class=\"s2\"><span class=\"bumpedFont15\"> o <\/span><\/span><span class=\"s2\"><span class=\"bumpedFont15\">component\u0103<\/span><\/span> <span class=\"s2\"><span class=\"bumpedFont15\">dintr<\/span><\/span><span class=\"s2\"><span class=\"bumpedFont15\">-un plan <\/span><\/span><span class=\"s2\"><span class=\"bumpedFont15\">mai<\/span><\/span> <span class=\"s2\"><span class=\"bumpedFont15\">amplu<\/span><\/span><span class=\"s2\"><span class=\"bumpedFont15\"> de management al <\/span><\/span><span class=\"s2\"><span class=\"bumpedFont15\">ariilor<\/span><\/span> protejate din<span class=\"s2\"><span class=\"bumpedFont15\">\u00a0<\/span><\/span><span class=\"s2\"><span class=\"bumpedFont15\">Rom\u00e2nia<\/span><\/span><span class=\"s2\"><span class=\"bumpedFont15\">. <\/span><\/span><span class=\"s2\"><span class=\"bumpedFont15\">Proiectul<\/span><\/span> <span class=\"s2\"><span class=\"bumpedFont15\">demonstreaz\u0103<\/span><\/span> c\u0103 modernizarea\u00a0<span class=\"s2\"><span class=\"bumpedFont15\">infrastructurii<\/span><\/span> <span class=\"s2\"><span class=\"bumpedFont15\">montane<\/span><\/span> <span class=\"s2\"><span class=\"bumpedFont15\">\u0219i<\/span><\/span> protec\u021bia mediului<span class=\"s2\"><span class=\"bumpedFont15\">\u00a0pot <\/span><\/span><span class=\"s2\"><span class=\"bumpedFont15\">coexista<\/span><\/span> <span class=\"s2\"><span class=\"bumpedFont15\">\u00eentr<\/span><\/span><span class=\"s2\"><span class=\"bumpedFont15\">-un <\/span><\/span><span class=\"s2\"><span class=\"bumpedFont15\">echilibru<\/span><\/span><span class=\"s2\"><span class=\"bumpedFont15\"> perfect.<\/span><\/span><span class=\"s2\"><span class=\"bumpedFont15\">Astfel<\/span><\/span><span class=\"s2\"><span class=\"bumpedFont15\">, <\/span><\/span><span class=\"s2\"><span class=\"bumpedFont15\">Retezatul<\/span><\/span> <span class=\"s2\"><span class=\"bumpedFont15\">\u00ee\u0219i<\/span><\/span> <span class=\"s2\"><span class=\"bumpedFont15\">consolideaz\u0103<\/span><\/span> <span class=\"s2\"><span class=\"bumpedFont15\">statutul<\/span><\/span><span class=\"s2\"><span class=\"bumpedFont15\"> de reper pentru<\/span><\/span>\u00a0<span class=\"s2\"><span class=\"bumpedFont15\">conservarea<\/span><\/span> <span class=\"s2\"><span class=\"bumpedFont15\">naturii<\/span><\/span> <span class=\"s2\"><span class=\"bumpedFont15\">\u0219i<\/span><\/span> <span class=\"s2\"><span class=\"bumpedFont15\">pentru<\/span><\/span> turismul sustenabil <span class=\"s2\"><span class=\"bumpedFont15\">.<\/span><\/span><\/p>\n<p class=\"s3\"><span class=\"s2\"><span class=\"bumpedFont15\">Monika BACIU<\/span><\/span><\/p>\n<p>foto ilustrativ\u0103<\/p>\n","protected":false},"excerpt":{"rendered":"<p>Administra\u021bia Parcului Na\u021bional Retezat demareaz\u0103 un proiect esen\u021bial pentru conservarea ecosistemului montan . Lucr\u0103rile de&#8230;<\/p>\n","protected":false},"author":1,"featured_media":8496,"comment_status":"closed","ping_status":"closed","sticky":false,"template":"","format":"standard","meta":{"footnotes":""},"categories":[1,10],"tags":[],"class_list":["post-8495","post","type-post","status-publish","format-standard","has-post-thumbnail","hentry","category-actual","category-turism"],"yoast_head":"<!-- This site is optimized with the Yoast SEO plugin v25.3.1 - https:\/\/yoast.com\/wordpress\/plugins\/seo\/ -->\n<title>Schimbare radical\u0103 \u00een Parcul Na\u021bional Retezat pentru protejarea biodiversit\u0103\u021bii -<\/title>\n<meta name=\"robots\" content=\"index, follow, max-snippet:-1, max-image-preview:large, max-video-preview:-1\" \/>\n<link rel=\"canonical\" href=\"https:\/\/cronicahd.ro\/?p=8495\" \/>\n<meta property=\"og:locale\" content=\"ro_RO\" \/>\n<meta property=\"og:type\" content=\"article\" \/>\n<meta property=\"og:title\" content=\"Schimbare radical\u0103 \u00een Parcul Na\u021bional Retezat pentru protejarea biodiversit\u0103\u021bii -\" \/>\n<meta property=\"og:description\" content=\"Administra\u021bia Parcului Na\u021bional Retezat demareaz\u0103 un proiect esen\u021bial pentru conservarea ecosistemului montan . Lucr\u0103rile de...\" \/>\n<meta property=\"og:url\" content=\"https:\/\/cronicahd.ro\/?p=8495\" \/>\n<meta property=\"article:published_time\" content=\"2026-05-01T03:15:40+00:00\" \/>\n<meta property=\"og:image\" content=\"https:\/\/cronicahd.ro\/wp-content\/uploads\/2026\/05\/IMG_6865.jpeg\" \/>\n\t<meta property=\"og:image:width\" content=\"960\" \/>\n\t<meta property=\"og:image:height\" content=\"635\" \/>\n\t<meta property=\"og:image:type\" content=\"image\/jpeg\" \/>\n<meta name=\"author\" content=\"admin\" \/>\n<meta name=\"twitter:card\" content=\"summary_large_image\" \/>\n<meta name=\"twitter:label1\" content=\"Scris de\" \/>\n\t<meta name=\"twitter:data1\" content=\"admin\" \/>\n\t<meta name=\"twitter:label2\" content=\"Timp estimat pentru citire\" \/>\n\t<meta name=\"twitter:data2\" content=\"2 minute\" \/>\n<script type=\"application\/ld+json\" class=\"yoast-schema-graph\">{\"@context\":\"https:\/\/schema.org\",\"@graph\":[{\"@type\":\"WebPage\",\"@id\":\"https:\/\/cronicahd.ro\/?p=8495\",\"url\":\"https:\/\/cronicahd.ro\/?p=8495\",\"name\":\"Schimbare radical\u0103 \u00een Parcul Na\u021bional Retezat pentru protejarea biodiversit\u0103\u021bii -\",\"isPartOf\":{\"@id\":\"https:\/\/cronicahd.ro\/#website\"},\"primaryImageOfPage\":{\"@id\":\"https:\/\/cronicahd.ro\/?p=8495#primaryimage\"},\"image\":{\"@id\":\"https:\/\/cronicahd.ro\/?p=8495#primaryimage\"},\"thumbnailUrl\":\"https:\/\/cronicahd.ro\/wp-content\/uploads\/2026\/05\/IMG_6865.jpeg\",\"datePublished\":\"2026-05-01T03:15:40+00:00\",\"author\":{\"@id\":\"https:\/\/cronicahd.ro\/#\/schema\/person\/d1a1277a8cd166610328e17aaf58bf46\"},\"breadcrumb\":{\"@id\":\"https:\/\/cronicahd.ro\/?p=8495#breadcrumb\"},\"inLanguage\":\"ro-RO\",\"potentialAction\":[{\"@type\":\"ReadAction\",\"target\":[\"https:\/\/cronicahd.ro\/?p=8495\"]}]},{\"@type\":\"ImageObject\",\"inLanguage\":\"ro-RO\",\"@id\":\"https:\/\/cronicahd.ro\/?p=8495#primaryimage\",\"url\":\"https:\/\/cronicahd.ro\/wp-content\/uploads\/2026\/05\/IMG_6865.jpeg\",\"contentUrl\":\"https:\/\/cronicahd.ro\/wp-content\/uploads\/2026\/05\/IMG_6865.jpeg\",\"width\":960,\"height\":635},{\"@type\":\"BreadcrumbList\",\"@id\":\"https:\/\/cronicahd.ro\/?p=8495#breadcrumb\",\"itemListElement\":[{\"@type\":\"ListItem\",\"position\":1,\"name\":\"Prima pagin\u0103\",\"item\":\"https:\/\/cronicahd.ro\/\"},{\"@type\":\"ListItem\",\"position\":2,\"name\":\"Schimbare radical\u0103 \u00een Parcul Na\u021bional Retezat pentru protejarea biodiversit\u0103\u021bii\"}]},{\"@type\":\"WebSite\",\"@id\":\"https:\/\/cronicahd.ro\/#website\",\"url\":\"https:\/\/cronicahd.ro\/\",\"name\":\"\",\"description\":\"\",\"potentialAction\":[{\"@type\":\"SearchAction\",\"target\":{\"@type\":\"EntryPoint\",\"urlTemplate\":\"https:\/\/cronicahd.ro\/?s={search_term_string}\"},\"query-input\":{\"@type\":\"PropertyValueSpecification\",\"valueRequired\":true,\"valueName\":\"search_term_string\"}}],\"inLanguage\":\"ro-RO\"},{\"@type\":\"Person\",\"@id\":\"https:\/\/cronicahd.ro\/#\/schema\/person\/d1a1277a8cd166610328e17aaf58bf46\",\"name\":\"admin\",\"image\":{\"@type\":\"ImageObject\",\"inLanguage\":\"ro-RO\",\"@id\":\"https:\/\/cronicahd.ro\/#\/schema\/person\/image\/\",\"url\":\"https:\/\/secure.gravatar.com\/avatar\/24700337280d10898c2e0d19d44a05316bff9fccc941ecc5570ffe41668203f7?s=96&d=mm&r=g\",\"contentUrl\":\"https:\/\/secure.gravatar.com\/avatar\/24700337280d10898c2e0d19d44a05316bff9fccc941ecc5570ffe41668203f7?s=96&d=mm&r=g\",\"caption\":\"admin\"},\"sameAs\":[\"https:\/\/cronicavj.ro\"],\"url\":\"https:\/\/cronicahd.ro\/?author=1\"}]}<\/script>\n<!-- \/ Yoast SEO plugin. -->","yoast_head_json":{"title":"Schimbare radical\u0103 \u00een Parcul Na\u021bional Retezat pentru protejarea biodiversit\u0103\u021bii -","robots":{"index":"index","follow":"follow","max-snippet":"max-snippet:-1","max-image-preview":"max-image-preview:large","max-video-preview":"max-video-preview:-1"},"canonical":"https:\/\/cronicahd.ro\/?p=8495","og_locale":"ro_RO","og_type":"article","og_title":"Schimbare radical\u0103 \u00een Parcul Na\u021bional Retezat pentru protejarea biodiversit\u0103\u021bii -","og_description":"Administra\u021bia Parcului Na\u021bional Retezat demareaz\u0103 un proiect esen\u021bial pentru conservarea ecosistemului montan . Lucr\u0103rile de...","og_url":"https:\/\/cronicahd.ro\/?p=8495","article_published_time":"2026-05-01T03:15:40+00:00","og_image":[{"width":960,"height":635,"url":"https:\/\/cronicahd.ro\/wp-content\/uploads\/2026\/05\/IMG_6865.jpeg","type":"image\/jpeg"}],"author":"admin","twitter_card":"summary_large_image","twitter_misc":{"Scris de":"admin","Timp estimat pentru citire":"2 minute"},"schema":{"@context":"https:\/\/schema.org","@graph":[{"@type":"WebPage","@id":"https:\/\/cronicahd.ro\/?p=8495","url":"https:\/\/cronicahd.ro\/?p=8495","name":"Schimbare radical\u0103 \u00een Parcul Na\u021bional Retezat pentru protejarea biodiversit\u0103\u021bii -","isPartOf":{"@id":"https:\/\/cronicahd.ro\/#website"},"primaryImageOfPage":{"@id":"https:\/\/cronicahd.ro\/?p=8495#primaryimage"},"image":{"@id":"https:\/\/cronicahd.ro\/?p=8495#primaryimage"},"thumbnailUrl":"https:\/\/cronicahd.ro\/wp-content\/uploads\/2026\/05\/IMG_6865.jpeg","datePublished":"2026-05-01T03:15:40+00:00","author":{"@id":"https:\/\/cronicahd.ro\/#\/schema\/person\/d1a1277a8cd166610328e17aaf58bf46"},"breadcrumb":{"@id":"https:\/\/cronicahd.ro\/?p=8495#breadcrumb"},"inLanguage":"ro-RO","potentialAction":[{"@type":"ReadAction","target":["https:\/\/cronicahd.ro\/?p=8495"]}]},{"@type":"ImageObject","inLanguage":"ro-RO","@id":"https:\/\/cronicahd.ro\/?p=8495#primaryimage","url":"https:\/\/cronicahd.ro\/wp-content\/uploads\/2026\/05\/IMG_6865.jpeg","contentUrl":"https:\/\/cronicahd.ro\/wp-content\/uploads\/2026\/05\/IMG_6865.jpeg","width":960,"height":635},{"@type":"BreadcrumbList","@id":"https:\/\/cronicahd.ro\/?p=8495#breadcrumb","itemListElement":[{"@type":"ListItem","position":1,"name":"Prima pagin\u0103","item":"https:\/\/cronicahd.ro\/"},{"@type":"ListItem","position":2,"name":"Schimbare radical\u0103 \u00een Parcul Na\u021bional Retezat pentru protejarea biodiversit\u0103\u021bii"}]},{"@type":"WebSite","@id":"https:\/\/cronicahd.ro\/#website","url":"https:\/\/cronicahd.ro\/","name":"","description":"","potentialAction":[{"@type":"SearchAction","target":{"@type":"EntryPoint","urlTemplate":"https:\/\/cronicahd.ro\/?s={search_term_string}"},"query-input":{"@type":"PropertyValueSpecification","valueRequired":true,"valueName":"search_term_string"}}],"inLanguage":"ro-RO"},{"@type":"Person","@id":"https:\/\/cronicahd.ro\/#\/schema\/person\/d1a1277a8cd166610328e17aaf58bf46","name":"admin","image":{"@type":"ImageObject","inLanguage":"ro-RO","@id":"https:\/\/cronicahd.ro\/#\/schema\/person\/image\/","url":"https:\/\/secure.gravatar.com\/avatar\/24700337280d10898c2e0d19d44a05316bff9fccc941ecc5570ffe41668203f7?s=96&d=mm&r=g","contentUrl":"https:\/\/secure.gravatar.com\/avatar\/24700337280d10898c2e0d19d44a05316bff9fccc941ecc5570ffe41668203f7?s=96&d=mm&r=g","caption":"admin"},"sameAs":["https:\/\/cronicavj.ro"],"url":"https:\/\/cronicahd.ro\/?author=1"}]}},"_links":{"self":[{"href":"https:\/\/cronicahd.ro\/index.php?rest_route=\/wp\/v2\/posts\/8495","targetHints":{"allow":["GET"]}}],"collection":[{"href":"https:\/\/cronicahd.ro\/index.php?rest_route=\/wp\/v2\/posts"}],"about":[{"href":"https:\/\/cronicahd.ro\/index.php?rest_route=\/wp\/v2\/types\/post"}],"author":[{"embeddable":true,"href":"https:\/\/cronicahd.ro\/index.php?rest_route=\/wp\/v2\/users\/1"}],"replies":[{"embeddable":true,"href":"https:\/\/cronicahd.ro\/index.php?rest_route=%2Fwp%2Fv2%2Fcomments&post=8495"}],"version-history":[{"count":1,"href":"https:\/\/cronicahd.ro\/index.php?rest_route=\/wp\/v2\/posts\/8495\/revisions"}],"predecessor-version":[{"id":8497,"href":"https:\/\/cronicahd.ro\/index.php?rest_route=\/wp\/v2\/posts\/8495\/revisions\/8497"}],"wp:featuredmedia":[{"embeddable":true,"href":"https:\/\/cronicahd.ro\/index.php?rest_route=\/wp\/v2\/media\/8496"}],"wp:attachment":[{"href":"https:\/\/cronicahd.ro\/index.php?rest_route=%2Fwp%2Fv2%2Fmedia&parent=8495"}],"wp:term":[{"taxonomy":"category","embeddable":true,"href":"https:\/\/cronicahd.ro\/index.php?rest_route=%2Fwp%2Fv2%2Fcategories&post=8495"},{"taxonomy":"post_tag","embeddable":true,"href":"https:\/\/cronicahd.ro\/index.php?rest_route=%2Fwp%2Fv2%2Ftags&post=8495"}],"curies":[{"name":"wp","href":"https:\/\/api.w.org\/{rel}","templated":true}]}}