{"id":8488,"date":"2026-04-30T15:33:18","date_gmt":"2026-04-30T15:33:18","guid":{"rendered":"https:\/\/cronicahd.ro\/?p=8488"},"modified":"2026-04-30T15:33:18","modified_gmt":"2026-04-30T15:33:18","slug":"femeie-de-27-de-ani-gasita-in-stare-grava-la-hateg-politia-ia-in-calcul-o-posibila-infractiune-grava","status":"publish","type":"post","link":"https:\/\/cronicahd.ro\/?p=8488","title":{"rendered":"Femeie de 27 de ani, g\u0103sit\u0103 \u00een stare grav\u0103 la Ha\u021beg. Poli\u021bia ia \u00een calcul o posibil\u0103 infrac\u021biune grav\u0103"},"content":{"rendered":"<p>&nbsp;<\/p>\n<p>O interven\u021bie rapid\u0103 a poli\u021bi\u0219tilor din ora\u0219ul Ha\u021beg a dus la g\u0103sirea unei femei de 27 de ani \u00een stare de semi-con\u0219tien\u021b\u0103, \u00eentr-un spa\u021biu de alimenta\u021bie public\u0103 din zona Pie\u021bei Agroalimentare. Cazul a intrat \u00een aten\u021bia anchetatorilor, care desf\u0103\u0219oar\u0103 cercet\u0103ri pentru a stabili cu exactitate ce s-a \u00eent\u00e2mplat.<\/p>\n<p>Incidentul a avut loc \u00een cursul zilei de 30 aprilie 2026, \u00een jurul orei 15:10, c\u00e2nd o femeie de 52 de ani din comuna R\u00e2u de Mori a alertat poli\u021bi\u0219tii din Ha\u021beg, semnal\u00e2nd dispari\u021bia unei tinere cu care venise la cump\u0103r\u0103turi. Potrivit primelor informa\u021bii, cele dou\u0103 s-au aflat \u00een jurul orei 12:00 \u00een zona central\u0103 a ora\u0219ului, moment \u00een care t\u00e2n\u0103ra s-ar fi separat de \u00eenso\u021bitoarea sa \u0219i nu a mai putut fi contactat\u0103.<\/p>\n<p>Poli\u021bi\u0219tii au demarat imediat c\u0103ut\u0103rile, iar femeia a fost g\u0103sit\u0103 dup\u0103 c\u00e2teva ore, c\u0103zut\u0103 \u00eentr-un local din apropierea pie\u021bei. Aceasta prezenta leziuni minore la nivelul toracelui \u0219i se afla \u00eentr-o stare de semi-con\u0219tien\u021b\u0103.<\/p>\n<p>La fa\u021ba locului a fost identificat \u0219i un b\u0103rbat de 62 de ani, din comuna S\u0103la\u0219u de Sus, aflat \u00een stare de ebrietate \u0219i manifest\u00e2nd un comportament agresiv. Acesta a fost imobilizat de poli\u021bi\u0219ti \u0219i dus la sediul Poli\u021biei Ora\u0219ului Ha\u021beg pentru audieri.<\/p>\n<p>Victima a fost preluat\u0103 de un echipaj medical \u0219i transportat\u0103 la Unitatea de Primiri Urgen\u021be Ha\u021beg, unde a primit \u00eengrijiri de specialitate. Surse medicale indic\u0103 faptul c\u0103 exist\u0103 suspiciunea unei infrac\u021biuni de natur\u0103 sexual\u0103, \u00eens\u0103 acest aspect urmeaz\u0103 s\u0103 fie confirmat \u00een urma investiga\u021biilor.<\/p>\n<p>Cercet\u0103rile continu\u0103 sub coordonarea procurorului competent, fiind deschis un dosar penal pentru stabilirea tuturor circumstan\u021belor \u00een care s-a produs incidentul \u0219i pentru dispunerea m\u0103surilor legale care se impun.<\/p>\n<p>Poli\u021bi\u0219tii fac apel la orice persoan\u0103 care de\u021bine informa\u021bii relevante s\u0103 se adreseze celei mai apropiate unit\u0103\u021bi de poli\u021bie sau s\u0103 apeleze num\u0103rul unic de urgen\u021b\u0103 112.<\/p>\n<p>foto ilustrativ\u0103<\/p>\n","protected":false},"excerpt":{"rendered":"<p>&nbsp; O interven\u021bie rapid\u0103 a poli\u021bi\u0219tilor din ora\u0219ul Ha\u021beg a dus la g\u0103sirea unei femei&#8230;<\/p>\n","protected":false},"author":1,"featured_media":1850,"comment_status":"closed","ping_status":"closed","sticky":false,"template":"","format":"standard","meta":{"footnotes":""},"categories":[1,15],"tags":[],"class_list":["post-8488","post","type-post","status-publish","format-standard","has-post-thumbnail","hentry","category-actual","category-eveniment"],"yoast_head":"<!-- This site is optimized with the Yoast SEO plugin v25.3.1 - https:\/\/yoast.com\/wordpress\/plugins\/seo\/ -->\n<title>Femeie de 27 de ani, g\u0103sit\u0103 \u00een stare grav\u0103 la Ha\u021beg. Poli\u021bia ia \u00een calcul o posibil\u0103 infrac\u021biune grav\u0103 -<\/title>\n<meta name=\"robots\" content=\"index, follow, max-snippet:-1, max-image-preview:large, max-video-preview:-1\" \/>\n<link rel=\"canonical\" href=\"https:\/\/cronicahd.ro\/?p=8488\" \/>\n<meta property=\"og:locale\" content=\"ro_RO\" \/>\n<meta property=\"og:type\" content=\"article\" \/>\n<meta property=\"og:title\" content=\"Femeie de 27 de ani, g\u0103sit\u0103 \u00een stare grav\u0103 la Ha\u021beg. Poli\u021bia ia \u00een calcul o posibil\u0103 infrac\u021biune grav\u0103 -\" \/>\n<meta property=\"og:description\" content=\"&nbsp; O interven\u021bie rapid\u0103 a poli\u021bi\u0219tilor din ora\u0219ul Ha\u021beg a dus la g\u0103sirea unei femei...\" \/>\n<meta property=\"og:url\" content=\"https:\/\/cronicahd.ro\/?p=8488\" \/>\n<meta property=\"article:published_time\" content=\"2026-04-30T15:33:18+00:00\" \/>\n<meta property=\"og:image\" content=\"https:\/\/cronicahd.ro\/wp-content\/uploads\/2025\/09\/poli.jpg\" \/>\n\t<meta property=\"og:image:width\" content=\"310\" \/>\n\t<meta property=\"og:image:height\" content=\"163\" \/>\n\t<meta property=\"og:image:type\" content=\"image\/jpeg\" \/>\n<meta name=\"author\" content=\"admin\" \/>\n<meta name=\"twitter:card\" content=\"summary_large_image\" \/>\n<meta name=\"twitter:label1\" content=\"Scris de\" \/>\n\t<meta name=\"twitter:data1\" content=\"admin\" \/>\n\t<meta name=\"twitter:label2\" content=\"Timp estimat pentru citire\" \/>\n\t<meta name=\"twitter:data2\" content=\"2 minute\" \/>\n<script type=\"application\/ld+json\" class=\"yoast-schema-graph\">{\"@context\":\"https:\/\/schema.org\",\"@graph\":[{\"@type\":\"WebPage\",\"@id\":\"https:\/\/cronicahd.ro\/?p=8488\",\"url\":\"https:\/\/cronicahd.ro\/?p=8488\",\"name\":\"Femeie de 27 de ani, g\u0103sit\u0103 \u00een stare grav\u0103 la Ha\u021beg. Poli\u021bia ia \u00een calcul o posibil\u0103 infrac\u021biune grav\u0103 -\",\"isPartOf\":{\"@id\":\"https:\/\/cronicahd.ro\/#website\"},\"primaryImageOfPage\":{\"@id\":\"https:\/\/cronicahd.ro\/?p=8488#primaryimage\"},\"image\":{\"@id\":\"https:\/\/cronicahd.ro\/?p=8488#primaryimage\"},\"thumbnailUrl\":\"https:\/\/cronicahd.ro\/wp-content\/uploads\/2025\/09\/poli.jpg\",\"datePublished\":\"2026-04-30T15:33:18+00:00\",\"author\":{\"@id\":\"https:\/\/cronicahd.ro\/#\/schema\/person\/d1a1277a8cd166610328e17aaf58bf46\"},\"breadcrumb\":{\"@id\":\"https:\/\/cronicahd.ro\/?p=8488#breadcrumb\"},\"inLanguage\":\"ro-RO\",\"potentialAction\":[{\"@type\":\"ReadAction\",\"target\":[\"https:\/\/cronicahd.ro\/?p=8488\"]}]},{\"@type\":\"ImageObject\",\"inLanguage\":\"ro-RO\",\"@id\":\"https:\/\/cronicahd.ro\/?p=8488#primaryimage\",\"url\":\"https:\/\/cronicahd.ro\/wp-content\/uploads\/2025\/09\/poli.jpg\",\"contentUrl\":\"https:\/\/cronicahd.ro\/wp-content\/uploads\/2025\/09\/poli.jpg\",\"width\":310,\"height\":163},{\"@type\":\"BreadcrumbList\",\"@id\":\"https:\/\/cronicahd.ro\/?p=8488#breadcrumb\",\"itemListElement\":[{\"@type\":\"ListItem\",\"position\":1,\"name\":\"Prima pagin\u0103\",\"item\":\"https:\/\/cronicahd.ro\/\"},{\"@type\":\"ListItem\",\"position\":2,\"name\":\"Femeie de 27 de ani, g\u0103sit\u0103 \u00een stare grav\u0103 la Ha\u021beg. Poli\u021bia ia \u00een calcul o posibil\u0103 infrac\u021biune grav\u0103\"}]},{\"@type\":\"WebSite\",\"@id\":\"https:\/\/cronicahd.ro\/#website\",\"url\":\"https:\/\/cronicahd.ro\/\",\"name\":\"\",\"description\":\"\",\"potentialAction\":[{\"@type\":\"SearchAction\",\"target\":{\"@type\":\"EntryPoint\",\"urlTemplate\":\"https:\/\/cronicahd.ro\/?s={search_term_string}\"},\"query-input\":{\"@type\":\"PropertyValueSpecification\",\"valueRequired\":true,\"valueName\":\"search_term_string\"}}],\"inLanguage\":\"ro-RO\"},{\"@type\":\"Person\",\"@id\":\"https:\/\/cronicahd.ro\/#\/schema\/person\/d1a1277a8cd166610328e17aaf58bf46\",\"name\":\"admin\",\"image\":{\"@type\":\"ImageObject\",\"inLanguage\":\"ro-RO\",\"@id\":\"https:\/\/cronicahd.ro\/#\/schema\/person\/image\/\",\"url\":\"https:\/\/secure.gravatar.com\/avatar\/24700337280d10898c2e0d19d44a05316bff9fccc941ecc5570ffe41668203f7?s=96&d=mm&r=g\",\"contentUrl\":\"https:\/\/secure.gravatar.com\/avatar\/24700337280d10898c2e0d19d44a05316bff9fccc941ecc5570ffe41668203f7?s=96&d=mm&r=g\",\"caption\":\"admin\"},\"sameAs\":[\"https:\/\/cronicavj.ro\"],\"url\":\"https:\/\/cronicahd.ro\/?author=1\"}]}<\/script>\n<!-- \/ Yoast SEO plugin. -->","yoast_head_json":{"title":"Femeie de 27 de ani, g\u0103sit\u0103 \u00een stare grav\u0103 la Ha\u021beg. Poli\u021bia ia \u00een calcul o posibil\u0103 infrac\u021biune grav\u0103 -","robots":{"index":"index","follow":"follow","max-snippet":"max-snippet:-1","max-image-preview":"max-image-preview:large","max-video-preview":"max-video-preview:-1"},"canonical":"https:\/\/cronicahd.ro\/?p=8488","og_locale":"ro_RO","og_type":"article","og_title":"Femeie de 27 de ani, g\u0103sit\u0103 \u00een stare grav\u0103 la Ha\u021beg. Poli\u021bia ia \u00een calcul o posibil\u0103 infrac\u021biune grav\u0103 -","og_description":"&nbsp; O interven\u021bie rapid\u0103 a poli\u021bi\u0219tilor din ora\u0219ul Ha\u021beg a dus la g\u0103sirea unei femei...","og_url":"https:\/\/cronicahd.ro\/?p=8488","article_published_time":"2026-04-30T15:33:18+00:00","og_image":[{"width":310,"height":163,"url":"https:\/\/cronicahd.ro\/wp-content\/uploads\/2025\/09\/poli.jpg","type":"image\/jpeg"}],"author":"admin","twitter_card":"summary_large_image","twitter_misc":{"Scris de":"admin","Timp estimat pentru citire":"2 minute"},"schema":{"@context":"https:\/\/schema.org","@graph":[{"@type":"WebPage","@id":"https:\/\/cronicahd.ro\/?p=8488","url":"https:\/\/cronicahd.ro\/?p=8488","name":"Femeie de 27 de ani, g\u0103sit\u0103 \u00een stare grav\u0103 la Ha\u021beg. Poli\u021bia ia \u00een calcul o posibil\u0103 infrac\u021biune grav\u0103 -","isPartOf":{"@id":"https:\/\/cronicahd.ro\/#website"},"primaryImageOfPage":{"@id":"https:\/\/cronicahd.ro\/?p=8488#primaryimage"},"image":{"@id":"https:\/\/cronicahd.ro\/?p=8488#primaryimage"},"thumbnailUrl":"https:\/\/cronicahd.ro\/wp-content\/uploads\/2025\/09\/poli.jpg","datePublished":"2026-04-30T15:33:18+00:00","author":{"@id":"https:\/\/cronicahd.ro\/#\/schema\/person\/d1a1277a8cd166610328e17aaf58bf46"},"breadcrumb":{"@id":"https:\/\/cronicahd.ro\/?p=8488#breadcrumb"},"inLanguage":"ro-RO","potentialAction":[{"@type":"ReadAction","target":["https:\/\/cronicahd.ro\/?p=8488"]}]},{"@type":"ImageObject","inLanguage":"ro-RO","@id":"https:\/\/cronicahd.ro\/?p=8488#primaryimage","url":"https:\/\/cronicahd.ro\/wp-content\/uploads\/2025\/09\/poli.jpg","contentUrl":"https:\/\/cronicahd.ro\/wp-content\/uploads\/2025\/09\/poli.jpg","width":310,"height":163},{"@type":"BreadcrumbList","@id":"https:\/\/cronicahd.ro\/?p=8488#breadcrumb","itemListElement":[{"@type":"ListItem","position":1,"name":"Prima pagin\u0103","item":"https:\/\/cronicahd.ro\/"},{"@type":"ListItem","position":2,"name":"Femeie de 27 de ani, g\u0103sit\u0103 \u00een stare grav\u0103 la Ha\u021beg. Poli\u021bia ia \u00een calcul o posibil\u0103 infrac\u021biune grav\u0103"}]},{"@type":"WebSite","@id":"https:\/\/cronicahd.ro\/#website","url":"https:\/\/cronicahd.ro\/","name":"","description":"","potentialAction":[{"@type":"SearchAction","target":{"@type":"EntryPoint","urlTemplate":"https:\/\/cronicahd.ro\/?s={search_term_string}"},"query-input":{"@type":"PropertyValueSpecification","valueRequired":true,"valueName":"search_term_string"}}],"inLanguage":"ro-RO"},{"@type":"Person","@id":"https:\/\/cronicahd.ro\/#\/schema\/person\/d1a1277a8cd166610328e17aaf58bf46","name":"admin","image":{"@type":"ImageObject","inLanguage":"ro-RO","@id":"https:\/\/cronicahd.ro\/#\/schema\/person\/image\/","url":"https:\/\/secure.gravatar.com\/avatar\/24700337280d10898c2e0d19d44a05316bff9fccc941ecc5570ffe41668203f7?s=96&d=mm&r=g","contentUrl":"https:\/\/secure.gravatar.com\/avatar\/24700337280d10898c2e0d19d44a05316bff9fccc941ecc5570ffe41668203f7?s=96&d=mm&r=g","caption":"admin"},"sameAs":["https:\/\/cronicavj.ro"],"url":"https:\/\/cronicahd.ro\/?author=1"}]}},"_links":{"self":[{"href":"https:\/\/cronicahd.ro\/index.php?rest_route=\/wp\/v2\/posts\/8488","targetHints":{"allow":["GET"]}}],"collection":[{"href":"https:\/\/cronicahd.ro\/index.php?rest_route=\/wp\/v2\/posts"}],"about":[{"href":"https:\/\/cronicahd.ro\/index.php?rest_route=\/wp\/v2\/types\/post"}],"author":[{"embeddable":true,"href":"https:\/\/cronicahd.ro\/index.php?rest_route=\/wp\/v2\/users\/1"}],"replies":[{"embeddable":true,"href":"https:\/\/cronicahd.ro\/index.php?rest_route=%2Fwp%2Fv2%2Fcomments&post=8488"}],"version-history":[{"count":1,"href":"https:\/\/cronicahd.ro\/index.php?rest_route=\/wp\/v2\/posts\/8488\/revisions"}],"predecessor-version":[{"id":8489,"href":"https:\/\/cronicahd.ro\/index.php?rest_route=\/wp\/v2\/posts\/8488\/revisions\/8489"}],"wp:featuredmedia":[{"embeddable":true,"href":"https:\/\/cronicahd.ro\/index.php?rest_route=\/wp\/v2\/media\/1850"}],"wp:attachment":[{"href":"https:\/\/cronicahd.ro\/index.php?rest_route=%2Fwp%2Fv2%2Fmedia&parent=8488"}],"wp:term":[{"taxonomy":"category","embeddable":true,"href":"https:\/\/cronicahd.ro\/index.php?rest_route=%2Fwp%2Fv2%2Fcategories&post=8488"},{"taxonomy":"post_tag","embeddable":true,"href":"https:\/\/cronicahd.ro\/index.php?rest_route=%2Fwp%2Fv2%2Ftags&post=8488"}],"curies":[{"name":"wp","href":"https:\/\/api.w.org\/{rel}","templated":true}]}}