{"id":8482,"date":"2026-04-30T15:29:11","date_gmt":"2026-04-30T15:29:11","guid":{"rendered":"https:\/\/cronicahd.ro\/?p=8482"},"modified":"2026-04-30T15:29:11","modified_gmt":"2026-04-30T15:29:11","slug":"universitatea-din-petrosani-si-a-incheiat-participarea-la-targul-educational-de-la-deva","status":"publish","type":"post","link":"https:\/\/cronicahd.ro\/?p=8482","title":{"rendered":"Universitatea din Petro\u0219ani \u0219i-a \u00eencheiat participarea la T\u00e2rgul Educa\u021bional de la Deva"},"content":{"rendered":"<p>&nbsp;<\/p>\n<p>Universitatea din Petro\u0219ani a participat, \u00een perioada recent\u0103, la cea de-a XVI-a edi\u021bie a T\u00e2rgului de Oferte Educa\u021bionale \u0219i Orientare \u00een Carier\u0103, desf\u0103\u0219urat la Centrul Cultural \u201eDr\u0103gan Muntean\u201d, marc\u00e2nd finalul evenimentului printr-o zi plin\u0103 de interac\u021biuni cu elevii de liceu.<\/p>\n<p><img loading=\"lazy\" decoding=\"async\" class=\"alignnone size-full wp-image-8485\" src=\"https:\/\/cronicahd.ro\/wp-content\/uploads\/2026\/04\/IMG_6862.jpeg\" alt=\"\" width=\"1200\" height=\"960\" srcset=\"https:\/\/cronicahd.ro\/wp-content\/uploads\/2026\/04\/IMG_6862.jpeg 1200w, https:\/\/cronicahd.ro\/wp-content\/uploads\/2026\/04\/IMG_6862-300x240.jpeg 300w, https:\/\/cronicahd.ro\/wp-content\/uploads\/2026\/04\/IMG_6862-1024x819.jpeg 1024w, https:\/\/cronicahd.ro\/wp-content\/uploads\/2026\/04\/IMG_6862-768x614.jpeg 768w\" sizes=\"auto, (max-width: 1200px) 100vw, 1200px\" \/><\/p>\n<p>\u00cen ultima zi a t\u00e2rgului, reprezentan\u021bii universit\u0103\u021bii, al\u0103turi de o echip\u0103 de studen\u021bi voluntari, au stat de vorb\u0103 cu numero\u0219i elevi din clasele a XI-a \u0219i a XII-a, interesa\u021bi de oportunit\u0103\u021bile de studiu \u0219i dezvoltare profesional\u0103 oferite \u00een cadrul institu\u021biei de \u00eenv\u0103\u021b\u0103m\u00e2nt superior.<\/p>\n<p><img loading=\"lazy\" decoding=\"async\" class=\"alignnone size-full wp-image-8484\" src=\"https:\/\/cronicahd.ro\/wp-content\/uploads\/2026\/04\/IMG_6863.jpeg\" alt=\"\" width=\"1200\" height=\"960\" srcset=\"https:\/\/cronicahd.ro\/wp-content\/uploads\/2026\/04\/IMG_6863.jpeg 1200w, https:\/\/cronicahd.ro\/wp-content\/uploads\/2026\/04\/IMG_6863-300x240.jpeg 300w, https:\/\/cronicahd.ro\/wp-content\/uploads\/2026\/04\/IMG_6863-1024x819.jpeg 1024w, https:\/\/cronicahd.ro\/wp-content\/uploads\/2026\/04\/IMG_6863-768x614.jpeg 768w\" sizes=\"auto, (max-width: 1200px) 100vw, 1200px\" \/><\/p>\n<p>Pe parcursul discu\u021biilor, viitorii absolven\u021bi de liceu au primit informa\u021bii despre programele de studii disponibile, via\u021ba de student \u00een campusul universitar din Petro\u0219ani, precum \u0219i despre perspectivele de carier\u0103 pe care le pot accesa dup\u0103 finalizarea studiilor. Atmosfera a fost una dinamic\u0103, caracterizat\u0103 de deschidere \u0219i interes din partea tinerilor participan\u021bi.<\/p>\n<p><img loading=\"lazy\" decoding=\"async\" class=\"alignnone size-full wp-image-8483\" src=\"https:\/\/cronicahd.ro\/wp-content\/uploads\/2026\/04\/IMG_6864.jpeg\" alt=\"\" width=\"1200\" height=\"960\" srcset=\"https:\/\/cronicahd.ro\/wp-content\/uploads\/2026\/04\/IMG_6864.jpeg 1200w, https:\/\/cronicahd.ro\/wp-content\/uploads\/2026\/04\/IMG_6864-300x240.jpeg 300w, https:\/\/cronicahd.ro\/wp-content\/uploads\/2026\/04\/IMG_6864-1024x819.jpeg 1024w, https:\/\/cronicahd.ro\/wp-content\/uploads\/2026\/04\/IMG_6864-768x614.jpeg 768w\" sizes=\"auto, (max-width: 1200px) 100vw, 1200px\" \/><\/p>\n<p>Reprezentan\u021bii universit\u0103\u021bii au transmis mul\u021bumiri tuturor celor care au vizitat standul institu\u021biei, subliniind c\u0103 interesul \u0219i entuziasmul elevilor reprezint\u0103 o motiva\u021bie important\u0103 pentru continuarea eforturilor de promovare a ofertei educa\u021bionale.<\/p>\n<p>Pentru elevii care nu au reu\u0219it s\u0103 participe la eveniment, informa\u021bii complete despre admitere \u0219i programele de studii sunt disponibile pe site-ul oficial al universit\u0103\u021bii, www.upet.ro.<\/p>\n<p>Participarea la astfel de evenimente face parte din strategia Universitatea din Petro\u0219ani de a r\u0103m\u00e2ne conectat\u0103 cu viitorii studen\u021bi \u0219i de a sprijini orientarea acestora c\u0103tre o carier\u0103 adaptat\u0103 cerin\u021belor actuale ale pie\u021bei muncii.<\/p>\n","protected":false},"excerpt":{"rendered":"<p>&nbsp; Universitatea din Petro\u0219ani a participat, \u00een perioada recent\u0103, la cea de-a XVI-a edi\u021bie a&#8230;<\/p>\n","protected":false},"author":1,"featured_media":8486,"comment_status":"closed","ping_status":"closed","sticky":false,"template":"","format":"standard","meta":{"footnotes":""},"categories":[1,12],"tags":[],"class_list":["post-8482","post","type-post","status-publish","format-standard","has-post-thumbnail","hentry","category-actual","category-invatamant"],"yoast_head":"<!-- This site is optimized with the Yoast SEO plugin v25.3.1 - https:\/\/yoast.com\/wordpress\/plugins\/seo\/ -->\n<title>Universitatea din Petro\u0219ani \u0219i-a \u00eencheiat participarea la T\u00e2rgul Educa\u021bional de la Deva -<\/title>\n<meta name=\"robots\" content=\"index, follow, max-snippet:-1, max-image-preview:large, max-video-preview:-1\" \/>\n<link rel=\"canonical\" href=\"https:\/\/cronicahd.ro\/?p=8482\" \/>\n<meta property=\"og:locale\" content=\"ro_RO\" \/>\n<meta property=\"og:type\" content=\"article\" \/>\n<meta property=\"og:title\" content=\"Universitatea din Petro\u0219ani \u0219i-a \u00eencheiat participarea la T\u00e2rgul Educa\u021bional de la Deva -\" \/>\n<meta property=\"og:description\" content=\"&nbsp; Universitatea din Petro\u0219ani a participat, \u00een perioada recent\u0103, la cea de-a XVI-a edi\u021bie a...\" \/>\n<meta property=\"og:url\" content=\"https:\/\/cronicahd.ro\/?p=8482\" \/>\n<meta property=\"article:published_time\" content=\"2026-04-30T15:29:11+00:00\" \/>\n<meta property=\"og:image\" content=\"https:\/\/cronicahd.ro\/wp-content\/uploads\/2026\/04\/IMG_6861.jpeg\" \/>\n\t<meta property=\"og:image:width\" content=\"1600\" \/>\n\t<meta property=\"og:image:height\" content=\"1280\" \/>\n\t<meta property=\"og:image:type\" content=\"image\/jpeg\" \/>\n<meta name=\"author\" content=\"admin\" \/>\n<meta name=\"twitter:card\" content=\"summary_large_image\" \/>\n<meta name=\"twitter:label1\" content=\"Scris de\" \/>\n\t<meta name=\"twitter:data1\" content=\"admin\" \/>\n\t<meta name=\"twitter:label2\" content=\"Timp estimat pentru citire\" \/>\n\t<meta name=\"twitter:data2\" content=\"2 minute\" \/>\n<script type=\"application\/ld+json\" class=\"yoast-schema-graph\">{\"@context\":\"https:\/\/schema.org\",\"@graph\":[{\"@type\":\"WebPage\",\"@id\":\"https:\/\/cronicahd.ro\/?p=8482\",\"url\":\"https:\/\/cronicahd.ro\/?p=8482\",\"name\":\"Universitatea din Petro\u0219ani \u0219i-a \u00eencheiat participarea la T\u00e2rgul Educa\u021bional de la Deva -\",\"isPartOf\":{\"@id\":\"https:\/\/cronicahd.ro\/#website\"},\"primaryImageOfPage\":{\"@id\":\"https:\/\/cronicahd.ro\/?p=8482#primaryimage\"},\"image\":{\"@id\":\"https:\/\/cronicahd.ro\/?p=8482#primaryimage\"},\"thumbnailUrl\":\"https:\/\/cronicahd.ro\/wp-content\/uploads\/2026\/04\/IMG_6861.jpeg\",\"datePublished\":\"2026-04-30T15:29:11+00:00\",\"author\":{\"@id\":\"https:\/\/cronicahd.ro\/#\/schema\/person\/d1a1277a8cd166610328e17aaf58bf46\"},\"breadcrumb\":{\"@id\":\"https:\/\/cronicahd.ro\/?p=8482#breadcrumb\"},\"inLanguage\":\"ro-RO\",\"potentialAction\":[{\"@type\":\"ReadAction\",\"target\":[\"https:\/\/cronicahd.ro\/?p=8482\"]}]},{\"@type\":\"ImageObject\",\"inLanguage\":\"ro-RO\",\"@id\":\"https:\/\/cronicahd.ro\/?p=8482#primaryimage\",\"url\":\"https:\/\/cronicahd.ro\/wp-content\/uploads\/2026\/04\/IMG_6861.jpeg\",\"contentUrl\":\"https:\/\/cronicahd.ro\/wp-content\/uploads\/2026\/04\/IMG_6861.jpeg\",\"width\":1600,\"height\":1280},{\"@type\":\"BreadcrumbList\",\"@id\":\"https:\/\/cronicahd.ro\/?p=8482#breadcrumb\",\"itemListElement\":[{\"@type\":\"ListItem\",\"position\":1,\"name\":\"Prima pagin\u0103\",\"item\":\"https:\/\/cronicahd.ro\/\"},{\"@type\":\"ListItem\",\"position\":2,\"name\":\"Universitatea din Petro\u0219ani \u0219i-a \u00eencheiat participarea la T\u00e2rgul Educa\u021bional de la Deva\"}]},{\"@type\":\"WebSite\",\"@id\":\"https:\/\/cronicahd.ro\/#website\",\"url\":\"https:\/\/cronicahd.ro\/\",\"name\":\"\",\"description\":\"\",\"potentialAction\":[{\"@type\":\"SearchAction\",\"target\":{\"@type\":\"EntryPoint\",\"urlTemplate\":\"https:\/\/cronicahd.ro\/?s={search_term_string}\"},\"query-input\":{\"@type\":\"PropertyValueSpecification\",\"valueRequired\":true,\"valueName\":\"search_term_string\"}}],\"inLanguage\":\"ro-RO\"},{\"@type\":\"Person\",\"@id\":\"https:\/\/cronicahd.ro\/#\/schema\/person\/d1a1277a8cd166610328e17aaf58bf46\",\"name\":\"admin\",\"image\":{\"@type\":\"ImageObject\",\"inLanguage\":\"ro-RO\",\"@id\":\"https:\/\/cronicahd.ro\/#\/schema\/person\/image\/\",\"url\":\"https:\/\/secure.gravatar.com\/avatar\/24700337280d10898c2e0d19d44a05316bff9fccc941ecc5570ffe41668203f7?s=96&d=mm&r=g\",\"contentUrl\":\"https:\/\/secure.gravatar.com\/avatar\/24700337280d10898c2e0d19d44a05316bff9fccc941ecc5570ffe41668203f7?s=96&d=mm&r=g\",\"caption\":\"admin\"},\"sameAs\":[\"https:\/\/cronicavj.ro\"],\"url\":\"https:\/\/cronicahd.ro\/?author=1\"}]}<\/script>\n<!-- \/ Yoast SEO plugin. -->","yoast_head_json":{"title":"Universitatea din Petro\u0219ani \u0219i-a \u00eencheiat participarea la T\u00e2rgul Educa\u021bional de la Deva -","robots":{"index":"index","follow":"follow","max-snippet":"max-snippet:-1","max-image-preview":"max-image-preview:large","max-video-preview":"max-video-preview:-1"},"canonical":"https:\/\/cronicahd.ro\/?p=8482","og_locale":"ro_RO","og_type":"article","og_title":"Universitatea din Petro\u0219ani \u0219i-a \u00eencheiat participarea la T\u00e2rgul Educa\u021bional de la Deva -","og_description":"&nbsp; Universitatea din Petro\u0219ani a participat, \u00een perioada recent\u0103, la cea de-a XVI-a edi\u021bie a...","og_url":"https:\/\/cronicahd.ro\/?p=8482","article_published_time":"2026-04-30T15:29:11+00:00","og_image":[{"width":1600,"height":1280,"url":"https:\/\/cronicahd.ro\/wp-content\/uploads\/2026\/04\/IMG_6861.jpeg","type":"image\/jpeg"}],"author":"admin","twitter_card":"summary_large_image","twitter_misc":{"Scris de":"admin","Timp estimat pentru citire":"2 minute"},"schema":{"@context":"https:\/\/schema.org","@graph":[{"@type":"WebPage","@id":"https:\/\/cronicahd.ro\/?p=8482","url":"https:\/\/cronicahd.ro\/?p=8482","name":"Universitatea din Petro\u0219ani \u0219i-a \u00eencheiat participarea la T\u00e2rgul Educa\u021bional de la Deva -","isPartOf":{"@id":"https:\/\/cronicahd.ro\/#website"},"primaryImageOfPage":{"@id":"https:\/\/cronicahd.ro\/?p=8482#primaryimage"},"image":{"@id":"https:\/\/cronicahd.ro\/?p=8482#primaryimage"},"thumbnailUrl":"https:\/\/cronicahd.ro\/wp-content\/uploads\/2026\/04\/IMG_6861.jpeg","datePublished":"2026-04-30T15:29:11+00:00","author":{"@id":"https:\/\/cronicahd.ro\/#\/schema\/person\/d1a1277a8cd166610328e17aaf58bf46"},"breadcrumb":{"@id":"https:\/\/cronicahd.ro\/?p=8482#breadcrumb"},"inLanguage":"ro-RO","potentialAction":[{"@type":"ReadAction","target":["https:\/\/cronicahd.ro\/?p=8482"]}]},{"@type":"ImageObject","inLanguage":"ro-RO","@id":"https:\/\/cronicahd.ro\/?p=8482#primaryimage","url":"https:\/\/cronicahd.ro\/wp-content\/uploads\/2026\/04\/IMG_6861.jpeg","contentUrl":"https:\/\/cronicahd.ro\/wp-content\/uploads\/2026\/04\/IMG_6861.jpeg","width":1600,"height":1280},{"@type":"BreadcrumbList","@id":"https:\/\/cronicahd.ro\/?p=8482#breadcrumb","itemListElement":[{"@type":"ListItem","position":1,"name":"Prima pagin\u0103","item":"https:\/\/cronicahd.ro\/"},{"@type":"ListItem","position":2,"name":"Universitatea din Petro\u0219ani \u0219i-a \u00eencheiat participarea la T\u00e2rgul Educa\u021bional de la Deva"}]},{"@type":"WebSite","@id":"https:\/\/cronicahd.ro\/#website","url":"https:\/\/cronicahd.ro\/","name":"","description":"","potentialAction":[{"@type":"SearchAction","target":{"@type":"EntryPoint","urlTemplate":"https:\/\/cronicahd.ro\/?s={search_term_string}"},"query-input":{"@type":"PropertyValueSpecification","valueRequired":true,"valueName":"search_term_string"}}],"inLanguage":"ro-RO"},{"@type":"Person","@id":"https:\/\/cronicahd.ro\/#\/schema\/person\/d1a1277a8cd166610328e17aaf58bf46","name":"admin","image":{"@type":"ImageObject","inLanguage":"ro-RO","@id":"https:\/\/cronicahd.ro\/#\/schema\/person\/image\/","url":"https:\/\/secure.gravatar.com\/avatar\/24700337280d10898c2e0d19d44a05316bff9fccc941ecc5570ffe41668203f7?s=96&d=mm&r=g","contentUrl":"https:\/\/secure.gravatar.com\/avatar\/24700337280d10898c2e0d19d44a05316bff9fccc941ecc5570ffe41668203f7?s=96&d=mm&r=g","caption":"admin"},"sameAs":["https:\/\/cronicavj.ro"],"url":"https:\/\/cronicahd.ro\/?author=1"}]}},"_links":{"self":[{"href":"https:\/\/cronicahd.ro\/index.php?rest_route=\/wp\/v2\/posts\/8482","targetHints":{"allow":["GET"]}}],"collection":[{"href":"https:\/\/cronicahd.ro\/index.php?rest_route=\/wp\/v2\/posts"}],"about":[{"href":"https:\/\/cronicahd.ro\/index.php?rest_route=\/wp\/v2\/types\/post"}],"author":[{"embeddable":true,"href":"https:\/\/cronicahd.ro\/index.php?rest_route=\/wp\/v2\/users\/1"}],"replies":[{"embeddable":true,"href":"https:\/\/cronicahd.ro\/index.php?rest_route=%2Fwp%2Fv2%2Fcomments&post=8482"}],"version-history":[{"count":1,"href":"https:\/\/cronicahd.ro\/index.php?rest_route=\/wp\/v2\/posts\/8482\/revisions"}],"predecessor-version":[{"id":8487,"href":"https:\/\/cronicahd.ro\/index.php?rest_route=\/wp\/v2\/posts\/8482\/revisions\/8487"}],"wp:featuredmedia":[{"embeddable":true,"href":"https:\/\/cronicahd.ro\/index.php?rest_route=\/wp\/v2\/media\/8486"}],"wp:attachment":[{"href":"https:\/\/cronicahd.ro\/index.php?rest_route=%2Fwp%2Fv2%2Fmedia&parent=8482"}],"wp:term":[{"taxonomy":"category","embeddable":true,"href":"https:\/\/cronicahd.ro\/index.php?rest_route=%2Fwp%2Fv2%2Fcategories&post=8482"},{"taxonomy":"post_tag","embeddable":true,"href":"https:\/\/cronicahd.ro\/index.php?rest_route=%2Fwp%2Fv2%2Ftags&post=8482"}],"curies":[{"name":"wp","href":"https:\/\/api.w.org\/{rel}","templated":true}]}}