{"id":8471,"date":"2026-04-30T08:17:30","date_gmt":"2026-04-30T08:17:30","guid":{"rendered":"https:\/\/cronicahd.ro\/?p=8471"},"modified":"2026-04-30T08:17:30","modified_gmt":"2026-04-30T08:17:30","slug":"sarmizegetusa-regia-inchisa-temporar-in-timpul-saptamanii-pentru-lucrari-de-restaurare","status":"publish","type":"post","link":"https:\/\/cronicahd.ro\/?p=8471","title":{"rendered":"Sarmizegetusa Regia, \u00eenchis\u0103 temporar \u00een timpul s\u0103pt\u0103m\u00e2nii pentru lucr\u0103ri de restaurare"},"content":{"rendered":"<p>Situl arheologic Sarmizegetusa Regia va fi \u00eenchis temporar pentru vizitare \u00een zilele lucr\u0103toare, \u00een perioada 4 mai \u2013 30 iunie 2026, ca urmare a unor lucr\u0103ri ample de conservare \u0219i restaurare.<\/p>\n<p>Anun\u021bul a fost f\u0103cut de Consiliul Jude\u021bean Hunedoara, prin Muzeul Civiliza\u021biei Dacice \u0219i Romane Deva, institu\u021bia care administreaz\u0103 situl inclus \u00een patrimoniul UNESCO din Mun\u021bii Or\u0103\u0219tiei.<\/p>\n<p>Potrivit autorit\u0103\u021bilor, vizitatorii nu vor putea intra \u00een sit de luni p\u00e2n\u0103 vineri, \u00eens\u0103 acesta va r\u0103m\u00e2ne deschis \u00een weekend, s\u00e2mb\u0103ta \u0219i duminica, conform programului obi\u0219nuit.<\/p>\n<p>Decizia a fost luat\u0103 pentru a permite desf\u0103\u0219urarea \u00een condi\u021bii de siguran\u021b\u0103 a lucr\u0103rilor aferente proiectului \u201eConservarea, restaurarea \u0219i punerea \u00een valoare a sitului arheologic Sarmizegetusa Regia \u2013 Terasa X\u201d.<\/p>\n<p>Interven\u021biile aflate \u00een derulare sunt de amploare \u0219i implic\u0103:<\/p>\n<ul>\n<li>transportul unor cantit\u0103\u021bi mari de p\u0103m\u00e2nt pe terasele a X-a \u0219i a XI-a;<\/li>\n<li>aprovizionarea cu materiale precum argil\u0103, piatr\u0103 \u0219i pietri\u0219;<\/li>\n<li>recuperarea unor elemente arhitecturale masive de pe versan\u021bi.<\/li>\n<\/ul>\n<p>Aceste activit\u0103\u021bi necesit\u0103 utilizarea unor trasee pietonale \u0219i de acces tehnic, ceea ce face imposibil\u0103, \u00een anumite intervale, prezen\u021ba \u00een siguran\u021b\u0103 a turi\u0219tilor.<\/p>\n<p>Restric\u021biile au fost impuse la solicitarea constructorilor \u0219i a speciali\u0219tilor implica\u021bi \u00een supravegherea lucr\u0103rilor, care au recomandat limitarea accesului publicului pentru prevenirea eventualelor incidente.<\/p>\n<p>Reprezentan\u021bii institu\u021biilor implicate subliniaz\u0103 c\u0103 m\u0103sura este una temporar\u0103, dar necesar\u0103 pentru protejarea vizitatorilor \u0219i pentru buna desf\u0103\u0219urare a proiectului.<\/p>\n<p>Autorit\u0103\u021bile \u00ee\u0219i cer scuze pentru disconfortul creat \u0219i le mul\u021bumesc turi\u0219tilor pentru \u00een\u021belegere, subliniind c\u0103 lucr\u0103rile sunt esen\u021biale pentru conservarea pe termen lung a unuia dintre cele mai importante monumente istorice din Rom\u00e2nia.<\/p>\n<p>La finalizarea interven\u021biilor, situl Sarmizegetusa Regia va putea fi vizitat \u00een condi\u021bii \u00eembun\u0103t\u0103\u021bite, adaptate standardelor moderne de protejare \u0219i valorificare a patrimoniului cultural.<\/p>\n<p>&nbsp;<\/p>\n","protected":false},"excerpt":{"rendered":"<p>Situl arheologic Sarmizegetusa Regia va fi \u00eenchis temporar pentru vizitare \u00een zilele lucr\u0103toare, \u00een perioada&#8230;<\/p>\n","protected":false},"author":1,"featured_media":8472,"comment_status":"closed","ping_status":"closed","sticky":false,"template":"","format":"standard","meta":{"footnotes":""},"categories":[1,19],"tags":[],"class_list":["post-8471","post","type-post","status-publish","format-standard","has-post-thumbnail","hentry","category-actual","category-timp-liber"],"yoast_head":"<!-- This site is optimized with the Yoast SEO plugin v25.3.1 - https:\/\/yoast.com\/wordpress\/plugins\/seo\/ -->\n<title>Sarmizegetusa Regia, \u00eenchis\u0103 temporar \u00een timpul s\u0103pt\u0103m\u00e2nii pentru lucr\u0103ri de restaurare -<\/title>\n<meta name=\"robots\" content=\"index, follow, max-snippet:-1, max-image-preview:large, max-video-preview:-1\" \/>\n<link rel=\"canonical\" href=\"https:\/\/cronicahd.ro\/?p=8471\" \/>\n<meta property=\"og:locale\" content=\"ro_RO\" \/>\n<meta property=\"og:type\" content=\"article\" \/>\n<meta property=\"og:title\" content=\"Sarmizegetusa Regia, \u00eenchis\u0103 temporar \u00een timpul s\u0103pt\u0103m\u00e2nii pentru lucr\u0103ri de restaurare -\" \/>\n<meta property=\"og:description\" content=\"Situl arheologic Sarmizegetusa Regia va fi \u00eenchis temporar pentru vizitare \u00een zilele lucr\u0103toare, \u00een perioada...\" \/>\n<meta property=\"og:url\" content=\"https:\/\/cronicahd.ro\/?p=8471\" \/>\n<meta property=\"article:published_time\" content=\"2026-04-30T08:17:30+00:00\" \/>\n<meta property=\"og:image\" content=\"https:\/\/cronicahd.ro\/wp-content\/uploads\/2026\/04\/IMG_6853.jpeg\" \/>\n\t<meta property=\"og:image:width\" content=\"1200\" \/>\n\t<meta property=\"og:image:height\" content=\"676\" \/>\n\t<meta property=\"og:image:type\" content=\"image\/jpeg\" \/>\n<meta name=\"author\" content=\"admin\" \/>\n<meta name=\"twitter:card\" content=\"summary_large_image\" \/>\n<meta name=\"twitter:label1\" content=\"Scris de\" \/>\n\t<meta name=\"twitter:data1\" content=\"admin\" \/>\n\t<meta name=\"twitter:label2\" content=\"Timp estimat pentru citire\" \/>\n\t<meta name=\"twitter:data2\" content=\"2 minute\" \/>\n<script type=\"application\/ld+json\" class=\"yoast-schema-graph\">{\"@context\":\"https:\/\/schema.org\",\"@graph\":[{\"@type\":\"WebPage\",\"@id\":\"https:\/\/cronicahd.ro\/?p=8471\",\"url\":\"https:\/\/cronicahd.ro\/?p=8471\",\"name\":\"Sarmizegetusa Regia, \u00eenchis\u0103 temporar \u00een timpul s\u0103pt\u0103m\u00e2nii pentru lucr\u0103ri de restaurare -\",\"isPartOf\":{\"@id\":\"https:\/\/cronicahd.ro\/#website\"},\"primaryImageOfPage\":{\"@id\":\"https:\/\/cronicahd.ro\/?p=8471#primaryimage\"},\"image\":{\"@id\":\"https:\/\/cronicahd.ro\/?p=8471#primaryimage\"},\"thumbnailUrl\":\"https:\/\/cronicahd.ro\/wp-content\/uploads\/2026\/04\/IMG_6853.jpeg\",\"datePublished\":\"2026-04-30T08:17:30+00:00\",\"author\":{\"@id\":\"https:\/\/cronicahd.ro\/#\/schema\/person\/d1a1277a8cd166610328e17aaf58bf46\"},\"breadcrumb\":{\"@id\":\"https:\/\/cronicahd.ro\/?p=8471#breadcrumb\"},\"inLanguage\":\"ro-RO\",\"potentialAction\":[{\"@type\":\"ReadAction\",\"target\":[\"https:\/\/cronicahd.ro\/?p=8471\"]}]},{\"@type\":\"ImageObject\",\"inLanguage\":\"ro-RO\",\"@id\":\"https:\/\/cronicahd.ro\/?p=8471#primaryimage\",\"url\":\"https:\/\/cronicahd.ro\/wp-content\/uploads\/2026\/04\/IMG_6853.jpeg\",\"contentUrl\":\"https:\/\/cronicahd.ro\/wp-content\/uploads\/2026\/04\/IMG_6853.jpeg\",\"width\":1200,\"height\":676},{\"@type\":\"BreadcrumbList\",\"@id\":\"https:\/\/cronicahd.ro\/?p=8471#breadcrumb\",\"itemListElement\":[{\"@type\":\"ListItem\",\"position\":1,\"name\":\"Prima pagin\u0103\",\"item\":\"https:\/\/cronicahd.ro\/\"},{\"@type\":\"ListItem\",\"position\":2,\"name\":\"Sarmizegetusa Regia, \u00eenchis\u0103 temporar \u00een timpul s\u0103pt\u0103m\u00e2nii pentru lucr\u0103ri de restaurare\"}]},{\"@type\":\"WebSite\",\"@id\":\"https:\/\/cronicahd.ro\/#website\",\"url\":\"https:\/\/cronicahd.ro\/\",\"name\":\"\",\"description\":\"\",\"potentialAction\":[{\"@type\":\"SearchAction\",\"target\":{\"@type\":\"EntryPoint\",\"urlTemplate\":\"https:\/\/cronicahd.ro\/?s={search_term_string}\"},\"query-input\":{\"@type\":\"PropertyValueSpecification\",\"valueRequired\":true,\"valueName\":\"search_term_string\"}}],\"inLanguage\":\"ro-RO\"},{\"@type\":\"Person\",\"@id\":\"https:\/\/cronicahd.ro\/#\/schema\/person\/d1a1277a8cd166610328e17aaf58bf46\",\"name\":\"admin\",\"image\":{\"@type\":\"ImageObject\",\"inLanguage\":\"ro-RO\",\"@id\":\"https:\/\/cronicahd.ro\/#\/schema\/person\/image\/\",\"url\":\"https:\/\/secure.gravatar.com\/avatar\/24700337280d10898c2e0d19d44a05316bff9fccc941ecc5570ffe41668203f7?s=96&d=mm&r=g\",\"contentUrl\":\"https:\/\/secure.gravatar.com\/avatar\/24700337280d10898c2e0d19d44a05316bff9fccc941ecc5570ffe41668203f7?s=96&d=mm&r=g\",\"caption\":\"admin\"},\"sameAs\":[\"https:\/\/cronicavj.ro\"],\"url\":\"https:\/\/cronicahd.ro\/?author=1\"}]}<\/script>\n<!-- \/ Yoast SEO plugin. -->","yoast_head_json":{"title":"Sarmizegetusa Regia, \u00eenchis\u0103 temporar \u00een timpul s\u0103pt\u0103m\u00e2nii pentru lucr\u0103ri de restaurare -","robots":{"index":"index","follow":"follow","max-snippet":"max-snippet:-1","max-image-preview":"max-image-preview:large","max-video-preview":"max-video-preview:-1"},"canonical":"https:\/\/cronicahd.ro\/?p=8471","og_locale":"ro_RO","og_type":"article","og_title":"Sarmizegetusa Regia, \u00eenchis\u0103 temporar \u00een timpul s\u0103pt\u0103m\u00e2nii pentru lucr\u0103ri de restaurare -","og_description":"Situl arheologic Sarmizegetusa Regia va fi \u00eenchis temporar pentru vizitare \u00een zilele lucr\u0103toare, \u00een perioada...","og_url":"https:\/\/cronicahd.ro\/?p=8471","article_published_time":"2026-04-30T08:17:30+00:00","og_image":[{"width":1200,"height":676,"url":"https:\/\/cronicahd.ro\/wp-content\/uploads\/2026\/04\/IMG_6853.jpeg","type":"image\/jpeg"}],"author":"admin","twitter_card":"summary_large_image","twitter_misc":{"Scris de":"admin","Timp estimat pentru citire":"2 minute"},"schema":{"@context":"https:\/\/schema.org","@graph":[{"@type":"WebPage","@id":"https:\/\/cronicahd.ro\/?p=8471","url":"https:\/\/cronicahd.ro\/?p=8471","name":"Sarmizegetusa Regia, \u00eenchis\u0103 temporar \u00een timpul s\u0103pt\u0103m\u00e2nii pentru lucr\u0103ri de restaurare -","isPartOf":{"@id":"https:\/\/cronicahd.ro\/#website"},"primaryImageOfPage":{"@id":"https:\/\/cronicahd.ro\/?p=8471#primaryimage"},"image":{"@id":"https:\/\/cronicahd.ro\/?p=8471#primaryimage"},"thumbnailUrl":"https:\/\/cronicahd.ro\/wp-content\/uploads\/2026\/04\/IMG_6853.jpeg","datePublished":"2026-04-30T08:17:30+00:00","author":{"@id":"https:\/\/cronicahd.ro\/#\/schema\/person\/d1a1277a8cd166610328e17aaf58bf46"},"breadcrumb":{"@id":"https:\/\/cronicahd.ro\/?p=8471#breadcrumb"},"inLanguage":"ro-RO","potentialAction":[{"@type":"ReadAction","target":["https:\/\/cronicahd.ro\/?p=8471"]}]},{"@type":"ImageObject","inLanguage":"ro-RO","@id":"https:\/\/cronicahd.ro\/?p=8471#primaryimage","url":"https:\/\/cronicahd.ro\/wp-content\/uploads\/2026\/04\/IMG_6853.jpeg","contentUrl":"https:\/\/cronicahd.ro\/wp-content\/uploads\/2026\/04\/IMG_6853.jpeg","width":1200,"height":676},{"@type":"BreadcrumbList","@id":"https:\/\/cronicahd.ro\/?p=8471#breadcrumb","itemListElement":[{"@type":"ListItem","position":1,"name":"Prima pagin\u0103","item":"https:\/\/cronicahd.ro\/"},{"@type":"ListItem","position":2,"name":"Sarmizegetusa Regia, \u00eenchis\u0103 temporar \u00een timpul s\u0103pt\u0103m\u00e2nii pentru lucr\u0103ri de restaurare"}]},{"@type":"WebSite","@id":"https:\/\/cronicahd.ro\/#website","url":"https:\/\/cronicahd.ro\/","name":"","description":"","potentialAction":[{"@type":"SearchAction","target":{"@type":"EntryPoint","urlTemplate":"https:\/\/cronicahd.ro\/?s={search_term_string}"},"query-input":{"@type":"PropertyValueSpecification","valueRequired":true,"valueName":"search_term_string"}}],"inLanguage":"ro-RO"},{"@type":"Person","@id":"https:\/\/cronicahd.ro\/#\/schema\/person\/d1a1277a8cd166610328e17aaf58bf46","name":"admin","image":{"@type":"ImageObject","inLanguage":"ro-RO","@id":"https:\/\/cronicahd.ro\/#\/schema\/person\/image\/","url":"https:\/\/secure.gravatar.com\/avatar\/24700337280d10898c2e0d19d44a05316bff9fccc941ecc5570ffe41668203f7?s=96&d=mm&r=g","contentUrl":"https:\/\/secure.gravatar.com\/avatar\/24700337280d10898c2e0d19d44a05316bff9fccc941ecc5570ffe41668203f7?s=96&d=mm&r=g","caption":"admin"},"sameAs":["https:\/\/cronicavj.ro"],"url":"https:\/\/cronicahd.ro\/?author=1"}]}},"_links":{"self":[{"href":"https:\/\/cronicahd.ro\/index.php?rest_route=\/wp\/v2\/posts\/8471","targetHints":{"allow":["GET"]}}],"collection":[{"href":"https:\/\/cronicahd.ro\/index.php?rest_route=\/wp\/v2\/posts"}],"about":[{"href":"https:\/\/cronicahd.ro\/index.php?rest_route=\/wp\/v2\/types\/post"}],"author":[{"embeddable":true,"href":"https:\/\/cronicahd.ro\/index.php?rest_route=\/wp\/v2\/users\/1"}],"replies":[{"embeddable":true,"href":"https:\/\/cronicahd.ro\/index.php?rest_route=%2Fwp%2Fv2%2Fcomments&post=8471"}],"version-history":[{"count":1,"href":"https:\/\/cronicahd.ro\/index.php?rest_route=\/wp\/v2\/posts\/8471\/revisions"}],"predecessor-version":[{"id":8473,"href":"https:\/\/cronicahd.ro\/index.php?rest_route=\/wp\/v2\/posts\/8471\/revisions\/8473"}],"wp:featuredmedia":[{"embeddable":true,"href":"https:\/\/cronicahd.ro\/index.php?rest_route=\/wp\/v2\/media\/8472"}],"wp:attachment":[{"href":"https:\/\/cronicahd.ro\/index.php?rest_route=%2Fwp%2Fv2%2Fmedia&parent=8471"}],"wp:term":[{"taxonomy":"category","embeddable":true,"href":"https:\/\/cronicahd.ro\/index.php?rest_route=%2Fwp%2Fv2%2Fcategories&post=8471"},{"taxonomy":"post_tag","embeddable":true,"href":"https:\/\/cronicahd.ro\/index.php?rest_route=%2Fwp%2Fv2%2Ftags&post=8471"}],"curies":[{"name":"wp","href":"https:\/\/api.w.org\/{rel}","templated":true}]}}