{"id":8465,"date":"2026-04-29T12:26:51","date_gmt":"2026-04-29T12:26:51","guid":{"rendered":"https:\/\/cronicahd.ro\/?p=8465"},"modified":"2026-04-29T12:26:51","modified_gmt":"2026-04-29T12:26:51","slug":"das-deva-a-imbunatatit-serviciul-de-transport-cu-autovehiculul-adaptat-pentru-persoane-cu-dizabilitati-sau-mobilitate-redusa","status":"publish","type":"post","link":"https:\/\/cronicahd.ro\/?p=8465","title":{"rendered":"DAS Deva a \u00eembun\u0103t\u0103\u021bit serviciul de transport cu autovehiculul adaptat pentru persoane cu dizabilit\u0103\u021bi sau mobilitate redus\u0103"},"content":{"rendered":"<p class=\"s3\"><span class=\"s4\"><span class=\"bumpedFont15\">Direc\u021bia de Asisten\u021b\u0103<\/span><\/span><span class=\"s4\"><span class=\"bumpedFont15\"> Social\u0103 Deva a <\/span><\/span><span class=\"s4\"><span class=\"bumpedFont15\">\u00eembun\u0103t\u0103\u021bit termenii \u0219i condi\u021biile<\/span><\/span><span class=\"s4\"><span class=\"bumpedFont15\"> de organizare, func\u021bionare \u0219i utilizare a<\/span><\/span> <span class=\"s4\"><span class=\"bumpedFont15\">serviciul<\/span><\/span><span class=\"s4\"><span class=\"bumpedFont15\">ui<\/span><\/span><span class=\"s4\"><span class=\"bumpedFont15\"> de t<\/span><\/span><span class=\"s4\"><span class=\"bumpedFont15\">ransport cu <\/span><\/span><span class=\"s4\"><span class=\"bumpedFont15\">ma\u0219ina <\/span><\/span><span class=\"s4\"><span class=\"bumpedFont15\">special <\/span><\/span><span class=\"s4\"><span class=\"bumpedFont15\">adaptat<\/span><\/span><span class=\"s4\"><span class=\"bumpedFont15\">\u0103<\/span><\/span><span class=\"s4\"><span class=\"bumpedFont15\"> pentru <\/span><\/span><span class=\"s4\"><span class=\"bumpedFont15\">persoane<\/span><\/span> <span class=\"s4\"><span class=\"bumpedFont15\">cu dizabilit\u0103\u021bi<\/span><\/span><span class=\"s4\"><span class=\"bumpedFont15\"> din municipiul Deva<\/span><\/span><span class=\"s4\"><span class=\"bumpedFont15\">.<\/span><\/span><\/p>\n<p class=\"s3\"><span class=\"s4\">\u00a0<\/span><span class=\"s4\"><span class=\"bumpedFont15\">Serviciul este gratuit \u0219i se adreseaz\u0103<\/span><\/span><span class=\"s4\"><span class=\"bumpedFont15\"> copiilor \u0219i adul\u021bilor cu dizabilit\u0103\u021bi<\/span><\/span><span class=\"s4\"><span class=\"bumpedFont15\"> locom<\/span><\/span><span class=\"s4\"><span class=\"bumpedFont15\">otorii sau vizuale<\/span><\/span><span class=\"s4\"><span class=\"bumpedFont15\">, <\/span><\/span><span class=\"s4\"><span class=\"bumpedFont15\">care se deplaseaz\u0103 la institu\u021bii medicale, de asisten\u021b\u0103 social\u0103, financiare<\/span><\/span><span class=\"s4\"><span class=\"bumpedFont15\">,<\/span><\/span><span class=\"s4\"><span class=\"bumpedFont15\"> bancare<\/span><\/span><span class=\"s4\"><span class=\"bumpedFont15\"> sau ju<\/span><\/span><span class=\"s4\"><span class=\"bumpedFont15\">ridice de pe teritoriul <\/span><\/span><span class=\"s4\"><span class=\"bumpedFont15\">municipiului Deva<\/span><\/span><span class=\"s4\"><span class=\"bumpedFont15\">.<\/span><\/span><\/p>\n<p class=\"s3\"><span class=\"s4\">\u00a0<\/span><span class=\"s4\"><span class=\"bumpedFont15\">Autovehiculul <\/span><\/span><span class=\"s4\"><span class=\"bumpedFont15\">adaptat <\/span><\/span><span class=\"s4\"><span class=\"bumpedFont15\">pentru transportul <\/span><\/span><span class=\"s4\"><span class=\"bumpedFont15\">persoanelor<\/span><\/span><span class=\"s4\"><span class=\"bumpedFont15\"> cu dizabilit\u0103\u021bi <\/span><\/span><span class=\"s4\"><span class=\"bumpedFont15\">este ges<\/span><\/span><span class=\"s4\"><span class=\"bumpedFont15\">t<\/span><\/span><span class=\"s4\"><span class=\"bumpedFont15\">ionat de <\/span><\/span><span class=\"s4\"><span class=\"bumpedFont15\">Direc\u021bia de Asisten\u021b\u0103 Social\u0103 Deva \u0219i reprezint\u0103 o d<\/span><\/span><span class=\"s4\"><span class=\"bumpedFont15\">ona\u021bie a <\/span><\/span><span class=\"s4\"><span class=\"bumpedFont15\">Asocia\u021biei Rotary Club Deva.<\/span><\/span><\/p>\n<p class=\"s3\"><span class=\"s4\">\u00a0<\/span><span class=\"s4\"><span class=\"bumpedFont15\">Principalele modific\u0103ri aduse regulamentului <\/span><\/span><span class=\"s4\"><span class=\"bumpedFont15\">de transport cu ma\u0219ina adaptat\u0103 <\/span><\/span><span class=\"s4\"><span class=\"bumpedFont15\">vizeaz\u0103<\/span><\/span><span class=\"s4\"><span class=\"bumpedFont15\">:<\/span><\/span><\/p>\n<p class=\"s3\"><span class=\"s4\">\u00a0<\/span><span class=\"s4\"><span class=\"bumpedFont15\">&#8211;<\/span><\/span><span class=\"s2\"><span class=\"bumpedFont15\">introducerea<\/span><\/span> <span class=\"s2\"><span class=\"bumpedFont15\">unor noi categorii de <\/span><\/span><span class=\"s2\"><span class=\"bumpedFont15\">persoane<\/span><\/span><span class=\"s4\"><span class=\"bumpedFont15\"> care pot utiliza acest <\/span><\/span><span class=\"s4\"><span class=\"bumpedFont15\">serviciu<\/span><\/span><span class=\"s4\"><span class=\"bumpedFont15\"> &#8211; <\/span><\/span><span class=\"s4\"><span class=\"bumpedFont15\">persoane<\/span><\/span><span class=\"s4\"><span class=\"bumpedFont15\">le<\/span><\/span><span class=\"s4\"><span class=\"bumpedFont15\"> cu dizabilit\u0103\u021bi \u00eencadrate \u00een grad de handicap mediu<\/span><\/span><span class=\"s4\"><span class=\"bumpedFont15\">, <\/span><\/span><span class=\"s4\"><span class=\"bumpedFont15\">precum<\/span><\/span><span class=\"s4\"><span class=\"bumpedFont15\"> \u0219i persoane<\/span><\/span><span class=\"s4\"><span class=\"bumpedFont15\">le<\/span><\/span><span class=\"s4\"><span class=\"bumpedFont15\"> ne\u00eencadra<\/span><\/span><span class=\"s4\"><span class=\"bumpedFont15\">te \u00een<\/span><\/span><span class=\"s4\"><span class=\"bumpedFont15\"> grad de handicap, dar care au func\u021bia locomotorie<\/span><\/span> <span class=\"s4\"><span class=\"bumpedFont15\">grav afectat\u0103 \u0219i se deplaseaz\u0103 cu fotoliu\/scaun rulant sau dispozitive auxiliare<\/span><\/span><\/p>\n<p class=\"s3\"><span class=\"s4\">\u00a0<\/span><span class=\"s4\"><span class=\"bumpedFont15\">&#8211;<\/span><\/span><span class=\"s2\"><span class=\"bumpedFont15\">m\u0103rirea num\u0103rului maxim de curse<\/span><\/span> <span class=\"s4\"><span class=\"bumpedFont15\">care pot fi solicitate<\/span><\/span><span class=\"s4\"><span class=\"bumpedFont15\"> \u00eentr-o lun\u0103<\/span><\/span> <span class=\"s4\"><span class=\"bumpedFont15\">&#8211; <\/span><\/span><span class=\"s4\"><span class=\"bumpedFont15\">\u00een cazul persoanelor cu dizabilit\u0103\u021bi care se deplaseaz\u0103 la tratamente medicale de recuperare<\/span><\/span><span class=\"s4\"><span class=\"bumpedFont15\">, cu condi\u021bia prezent\u0103rii de documente medicale justificative<\/span><\/span><\/p>\n<p class=\"s3\"><span class=\"s4\">\u00a0<\/span><\/p>\n<p class=\"s3\"><span class=\"s4\"><span class=\"bumpedFont15\">&#8211;<\/span><\/span><span class=\"s2\"><span class=\"bumpedFont15\">\u00eembun\u0103t\u0103\u021birea dot\u0103rii ma\u0219inii adaptate cu echipamente <\/span><\/span><span class=\"s2\"><span class=\"bumpedFont15\">de siguran\u021b\u0103 sporit\u0103<\/span><\/span><span class=\"s4\"><span class=\"bumpedFont15\">, <\/span><\/span><span class=\"s4\"><span class=\"bumpedFont15\">pentru satisfacerea unor nevoi specifice <\/span><\/span><span class=\"s4\"><span class=\"bumpedFont15\">(<\/span><\/span><span class=\"s4\"><span class=\"bumpedFont15\">scaun auto pentru <\/span><\/span><span class=\"s4\"><span class=\"bumpedFont15\">copii cu<\/span><\/span><span class=\"s4\"><span class=\"bumpedFont15\"> \u00een\u0103l\u021bim<\/span><\/span><span class=\"s4\"><span class=\"bumpedFont15\">ea <\/span><\/span><span class=\"s4\"><span class=\"bumpedFont15\">sub<\/span><\/span><span class=\"s4\"><span class=\"bumpedFont15\"> 1,35 metri<\/span><\/span><span class=\"s4\"><span class=\"bumpedFont15\">, <\/span><\/span><span class=\"s4\"><span class=\"bumpedFont15\">conectat<\/span><\/span><span class=\"s4\"><span class=\"bumpedFont15\">direct de structura autovehiculului, cu <\/span><\/span><span class=\"s4\"><span class=\"bumpedFont15\">elemente suplimentare de ancorare<\/span><\/span><span class=\"s4\"><span class=\"bumpedFont15\">) <\/span><\/span><\/p>\n<p class=\"s3\"><span class=\"s4\">\u00a0<\/span><\/p>\n<p class=\"s3\"><span class=\"s4\"><span class=\"bumpedFont15\">&#8211;<\/span><\/span><span class=\"s2\"><span class=\"bumpedFont15\">reducerea<\/span><\/span> <span class=\"s2\"><span class=\"bumpedFont15\">la jum\u0103tate a <\/span><\/span><span class=\"s2\"><span class=\"bumpedFont15\">perioadei de programare<\/span><\/span><span class=\"s4\"><span class=\"bumpedFont15\"> a deplas\u0103rilor<\/span><\/span><span class=\"s4\"><span class=\"bumpedFont15\"> &#8211; de la 2 zile lucr\u0103toare, la o zi <\/span><\/span><span class=\"s4\"><span class=\"bumpedFont15\">lucr\u0103toare<\/span><\/span><\/p>\n<p class=\"s3\"><span class=\"s4\">\u00a0<\/span><\/p>\n<p class=\"s3\"><span class=\"s4\"><span class=\"bumpedFont15\">Serviciul de transport cu autovehiculul <\/span><\/span><span class=\"s4\"><span class=\"bumpedFont15\">adaptat <\/span><\/span><span class=\"s4\"><span class=\"bumpedFont15\">pentru persoane<\/span><\/span><span class=\"s4\"><span class=\"bumpedFont15\">cu dizabilit\u0103\u021bi <\/span><\/span><span class=\"s4\"><span class=\"bumpedFont15\">se efectueaz\u0103 de luni p\u00e2n\u0103 joi, \u00eentre orele 9:00 \u2013 15:00 <\/span><\/span><span class=\"s4\"><span class=\"bumpedFont15\">\u0219i <\/span><\/span><span class=\"s4\"><span class=\"bumpedFont15\">vineri, \u00eentre orele 9:00 \u2013 1<\/span><\/span><span class=\"s4\"><span class=\"bumpedFont15\">2<\/span><\/span><span class=\"s4\"><span class=\"bumpedFont15\">:00<\/span><\/span> <span class=\"s4\"><span class=\"bumpedFont15\">\u0219i poate fi solicitat pe baz\u0103 de programare<\/span><\/span><span class=\"s4\"><span class=\"bumpedFont15\"> &#8211; <\/span><\/span><span class=\"s4\"><span class=\"bumpedFont15\">la num\u0103rul de telefon 0737.036.003, online pe adresa: <\/span><\/span><a href=\"mailto:dasdeva@primariadeva.ro\"><span class=\"s5\"><span class=\"bumpedFont15\">dasdeva@primariadeva.ro<\/span><\/span><\/a><span class=\"s4\"><span class=\"bumpedFont15\">) sau la sediul Direc\u021biei de Asisten\u021b\u0103 Social\u0103 Deva (Str. I.L. Caragiale, nr. 4, etaj 1).<\/span><\/span><\/p>\n<p class=\"s3\"><span class=\"s4\">\u00a0<\/span><\/p>\n<p class=\"s3\"><span class=\"s2\"><span class=\"bumpedFont15\">INFORMA\u021aII SUPLIMENTARE<\/span><\/span><span class=\"s4\"><span class=\"bumpedFont15\"> se pot ob\u021bine la num\u0103rul de <\/span><\/span><span class=\"s2\"><span class=\"bumpedFont15\">telefon 0737.036.003<\/span><\/span><span class=\"s4\"><span class=\"bumpedFont15\">, de luni p\u00e2n\u0103 joi, \u00eentre orele 8:00 \u2013 16:30 sau vineri, \u00eentre orele 08:00 \u2013 14:00.<\/span><\/span><\/p>\n<p class=\"s3\"><span class=\"s4\">\u00a0<\/span><\/p>\n<p class=\"s3\"><span class=\"s4\"><span class=\"bumpedFont15\">Noul regulament de organizare, func\u021bionare \u0219i utilizare a transportului adaptat pentru persoane<\/span><\/span><span class=\"s4\"><span class=\"bumpedFont15\"> cu dizabilit\u0103\u021bi a fost aprobat de Consiliul Local Deva prin Hot\u0103r\u00e2rea nr. 149\/2026, care poate fi consultat\u0103 pe <\/span><\/span><span class=\"s4\"><span class=\"bumpedFont15\">pagina de internet a<\/span><\/span><span class=\"s4\"><span class=\"bumpedFont15\"> Direc\u021biei de Asisten\u021b\u0103 Socia<\/span><\/span><span class=\"s4\"><span class=\"bumpedFont15\">l<\/span><\/span><span class=\"s4\"><span class=\"bumpedFont15\">\u0103 Deva \u2013 <\/span><\/span><a href=\"https:\/\/dasdeva.ro\/\"><span class=\"s5\"><span class=\"bumpedFont15\">https:\/\/dasdeva.ro<\/span><\/span><\/a><span class=\"s4\"><span class=\"bumpedFont15\">, Sec\u021biunea \u201ePersoane cu dizabilit\u0103\u021bi\u201d sau la sediul institu\u021biei<\/span><\/span><span class=\"s4\"><span class=\"bumpedFont15\">. <\/span><\/span><\/p>\n<p class=\"s3\"><span class=\"s4\">\u00a0<\/span><\/p>\n<p class=\"s3\"><span class=\"s2\"><span class=\"bumpedFont15\">Direc\u021bia de Asisten\u021b\u0103 Social\u0103 Deva<\/span><\/span><\/p>\n","protected":false},"excerpt":{"rendered":"<p>Direc\u021bia de Asisten\u021b\u0103 Social\u0103 Deva a \u00eembun\u0103t\u0103\u021bit termenii \u0219i condi\u021biile de organizare, func\u021bionare \u0219i utilizare&#8230;<\/p>\n","protected":false},"author":1,"featured_media":8466,"comment_status":"closed","ping_status":"closed","sticky":false,"template":"","format":"standard","meta":{"footnotes":""},"categories":[1,6],"tags":[],"class_list":["post-8465","post","type-post","status-publish","format-standard","has-post-thumbnail","hentry","category-actual","category-administratie"],"yoast_head":"<!-- This site is optimized with the Yoast SEO plugin v25.3.1 - https:\/\/yoast.com\/wordpress\/plugins\/seo\/ -->\n<title>DAS Deva a \u00eembun\u0103t\u0103\u021bit serviciul de transport cu autovehiculul adaptat pentru persoane cu dizabilit\u0103\u021bi sau mobilitate redus\u0103 -<\/title>\n<meta name=\"robots\" content=\"index, follow, max-snippet:-1, max-image-preview:large, max-video-preview:-1\" \/>\n<link rel=\"canonical\" href=\"https:\/\/cronicahd.ro\/?p=8465\" \/>\n<meta property=\"og:locale\" content=\"ro_RO\" \/>\n<meta property=\"og:type\" content=\"article\" \/>\n<meta property=\"og:title\" content=\"DAS Deva a \u00eembun\u0103t\u0103\u021bit serviciul de transport cu autovehiculul adaptat pentru persoane cu dizabilit\u0103\u021bi sau mobilitate redus\u0103 -\" \/>\n<meta property=\"og:description\" content=\"Direc\u021bia de Asisten\u021b\u0103 Social\u0103 Deva a \u00eembun\u0103t\u0103\u021bit termenii \u0219i condi\u021biile de organizare, func\u021bionare \u0219i utilizare...\" \/>\n<meta property=\"og:url\" content=\"https:\/\/cronicahd.ro\/?p=8465\" \/>\n<meta property=\"article:published_time\" content=\"2026-04-29T12:26:51+00:00\" \/>\n<meta property=\"og:image\" content=\"https:\/\/cronicahd.ro\/wp-content\/uploads\/2026\/04\/1-2.jpeg\" \/>\n\t<meta property=\"og:image:width\" content=\"1131\" \/>\n\t<meta property=\"og:image:height\" content=\"876\" \/>\n\t<meta property=\"og:image:type\" content=\"image\/jpeg\" \/>\n<meta name=\"author\" content=\"admin\" \/>\n<meta name=\"twitter:card\" content=\"summary_large_image\" \/>\n<meta name=\"twitter:label1\" content=\"Scris de\" \/>\n\t<meta name=\"twitter:data1\" content=\"admin\" \/>\n\t<meta name=\"twitter:label2\" content=\"Timp estimat pentru citire\" \/>\n\t<meta name=\"twitter:data2\" content=\"3 minute\" \/>\n<script type=\"application\/ld+json\" class=\"yoast-schema-graph\">{\"@context\":\"https:\/\/schema.org\",\"@graph\":[{\"@type\":\"WebPage\",\"@id\":\"https:\/\/cronicahd.ro\/?p=8465\",\"url\":\"https:\/\/cronicahd.ro\/?p=8465\",\"name\":\"DAS Deva a \u00eembun\u0103t\u0103\u021bit serviciul de transport cu autovehiculul adaptat pentru persoane cu dizabilit\u0103\u021bi sau mobilitate redus\u0103 -\",\"isPartOf\":{\"@id\":\"https:\/\/cronicahd.ro\/#website\"},\"primaryImageOfPage\":{\"@id\":\"https:\/\/cronicahd.ro\/?p=8465#primaryimage\"},\"image\":{\"@id\":\"https:\/\/cronicahd.ro\/?p=8465#primaryimage\"},\"thumbnailUrl\":\"https:\/\/cronicahd.ro\/wp-content\/uploads\/2026\/04\/1-2.jpeg\",\"datePublished\":\"2026-04-29T12:26:51+00:00\",\"author\":{\"@id\":\"https:\/\/cronicahd.ro\/#\/schema\/person\/d1a1277a8cd166610328e17aaf58bf46\"},\"breadcrumb\":{\"@id\":\"https:\/\/cronicahd.ro\/?p=8465#breadcrumb\"},\"inLanguage\":\"ro-RO\",\"potentialAction\":[{\"@type\":\"ReadAction\",\"target\":[\"https:\/\/cronicahd.ro\/?p=8465\"]}]},{\"@type\":\"ImageObject\",\"inLanguage\":\"ro-RO\",\"@id\":\"https:\/\/cronicahd.ro\/?p=8465#primaryimage\",\"url\":\"https:\/\/cronicahd.ro\/wp-content\/uploads\/2026\/04\/1-2.jpeg\",\"contentUrl\":\"https:\/\/cronicahd.ro\/wp-content\/uploads\/2026\/04\/1-2.jpeg\",\"width\":1131,\"height\":876},{\"@type\":\"BreadcrumbList\",\"@id\":\"https:\/\/cronicahd.ro\/?p=8465#breadcrumb\",\"itemListElement\":[{\"@type\":\"ListItem\",\"position\":1,\"name\":\"Prima pagin\u0103\",\"item\":\"https:\/\/cronicahd.ro\/\"},{\"@type\":\"ListItem\",\"position\":2,\"name\":\"DAS Deva a \u00eembun\u0103t\u0103\u021bit serviciul de transport cu autovehiculul adaptat pentru persoane cu dizabilit\u0103\u021bi sau mobilitate redus\u0103\"}]},{\"@type\":\"WebSite\",\"@id\":\"https:\/\/cronicahd.ro\/#website\",\"url\":\"https:\/\/cronicahd.ro\/\",\"name\":\"\",\"description\":\"\",\"potentialAction\":[{\"@type\":\"SearchAction\",\"target\":{\"@type\":\"EntryPoint\",\"urlTemplate\":\"https:\/\/cronicahd.ro\/?s={search_term_string}\"},\"query-input\":{\"@type\":\"PropertyValueSpecification\",\"valueRequired\":true,\"valueName\":\"search_term_string\"}}],\"inLanguage\":\"ro-RO\"},{\"@type\":\"Person\",\"@id\":\"https:\/\/cronicahd.ro\/#\/schema\/person\/d1a1277a8cd166610328e17aaf58bf46\",\"name\":\"admin\",\"image\":{\"@type\":\"ImageObject\",\"inLanguage\":\"ro-RO\",\"@id\":\"https:\/\/cronicahd.ro\/#\/schema\/person\/image\/\",\"url\":\"https:\/\/secure.gravatar.com\/avatar\/24700337280d10898c2e0d19d44a05316bff9fccc941ecc5570ffe41668203f7?s=96&d=mm&r=g\",\"contentUrl\":\"https:\/\/secure.gravatar.com\/avatar\/24700337280d10898c2e0d19d44a05316bff9fccc941ecc5570ffe41668203f7?s=96&d=mm&r=g\",\"caption\":\"admin\"},\"sameAs\":[\"https:\/\/cronicavj.ro\"],\"url\":\"https:\/\/cronicahd.ro\/?author=1\"}]}<\/script>\n<!-- \/ Yoast SEO plugin. -->","yoast_head_json":{"title":"DAS Deva a \u00eembun\u0103t\u0103\u021bit serviciul de transport cu autovehiculul adaptat pentru persoane cu dizabilit\u0103\u021bi sau mobilitate redus\u0103 -","robots":{"index":"index","follow":"follow","max-snippet":"max-snippet:-1","max-image-preview":"max-image-preview:large","max-video-preview":"max-video-preview:-1"},"canonical":"https:\/\/cronicahd.ro\/?p=8465","og_locale":"ro_RO","og_type":"article","og_title":"DAS Deva a \u00eembun\u0103t\u0103\u021bit serviciul de transport cu autovehiculul adaptat pentru persoane cu dizabilit\u0103\u021bi sau mobilitate redus\u0103 -","og_description":"Direc\u021bia de Asisten\u021b\u0103 Social\u0103 Deva a \u00eembun\u0103t\u0103\u021bit termenii \u0219i condi\u021biile de organizare, func\u021bionare \u0219i utilizare...","og_url":"https:\/\/cronicahd.ro\/?p=8465","article_published_time":"2026-04-29T12:26:51+00:00","og_image":[{"width":1131,"height":876,"url":"https:\/\/cronicahd.ro\/wp-content\/uploads\/2026\/04\/1-2.jpeg","type":"image\/jpeg"}],"author":"admin","twitter_card":"summary_large_image","twitter_misc":{"Scris de":"admin","Timp estimat pentru citire":"3 minute"},"schema":{"@context":"https:\/\/schema.org","@graph":[{"@type":"WebPage","@id":"https:\/\/cronicahd.ro\/?p=8465","url":"https:\/\/cronicahd.ro\/?p=8465","name":"DAS Deva a \u00eembun\u0103t\u0103\u021bit serviciul de transport cu autovehiculul adaptat pentru persoane cu dizabilit\u0103\u021bi sau mobilitate redus\u0103 -","isPartOf":{"@id":"https:\/\/cronicahd.ro\/#website"},"primaryImageOfPage":{"@id":"https:\/\/cronicahd.ro\/?p=8465#primaryimage"},"image":{"@id":"https:\/\/cronicahd.ro\/?p=8465#primaryimage"},"thumbnailUrl":"https:\/\/cronicahd.ro\/wp-content\/uploads\/2026\/04\/1-2.jpeg","datePublished":"2026-04-29T12:26:51+00:00","author":{"@id":"https:\/\/cronicahd.ro\/#\/schema\/person\/d1a1277a8cd166610328e17aaf58bf46"},"breadcrumb":{"@id":"https:\/\/cronicahd.ro\/?p=8465#breadcrumb"},"inLanguage":"ro-RO","potentialAction":[{"@type":"ReadAction","target":["https:\/\/cronicahd.ro\/?p=8465"]}]},{"@type":"ImageObject","inLanguage":"ro-RO","@id":"https:\/\/cronicahd.ro\/?p=8465#primaryimage","url":"https:\/\/cronicahd.ro\/wp-content\/uploads\/2026\/04\/1-2.jpeg","contentUrl":"https:\/\/cronicahd.ro\/wp-content\/uploads\/2026\/04\/1-2.jpeg","width":1131,"height":876},{"@type":"BreadcrumbList","@id":"https:\/\/cronicahd.ro\/?p=8465#breadcrumb","itemListElement":[{"@type":"ListItem","position":1,"name":"Prima pagin\u0103","item":"https:\/\/cronicahd.ro\/"},{"@type":"ListItem","position":2,"name":"DAS Deva a \u00eembun\u0103t\u0103\u021bit serviciul de transport cu autovehiculul adaptat pentru persoane cu dizabilit\u0103\u021bi sau mobilitate redus\u0103"}]},{"@type":"WebSite","@id":"https:\/\/cronicahd.ro\/#website","url":"https:\/\/cronicahd.ro\/","name":"","description":"","potentialAction":[{"@type":"SearchAction","target":{"@type":"EntryPoint","urlTemplate":"https:\/\/cronicahd.ro\/?s={search_term_string}"},"query-input":{"@type":"PropertyValueSpecification","valueRequired":true,"valueName":"search_term_string"}}],"inLanguage":"ro-RO"},{"@type":"Person","@id":"https:\/\/cronicahd.ro\/#\/schema\/person\/d1a1277a8cd166610328e17aaf58bf46","name":"admin","image":{"@type":"ImageObject","inLanguage":"ro-RO","@id":"https:\/\/cronicahd.ro\/#\/schema\/person\/image\/","url":"https:\/\/secure.gravatar.com\/avatar\/24700337280d10898c2e0d19d44a05316bff9fccc941ecc5570ffe41668203f7?s=96&d=mm&r=g","contentUrl":"https:\/\/secure.gravatar.com\/avatar\/24700337280d10898c2e0d19d44a05316bff9fccc941ecc5570ffe41668203f7?s=96&d=mm&r=g","caption":"admin"},"sameAs":["https:\/\/cronicavj.ro"],"url":"https:\/\/cronicahd.ro\/?author=1"}]}},"_links":{"self":[{"href":"https:\/\/cronicahd.ro\/index.php?rest_route=\/wp\/v2\/posts\/8465","targetHints":{"allow":["GET"]}}],"collection":[{"href":"https:\/\/cronicahd.ro\/index.php?rest_route=\/wp\/v2\/posts"}],"about":[{"href":"https:\/\/cronicahd.ro\/index.php?rest_route=\/wp\/v2\/types\/post"}],"author":[{"embeddable":true,"href":"https:\/\/cronicahd.ro\/index.php?rest_route=\/wp\/v2\/users\/1"}],"replies":[{"embeddable":true,"href":"https:\/\/cronicahd.ro\/index.php?rest_route=%2Fwp%2Fv2%2Fcomments&post=8465"}],"version-history":[{"count":1,"href":"https:\/\/cronicahd.ro\/index.php?rest_route=\/wp\/v2\/posts\/8465\/revisions"}],"predecessor-version":[{"id":8467,"href":"https:\/\/cronicahd.ro\/index.php?rest_route=\/wp\/v2\/posts\/8465\/revisions\/8467"}],"wp:featuredmedia":[{"embeddable":true,"href":"https:\/\/cronicahd.ro\/index.php?rest_route=\/wp\/v2\/media\/8466"}],"wp:attachment":[{"href":"https:\/\/cronicahd.ro\/index.php?rest_route=%2Fwp%2Fv2%2Fmedia&parent=8465"}],"wp:term":[{"taxonomy":"category","embeddable":true,"href":"https:\/\/cronicahd.ro\/index.php?rest_route=%2Fwp%2Fv2%2Fcategories&post=8465"},{"taxonomy":"post_tag","embeddable":true,"href":"https:\/\/cronicahd.ro\/index.php?rest_route=%2Fwp%2Fv2%2Ftags&post=8465"}],"curies":[{"name":"wp","href":"https:\/\/api.w.org\/{rel}","templated":true}]}}