{"id":8456,"date":"2026-04-29T07:08:48","date_gmt":"2026-04-29T07:08:48","guid":{"rendered":"https:\/\/cronicahd.ro\/?p=8456"},"modified":"2026-04-29T07:08:48","modified_gmt":"2026-04-29T07:08:48","slug":"a-fi-sau-a-nu-fi-municipiul-vulcan","status":"publish","type":"post","link":"https:\/\/cronicahd.ro\/?p=8456","title":{"rendered":"A fi sau a nu fi municipiul Vulcan?"},"content":{"rendered":"<p>\u00centr-o atmosfer\u0103 \u00eencordat\u0103, \u00een sala de \u0219edin\u021be a Consiliului local al municipiului Vulcan s-a luat \u00een discu\u021bie ideea, transformat\u0103 \u00een proiect al ordinii de zi, care vizeaz\u0103 retrogradarea de la statutul de municipiu la cel de ora\u0219. Ideea a pornit de la liberali \u0219i a prins amploare, \u00een urma nemul\u021bumirilor legate de cre\u0219terea impozitelor \u0219i taxelor locale.\u00a0 Proiectul a fost amplu dezb\u0103tut, mai ales c\u0103, \u00een sal\u0103, au venit \u0219i oameni ce reprezint\u0103 mediul de afaceri al acestui (\u00eenc\u0103) municipiu.<\/p>\n<p><img loading=\"lazy\" decoding=\"async\" class=\"alignnone size-full wp-image-8460\" src=\"https:\/\/cronicahd.ro\/wp-content\/uploads\/2026\/04\/att.UFN6LKYfOJ4uEC5k_njDaAzOCeFuVNp2GJR9IV7jGjM.jpeg\" alt=\"\" width=\"2048\" height=\"1536\" srcset=\"https:\/\/cronicahd.ro\/wp-content\/uploads\/2026\/04\/att.UFN6LKYfOJ4uEC5k_njDaAzOCeFuVNp2GJR9IV7jGjM.jpeg 2048w, https:\/\/cronicahd.ro\/wp-content\/uploads\/2026\/04\/att.UFN6LKYfOJ4uEC5k_njDaAzOCeFuVNp2GJR9IV7jGjM-300x225.jpeg 300w, https:\/\/cronicahd.ro\/wp-content\/uploads\/2026\/04\/att.UFN6LKYfOJ4uEC5k_njDaAzOCeFuVNp2GJR9IV7jGjM-1024x768.jpeg 1024w, https:\/\/cronicahd.ro\/wp-content\/uploads\/2026\/04\/att.UFN6LKYfOJ4uEC5k_njDaAzOCeFuVNp2GJR9IV7jGjM-768x576.jpeg 768w, https:\/\/cronicahd.ro\/wp-content\/uploads\/2026\/04\/att.UFN6LKYfOJ4uEC5k_njDaAzOCeFuVNp2GJR9IV7jGjM-1536x1152.jpeg 1536w\" sizes=\"auto, (max-width: 2048px) 100vw, 2048px\" \/><\/p>\n<p>Aproximativ 28.000 de locuitori are acest municipiu al V\u0103ii Jiului, iar \u00een sala de \u0219edin\u021be, oamenii care au adus argumente pro \u0219i contra.<\/p>\n<p>Primarul Cristian Meri\u0219anu a motivat c\u0103 inclusiv costurile unui referendum.<\/p>\n<p>&#8222;Minele se \u00eenchid, infrastructura rutier\u0103 este a\u0219a cum e. (&#8230;) S\u0103 l\u0103s\u0103m cet\u0103\u021benii s\u0103 decid\u0103&#8221;, a spus Loriana Farka\u0219, unul dintre cei 7 consilieri care au ini\u021biat acest proiect de hot\u0103r\u00e2re.<\/p>\n<p><img loading=\"lazy\" decoding=\"async\" class=\"alignnone size-full wp-image-8458\" src=\"https:\/\/cronicahd.ro\/wp-content\/uploads\/2026\/04\/att.ZgO57ukhLjmdiAj2e1eF-vWd1Kvbuxsq8UMJCi_IQDU.jpeg\" alt=\"\" width=\"2048\" height=\"1536\" srcset=\"https:\/\/cronicahd.ro\/wp-content\/uploads\/2026\/04\/att.ZgO57ukhLjmdiAj2e1eF-vWd1Kvbuxsq8UMJCi_IQDU.jpeg 2048w, https:\/\/cronicahd.ro\/wp-content\/uploads\/2026\/04\/att.ZgO57ukhLjmdiAj2e1eF-vWd1Kvbuxsq8UMJCi_IQDU-300x225.jpeg 300w, https:\/\/cronicahd.ro\/wp-content\/uploads\/2026\/04\/att.ZgO57ukhLjmdiAj2e1eF-vWd1Kvbuxsq8UMJCi_IQDU-1024x768.jpeg 1024w, https:\/\/cronicahd.ro\/wp-content\/uploads\/2026\/04\/att.ZgO57ukhLjmdiAj2e1eF-vWd1Kvbuxsq8UMJCi_IQDU-768x576.jpeg 768w, https:\/\/cronicahd.ro\/wp-content\/uploads\/2026\/04\/att.ZgO57ukhLjmdiAj2e1eF-vWd1Kvbuxsq8UMJCi_IQDU-1536x1152.jpeg 1536w\" sizes=\"auto, (max-width: 2048px) 100vw, 2048px\" \/><\/p>\n<p>&#8222;Taxele \u0219i impozitele sunt la minimul minimului, iar \u00een \u021bar\u0103 sunt ora\u0219e care au taxe mai mari.&#8221;, a spus Cristian Meri\u0219anu, primarul municipiului Vulcan, f\u0103c\u00e2nd referire la unul dintre punctele care ar conta.<\/p>\n<p>520.000 de lei ar costa referendumul pentru a cere p\u0103rerea locuitorilor \u00een ce prive\u0219te statutul de ora\u0219 sau municipiu.<\/p>\n<p>\u00cen sala de consiliu au ajuns \u0219i reprezentan\u021bi ai mediului de afaceri, care au men\u021binut ideea de municipiu. &#8222;Sunt de peste 25 de ani antreprenor. Ar trebui s\u0103 chibzuim cu seriozitate, pentru c\u0103 este un moment care s\u0103 ne marcheze pe noi \u0219i pe copiii no\u0219tri \u00een urmatorii 20 de ani. (&#8230;)\u00a0 Vrem sa facem cea mai bun\u0103 alegere, ca nou\u0103 s\u0103 ne fie mai bine&#8221;, a spus Daniel H\u0103l\u0103st\u0103uan, unul dintre oamenii de afaceri prezen\u021bi \u00een sal\u0103.<\/p>\n<p>\u201eSunte\u021bi de acord ca Municipiul Vulcan s\u0103 revin\u0103 la statutul de Ora\u0219?\u201d a fost tema proiectului discutat de pe ordinea de zi a \u0219edin\u021bei.<\/p>\n<p>Pentru ca referendumul s\u0103 poat\u0103 avea loc, proiectul are nevoie de minimum 10 voturi \u201epentru\u201d.<\/p>\n<p>Consilierii locali PNL din Vulcan, sus\u021binu\u021bi de cei de la AUR, au ini\u021biat (la \u00eenceputul anului 2026) demersurile pentru organizarea unui referendum local privind declasificarea municipiului Vulcan la statutul de ora\u0219. Propunerea vizeaz\u0103 revenirea la rangul de ora\u0219, ini\u021biativa fiind depus\u0103 de mai multe ori.<\/p>\n","protected":false},"excerpt":{"rendered":"<p>\u00centr-o atmosfer\u0103 \u00eencordat\u0103, \u00een sala de \u0219edin\u021be a Consiliului local al municipiului Vulcan s-a luat&#8230;<\/p>\n","protected":false},"author":1,"featured_media":8457,"comment_status":"closed","ping_status":"closed","sticky":false,"template":"","format":"standard","meta":{"footnotes":""},"categories":[1,6],"tags":[],"class_list":["post-8456","post","type-post","status-publish","format-standard","has-post-thumbnail","hentry","category-actual","category-administratie"],"yoast_head":"<!-- This site is optimized with the Yoast SEO plugin v25.3.1 - https:\/\/yoast.com\/wordpress\/plugins\/seo\/ -->\n<title>A fi sau a nu fi municipiul Vulcan? -<\/title>\n<meta name=\"robots\" content=\"index, follow, max-snippet:-1, max-image-preview:large, max-video-preview:-1\" \/>\n<link rel=\"canonical\" href=\"https:\/\/cronicahd.ro\/?p=8456\" \/>\n<meta property=\"og:locale\" content=\"ro_RO\" \/>\n<meta property=\"og:type\" content=\"article\" \/>\n<meta property=\"og:title\" content=\"A fi sau a nu fi municipiul Vulcan? -\" \/>\n<meta property=\"og:description\" content=\"\u00centr-o atmosfer\u0103 \u00eencordat\u0103, \u00een sala de \u0219edin\u021be a Consiliului local al municipiului Vulcan s-a luat...\" \/>\n<meta property=\"og:url\" content=\"https:\/\/cronicahd.ro\/?p=8456\" \/>\n<meta property=\"article:published_time\" content=\"2026-04-29T07:08:48+00:00\" \/>\n<meta property=\"og:image\" content=\"https:\/\/cronicahd.ro\/wp-content\/uploads\/2026\/04\/att.bY1JDsRSgXuhYw2IZ9ZVfNha_xyogOIM_V_SRWJKoNM.jpeg\" \/>\n\t<meta property=\"og:image:width\" content=\"2048\" \/>\n\t<meta property=\"og:image:height\" content=\"1536\" \/>\n\t<meta property=\"og:image:type\" content=\"image\/jpeg\" \/>\n<meta name=\"author\" content=\"admin\" \/>\n<meta name=\"twitter:card\" content=\"summary_large_image\" \/>\n<meta name=\"twitter:label1\" content=\"Scris de\" \/>\n\t<meta name=\"twitter:data1\" content=\"admin\" \/>\n\t<meta name=\"twitter:label2\" content=\"Timp estimat pentru citire\" \/>\n\t<meta name=\"twitter:data2\" content=\"3 minute\" \/>\n<script type=\"application\/ld+json\" class=\"yoast-schema-graph\">{\"@context\":\"https:\/\/schema.org\",\"@graph\":[{\"@type\":\"WebPage\",\"@id\":\"https:\/\/cronicahd.ro\/?p=8456\",\"url\":\"https:\/\/cronicahd.ro\/?p=8456\",\"name\":\"A fi sau a nu fi municipiul Vulcan? -\",\"isPartOf\":{\"@id\":\"https:\/\/cronicahd.ro\/#website\"},\"primaryImageOfPage\":{\"@id\":\"https:\/\/cronicahd.ro\/?p=8456#primaryimage\"},\"image\":{\"@id\":\"https:\/\/cronicahd.ro\/?p=8456#primaryimage\"},\"thumbnailUrl\":\"https:\/\/cronicahd.ro\/wp-content\/uploads\/2026\/04\/att.bY1JDsRSgXuhYw2IZ9ZVfNha_xyogOIM_V_SRWJKoNM.jpeg\",\"datePublished\":\"2026-04-29T07:08:48+00:00\",\"author\":{\"@id\":\"https:\/\/cronicahd.ro\/#\/schema\/person\/d1a1277a8cd166610328e17aaf58bf46\"},\"breadcrumb\":{\"@id\":\"https:\/\/cronicahd.ro\/?p=8456#breadcrumb\"},\"inLanguage\":\"ro-RO\",\"potentialAction\":[{\"@type\":\"ReadAction\",\"target\":[\"https:\/\/cronicahd.ro\/?p=8456\"]}]},{\"@type\":\"ImageObject\",\"inLanguage\":\"ro-RO\",\"@id\":\"https:\/\/cronicahd.ro\/?p=8456#primaryimage\",\"url\":\"https:\/\/cronicahd.ro\/wp-content\/uploads\/2026\/04\/att.bY1JDsRSgXuhYw2IZ9ZVfNha_xyogOIM_V_SRWJKoNM.jpeg\",\"contentUrl\":\"https:\/\/cronicahd.ro\/wp-content\/uploads\/2026\/04\/att.bY1JDsRSgXuhYw2IZ9ZVfNha_xyogOIM_V_SRWJKoNM.jpeg\",\"width\":2048,\"height\":1536},{\"@type\":\"BreadcrumbList\",\"@id\":\"https:\/\/cronicahd.ro\/?p=8456#breadcrumb\",\"itemListElement\":[{\"@type\":\"ListItem\",\"position\":1,\"name\":\"Prima pagin\u0103\",\"item\":\"https:\/\/cronicahd.ro\/\"},{\"@type\":\"ListItem\",\"position\":2,\"name\":\"A fi sau a nu fi municipiul Vulcan?\"}]},{\"@type\":\"WebSite\",\"@id\":\"https:\/\/cronicahd.ro\/#website\",\"url\":\"https:\/\/cronicahd.ro\/\",\"name\":\"\",\"description\":\"\",\"potentialAction\":[{\"@type\":\"SearchAction\",\"target\":{\"@type\":\"EntryPoint\",\"urlTemplate\":\"https:\/\/cronicahd.ro\/?s={search_term_string}\"},\"query-input\":{\"@type\":\"PropertyValueSpecification\",\"valueRequired\":true,\"valueName\":\"search_term_string\"}}],\"inLanguage\":\"ro-RO\"},{\"@type\":\"Person\",\"@id\":\"https:\/\/cronicahd.ro\/#\/schema\/person\/d1a1277a8cd166610328e17aaf58bf46\",\"name\":\"admin\",\"image\":{\"@type\":\"ImageObject\",\"inLanguage\":\"ro-RO\",\"@id\":\"https:\/\/cronicahd.ro\/#\/schema\/person\/image\/\",\"url\":\"https:\/\/secure.gravatar.com\/avatar\/24700337280d10898c2e0d19d44a05316bff9fccc941ecc5570ffe41668203f7?s=96&d=mm&r=g\",\"contentUrl\":\"https:\/\/secure.gravatar.com\/avatar\/24700337280d10898c2e0d19d44a05316bff9fccc941ecc5570ffe41668203f7?s=96&d=mm&r=g\",\"caption\":\"admin\"},\"sameAs\":[\"https:\/\/cronicavj.ro\"],\"url\":\"https:\/\/cronicahd.ro\/?author=1\"}]}<\/script>\n<!-- \/ Yoast SEO plugin. -->","yoast_head_json":{"title":"A fi sau a nu fi municipiul Vulcan? -","robots":{"index":"index","follow":"follow","max-snippet":"max-snippet:-1","max-image-preview":"max-image-preview:large","max-video-preview":"max-video-preview:-1"},"canonical":"https:\/\/cronicahd.ro\/?p=8456","og_locale":"ro_RO","og_type":"article","og_title":"A fi sau a nu fi municipiul Vulcan? -","og_description":"\u00centr-o atmosfer\u0103 \u00eencordat\u0103, \u00een sala de \u0219edin\u021be a Consiliului local al municipiului Vulcan s-a luat...","og_url":"https:\/\/cronicahd.ro\/?p=8456","article_published_time":"2026-04-29T07:08:48+00:00","og_image":[{"width":2048,"height":1536,"url":"https:\/\/cronicahd.ro\/wp-content\/uploads\/2026\/04\/att.bY1JDsRSgXuhYw2IZ9ZVfNha_xyogOIM_V_SRWJKoNM.jpeg","type":"image\/jpeg"}],"author":"admin","twitter_card":"summary_large_image","twitter_misc":{"Scris de":"admin","Timp estimat pentru citire":"3 minute"},"schema":{"@context":"https:\/\/schema.org","@graph":[{"@type":"WebPage","@id":"https:\/\/cronicahd.ro\/?p=8456","url":"https:\/\/cronicahd.ro\/?p=8456","name":"A fi sau a nu fi municipiul Vulcan? -","isPartOf":{"@id":"https:\/\/cronicahd.ro\/#website"},"primaryImageOfPage":{"@id":"https:\/\/cronicahd.ro\/?p=8456#primaryimage"},"image":{"@id":"https:\/\/cronicahd.ro\/?p=8456#primaryimage"},"thumbnailUrl":"https:\/\/cronicahd.ro\/wp-content\/uploads\/2026\/04\/att.bY1JDsRSgXuhYw2IZ9ZVfNha_xyogOIM_V_SRWJKoNM.jpeg","datePublished":"2026-04-29T07:08:48+00:00","author":{"@id":"https:\/\/cronicahd.ro\/#\/schema\/person\/d1a1277a8cd166610328e17aaf58bf46"},"breadcrumb":{"@id":"https:\/\/cronicahd.ro\/?p=8456#breadcrumb"},"inLanguage":"ro-RO","potentialAction":[{"@type":"ReadAction","target":["https:\/\/cronicahd.ro\/?p=8456"]}]},{"@type":"ImageObject","inLanguage":"ro-RO","@id":"https:\/\/cronicahd.ro\/?p=8456#primaryimage","url":"https:\/\/cronicahd.ro\/wp-content\/uploads\/2026\/04\/att.bY1JDsRSgXuhYw2IZ9ZVfNha_xyogOIM_V_SRWJKoNM.jpeg","contentUrl":"https:\/\/cronicahd.ro\/wp-content\/uploads\/2026\/04\/att.bY1JDsRSgXuhYw2IZ9ZVfNha_xyogOIM_V_SRWJKoNM.jpeg","width":2048,"height":1536},{"@type":"BreadcrumbList","@id":"https:\/\/cronicahd.ro\/?p=8456#breadcrumb","itemListElement":[{"@type":"ListItem","position":1,"name":"Prima pagin\u0103","item":"https:\/\/cronicahd.ro\/"},{"@type":"ListItem","position":2,"name":"A fi sau a nu fi municipiul Vulcan?"}]},{"@type":"WebSite","@id":"https:\/\/cronicahd.ro\/#website","url":"https:\/\/cronicahd.ro\/","name":"","description":"","potentialAction":[{"@type":"SearchAction","target":{"@type":"EntryPoint","urlTemplate":"https:\/\/cronicahd.ro\/?s={search_term_string}"},"query-input":{"@type":"PropertyValueSpecification","valueRequired":true,"valueName":"search_term_string"}}],"inLanguage":"ro-RO"},{"@type":"Person","@id":"https:\/\/cronicahd.ro\/#\/schema\/person\/d1a1277a8cd166610328e17aaf58bf46","name":"admin","image":{"@type":"ImageObject","inLanguage":"ro-RO","@id":"https:\/\/cronicahd.ro\/#\/schema\/person\/image\/","url":"https:\/\/secure.gravatar.com\/avatar\/24700337280d10898c2e0d19d44a05316bff9fccc941ecc5570ffe41668203f7?s=96&d=mm&r=g","contentUrl":"https:\/\/secure.gravatar.com\/avatar\/24700337280d10898c2e0d19d44a05316bff9fccc941ecc5570ffe41668203f7?s=96&d=mm&r=g","caption":"admin"},"sameAs":["https:\/\/cronicavj.ro"],"url":"https:\/\/cronicahd.ro\/?author=1"}]}},"_links":{"self":[{"href":"https:\/\/cronicahd.ro\/index.php?rest_route=\/wp\/v2\/posts\/8456","targetHints":{"allow":["GET"]}}],"collection":[{"href":"https:\/\/cronicahd.ro\/index.php?rest_route=\/wp\/v2\/posts"}],"about":[{"href":"https:\/\/cronicahd.ro\/index.php?rest_route=\/wp\/v2\/types\/post"}],"author":[{"embeddable":true,"href":"https:\/\/cronicahd.ro\/index.php?rest_route=\/wp\/v2\/users\/1"}],"replies":[{"embeddable":true,"href":"https:\/\/cronicahd.ro\/index.php?rest_route=%2Fwp%2Fv2%2Fcomments&post=8456"}],"version-history":[{"count":1,"href":"https:\/\/cronicahd.ro\/index.php?rest_route=\/wp\/v2\/posts\/8456\/revisions"}],"predecessor-version":[{"id":8461,"href":"https:\/\/cronicahd.ro\/index.php?rest_route=\/wp\/v2\/posts\/8456\/revisions\/8461"}],"wp:featuredmedia":[{"embeddable":true,"href":"https:\/\/cronicahd.ro\/index.php?rest_route=\/wp\/v2\/media\/8457"}],"wp:attachment":[{"href":"https:\/\/cronicahd.ro\/index.php?rest_route=%2Fwp%2Fv2%2Fmedia&parent=8456"}],"wp:term":[{"taxonomy":"category","embeddable":true,"href":"https:\/\/cronicahd.ro\/index.php?rest_route=%2Fwp%2Fv2%2Fcategories&post=8456"},{"taxonomy":"post_tag","embeddable":true,"href":"https:\/\/cronicahd.ro\/index.php?rest_route=%2Fwp%2Fv2%2Ftags&post=8456"}],"curies":[{"name":"wp","href":"https:\/\/api.w.org\/{rel}","templated":true}]}}