{"id":8437,"date":"2026-04-28T15:31:38","date_gmt":"2026-04-28T15:31:38","guid":{"rendered":"https:\/\/cronicahd.ro\/?p=8437"},"modified":"2026-04-28T15:31:38","modified_gmt":"2026-04-28T15:31:38","slug":"prefectul-judetului-hunedoara-constantin-fulga-si-a-inaintat-demisia-din-functie","status":"publish","type":"post","link":"https:\/\/cronicahd.ro\/?p=8437","title":{"rendered":"Prefectul jude\u021bului Hunedoara, Constantin Fulga, \u0219i-a \u00eenaintat demisia din func\u021bie"},"content":{"rendered":"<p>&nbsp;<\/p>\n<p>Institu\u021bia Prefectului \u2013 Jude\u021bul Hunedoara a anun\u021bat c\u0103 prefectul Constantin Fulga \u0219i-a \u00eenaintat demisia din func\u021bie, \u00een contextul unei decizii adoptate la nivel na\u021bional privind retragerea prefec\u021bilor sus\u021binu\u021bi de Partidul Social Democrat.<\/p>\n<p>Potrivit inform\u0103rii oficiale, aceast\u0103 decizie vine ca urmare a unei strategii politice mai ample, prin care reprezentan\u021bii partidului afla\u021bi \u00een func\u021bii de prefect au fost invita\u021bi s\u0103 \u00ee\u0219i depun\u0103 demisiile.<\/p>\n<p>Conform cadrului legal \u00een vigoare, demisia nu produce efecte imediat. Aceasta va deveni oficial\u0103 \u00een momentul public\u0103rii \u00een Monitorul Oficial al Rom\u00e2niei a Hot\u0103r\u00e2rii de Guvern privind eliberarea din func\u021bie a prefectului.<\/p>\n<p>P\u00e2n\u0103 la acel moment, activitatea Institu\u021biei Prefectului Hunedoara va continua \u00een condi\u021bii normale, urm\u00e2nd ca autorit\u0103\u021bile centrale s\u0103 stabileasc\u0103, ulterior, persoana care va prelua atribu\u021biile de prefect.<\/p>\n<p>Decizia survine \u00eentr-un context politic tensionat la nivel na\u021bional, dup\u0103 anun\u021bul privind retragerea Partidul Social Democrat de la guvernare, m\u0103sur\u0103 care a generat o serie de schimb\u0103ri \u00een administra\u021bia public\u0103 din teritoriu.<\/p>\n","protected":false},"excerpt":{"rendered":"<p>&nbsp; Institu\u021bia Prefectului \u2013 Jude\u021bul Hunedoara a anun\u021bat c\u0103 prefectul Constantin Fulga \u0219i-a \u00eenaintat demisia&#8230;<\/p>\n","protected":false},"author":1,"featured_media":8438,"comment_status":"closed","ping_status":"closed","sticky":false,"template":"","format":"standard","meta":{"footnotes":""},"categories":[1,16],"tags":[],"class_list":["post-8437","post","type-post","status-publish","format-standard","has-post-thumbnail","hentry","category-actual","category-politic"],"yoast_head":"<!-- This site is optimized with the Yoast SEO plugin v25.3.1 - https:\/\/yoast.com\/wordpress\/plugins\/seo\/ -->\n<title>Prefectul jude\u021bului Hunedoara, Constantin Fulga, \u0219i-a \u00eenaintat demisia din func\u021bie -<\/title>\n<meta name=\"robots\" content=\"index, follow, max-snippet:-1, max-image-preview:large, max-video-preview:-1\" \/>\n<link rel=\"canonical\" href=\"https:\/\/cronicahd.ro\/?p=8437\" \/>\n<meta property=\"og:locale\" content=\"ro_RO\" \/>\n<meta property=\"og:type\" content=\"article\" \/>\n<meta property=\"og:title\" content=\"Prefectul jude\u021bului Hunedoara, Constantin Fulga, \u0219i-a \u00eenaintat demisia din func\u021bie -\" \/>\n<meta property=\"og:description\" content=\"&nbsp; Institu\u021bia Prefectului \u2013 Jude\u021bul Hunedoara a anun\u021bat c\u0103 prefectul Constantin Fulga \u0219i-a \u00eenaintat demisia...\" \/>\n<meta property=\"og:url\" content=\"https:\/\/cronicahd.ro\/?p=8437\" \/>\n<meta property=\"article:published_time\" content=\"2026-04-28T15:31:38+00:00\" \/>\n<meta property=\"og:image\" content=\"https:\/\/cronicahd.ro\/wp-content\/uploads\/2026\/04\/att.9t03DKDy2KkijC6A-AeOzwPE0pIjx99oICL8GXc9Ej0.jpeg\" \/>\n\t<meta property=\"og:image:width\" content=\"1852\" \/>\n\t<meta property=\"og:image:height\" content=\"1850\" \/>\n\t<meta property=\"og:image:type\" content=\"image\/jpeg\" \/>\n<meta name=\"author\" content=\"admin\" \/>\n<meta name=\"twitter:card\" content=\"summary_large_image\" \/>\n<meta name=\"twitter:label1\" content=\"Scris de\" \/>\n\t<meta name=\"twitter:data1\" content=\"admin\" \/>\n\t<meta name=\"twitter:label2\" content=\"Timp estimat pentru citire\" \/>\n\t<meta name=\"twitter:data2\" content=\"2 minute\" \/>\n<script type=\"application\/ld+json\" class=\"yoast-schema-graph\">{\"@context\":\"https:\/\/schema.org\",\"@graph\":[{\"@type\":\"WebPage\",\"@id\":\"https:\/\/cronicahd.ro\/?p=8437\",\"url\":\"https:\/\/cronicahd.ro\/?p=8437\",\"name\":\"Prefectul jude\u021bului Hunedoara, Constantin Fulga, \u0219i-a \u00eenaintat demisia din func\u021bie -\",\"isPartOf\":{\"@id\":\"https:\/\/cronicahd.ro\/#website\"},\"primaryImageOfPage\":{\"@id\":\"https:\/\/cronicahd.ro\/?p=8437#primaryimage\"},\"image\":{\"@id\":\"https:\/\/cronicahd.ro\/?p=8437#primaryimage\"},\"thumbnailUrl\":\"https:\/\/cronicahd.ro\/wp-content\/uploads\/2026\/04\/att.9t03DKDy2KkijC6A-AeOzwPE0pIjx99oICL8GXc9Ej0.jpeg\",\"datePublished\":\"2026-04-28T15:31:38+00:00\",\"author\":{\"@id\":\"https:\/\/cronicahd.ro\/#\/schema\/person\/d1a1277a8cd166610328e17aaf58bf46\"},\"breadcrumb\":{\"@id\":\"https:\/\/cronicahd.ro\/?p=8437#breadcrumb\"},\"inLanguage\":\"ro-RO\",\"potentialAction\":[{\"@type\":\"ReadAction\",\"target\":[\"https:\/\/cronicahd.ro\/?p=8437\"]}]},{\"@type\":\"ImageObject\",\"inLanguage\":\"ro-RO\",\"@id\":\"https:\/\/cronicahd.ro\/?p=8437#primaryimage\",\"url\":\"https:\/\/cronicahd.ro\/wp-content\/uploads\/2026\/04\/att.9t03DKDy2KkijC6A-AeOzwPE0pIjx99oICL8GXc9Ej0.jpeg\",\"contentUrl\":\"https:\/\/cronicahd.ro\/wp-content\/uploads\/2026\/04\/att.9t03DKDy2KkijC6A-AeOzwPE0pIjx99oICL8GXc9Ej0.jpeg\",\"width\":1852,\"height\":1850},{\"@type\":\"BreadcrumbList\",\"@id\":\"https:\/\/cronicahd.ro\/?p=8437#breadcrumb\",\"itemListElement\":[{\"@type\":\"ListItem\",\"position\":1,\"name\":\"Prima pagin\u0103\",\"item\":\"https:\/\/cronicahd.ro\/\"},{\"@type\":\"ListItem\",\"position\":2,\"name\":\"Prefectul jude\u021bului Hunedoara, Constantin Fulga, \u0219i-a \u00eenaintat demisia din func\u021bie\"}]},{\"@type\":\"WebSite\",\"@id\":\"https:\/\/cronicahd.ro\/#website\",\"url\":\"https:\/\/cronicahd.ro\/\",\"name\":\"\",\"description\":\"\",\"potentialAction\":[{\"@type\":\"SearchAction\",\"target\":{\"@type\":\"EntryPoint\",\"urlTemplate\":\"https:\/\/cronicahd.ro\/?s={search_term_string}\"},\"query-input\":{\"@type\":\"PropertyValueSpecification\",\"valueRequired\":true,\"valueName\":\"search_term_string\"}}],\"inLanguage\":\"ro-RO\"},{\"@type\":\"Person\",\"@id\":\"https:\/\/cronicahd.ro\/#\/schema\/person\/d1a1277a8cd166610328e17aaf58bf46\",\"name\":\"admin\",\"image\":{\"@type\":\"ImageObject\",\"inLanguage\":\"ro-RO\",\"@id\":\"https:\/\/cronicahd.ro\/#\/schema\/person\/image\/\",\"url\":\"https:\/\/secure.gravatar.com\/avatar\/24700337280d10898c2e0d19d44a05316bff9fccc941ecc5570ffe41668203f7?s=96&d=mm&r=g\",\"contentUrl\":\"https:\/\/secure.gravatar.com\/avatar\/24700337280d10898c2e0d19d44a05316bff9fccc941ecc5570ffe41668203f7?s=96&d=mm&r=g\",\"caption\":\"admin\"},\"sameAs\":[\"https:\/\/cronicavj.ro\"],\"url\":\"https:\/\/cronicahd.ro\/?author=1\"}]}<\/script>\n<!-- \/ Yoast SEO plugin. -->","yoast_head_json":{"title":"Prefectul jude\u021bului Hunedoara, Constantin Fulga, \u0219i-a \u00eenaintat demisia din func\u021bie -","robots":{"index":"index","follow":"follow","max-snippet":"max-snippet:-1","max-image-preview":"max-image-preview:large","max-video-preview":"max-video-preview:-1"},"canonical":"https:\/\/cronicahd.ro\/?p=8437","og_locale":"ro_RO","og_type":"article","og_title":"Prefectul jude\u021bului Hunedoara, Constantin Fulga, \u0219i-a \u00eenaintat demisia din func\u021bie -","og_description":"&nbsp; Institu\u021bia Prefectului \u2013 Jude\u021bul Hunedoara a anun\u021bat c\u0103 prefectul Constantin Fulga \u0219i-a \u00eenaintat demisia...","og_url":"https:\/\/cronicahd.ro\/?p=8437","article_published_time":"2026-04-28T15:31:38+00:00","og_image":[{"width":1852,"height":1850,"url":"https:\/\/cronicahd.ro\/wp-content\/uploads\/2026\/04\/att.9t03DKDy2KkijC6A-AeOzwPE0pIjx99oICL8GXc9Ej0.jpeg","type":"image\/jpeg"}],"author":"admin","twitter_card":"summary_large_image","twitter_misc":{"Scris de":"admin","Timp estimat pentru citire":"2 minute"},"schema":{"@context":"https:\/\/schema.org","@graph":[{"@type":"WebPage","@id":"https:\/\/cronicahd.ro\/?p=8437","url":"https:\/\/cronicahd.ro\/?p=8437","name":"Prefectul jude\u021bului Hunedoara, Constantin Fulga, \u0219i-a \u00eenaintat demisia din func\u021bie -","isPartOf":{"@id":"https:\/\/cronicahd.ro\/#website"},"primaryImageOfPage":{"@id":"https:\/\/cronicahd.ro\/?p=8437#primaryimage"},"image":{"@id":"https:\/\/cronicahd.ro\/?p=8437#primaryimage"},"thumbnailUrl":"https:\/\/cronicahd.ro\/wp-content\/uploads\/2026\/04\/att.9t03DKDy2KkijC6A-AeOzwPE0pIjx99oICL8GXc9Ej0.jpeg","datePublished":"2026-04-28T15:31:38+00:00","author":{"@id":"https:\/\/cronicahd.ro\/#\/schema\/person\/d1a1277a8cd166610328e17aaf58bf46"},"breadcrumb":{"@id":"https:\/\/cronicahd.ro\/?p=8437#breadcrumb"},"inLanguage":"ro-RO","potentialAction":[{"@type":"ReadAction","target":["https:\/\/cronicahd.ro\/?p=8437"]}]},{"@type":"ImageObject","inLanguage":"ro-RO","@id":"https:\/\/cronicahd.ro\/?p=8437#primaryimage","url":"https:\/\/cronicahd.ro\/wp-content\/uploads\/2026\/04\/att.9t03DKDy2KkijC6A-AeOzwPE0pIjx99oICL8GXc9Ej0.jpeg","contentUrl":"https:\/\/cronicahd.ro\/wp-content\/uploads\/2026\/04\/att.9t03DKDy2KkijC6A-AeOzwPE0pIjx99oICL8GXc9Ej0.jpeg","width":1852,"height":1850},{"@type":"BreadcrumbList","@id":"https:\/\/cronicahd.ro\/?p=8437#breadcrumb","itemListElement":[{"@type":"ListItem","position":1,"name":"Prima pagin\u0103","item":"https:\/\/cronicahd.ro\/"},{"@type":"ListItem","position":2,"name":"Prefectul jude\u021bului Hunedoara, Constantin Fulga, \u0219i-a \u00eenaintat demisia din func\u021bie"}]},{"@type":"WebSite","@id":"https:\/\/cronicahd.ro\/#website","url":"https:\/\/cronicahd.ro\/","name":"","description":"","potentialAction":[{"@type":"SearchAction","target":{"@type":"EntryPoint","urlTemplate":"https:\/\/cronicahd.ro\/?s={search_term_string}"},"query-input":{"@type":"PropertyValueSpecification","valueRequired":true,"valueName":"search_term_string"}}],"inLanguage":"ro-RO"},{"@type":"Person","@id":"https:\/\/cronicahd.ro\/#\/schema\/person\/d1a1277a8cd166610328e17aaf58bf46","name":"admin","image":{"@type":"ImageObject","inLanguage":"ro-RO","@id":"https:\/\/cronicahd.ro\/#\/schema\/person\/image\/","url":"https:\/\/secure.gravatar.com\/avatar\/24700337280d10898c2e0d19d44a05316bff9fccc941ecc5570ffe41668203f7?s=96&d=mm&r=g","contentUrl":"https:\/\/secure.gravatar.com\/avatar\/24700337280d10898c2e0d19d44a05316bff9fccc941ecc5570ffe41668203f7?s=96&d=mm&r=g","caption":"admin"},"sameAs":["https:\/\/cronicavj.ro"],"url":"https:\/\/cronicahd.ro\/?author=1"}]}},"_links":{"self":[{"href":"https:\/\/cronicahd.ro\/index.php?rest_route=\/wp\/v2\/posts\/8437","targetHints":{"allow":["GET"]}}],"collection":[{"href":"https:\/\/cronicahd.ro\/index.php?rest_route=\/wp\/v2\/posts"}],"about":[{"href":"https:\/\/cronicahd.ro\/index.php?rest_route=\/wp\/v2\/types\/post"}],"author":[{"embeddable":true,"href":"https:\/\/cronicahd.ro\/index.php?rest_route=\/wp\/v2\/users\/1"}],"replies":[{"embeddable":true,"href":"https:\/\/cronicahd.ro\/index.php?rest_route=%2Fwp%2Fv2%2Fcomments&post=8437"}],"version-history":[{"count":1,"href":"https:\/\/cronicahd.ro\/index.php?rest_route=\/wp\/v2\/posts\/8437\/revisions"}],"predecessor-version":[{"id":8439,"href":"https:\/\/cronicahd.ro\/index.php?rest_route=\/wp\/v2\/posts\/8437\/revisions\/8439"}],"wp:featuredmedia":[{"embeddable":true,"href":"https:\/\/cronicahd.ro\/index.php?rest_route=\/wp\/v2\/media\/8438"}],"wp:attachment":[{"href":"https:\/\/cronicahd.ro\/index.php?rest_route=%2Fwp%2Fv2%2Fmedia&parent=8437"}],"wp:term":[{"taxonomy":"category","embeddable":true,"href":"https:\/\/cronicahd.ro\/index.php?rest_route=%2Fwp%2Fv2%2Fcategories&post=8437"},{"taxonomy":"post_tag","embeddable":true,"href":"https:\/\/cronicahd.ro\/index.php?rest_route=%2Fwp%2Fv2%2Ftags&post=8437"}],"curies":[{"name":"wp","href":"https:\/\/api.w.org\/{rel}","templated":true}]}}