{"id":8422,"date":"2026-04-28T12:30:58","date_gmt":"2026-04-28T12:30:58","guid":{"rendered":"https:\/\/cronicahd.ro\/?p=8422"},"modified":"2026-04-28T12:30:58","modified_gmt":"2026-04-28T12:30:58","slug":"calatorie-in-timp-pentru-30-de-copii-defavorizati-care-au-asistat-in-premiera-la-un-spectacol-de-circ","status":"publish","type":"post","link":"https:\/\/cronicahd.ro\/?p=8422","title":{"rendered":"\u201eC\u0103l\u0103torie \u00een timp\u201d pentru 30 de copii defavoriza\u021bi, care au asistat, \u00een premier\u0103, la un spectacol de circ"},"content":{"rendered":"<p class=\"s3\"><span class=\"s4\"><span class=\"bumpedFont15\">Peste 30 de copii defavoriza\u021bi, cu v\u00e2rste \u00eentre <\/span><\/span><span class=\"s4\"><span class=\"bumpedFont15\">3 \u0219i 14 ani, din zonele Nicolae <\/span><\/span><span class=\"s4\"><span class=\"bumpedFont15\">G<\/span><\/span><span class=\"s4\"><span class=\"bumpedFont15\">rigorescu, <\/span><\/span><span class=\"s4\"><span class=\"bumpedFont15\">Dacia \u0219i malul Mure\u0219ului, <\/span><\/span><span class=\"s4\"><span class=\"bumpedFont15\">\u0219i-au \u00eembr\u0103cat cele mai <\/span><\/span><span class=\"s4\"><span class=\"bumpedFont15\">bune haine<\/span><\/span><span class=\"s4\"><span class=\"bumpedFont15\">,<\/span><\/span> <span class=\"s4\"><span class=\"bumpedFont15\">ca s\u0103 <\/span><\/span><span class=\"s4\"><span class=\"bumpedFont15\">particip<\/span><\/span><span class=\"s4\"><span class=\"bumpedFont15\">e<\/span><\/span><span class=\"s4\"><span class=\"bumpedFont15\">,<\/span><\/span><span class=\"s4\"><span class=\"bumpedFont15\"> \u00een <\/span><\/span><span class=\"s4\"><span class=\"bumpedFont15\">premi<\/span><\/span><span class=\"s4\"><span class=\"bumpedFont15\">e<\/span><\/span><span class=\"s4\"><span class=\"bumpedFont15\">r\u0103, la <\/span><\/span><span class=\"s4\"><span class=\"bumpedFont15\">un spectacol de circ<\/span><\/span><span class=\"s4\"><span class=\"bumpedFont15\"> &#8211; <\/span><\/span><span class=\"s4\"><span class=\"bumpedFont15\">90 <\/span><\/span><span class=\"s4\"><span class=\"bumpedFont15\">de minute de <\/span><\/span><span class=\"s4\"><span class=\"bumpedFont15\">magie<\/span><\/span><span class=\"s4\"><span class=\"bumpedFont15\">,<\/span><\/span> <span class=\"s4\"><span class=\"bumpedFont15\">\u00eentr-<\/span><\/span><span class=\"s4\"><span class=\"bumpedFont15\">o <\/span><\/span><span class=\"s4\"><span class=\"bumpedFont15\">\u201dC<\/span><\/span><span class=\"s4\"><span class=\"bumpedFont15\">\u0103l\u0103torie \u00een timp<\/span><\/span><span class=\"s4\"><span class=\"bumpedFont15\">\u201d<\/span><\/span><span class=\"s4\"><span class=\"bumpedFont15\">, <\/span><\/span><span class=\"s4\"><span class=\"bumpedFont15\">cu decoruri <\/span><\/span><span class=\"s4\"><span class=\"bumpedFont15\">impresionante<\/span><\/span><span class=\"s4\"><span class=\"bumpedFont15\"> \u0219i o coloan\u0103 sonor\u0103 <\/span><\/span><span class=\"s4\"><span class=\"bumpedFont15\">vibrant\u0103<\/span><\/span><span class=\"s4\"><span class=\"bumpedFont15\">.<\/span><\/span><\/p>\n<p><img loading=\"lazy\" decoding=\"async\" class=\"alignnone size-full wp-image-8425\" src=\"https:\/\/cronicahd.ro\/wp-content\/uploads\/2026\/04\/14.jpeg\" alt=\"\" width=\"1465\" height=\"1526\" srcset=\"https:\/\/cronicahd.ro\/wp-content\/uploads\/2026\/04\/14.jpeg 1465w, https:\/\/cronicahd.ro\/wp-content\/uploads\/2026\/04\/14-288x300.jpeg 288w, https:\/\/cronicahd.ro\/wp-content\/uploads\/2026\/04\/14-983x1024.jpeg 983w, https:\/\/cronicahd.ro\/wp-content\/uploads\/2026\/04\/14-768x800.jpeg 768w, https:\/\/cronicahd.ro\/wp-content\/uploads\/2026\/04\/14-1024x1067.jpeg 1024w\" sizes=\"auto, (max-width: 1465px) 100vw, 1465px\" \/><\/p>\n<p class=\"s3\"><span class=\"s4\">\u00a0<\/span><span class=\"s4\"><span class=\"bumpedFont15\">Ac\u021biunea a f\u0103cut parte din<\/span><\/span> <span class=\"s4\"><span class=\"bumpedFont15\">seri<\/span><\/span><span class=\"s4\"><span class=\"bumpedFont15\">a activit\u0103\u021bilor pe care <\/span><\/span><span class=\"s4\"><span class=\"bumpedFont15\">Direc\u021bia de Asisten\u021b\u0103 Social\u0103 Deva<\/span><\/span> <span class=\"s4\"><span class=\"bumpedFont15\">le<\/span><\/span> <span class=\"s4\"><span class=\"bumpedFont15\">desf\u0103\u0219<\/span><\/span><span class=\"s4\"><span class=\"bumpedFont15\">oar\u0103<\/span><\/span> <span class=\"s4\"><span class=\"bumpedFont15\">\u00een cadrul unui program educa\u021bional<\/span><\/span><span class=\"s4\"><span class=\"bumpedFont15\">,<\/span><\/span><span class=\"s4\"><span class=\"bumpedFont15\"> destinat copiilor din medii defavorizate<\/span><\/span><span class=\"s4\"><span class=\"bumpedFont15\">.<\/span><\/span><\/p>\n<p class=\"s3\"><span class=\"s4\"> <img loading=\"lazy\" decoding=\"async\" class=\"alignnone size-full wp-image-8424\" src=\"https:\/\/cronicahd.ro\/wp-content\/uploads\/2026\/04\/2-1.jpeg\" alt=\"\" width=\"2040\" height=\"1404\" srcset=\"https:\/\/cronicahd.ro\/wp-content\/uploads\/2026\/04\/2-1.jpeg 2040w, https:\/\/cronicahd.ro\/wp-content\/uploads\/2026\/04\/2-1-300x206.jpeg 300w, https:\/\/cronicahd.ro\/wp-content\/uploads\/2026\/04\/2-1-1024x705.jpeg 1024w, https:\/\/cronicahd.ro\/wp-content\/uploads\/2026\/04\/2-1-768x529.jpeg 768w, https:\/\/cronicahd.ro\/wp-content\/uploads\/2026\/04\/2-1-1536x1057.jpeg 1536w\" sizes=\"auto, (max-width: 2040px) 100vw, 2040px\" \/><\/span><\/p>\n<p class=\"s3\"><span class=\"s4\"><span class=\"bumpedFont15\">Spre surprinderea lor, copiii <\/span><\/span><span class=\"s4\"><span class=\"bumpedFont15\">au fost<\/span><\/span><span class=\"s4\"><span class=\"bumpedFont15\"> invita\u021bi <\/span><\/span><span class=\"s4\"><span class=\"bumpedFont15\">de<\/span><\/span><span class=\"s4\"><span class=\"bumpedFont15\"> cl<\/span><\/span><span class=\"s4\"><span class=\"bumpedFont15\">o<\/span><\/span><span class=\"s4\"><span class=\"bumpedFont15\">vn<\/span><\/span><span class=\"s4\"><span class=\"bumpedFont15\">i<\/span><\/span><span class=\"s4\"><span class=\"bumpedFont15\"> \u00een aren\u0103<\/span><\/span><span class=\"s4\"><span class=\"bumpedFont15\">,<\/span><\/span><span class=\"s4\"><span class=\"bumpedFont15\">chiar <\/span><\/span><span class=\"s4\"><span class=\"bumpedFont15\">la primul num\u0103r din spectacol, iar la sf\u00e2r<\/span><\/span><span class=\"s4\"><span class=\"bumpedFont15\">\u0219itul reprezenta\u021biei<\/span><\/span><span class=\"s4\"><span class=\"bumpedFont15\">,<\/span><\/span> <span class=\"s4\"><span class=\"bumpedFont15\">s-au fotog<\/span><\/span><span class=\"s4\"><span class=\"bumpedFont15\">rafiat <\/span><\/span><span class=\"s4\"><span class=\"bumpedFont15\">al\u0103turi de<\/span><\/span><span class=\"s4\"><span class=\"bumpedFont15\"> Sonny Medi<\/span><\/span><span class=\"s4\"><span class=\"bumpedFont15\">ni<\/span><\/span><span class=\"s4\"><span class=\"bumpedFont15\">,<\/span><\/span> <span class=\"s4\"><span class=\"bumpedFont15\">artistul <\/span><\/span><span class=\"s4\"><span class=\"bumpedFont15\">care duce mai departe tradi\u021bia a cinci genera\u021bii de circari <\/span><\/span><span class=\"s4\"><span class=\"bumpedFont15\">italieni<\/span><\/span><span class=\"s4\"><span class=\"bumpedFont15\">.<\/span><\/span><\/p>\n<p class=\"s3\"><span class=\"s4\"> <img loading=\"lazy\" decoding=\"async\" class=\"alignnone size-full wp-image-8423\" src=\"https:\/\/cronicahd.ro\/wp-content\/uploads\/2026\/04\/1-1.jpeg\" alt=\"\" width=\"2040\" height=\"1129\" srcset=\"https:\/\/cronicahd.ro\/wp-content\/uploads\/2026\/04\/1-1.jpeg 2040w, https:\/\/cronicahd.ro\/wp-content\/uploads\/2026\/04\/1-1-300x166.jpeg 300w, https:\/\/cronicahd.ro\/wp-content\/uploads\/2026\/04\/1-1-1024x567.jpeg 1024w, https:\/\/cronicahd.ro\/wp-content\/uploads\/2026\/04\/1-1-768x425.jpeg 768w, https:\/\/cronicahd.ro\/wp-content\/uploads\/2026\/04\/1-1-1536x850.jpeg 1536w\" sizes=\"auto, (max-width: 2040px) 100vw, 2040px\" \/><\/span><\/p>\n<p class=\"s3\"><span class=\"s4\"><span class=\"bumpedFont15\">Fascina\u021bi de atmosfera <\/span><\/span><span class=\"s4\"><span class=\"bumpedFont15\">din aren\u0103<\/span><\/span><span class=\"s4\"><span class=\"bumpedFont15\">, <\/span><\/span><span class=\"s4\"><span class=\"bumpedFont15\">copiii au <\/span><\/span><span class=\"s4\"><span class=\"bumpedFont15\">descoperit c\u0103 lumea circului e<\/span><\/span><span class=\"s4\"><span class=\"bumpedFont15\">ste<\/span><\/span><span class=\"s4\"><span class=\"bumpedFont15\"> plin\u0103 de surprize \u0219i curiorit\u0103\u021bi. <\/span><\/span><\/p>\n<p class=\"s3\"><span class=\"s4\"><span class=\"bumpedFont15\">S<\/span><\/span><span class=\"s4\"><span class=\"bumpedFont15\">pectacolul alert<\/span><\/span><span class=\"s4\"><span class=\"bumpedFont15\"> i<\/span><\/span><span class=\"s4\"><span class=\"bumpedFont15\">&#8211;<\/span><\/span><span class=\"s4\"><span class=\"bumpedFont15\">a captivat <\/span><\/span><span class=\"s4\"><span class=\"bumpedFont15\">\u0219i au urm\u0103rit impresiona\u021bi<\/span><\/span> <span class=\"s4\"><span class=\"bumpedFont15\">numere<\/span><\/span><span class=\"s4\"><span class=\"bumpedFont15\">le <\/span><\/span><span class=\"s4\"><span class=\"bumpedFont15\">de <\/span><\/span><span class=\"s4\"><span class=\"bumpedFont15\">a<\/span><\/span><span class=\"s4\"><span class=\"bumpedFont15\">croba\u021bi<\/span><\/span><span class=\"s4\"><span class=\"bumpedFont15\">e<\/span><\/span><span class=\"s4\"><span class=\"bumpedFont15\"> la \u00een\u0103l\u021bime<\/span><\/span><span class=\"s4\"><span class=\"bumpedFont15\">, <\/span><\/span><span class=\"s4\"><span class=\"bumpedFont15\">gimnastic\u0103, echilibristic\u0103<\/span><\/span><span class=\"s4\"><span class=\"bumpedFont15\"> \u0219i<\/span><\/span><span class=\"s4\"><span class=\"bumpedFont15\"> for\u021b\u0103<\/span><\/span><span class=\"s4\"><span class=\"bumpedFont15\">, <\/span><\/span><span class=\"s4\"><span class=\"bumpedFont15\">contorsionism<\/span><\/span><span class=\"s4\"><span class=\"bumpedFont15\"> \u0219i<\/span><\/span> <span class=\"s4\"><span class=\"bumpedFont15\">jongleri<\/span><\/span><span class=\"s4\"><span class=\"bumpedFont15\">e<\/span><\/span><span class=\"s4\"><span class=\"bumpedFont15\">,<\/span><\/span> <span class=\"s4\"><span class=\"bumpedFont15\">combinate cu<\/span><\/span> <span class=\"s4\"><span class=\"bumpedFont15\">giumbu\u0219lucuri<\/span><\/span><span class=\"s4\"><span class=\"bumpedFont15\">le clovnilor \u0219i cu un<\/span><\/span><span class=\"s4\"><span class=\"bumpedFont15\"> deco<\/span><\/span><span class=\"s4\"><span class=\"bumpedFont15\">r<\/span><\/span> <span class=\"s4\"><span class=\"bumpedFont15\">de lumini \u0219i efecte speciale, <\/span><\/span><span class=\"s4\"><span class=\"bumpedFont15\">creat <\/span><\/span><span class=\"s4\"><span class=\"bumpedFont15\">anume pentru <\/span><\/span><span class=\"s4\"><span class=\"bumpedFont15\">reu\u0219ita unei<\/span><\/span> <span class=\"s4\"><span class=\"bumpedFont15\">c<\/span><\/span><span class=\"s4\"><span class=\"bumpedFont15\">\u0103l\u0103tori<\/span><\/span><span class=\"s4\"><span class=\"bumpedFont15\"> \u00een timp<\/span><\/span><span class=\"s4\"><span class=\"bumpedFont15\">, care s-a \u00eencheiat cu parada arti\u0219tilor<\/span><\/span><span class=\"s4\"><span class=\"bumpedFont15\">.<\/span><\/span><\/p>\n<p class=\"s3\"><span class=\"s4\">\u00a0<\/span><\/p>\n<p class=\"s3\"><span class=\"s2\"><span class=\"bumpedFont15\">Direc\u021bia de Asisten\u021b\u0103 Social\u0103 Deva<\/span><\/span><\/p>\n","protected":false},"excerpt":{"rendered":"<p>Peste 30 de copii defavoriza\u021bi, cu v\u00e2rste \u00eentre 3 \u0219i 14 ani, din zonele Nicolae&#8230;<\/p>\n","protected":false},"author":1,"featured_media":8426,"comment_status":"closed","ping_status":"closed","sticky":false,"template":"","format":"standard","meta":{"footnotes":""},"categories":[1,14],"tags":[],"class_list":["post-8422","post","type-post","status-publish","format-standard","has-post-thumbnail","hentry","category-actual","category-social"],"yoast_head":"<!-- This site is optimized with the Yoast SEO plugin v25.3.1 - https:\/\/yoast.com\/wordpress\/plugins\/seo\/ -->\n<title>\u201eC\u0103l\u0103torie \u00een timp\u201d pentru 30 de copii defavoriza\u021bi, care au asistat, \u00een premier\u0103, la un spectacol de circ -<\/title>\n<meta name=\"robots\" content=\"index, follow, max-snippet:-1, max-image-preview:large, max-video-preview:-1\" \/>\n<link rel=\"canonical\" href=\"https:\/\/cronicahd.ro\/?p=8422\" \/>\n<meta property=\"og:locale\" content=\"ro_RO\" \/>\n<meta property=\"og:type\" content=\"article\" \/>\n<meta property=\"og:title\" content=\"\u201eC\u0103l\u0103torie \u00een timp\u201d pentru 30 de copii defavoriza\u021bi, care au asistat, \u00een premier\u0103, la un spectacol de circ -\" \/>\n<meta property=\"og:description\" content=\"Peste 30 de copii defavoriza\u021bi, cu v\u00e2rste \u00eentre 3 \u0219i 14 ani, din zonele Nicolae...\" \/>\n<meta property=\"og:url\" content=\"https:\/\/cronicahd.ro\/?p=8422\" \/>\n<meta property=\"article:published_time\" content=\"2026-04-28T12:30:58+00:00\" \/>\n<meta property=\"og:image\" content=\"https:\/\/cronicahd.ro\/wp-content\/uploads\/2026\/04\/15.jpeg\" \/>\n\t<meta property=\"og:image:width\" content=\"1485\" \/>\n\t<meta property=\"og:image:height\" content=\"838\" \/>\n\t<meta property=\"og:image:type\" content=\"image\/jpeg\" \/>\n<meta name=\"author\" content=\"admin\" \/>\n<meta name=\"twitter:card\" content=\"summary_large_image\" \/>\n<meta name=\"twitter:label1\" content=\"Scris de\" \/>\n\t<meta name=\"twitter:data1\" content=\"admin\" \/>\n\t<meta name=\"twitter:label2\" content=\"Timp estimat pentru citire\" \/>\n\t<meta name=\"twitter:data2\" content=\"2 minute\" \/>\n<script type=\"application\/ld+json\" class=\"yoast-schema-graph\">{\"@context\":\"https:\/\/schema.org\",\"@graph\":[{\"@type\":\"WebPage\",\"@id\":\"https:\/\/cronicahd.ro\/?p=8422\",\"url\":\"https:\/\/cronicahd.ro\/?p=8422\",\"name\":\"\u201eC\u0103l\u0103torie \u00een timp\u201d pentru 30 de copii defavoriza\u021bi, care au asistat, \u00een premier\u0103, la un spectacol de circ -\",\"isPartOf\":{\"@id\":\"https:\/\/cronicahd.ro\/#website\"},\"primaryImageOfPage\":{\"@id\":\"https:\/\/cronicahd.ro\/?p=8422#primaryimage\"},\"image\":{\"@id\":\"https:\/\/cronicahd.ro\/?p=8422#primaryimage\"},\"thumbnailUrl\":\"https:\/\/cronicahd.ro\/wp-content\/uploads\/2026\/04\/15.jpeg\",\"datePublished\":\"2026-04-28T12:30:58+00:00\",\"author\":{\"@id\":\"https:\/\/cronicahd.ro\/#\/schema\/person\/d1a1277a8cd166610328e17aaf58bf46\"},\"breadcrumb\":{\"@id\":\"https:\/\/cronicahd.ro\/?p=8422#breadcrumb\"},\"inLanguage\":\"ro-RO\",\"potentialAction\":[{\"@type\":\"ReadAction\",\"target\":[\"https:\/\/cronicahd.ro\/?p=8422\"]}]},{\"@type\":\"ImageObject\",\"inLanguage\":\"ro-RO\",\"@id\":\"https:\/\/cronicahd.ro\/?p=8422#primaryimage\",\"url\":\"https:\/\/cronicahd.ro\/wp-content\/uploads\/2026\/04\/15.jpeg\",\"contentUrl\":\"https:\/\/cronicahd.ro\/wp-content\/uploads\/2026\/04\/15.jpeg\",\"width\":1485,\"height\":838},{\"@type\":\"BreadcrumbList\",\"@id\":\"https:\/\/cronicahd.ro\/?p=8422#breadcrumb\",\"itemListElement\":[{\"@type\":\"ListItem\",\"position\":1,\"name\":\"Prima pagin\u0103\",\"item\":\"https:\/\/cronicahd.ro\/\"},{\"@type\":\"ListItem\",\"position\":2,\"name\":\"\u201eC\u0103l\u0103torie \u00een timp\u201d pentru 30 de copii defavoriza\u021bi, care au asistat, \u00een premier\u0103, la un spectacol de circ\"}]},{\"@type\":\"WebSite\",\"@id\":\"https:\/\/cronicahd.ro\/#website\",\"url\":\"https:\/\/cronicahd.ro\/\",\"name\":\"\",\"description\":\"\",\"potentialAction\":[{\"@type\":\"SearchAction\",\"target\":{\"@type\":\"EntryPoint\",\"urlTemplate\":\"https:\/\/cronicahd.ro\/?s={search_term_string}\"},\"query-input\":{\"@type\":\"PropertyValueSpecification\",\"valueRequired\":true,\"valueName\":\"search_term_string\"}}],\"inLanguage\":\"ro-RO\"},{\"@type\":\"Person\",\"@id\":\"https:\/\/cronicahd.ro\/#\/schema\/person\/d1a1277a8cd166610328e17aaf58bf46\",\"name\":\"admin\",\"image\":{\"@type\":\"ImageObject\",\"inLanguage\":\"ro-RO\",\"@id\":\"https:\/\/cronicahd.ro\/#\/schema\/person\/image\/\",\"url\":\"https:\/\/secure.gravatar.com\/avatar\/24700337280d10898c2e0d19d44a05316bff9fccc941ecc5570ffe41668203f7?s=96&d=mm&r=g\",\"contentUrl\":\"https:\/\/secure.gravatar.com\/avatar\/24700337280d10898c2e0d19d44a05316bff9fccc941ecc5570ffe41668203f7?s=96&d=mm&r=g\",\"caption\":\"admin\"},\"sameAs\":[\"https:\/\/cronicavj.ro\"],\"url\":\"https:\/\/cronicahd.ro\/?author=1\"}]}<\/script>\n<!-- \/ Yoast SEO plugin. -->","yoast_head_json":{"title":"\u201eC\u0103l\u0103torie \u00een timp\u201d pentru 30 de copii defavoriza\u021bi, care au asistat, \u00een premier\u0103, la un spectacol de circ -","robots":{"index":"index","follow":"follow","max-snippet":"max-snippet:-1","max-image-preview":"max-image-preview:large","max-video-preview":"max-video-preview:-1"},"canonical":"https:\/\/cronicahd.ro\/?p=8422","og_locale":"ro_RO","og_type":"article","og_title":"\u201eC\u0103l\u0103torie \u00een timp\u201d pentru 30 de copii defavoriza\u021bi, care au asistat, \u00een premier\u0103, la un spectacol de circ -","og_description":"Peste 30 de copii defavoriza\u021bi, cu v\u00e2rste \u00eentre 3 \u0219i 14 ani, din zonele Nicolae...","og_url":"https:\/\/cronicahd.ro\/?p=8422","article_published_time":"2026-04-28T12:30:58+00:00","og_image":[{"width":1485,"height":838,"url":"https:\/\/cronicahd.ro\/wp-content\/uploads\/2026\/04\/15.jpeg","type":"image\/jpeg"}],"author":"admin","twitter_card":"summary_large_image","twitter_misc":{"Scris de":"admin","Timp estimat pentru citire":"2 minute"},"schema":{"@context":"https:\/\/schema.org","@graph":[{"@type":"WebPage","@id":"https:\/\/cronicahd.ro\/?p=8422","url":"https:\/\/cronicahd.ro\/?p=8422","name":"\u201eC\u0103l\u0103torie \u00een timp\u201d pentru 30 de copii defavoriza\u021bi, care au asistat, \u00een premier\u0103, la un spectacol de circ -","isPartOf":{"@id":"https:\/\/cronicahd.ro\/#website"},"primaryImageOfPage":{"@id":"https:\/\/cronicahd.ro\/?p=8422#primaryimage"},"image":{"@id":"https:\/\/cronicahd.ro\/?p=8422#primaryimage"},"thumbnailUrl":"https:\/\/cronicahd.ro\/wp-content\/uploads\/2026\/04\/15.jpeg","datePublished":"2026-04-28T12:30:58+00:00","author":{"@id":"https:\/\/cronicahd.ro\/#\/schema\/person\/d1a1277a8cd166610328e17aaf58bf46"},"breadcrumb":{"@id":"https:\/\/cronicahd.ro\/?p=8422#breadcrumb"},"inLanguage":"ro-RO","potentialAction":[{"@type":"ReadAction","target":["https:\/\/cronicahd.ro\/?p=8422"]}]},{"@type":"ImageObject","inLanguage":"ro-RO","@id":"https:\/\/cronicahd.ro\/?p=8422#primaryimage","url":"https:\/\/cronicahd.ro\/wp-content\/uploads\/2026\/04\/15.jpeg","contentUrl":"https:\/\/cronicahd.ro\/wp-content\/uploads\/2026\/04\/15.jpeg","width":1485,"height":838},{"@type":"BreadcrumbList","@id":"https:\/\/cronicahd.ro\/?p=8422#breadcrumb","itemListElement":[{"@type":"ListItem","position":1,"name":"Prima pagin\u0103","item":"https:\/\/cronicahd.ro\/"},{"@type":"ListItem","position":2,"name":"\u201eC\u0103l\u0103torie \u00een timp\u201d pentru 30 de copii defavoriza\u021bi, care au asistat, \u00een premier\u0103, la un spectacol de circ"}]},{"@type":"WebSite","@id":"https:\/\/cronicahd.ro\/#website","url":"https:\/\/cronicahd.ro\/","name":"","description":"","potentialAction":[{"@type":"SearchAction","target":{"@type":"EntryPoint","urlTemplate":"https:\/\/cronicahd.ro\/?s={search_term_string}"},"query-input":{"@type":"PropertyValueSpecification","valueRequired":true,"valueName":"search_term_string"}}],"inLanguage":"ro-RO"},{"@type":"Person","@id":"https:\/\/cronicahd.ro\/#\/schema\/person\/d1a1277a8cd166610328e17aaf58bf46","name":"admin","image":{"@type":"ImageObject","inLanguage":"ro-RO","@id":"https:\/\/cronicahd.ro\/#\/schema\/person\/image\/","url":"https:\/\/secure.gravatar.com\/avatar\/24700337280d10898c2e0d19d44a05316bff9fccc941ecc5570ffe41668203f7?s=96&d=mm&r=g","contentUrl":"https:\/\/secure.gravatar.com\/avatar\/24700337280d10898c2e0d19d44a05316bff9fccc941ecc5570ffe41668203f7?s=96&d=mm&r=g","caption":"admin"},"sameAs":["https:\/\/cronicavj.ro"],"url":"https:\/\/cronicahd.ro\/?author=1"}]}},"_links":{"self":[{"href":"https:\/\/cronicahd.ro\/index.php?rest_route=\/wp\/v2\/posts\/8422","targetHints":{"allow":["GET"]}}],"collection":[{"href":"https:\/\/cronicahd.ro\/index.php?rest_route=\/wp\/v2\/posts"}],"about":[{"href":"https:\/\/cronicahd.ro\/index.php?rest_route=\/wp\/v2\/types\/post"}],"author":[{"embeddable":true,"href":"https:\/\/cronicahd.ro\/index.php?rest_route=\/wp\/v2\/users\/1"}],"replies":[{"embeddable":true,"href":"https:\/\/cronicahd.ro\/index.php?rest_route=%2Fwp%2Fv2%2Fcomments&post=8422"}],"version-history":[{"count":1,"href":"https:\/\/cronicahd.ro\/index.php?rest_route=\/wp\/v2\/posts\/8422\/revisions"}],"predecessor-version":[{"id":8427,"href":"https:\/\/cronicahd.ro\/index.php?rest_route=\/wp\/v2\/posts\/8422\/revisions\/8427"}],"wp:featuredmedia":[{"embeddable":true,"href":"https:\/\/cronicahd.ro\/index.php?rest_route=\/wp\/v2\/media\/8426"}],"wp:attachment":[{"href":"https:\/\/cronicahd.ro\/index.php?rest_route=%2Fwp%2Fv2%2Fmedia&parent=8422"}],"wp:term":[{"taxonomy":"category","embeddable":true,"href":"https:\/\/cronicahd.ro\/index.php?rest_route=%2Fwp%2Fv2%2Fcategories&post=8422"},{"taxonomy":"post_tag","embeddable":true,"href":"https:\/\/cronicahd.ro\/index.php?rest_route=%2Fwp%2Fv2%2Ftags&post=8422"}],"curies":[{"name":"wp","href":"https:\/\/api.w.org\/{rel}","templated":true}]}}