{"id":8420,"date":"2026-04-28T10:50:02","date_gmt":"2026-04-28T10:50:02","guid":{"rendered":"https:\/\/cronicahd.ro\/?p=8420"},"modified":"2026-04-28T10:50:02","modified_gmt":"2026-04-28T10:50:02","slug":"cutitar-prins-in-zona-primariei","status":"publish","type":"post","link":"https:\/\/cronicahd.ro\/?p=8420","title":{"rendered":"Cu\u021bitar prins \u00een zona prim\u0103riei"},"content":{"rendered":"<p>&nbsp;<\/p>\n<p>Un b\u0103rbat a fost re\u021binut, dup\u0103 ce a fost prins \u00een flagrant, \u00een timp ce, cu un cu\u021bit \u00een m\u00e2n\u0103 \u0219i alte obiecte de acela\u0219i fel prin buzunare, era gata s\u0103 atace. Incidentul s-a petrecut la Hunedoara \u0219i se pare c\u0103 acesta avusese un conflict cu o angajat\u0103 a prim\u0103riei.<\/p>\n<p>&#8222;La data de 24 aprilie 2026, \u00een jurul orei 12:45, Poli\u021bia Municipiului Hunedoara a fost sesizat\u0103 telefonic de c\u0103tre Poli\u021bia Local\u0103 Hunedoara cu privire la faptul c\u0103, \u00een fa\u021ba Prim\u0103riei municipiului, se afl\u0103 o persoan\u0103 care are asupra sa un cu\u021bit \u0219i manifest\u0103 un comportament amenin\u021b\u0103tor. La fa\u021ba locului s-a deplasat de urgen\u021b\u0103 o patrul\u0103 de ordine public\u0103, care a stabilit c\u0103, \u00een cursul aceleia\u0219i zile, \u00een jurul orei 12:00, un b\u0103rbat a observat o persoan\u0103 de sex masculin deplas\u00e2ndu-se prin parcul situat \u00een spatele Prim\u0103riei Hunedoara, av\u00e2nd un cu\u021bit \u00een m\u00e2n\u0103. Acesta a sesizat Poli\u021bia Local\u0103, iar poli\u021bi\u0219tii locali au intervenit \u0219i au oprit persoana \u00een fa\u021ba institu\u021biei&#8221;, se arat\u0103 \u00een comunicatul IPJ Hunedoara.<\/p>\n<p>\u00cen urma verific\u0103rilor efectuate de patrula de ordine public\u0103, s-a stabilit c\u0103 persoana \u00een cauz\u0103 este un b\u0103rbat de 60 de ani, din municipiul Hunedoara. \u00cen urma controlului corporal, asupra acestuia au fost identificate trei cu\u021bite, un burghiu metalic cu v\u00e2rf ascu\u021bit, un patent \u0219i o pil\u0103. B\u0103rbatul se afla a\u0219ezat pe o banc\u0103, a avut un comportament calm \u0219i a fost cooperant pe \u00eentreaga durat\u0103 a interven\u021biei.<\/p>\n<p>De asemenea, din discu\u021biile purtate cu poli\u021bi\u0219tii locali, a reie\u0219it faptul c\u0103, \u00een data de 22 aprilie 2026, b\u0103rbatul s-ar fi prezentat la Prim\u0103ria Hunedoara, unde, pe fondul nemul\u021bumirii fa\u021b\u0103 de r\u0103spunsul primit la o sesizare, ar fi adresat amenin\u021b\u0103ri unei angajate.<\/p>\n<p>La fa\u021ba locului a fost solicitat un echipaj medical, care a preluat persoana \u0219i a transportat-o la Spitalul Municipal Hunedoara, \u00een vederea efectu\u0103rii unui consult de specialitate.<\/p>\n<p>\u00cen cauz\u0103 a fost \u00eentocmit dosar penal, iar poli\u021bi\u0219tii continu\u0103 cercet\u0103rile pentru clarificarea tuturor \u00eemprejur\u0103rilor \u0219i dispunerea m\u0103surilor legale.<\/p>\n<p>foto ilustrativ\u0103<\/p>\n","protected":false},"excerpt":{"rendered":"<p>&nbsp; Un b\u0103rbat a fost re\u021binut, dup\u0103 ce a fost prins \u00een flagrant, \u00een timp&#8230;<\/p>\n","protected":false},"author":1,"featured_media":7081,"comment_status":"closed","ping_status":"closed","sticky":false,"template":"","format":"standard","meta":{"footnotes":""},"categories":[1,15],"tags":[],"class_list":["post-8420","post","type-post","status-publish","format-standard","has-post-thumbnail","hentry","category-actual","category-eveniment"],"yoast_head":"<!-- This site is optimized with the Yoast SEO plugin v25.3.1 - https:\/\/yoast.com\/wordpress\/plugins\/seo\/ -->\n<title>Cu\u021bitar prins \u00een zona prim\u0103riei -<\/title>\n<meta name=\"robots\" content=\"index, follow, max-snippet:-1, max-image-preview:large, max-video-preview:-1\" \/>\n<link rel=\"canonical\" href=\"https:\/\/cronicahd.ro\/?p=8420\" \/>\n<meta property=\"og:locale\" content=\"ro_RO\" \/>\n<meta property=\"og:type\" content=\"article\" \/>\n<meta property=\"og:title\" content=\"Cu\u021bitar prins \u00een zona prim\u0103riei -\" \/>\n<meta property=\"og:description\" content=\"&nbsp; Un b\u0103rbat a fost re\u021binut, dup\u0103 ce a fost prins \u00een flagrant, \u00een timp...\" \/>\n<meta property=\"og:url\" content=\"https:\/\/cronicahd.ro\/?p=8420\" \/>\n<meta property=\"article:published_time\" content=\"2026-04-28T10:50:02+00:00\" \/>\n<meta property=\"og:image\" content=\"https:\/\/cronicahd.ro\/wp-content\/uploads\/2026\/03\/pol.jpg\" \/>\n\t<meta property=\"og:image:width\" content=\"300\" \/>\n\t<meta property=\"og:image:height\" content=\"168\" \/>\n\t<meta property=\"og:image:type\" content=\"image\/jpeg\" \/>\n<meta name=\"author\" content=\"admin\" \/>\n<meta name=\"twitter:card\" content=\"summary_large_image\" \/>\n<meta name=\"twitter:label1\" content=\"Scris de\" \/>\n\t<meta name=\"twitter:data1\" content=\"admin\" \/>\n\t<meta name=\"twitter:label2\" content=\"Timp estimat pentru citire\" \/>\n\t<meta name=\"twitter:data2\" content=\"2 minute\" \/>\n<script type=\"application\/ld+json\" class=\"yoast-schema-graph\">{\"@context\":\"https:\/\/schema.org\",\"@graph\":[{\"@type\":\"WebPage\",\"@id\":\"https:\/\/cronicahd.ro\/?p=8420\",\"url\":\"https:\/\/cronicahd.ro\/?p=8420\",\"name\":\"Cu\u021bitar prins \u00een zona prim\u0103riei -\",\"isPartOf\":{\"@id\":\"https:\/\/cronicahd.ro\/#website\"},\"primaryImageOfPage\":{\"@id\":\"https:\/\/cronicahd.ro\/?p=8420#primaryimage\"},\"image\":{\"@id\":\"https:\/\/cronicahd.ro\/?p=8420#primaryimage\"},\"thumbnailUrl\":\"https:\/\/cronicahd.ro\/wp-content\/uploads\/2026\/03\/pol.jpg\",\"datePublished\":\"2026-04-28T10:50:02+00:00\",\"author\":{\"@id\":\"https:\/\/cronicahd.ro\/#\/schema\/person\/d1a1277a8cd166610328e17aaf58bf46\"},\"breadcrumb\":{\"@id\":\"https:\/\/cronicahd.ro\/?p=8420#breadcrumb\"},\"inLanguage\":\"ro-RO\",\"potentialAction\":[{\"@type\":\"ReadAction\",\"target\":[\"https:\/\/cronicahd.ro\/?p=8420\"]}]},{\"@type\":\"ImageObject\",\"inLanguage\":\"ro-RO\",\"@id\":\"https:\/\/cronicahd.ro\/?p=8420#primaryimage\",\"url\":\"https:\/\/cronicahd.ro\/wp-content\/uploads\/2026\/03\/pol.jpg\",\"contentUrl\":\"https:\/\/cronicahd.ro\/wp-content\/uploads\/2026\/03\/pol.jpg\",\"width\":300,\"height\":168},{\"@type\":\"BreadcrumbList\",\"@id\":\"https:\/\/cronicahd.ro\/?p=8420#breadcrumb\",\"itemListElement\":[{\"@type\":\"ListItem\",\"position\":1,\"name\":\"Prima pagin\u0103\",\"item\":\"https:\/\/cronicahd.ro\/\"},{\"@type\":\"ListItem\",\"position\":2,\"name\":\"Cu\u021bitar prins \u00een zona prim\u0103riei\"}]},{\"@type\":\"WebSite\",\"@id\":\"https:\/\/cronicahd.ro\/#website\",\"url\":\"https:\/\/cronicahd.ro\/\",\"name\":\"\",\"description\":\"\",\"potentialAction\":[{\"@type\":\"SearchAction\",\"target\":{\"@type\":\"EntryPoint\",\"urlTemplate\":\"https:\/\/cronicahd.ro\/?s={search_term_string}\"},\"query-input\":{\"@type\":\"PropertyValueSpecification\",\"valueRequired\":true,\"valueName\":\"search_term_string\"}}],\"inLanguage\":\"ro-RO\"},{\"@type\":\"Person\",\"@id\":\"https:\/\/cronicahd.ro\/#\/schema\/person\/d1a1277a8cd166610328e17aaf58bf46\",\"name\":\"admin\",\"image\":{\"@type\":\"ImageObject\",\"inLanguage\":\"ro-RO\",\"@id\":\"https:\/\/cronicahd.ro\/#\/schema\/person\/image\/\",\"url\":\"https:\/\/secure.gravatar.com\/avatar\/24700337280d10898c2e0d19d44a05316bff9fccc941ecc5570ffe41668203f7?s=96&d=mm&r=g\",\"contentUrl\":\"https:\/\/secure.gravatar.com\/avatar\/24700337280d10898c2e0d19d44a05316bff9fccc941ecc5570ffe41668203f7?s=96&d=mm&r=g\",\"caption\":\"admin\"},\"sameAs\":[\"https:\/\/cronicavj.ro\"],\"url\":\"https:\/\/cronicahd.ro\/?author=1\"}]}<\/script>\n<!-- \/ Yoast SEO plugin. -->","yoast_head_json":{"title":"Cu\u021bitar prins \u00een zona prim\u0103riei -","robots":{"index":"index","follow":"follow","max-snippet":"max-snippet:-1","max-image-preview":"max-image-preview:large","max-video-preview":"max-video-preview:-1"},"canonical":"https:\/\/cronicahd.ro\/?p=8420","og_locale":"ro_RO","og_type":"article","og_title":"Cu\u021bitar prins \u00een zona prim\u0103riei -","og_description":"&nbsp; Un b\u0103rbat a fost re\u021binut, dup\u0103 ce a fost prins \u00een flagrant, \u00een timp...","og_url":"https:\/\/cronicahd.ro\/?p=8420","article_published_time":"2026-04-28T10:50:02+00:00","og_image":[{"width":300,"height":168,"url":"https:\/\/cronicahd.ro\/wp-content\/uploads\/2026\/03\/pol.jpg","type":"image\/jpeg"}],"author":"admin","twitter_card":"summary_large_image","twitter_misc":{"Scris de":"admin","Timp estimat pentru citire":"2 minute"},"schema":{"@context":"https:\/\/schema.org","@graph":[{"@type":"WebPage","@id":"https:\/\/cronicahd.ro\/?p=8420","url":"https:\/\/cronicahd.ro\/?p=8420","name":"Cu\u021bitar prins \u00een zona prim\u0103riei -","isPartOf":{"@id":"https:\/\/cronicahd.ro\/#website"},"primaryImageOfPage":{"@id":"https:\/\/cronicahd.ro\/?p=8420#primaryimage"},"image":{"@id":"https:\/\/cronicahd.ro\/?p=8420#primaryimage"},"thumbnailUrl":"https:\/\/cronicahd.ro\/wp-content\/uploads\/2026\/03\/pol.jpg","datePublished":"2026-04-28T10:50:02+00:00","author":{"@id":"https:\/\/cronicahd.ro\/#\/schema\/person\/d1a1277a8cd166610328e17aaf58bf46"},"breadcrumb":{"@id":"https:\/\/cronicahd.ro\/?p=8420#breadcrumb"},"inLanguage":"ro-RO","potentialAction":[{"@type":"ReadAction","target":["https:\/\/cronicahd.ro\/?p=8420"]}]},{"@type":"ImageObject","inLanguage":"ro-RO","@id":"https:\/\/cronicahd.ro\/?p=8420#primaryimage","url":"https:\/\/cronicahd.ro\/wp-content\/uploads\/2026\/03\/pol.jpg","contentUrl":"https:\/\/cronicahd.ro\/wp-content\/uploads\/2026\/03\/pol.jpg","width":300,"height":168},{"@type":"BreadcrumbList","@id":"https:\/\/cronicahd.ro\/?p=8420#breadcrumb","itemListElement":[{"@type":"ListItem","position":1,"name":"Prima pagin\u0103","item":"https:\/\/cronicahd.ro\/"},{"@type":"ListItem","position":2,"name":"Cu\u021bitar prins \u00een zona prim\u0103riei"}]},{"@type":"WebSite","@id":"https:\/\/cronicahd.ro\/#website","url":"https:\/\/cronicahd.ro\/","name":"","description":"","potentialAction":[{"@type":"SearchAction","target":{"@type":"EntryPoint","urlTemplate":"https:\/\/cronicahd.ro\/?s={search_term_string}"},"query-input":{"@type":"PropertyValueSpecification","valueRequired":true,"valueName":"search_term_string"}}],"inLanguage":"ro-RO"},{"@type":"Person","@id":"https:\/\/cronicahd.ro\/#\/schema\/person\/d1a1277a8cd166610328e17aaf58bf46","name":"admin","image":{"@type":"ImageObject","inLanguage":"ro-RO","@id":"https:\/\/cronicahd.ro\/#\/schema\/person\/image\/","url":"https:\/\/secure.gravatar.com\/avatar\/24700337280d10898c2e0d19d44a05316bff9fccc941ecc5570ffe41668203f7?s=96&d=mm&r=g","contentUrl":"https:\/\/secure.gravatar.com\/avatar\/24700337280d10898c2e0d19d44a05316bff9fccc941ecc5570ffe41668203f7?s=96&d=mm&r=g","caption":"admin"},"sameAs":["https:\/\/cronicavj.ro"],"url":"https:\/\/cronicahd.ro\/?author=1"}]}},"_links":{"self":[{"href":"https:\/\/cronicahd.ro\/index.php?rest_route=\/wp\/v2\/posts\/8420","targetHints":{"allow":["GET"]}}],"collection":[{"href":"https:\/\/cronicahd.ro\/index.php?rest_route=\/wp\/v2\/posts"}],"about":[{"href":"https:\/\/cronicahd.ro\/index.php?rest_route=\/wp\/v2\/types\/post"}],"author":[{"embeddable":true,"href":"https:\/\/cronicahd.ro\/index.php?rest_route=\/wp\/v2\/users\/1"}],"replies":[{"embeddable":true,"href":"https:\/\/cronicahd.ro\/index.php?rest_route=%2Fwp%2Fv2%2Fcomments&post=8420"}],"version-history":[{"count":1,"href":"https:\/\/cronicahd.ro\/index.php?rest_route=\/wp\/v2\/posts\/8420\/revisions"}],"predecessor-version":[{"id":8421,"href":"https:\/\/cronicahd.ro\/index.php?rest_route=\/wp\/v2\/posts\/8420\/revisions\/8421"}],"wp:featuredmedia":[{"embeddable":true,"href":"https:\/\/cronicahd.ro\/index.php?rest_route=\/wp\/v2\/media\/7081"}],"wp:attachment":[{"href":"https:\/\/cronicahd.ro\/index.php?rest_route=%2Fwp%2Fv2%2Fmedia&parent=8420"}],"wp:term":[{"taxonomy":"category","embeddable":true,"href":"https:\/\/cronicahd.ro\/index.php?rest_route=%2Fwp%2Fv2%2Fcategories&post=8420"},{"taxonomy":"post_tag","embeddable":true,"href":"https:\/\/cronicahd.ro\/index.php?rest_route=%2Fwp%2Fv2%2Ftags&post=8420"}],"curies":[{"name":"wp","href":"https:\/\/api.w.org\/{rel}","templated":true}]}}