{"id":8417,"date":"2026-04-28T09:24:47","date_gmt":"2026-04-28T09:24:47","guid":{"rendered":"https:\/\/cronicahd.ro\/?p=8417"},"modified":"2026-04-28T09:24:47","modified_gmt":"2026-04-28T09:24:47","slug":"primavara-in-sunet-si-culoare-concert-la-muzeul-civilizatiei-dacice-si-romane-deva","status":"publish","type":"post","link":"https:\/\/cronicahd.ro\/?p=8417","title":{"rendered":"\u201ePrim\u0103vara, \u00een sunet \u0219i culoare\u201d \u2013 concert la Muzeul Civiliza\u021biei Dacice \u0219i Romane Deva"},"content":{"rendered":"<p class=\"s5\"><span class=\"s8\"><span class=\"bumpedFont15\">\u00cen calitate de gazd\u0103 a evenimentului organizat de <\/span><\/span><span class=\"s6\"><span class=\"bumpedFont15\">Liceul de Arte \u201eSigismund Todu\u021b\u0103\u201d din Deva<\/span><\/span><span class=\"s8\"><span class=\"bumpedFont15\">, Muzeul Civiliza\u021biei Dacice \u0219i Romane Deva invit\u0103 publicul la concertul \u201e<\/span><\/span><span class=\"s6\"><span class=\"bumpedFont15\">Prim\u0103vara, \u00een sunet \u0219i culoare<\/span><\/span><span class=\"s8\"><span class=\"bumpedFont15\">\u201d, care va avea loc \u00een data de 29 aprilie 2026, de la ora 18:00, la Palatul Magna Curia, Deva.<\/span><\/span><\/p>\n<p class=\"s9\"><span class=\"s8\"><span class=\"bumpedFont15\">Evenimentul aduce \u00een prim-plan energia \u0219i sensibilitatea anotimpului rena\u0219terii, \u00eentr-un demers artistic care \u00eembin\u0103 muzica \u0219i expresivitatea tinerilor arti\u0219ti. Pe scen\u0103 vor evolua <\/span><\/span><span class=\"s6\"><span class=\"bumpedFont15\">Orchestra Fortissimo<\/span><\/span><span class=\"s8\"><span class=\"bumpedFont15\"> \u0219i elevii clasei de <\/span><\/span><span class=\"s6\"><span class=\"bumpedFont15\">Canto Clasic<\/span><\/span><span class=\"s8\"><span class=\"bumpedFont15\"> din cadrul Liceului de Arte \u201eSigismund Todu\u021b\u0103\u201d din Deva.<\/span><\/span><\/p>\n<p class=\"s9\"><span class=\"s8\"><span class=\"bumpedFont15\">Programul artistic este preg\u0103tit sub \u00eendrumarea profesorilor <\/span><\/span><span class=\"s6\"><span class=\"bumpedFont15\">Bianca <\/span><\/span><span class=\"s6\"><span class=\"bumpedFont15\">Pienariu<\/span><\/span><span class=\"s8\"><span class=\"bumpedFont15\"> \u0219i <\/span><\/span><span class=\"s6\"><span class=\"bumpedFont15\">Maria <\/span><\/span><span class=\"s6\"><span class=\"bumpedFont15\">Cop\u0103cian<\/span><\/span><span class=\"s8\"><span class=\"bumpedFont15\">, al\u0103turi de profesor corepetitor <\/span><\/span><span class=\"s6\"><span class=\"bumpedFont15\">Delia <\/span><\/span><span class=\"s6\"><span class=\"bumpedFont15\">\u0218tefoni<\/span><\/span><span class=\"s8\"><span class=\"bumpedFont15\">, oferind publicului un repertoriu variat, menit s\u0103 eviden\u021bieze talentul \u0219i dedicarea noii genera\u021bii de muzicieni.<\/span><\/span><\/p>\n<p class=\"s9\"><span class=\"s8\"><span class=\"bumpedFont15\">Concertul reprezint\u0103 o invita\u021bie la bucurie, culoare \u0219i armonie, dar \u0219i o oportunitate de a sus\u021bine \u0219i \u00eencuraja tinerii arti\u0219ti afla\u021bi la \u00eenceput de drum.<\/span><\/span><\/p>\n<p class=\"s9\"><span class=\"s6\"><span class=\"bumpedFont15\">Accesul publicului este liber.<\/span><\/span><\/p>\n","protected":false},"excerpt":{"rendered":"<p>\u00cen calitate de gazd\u0103 a evenimentului organizat de Liceul de Arte \u201eSigismund Todu\u021b\u0103\u201d din Deva,&#8230;<\/p>\n","protected":false},"author":1,"featured_media":8418,"comment_status":"closed","ping_status":"closed","sticky":false,"template":"","format":"standard","meta":{"footnotes":""},"categories":[1,17],"tags":[],"class_list":["post-8417","post","type-post","status-publish","format-standard","has-post-thumbnail","hentry","category-actual","category-cultura"],"yoast_head":"<!-- This site is optimized with the Yoast SEO plugin v25.3.1 - https:\/\/yoast.com\/wordpress\/plugins\/seo\/ -->\n<title>\u201ePrim\u0103vara, \u00een sunet \u0219i culoare\u201d \u2013 concert la Muzeul Civiliza\u021biei Dacice \u0219i Romane Deva -<\/title>\n<meta name=\"robots\" content=\"index, follow, max-snippet:-1, max-image-preview:large, max-video-preview:-1\" \/>\n<link rel=\"canonical\" href=\"https:\/\/cronicahd.ro\/?p=8417\" \/>\n<meta property=\"og:locale\" content=\"ro_RO\" \/>\n<meta property=\"og:type\" content=\"article\" \/>\n<meta property=\"og:title\" content=\"\u201ePrim\u0103vara, \u00een sunet \u0219i culoare\u201d \u2013 concert la Muzeul Civiliza\u021biei Dacice \u0219i Romane Deva -\" \/>\n<meta property=\"og:description\" content=\"\u00cen calitate de gazd\u0103 a evenimentului organizat de Liceul de Arte \u201eSigismund Todu\u021b\u0103\u201d din Deva,...\" \/>\n<meta property=\"og:url\" content=\"https:\/\/cronicahd.ro\/?p=8417\" \/>\n<meta property=\"article:published_time\" content=\"2026-04-28T09:24:47+00:00\" \/>\n<meta property=\"og:image\" content=\"https:\/\/cronicahd.ro\/wp-content\/uploads\/2026\/04\/Afis-Concert-Orchestra-Sigismund-Toduta.jpeg\" \/>\n\t<meta property=\"og:image:width\" content=\"1131\" \/>\n\t<meta property=\"og:image:height\" content=\"1600\" \/>\n\t<meta property=\"og:image:type\" content=\"image\/jpeg\" \/>\n<meta name=\"author\" content=\"admin\" \/>\n<meta name=\"twitter:card\" content=\"summary_large_image\" \/>\n<meta name=\"twitter:label1\" content=\"Scris de\" \/>\n\t<meta name=\"twitter:data1\" content=\"admin\" \/>\n\t<meta name=\"twitter:label2\" content=\"Timp estimat pentru citire\" \/>\n\t<meta name=\"twitter:data2\" content=\"1 minut\" \/>\n<script type=\"application\/ld+json\" class=\"yoast-schema-graph\">{\"@context\":\"https:\/\/schema.org\",\"@graph\":[{\"@type\":\"WebPage\",\"@id\":\"https:\/\/cronicahd.ro\/?p=8417\",\"url\":\"https:\/\/cronicahd.ro\/?p=8417\",\"name\":\"\u201ePrim\u0103vara, \u00een sunet \u0219i culoare\u201d \u2013 concert la Muzeul Civiliza\u021biei Dacice \u0219i Romane Deva -\",\"isPartOf\":{\"@id\":\"https:\/\/cronicahd.ro\/#website\"},\"primaryImageOfPage\":{\"@id\":\"https:\/\/cronicahd.ro\/?p=8417#primaryimage\"},\"image\":{\"@id\":\"https:\/\/cronicahd.ro\/?p=8417#primaryimage\"},\"thumbnailUrl\":\"https:\/\/cronicahd.ro\/wp-content\/uploads\/2026\/04\/Afis-Concert-Orchestra-Sigismund-Toduta.jpeg\",\"datePublished\":\"2026-04-28T09:24:47+00:00\",\"author\":{\"@id\":\"https:\/\/cronicahd.ro\/#\/schema\/person\/d1a1277a8cd166610328e17aaf58bf46\"},\"breadcrumb\":{\"@id\":\"https:\/\/cronicahd.ro\/?p=8417#breadcrumb\"},\"inLanguage\":\"ro-RO\",\"potentialAction\":[{\"@type\":\"ReadAction\",\"target\":[\"https:\/\/cronicahd.ro\/?p=8417\"]}]},{\"@type\":\"ImageObject\",\"inLanguage\":\"ro-RO\",\"@id\":\"https:\/\/cronicahd.ro\/?p=8417#primaryimage\",\"url\":\"https:\/\/cronicahd.ro\/wp-content\/uploads\/2026\/04\/Afis-Concert-Orchestra-Sigismund-Toduta.jpeg\",\"contentUrl\":\"https:\/\/cronicahd.ro\/wp-content\/uploads\/2026\/04\/Afis-Concert-Orchestra-Sigismund-Toduta.jpeg\",\"width\":1131,\"height\":1600},{\"@type\":\"BreadcrumbList\",\"@id\":\"https:\/\/cronicahd.ro\/?p=8417#breadcrumb\",\"itemListElement\":[{\"@type\":\"ListItem\",\"position\":1,\"name\":\"Prima pagin\u0103\",\"item\":\"https:\/\/cronicahd.ro\/\"},{\"@type\":\"ListItem\",\"position\":2,\"name\":\"\u201ePrim\u0103vara, \u00een sunet \u0219i culoare\u201d \u2013 concert la Muzeul Civiliza\u021biei Dacice \u0219i Romane Deva\"}]},{\"@type\":\"WebSite\",\"@id\":\"https:\/\/cronicahd.ro\/#website\",\"url\":\"https:\/\/cronicahd.ro\/\",\"name\":\"\",\"description\":\"\",\"potentialAction\":[{\"@type\":\"SearchAction\",\"target\":{\"@type\":\"EntryPoint\",\"urlTemplate\":\"https:\/\/cronicahd.ro\/?s={search_term_string}\"},\"query-input\":{\"@type\":\"PropertyValueSpecification\",\"valueRequired\":true,\"valueName\":\"search_term_string\"}}],\"inLanguage\":\"ro-RO\"},{\"@type\":\"Person\",\"@id\":\"https:\/\/cronicahd.ro\/#\/schema\/person\/d1a1277a8cd166610328e17aaf58bf46\",\"name\":\"admin\",\"image\":{\"@type\":\"ImageObject\",\"inLanguage\":\"ro-RO\",\"@id\":\"https:\/\/cronicahd.ro\/#\/schema\/person\/image\/\",\"url\":\"https:\/\/secure.gravatar.com\/avatar\/24700337280d10898c2e0d19d44a05316bff9fccc941ecc5570ffe41668203f7?s=96&d=mm&r=g\",\"contentUrl\":\"https:\/\/secure.gravatar.com\/avatar\/24700337280d10898c2e0d19d44a05316bff9fccc941ecc5570ffe41668203f7?s=96&d=mm&r=g\",\"caption\":\"admin\"},\"sameAs\":[\"https:\/\/cronicavj.ro\"],\"url\":\"https:\/\/cronicahd.ro\/?author=1\"}]}<\/script>\n<!-- \/ Yoast SEO plugin. -->","yoast_head_json":{"title":"\u201ePrim\u0103vara, \u00een sunet \u0219i culoare\u201d \u2013 concert la Muzeul Civiliza\u021biei Dacice \u0219i Romane Deva -","robots":{"index":"index","follow":"follow","max-snippet":"max-snippet:-1","max-image-preview":"max-image-preview:large","max-video-preview":"max-video-preview:-1"},"canonical":"https:\/\/cronicahd.ro\/?p=8417","og_locale":"ro_RO","og_type":"article","og_title":"\u201ePrim\u0103vara, \u00een sunet \u0219i culoare\u201d \u2013 concert la Muzeul Civiliza\u021biei Dacice \u0219i Romane Deva -","og_description":"\u00cen calitate de gazd\u0103 a evenimentului organizat de Liceul de Arte \u201eSigismund Todu\u021b\u0103\u201d din Deva,...","og_url":"https:\/\/cronicahd.ro\/?p=8417","article_published_time":"2026-04-28T09:24:47+00:00","og_image":[{"width":1131,"height":1600,"url":"https:\/\/cronicahd.ro\/wp-content\/uploads\/2026\/04\/Afis-Concert-Orchestra-Sigismund-Toduta.jpeg","type":"image\/jpeg"}],"author":"admin","twitter_card":"summary_large_image","twitter_misc":{"Scris de":"admin","Timp estimat pentru citire":"1 minut"},"schema":{"@context":"https:\/\/schema.org","@graph":[{"@type":"WebPage","@id":"https:\/\/cronicahd.ro\/?p=8417","url":"https:\/\/cronicahd.ro\/?p=8417","name":"\u201ePrim\u0103vara, \u00een sunet \u0219i culoare\u201d \u2013 concert la Muzeul Civiliza\u021biei Dacice \u0219i Romane Deva -","isPartOf":{"@id":"https:\/\/cronicahd.ro\/#website"},"primaryImageOfPage":{"@id":"https:\/\/cronicahd.ro\/?p=8417#primaryimage"},"image":{"@id":"https:\/\/cronicahd.ro\/?p=8417#primaryimage"},"thumbnailUrl":"https:\/\/cronicahd.ro\/wp-content\/uploads\/2026\/04\/Afis-Concert-Orchestra-Sigismund-Toduta.jpeg","datePublished":"2026-04-28T09:24:47+00:00","author":{"@id":"https:\/\/cronicahd.ro\/#\/schema\/person\/d1a1277a8cd166610328e17aaf58bf46"},"breadcrumb":{"@id":"https:\/\/cronicahd.ro\/?p=8417#breadcrumb"},"inLanguage":"ro-RO","potentialAction":[{"@type":"ReadAction","target":["https:\/\/cronicahd.ro\/?p=8417"]}]},{"@type":"ImageObject","inLanguage":"ro-RO","@id":"https:\/\/cronicahd.ro\/?p=8417#primaryimage","url":"https:\/\/cronicahd.ro\/wp-content\/uploads\/2026\/04\/Afis-Concert-Orchestra-Sigismund-Toduta.jpeg","contentUrl":"https:\/\/cronicahd.ro\/wp-content\/uploads\/2026\/04\/Afis-Concert-Orchestra-Sigismund-Toduta.jpeg","width":1131,"height":1600},{"@type":"BreadcrumbList","@id":"https:\/\/cronicahd.ro\/?p=8417#breadcrumb","itemListElement":[{"@type":"ListItem","position":1,"name":"Prima pagin\u0103","item":"https:\/\/cronicahd.ro\/"},{"@type":"ListItem","position":2,"name":"\u201ePrim\u0103vara, \u00een sunet \u0219i culoare\u201d \u2013 concert la Muzeul Civiliza\u021biei Dacice \u0219i Romane Deva"}]},{"@type":"WebSite","@id":"https:\/\/cronicahd.ro\/#website","url":"https:\/\/cronicahd.ro\/","name":"","description":"","potentialAction":[{"@type":"SearchAction","target":{"@type":"EntryPoint","urlTemplate":"https:\/\/cronicahd.ro\/?s={search_term_string}"},"query-input":{"@type":"PropertyValueSpecification","valueRequired":true,"valueName":"search_term_string"}}],"inLanguage":"ro-RO"},{"@type":"Person","@id":"https:\/\/cronicahd.ro\/#\/schema\/person\/d1a1277a8cd166610328e17aaf58bf46","name":"admin","image":{"@type":"ImageObject","inLanguage":"ro-RO","@id":"https:\/\/cronicahd.ro\/#\/schema\/person\/image\/","url":"https:\/\/secure.gravatar.com\/avatar\/24700337280d10898c2e0d19d44a05316bff9fccc941ecc5570ffe41668203f7?s=96&d=mm&r=g","contentUrl":"https:\/\/secure.gravatar.com\/avatar\/24700337280d10898c2e0d19d44a05316bff9fccc941ecc5570ffe41668203f7?s=96&d=mm&r=g","caption":"admin"},"sameAs":["https:\/\/cronicavj.ro"],"url":"https:\/\/cronicahd.ro\/?author=1"}]}},"_links":{"self":[{"href":"https:\/\/cronicahd.ro\/index.php?rest_route=\/wp\/v2\/posts\/8417","targetHints":{"allow":["GET"]}}],"collection":[{"href":"https:\/\/cronicahd.ro\/index.php?rest_route=\/wp\/v2\/posts"}],"about":[{"href":"https:\/\/cronicahd.ro\/index.php?rest_route=\/wp\/v2\/types\/post"}],"author":[{"embeddable":true,"href":"https:\/\/cronicahd.ro\/index.php?rest_route=\/wp\/v2\/users\/1"}],"replies":[{"embeddable":true,"href":"https:\/\/cronicahd.ro\/index.php?rest_route=%2Fwp%2Fv2%2Fcomments&post=8417"}],"version-history":[{"count":1,"href":"https:\/\/cronicahd.ro\/index.php?rest_route=\/wp\/v2\/posts\/8417\/revisions"}],"predecessor-version":[{"id":8419,"href":"https:\/\/cronicahd.ro\/index.php?rest_route=\/wp\/v2\/posts\/8417\/revisions\/8419"}],"wp:featuredmedia":[{"embeddable":true,"href":"https:\/\/cronicahd.ro\/index.php?rest_route=\/wp\/v2\/media\/8418"}],"wp:attachment":[{"href":"https:\/\/cronicahd.ro\/index.php?rest_route=%2Fwp%2Fv2%2Fmedia&parent=8417"}],"wp:term":[{"taxonomy":"category","embeddable":true,"href":"https:\/\/cronicahd.ro\/index.php?rest_route=%2Fwp%2Fv2%2Fcategories&post=8417"},{"taxonomy":"post_tag","embeddable":true,"href":"https:\/\/cronicahd.ro\/index.php?rest_route=%2Fwp%2Fv2%2Ftags&post=8417"}],"curies":[{"name":"wp","href":"https:\/\/api.w.org\/{rel}","templated":true}]}}