{"id":8413,"date":"2026-04-28T05:13:22","date_gmt":"2026-04-28T05:13:22","guid":{"rendered":"https:\/\/cronicahd.ro\/?p=8413"},"modified":"2026-04-28T05:13:37","modified_gmt":"2026-04-28T05:13:37","slug":"pacanelele-vor-fi-scoase-si-din-petrosani","status":"publish","type":"post","link":"https:\/\/cronicahd.ro\/?p=8413","title":{"rendered":"\u201eP\u0103c\u0103nelele\u201d vor fi scoase \u0219i din Petro\u0219ani"},"content":{"rendered":"<p>&nbsp;<\/p>\n<p>Consilierii de la Petro\u0219ani au adoptat, \u00een urma unei \u0219edin\u021be de consiliu-fulger, proiectul de hot\u0103r\u00e2re ce vizeaz\u0103 reglementarea s\u0103lilor de jocuri de noroc. Consilierii Marius Rad \u0219i Cristian Ca\u021ban au venit cu amendamente \u0219i astfel nu vom mai vedea, \u00een viitor, s\u0103li de jocuri de noroc \u00een zona central\u0103 a municipiului, ori \u00een preajma \u0219colilor. Excep\u021bie fac pariurile sportive \u0219i agen\u021biile loto.<\/p>\n<p>Discu\u021biile, \u00een consiliu, s-au bazat \u0219i pe p\u0103strarea locurilor de munc\u0103, pe c\u00e2t posibil.<br \/>\nTrei amendamente au fost aduse \u0219i acestea au adus modific\u0103ri \u00een ce prive\u0219te titlul proiectului, care a fost transformat \u0219i a vizat reglementarea \u0219i nu interzicerea total\u0103 a acestui tip de activit\u0103\u021bi. Dar a fost introdus \u0219i amendamentul ce prevede ca, odat\u0103 cu adoptarea acestui proiect de hot\u0103r\u00e2re, s\u0103 fie interzise activit\u0103\u021bile de tip slot-machine \u0219i VLT, la parterul blocurilor de locuin\u021be, \u00een restaurante, baruri \u0219i cafenele \u0219i pe centrul civic al ora\u0219ului.<br \/>\nIar un al treilea amendament a vizat orele la care aceste activit\u0103\u021bi nu se pot desf\u0103\u0219ura, adic\u0103 \u00eentre orele 8,00 \u0219i 15,00 \u2013 perioad\u0103 \u00een care sunt elevii la \u0219coli.<br \/>\n\u0218edin\u021ba a fost una tocmit\u0103 din scurt, iar secretarul prim\u0103riei din Petro\u0219ani a \u0219i explicat c\u0103 a avut \u00een vedere toate aspectele care ar fi putut \u00eempiedica adoptarea legal\u0103 a acestui proiect. \u201eOrdonan\u021ba de urgen\u021b\u0103 care ne oblig\u0103 s\u0103 adopt\u0103m aceast\u0103 hot\u0103r\u00e2re a pus un termen pe care eu l-am apreciat de 60 de zile pentru adoptarea acestei hot\u0103r\u00e2ri. \u00centre UAT-uri \u0219i Prefectur\u0103 a ap\u0103rut o discu\u021bie cum c\u0103 acest termen de 60 de zile ar fi un termen de dec\u0103dere, iar \u00een urma consult\u0103rilor, am decis s\u0103 nu \u00eemi asum acest risc, \u00een cazul \u00een care hot\u0103r\u00e2rea va ajunge \u00een instan\u021b\u0103, contestat\u0103 de vreun ter\u021b interesat, s-a convocat aceast\u0103 \u0219edin\u021b\u0103. Exista riscul ca, \u00een cazul \u00een care va fi contestat proiectul, de\u0219i nu m\u0103 a\u0219tept. Dar nu e sigur \u0219i este mult mai sigur ca acest proiect s\u0103 se adopte ast\u0103zi, (n.r. 27 aprilie 2026), aceasta fiind a 60-a zi \u0219i pentru asta s-a convocat acum Consiliul Local\u201d, a spus Adrian Negoe, secretarul general al Prim\u0103riei Petro\u0219ani.<\/p>\n<p>Diana Mitrache<\/p>\n","protected":false},"excerpt":{"rendered":"<p>&nbsp; Consilierii de la Petro\u0219ani au adoptat, \u00een urma unei \u0219edin\u021be de consiliu-fulger, proiectul de&#8230;<\/p>\n","protected":false},"author":1,"featured_media":8414,"comment_status":"closed","ping_status":"closed","sticky":false,"template":"","format":"standard","meta":{"footnotes":""},"categories":[1,6],"tags":[],"class_list":["post-8413","post","type-post","status-publish","format-standard","has-post-thumbnail","hentry","category-actual","category-administratie"],"yoast_head":"<!-- This site is optimized with the Yoast SEO plugin v25.3.1 - https:\/\/yoast.com\/wordpress\/plugins\/seo\/ -->\n<title>\u201eP\u0103c\u0103nelele\u201d vor fi scoase \u0219i din Petro\u0219ani -<\/title>\n<meta name=\"robots\" content=\"index, follow, max-snippet:-1, max-image-preview:large, max-video-preview:-1\" \/>\n<link rel=\"canonical\" href=\"https:\/\/cronicahd.ro\/?p=8413\" \/>\n<meta property=\"og:locale\" content=\"ro_RO\" \/>\n<meta property=\"og:type\" content=\"article\" \/>\n<meta property=\"og:title\" content=\"\u201eP\u0103c\u0103nelele\u201d vor fi scoase \u0219i din Petro\u0219ani -\" \/>\n<meta property=\"og:description\" content=\"&nbsp; Consilierii de la Petro\u0219ani au adoptat, \u00een urma unei \u0219edin\u021be de consiliu-fulger, proiectul de...\" \/>\n<meta property=\"og:url\" content=\"https:\/\/cronicahd.ro\/?p=8413\" \/>\n<meta property=\"article:published_time\" content=\"2026-04-28T05:13:22+00:00\" \/>\n<meta property=\"article:modified_time\" content=\"2026-04-28T05:13:37+00:00\" \/>\n<meta property=\"og:image\" content=\"https:\/\/cronicahd.ro\/wp-content\/uploads\/2026\/04\/paca.jpg\" \/>\n\t<meta property=\"og:image:width\" content=\"1080\" \/>\n\t<meta property=\"og:image:height\" content=\"789\" \/>\n\t<meta property=\"og:image:type\" content=\"image\/jpeg\" \/>\n<meta name=\"author\" content=\"admin\" \/>\n<meta name=\"twitter:card\" content=\"summary_large_image\" \/>\n<meta name=\"twitter:label1\" content=\"Scris de\" \/>\n\t<meta name=\"twitter:data1\" content=\"admin\" \/>\n\t<meta name=\"twitter:label2\" content=\"Timp estimat pentru citire\" \/>\n\t<meta name=\"twitter:data2\" content=\"3 minute\" \/>\n<script type=\"application\/ld+json\" class=\"yoast-schema-graph\">{\"@context\":\"https:\/\/schema.org\",\"@graph\":[{\"@type\":\"WebPage\",\"@id\":\"https:\/\/cronicahd.ro\/?p=8413\",\"url\":\"https:\/\/cronicahd.ro\/?p=8413\",\"name\":\"\u201eP\u0103c\u0103nelele\u201d vor fi scoase \u0219i din Petro\u0219ani -\",\"isPartOf\":{\"@id\":\"https:\/\/cronicahd.ro\/#website\"},\"primaryImageOfPage\":{\"@id\":\"https:\/\/cronicahd.ro\/?p=8413#primaryimage\"},\"image\":{\"@id\":\"https:\/\/cronicahd.ro\/?p=8413#primaryimage\"},\"thumbnailUrl\":\"https:\/\/cronicahd.ro\/wp-content\/uploads\/2026\/04\/paca.jpg\",\"datePublished\":\"2026-04-28T05:13:22+00:00\",\"dateModified\":\"2026-04-28T05:13:37+00:00\",\"author\":{\"@id\":\"https:\/\/cronicahd.ro\/#\/schema\/person\/d1a1277a8cd166610328e17aaf58bf46\"},\"breadcrumb\":{\"@id\":\"https:\/\/cronicahd.ro\/?p=8413#breadcrumb\"},\"inLanguage\":\"ro-RO\",\"potentialAction\":[{\"@type\":\"ReadAction\",\"target\":[\"https:\/\/cronicahd.ro\/?p=8413\"]}]},{\"@type\":\"ImageObject\",\"inLanguage\":\"ro-RO\",\"@id\":\"https:\/\/cronicahd.ro\/?p=8413#primaryimage\",\"url\":\"https:\/\/cronicahd.ro\/wp-content\/uploads\/2026\/04\/paca.jpg\",\"contentUrl\":\"https:\/\/cronicahd.ro\/wp-content\/uploads\/2026\/04\/paca.jpg\",\"width\":1080,\"height\":789},{\"@type\":\"BreadcrumbList\",\"@id\":\"https:\/\/cronicahd.ro\/?p=8413#breadcrumb\",\"itemListElement\":[{\"@type\":\"ListItem\",\"position\":1,\"name\":\"Prima pagin\u0103\",\"item\":\"https:\/\/cronicahd.ro\/\"},{\"@type\":\"ListItem\",\"position\":2,\"name\":\"\u201eP\u0103c\u0103nelele\u201d vor fi scoase \u0219i din Petro\u0219ani\"}]},{\"@type\":\"WebSite\",\"@id\":\"https:\/\/cronicahd.ro\/#website\",\"url\":\"https:\/\/cronicahd.ro\/\",\"name\":\"\",\"description\":\"\",\"potentialAction\":[{\"@type\":\"SearchAction\",\"target\":{\"@type\":\"EntryPoint\",\"urlTemplate\":\"https:\/\/cronicahd.ro\/?s={search_term_string}\"},\"query-input\":{\"@type\":\"PropertyValueSpecification\",\"valueRequired\":true,\"valueName\":\"search_term_string\"}}],\"inLanguage\":\"ro-RO\"},{\"@type\":\"Person\",\"@id\":\"https:\/\/cronicahd.ro\/#\/schema\/person\/d1a1277a8cd166610328e17aaf58bf46\",\"name\":\"admin\",\"image\":{\"@type\":\"ImageObject\",\"inLanguage\":\"ro-RO\",\"@id\":\"https:\/\/cronicahd.ro\/#\/schema\/person\/image\/\",\"url\":\"https:\/\/secure.gravatar.com\/avatar\/24700337280d10898c2e0d19d44a05316bff9fccc941ecc5570ffe41668203f7?s=96&d=mm&r=g\",\"contentUrl\":\"https:\/\/secure.gravatar.com\/avatar\/24700337280d10898c2e0d19d44a05316bff9fccc941ecc5570ffe41668203f7?s=96&d=mm&r=g\",\"caption\":\"admin\"},\"sameAs\":[\"https:\/\/cronicavj.ro\"],\"url\":\"https:\/\/cronicahd.ro\/?author=1\"}]}<\/script>\n<!-- \/ Yoast SEO plugin. -->","yoast_head_json":{"title":"\u201eP\u0103c\u0103nelele\u201d vor fi scoase \u0219i din Petro\u0219ani -","robots":{"index":"index","follow":"follow","max-snippet":"max-snippet:-1","max-image-preview":"max-image-preview:large","max-video-preview":"max-video-preview:-1"},"canonical":"https:\/\/cronicahd.ro\/?p=8413","og_locale":"ro_RO","og_type":"article","og_title":"\u201eP\u0103c\u0103nelele\u201d vor fi scoase \u0219i din Petro\u0219ani -","og_description":"&nbsp; Consilierii de la Petro\u0219ani au adoptat, \u00een urma unei \u0219edin\u021be de consiliu-fulger, proiectul de...","og_url":"https:\/\/cronicahd.ro\/?p=8413","article_published_time":"2026-04-28T05:13:22+00:00","article_modified_time":"2026-04-28T05:13:37+00:00","og_image":[{"width":1080,"height":789,"url":"https:\/\/cronicahd.ro\/wp-content\/uploads\/2026\/04\/paca.jpg","type":"image\/jpeg"}],"author":"admin","twitter_card":"summary_large_image","twitter_misc":{"Scris de":"admin","Timp estimat pentru citire":"3 minute"},"schema":{"@context":"https:\/\/schema.org","@graph":[{"@type":"WebPage","@id":"https:\/\/cronicahd.ro\/?p=8413","url":"https:\/\/cronicahd.ro\/?p=8413","name":"\u201eP\u0103c\u0103nelele\u201d vor fi scoase \u0219i din Petro\u0219ani -","isPartOf":{"@id":"https:\/\/cronicahd.ro\/#website"},"primaryImageOfPage":{"@id":"https:\/\/cronicahd.ro\/?p=8413#primaryimage"},"image":{"@id":"https:\/\/cronicahd.ro\/?p=8413#primaryimage"},"thumbnailUrl":"https:\/\/cronicahd.ro\/wp-content\/uploads\/2026\/04\/paca.jpg","datePublished":"2026-04-28T05:13:22+00:00","dateModified":"2026-04-28T05:13:37+00:00","author":{"@id":"https:\/\/cronicahd.ro\/#\/schema\/person\/d1a1277a8cd166610328e17aaf58bf46"},"breadcrumb":{"@id":"https:\/\/cronicahd.ro\/?p=8413#breadcrumb"},"inLanguage":"ro-RO","potentialAction":[{"@type":"ReadAction","target":["https:\/\/cronicahd.ro\/?p=8413"]}]},{"@type":"ImageObject","inLanguage":"ro-RO","@id":"https:\/\/cronicahd.ro\/?p=8413#primaryimage","url":"https:\/\/cronicahd.ro\/wp-content\/uploads\/2026\/04\/paca.jpg","contentUrl":"https:\/\/cronicahd.ro\/wp-content\/uploads\/2026\/04\/paca.jpg","width":1080,"height":789},{"@type":"BreadcrumbList","@id":"https:\/\/cronicahd.ro\/?p=8413#breadcrumb","itemListElement":[{"@type":"ListItem","position":1,"name":"Prima pagin\u0103","item":"https:\/\/cronicahd.ro\/"},{"@type":"ListItem","position":2,"name":"\u201eP\u0103c\u0103nelele\u201d vor fi scoase \u0219i din Petro\u0219ani"}]},{"@type":"WebSite","@id":"https:\/\/cronicahd.ro\/#website","url":"https:\/\/cronicahd.ro\/","name":"","description":"","potentialAction":[{"@type":"SearchAction","target":{"@type":"EntryPoint","urlTemplate":"https:\/\/cronicahd.ro\/?s={search_term_string}"},"query-input":{"@type":"PropertyValueSpecification","valueRequired":true,"valueName":"search_term_string"}}],"inLanguage":"ro-RO"},{"@type":"Person","@id":"https:\/\/cronicahd.ro\/#\/schema\/person\/d1a1277a8cd166610328e17aaf58bf46","name":"admin","image":{"@type":"ImageObject","inLanguage":"ro-RO","@id":"https:\/\/cronicahd.ro\/#\/schema\/person\/image\/","url":"https:\/\/secure.gravatar.com\/avatar\/24700337280d10898c2e0d19d44a05316bff9fccc941ecc5570ffe41668203f7?s=96&d=mm&r=g","contentUrl":"https:\/\/secure.gravatar.com\/avatar\/24700337280d10898c2e0d19d44a05316bff9fccc941ecc5570ffe41668203f7?s=96&d=mm&r=g","caption":"admin"},"sameAs":["https:\/\/cronicavj.ro"],"url":"https:\/\/cronicahd.ro\/?author=1"}]}},"_links":{"self":[{"href":"https:\/\/cronicahd.ro\/index.php?rest_route=\/wp\/v2\/posts\/8413","targetHints":{"allow":["GET"]}}],"collection":[{"href":"https:\/\/cronicahd.ro\/index.php?rest_route=\/wp\/v2\/posts"}],"about":[{"href":"https:\/\/cronicahd.ro\/index.php?rest_route=\/wp\/v2\/types\/post"}],"author":[{"embeddable":true,"href":"https:\/\/cronicahd.ro\/index.php?rest_route=\/wp\/v2\/users\/1"}],"replies":[{"embeddable":true,"href":"https:\/\/cronicahd.ro\/index.php?rest_route=%2Fwp%2Fv2%2Fcomments&post=8413"}],"version-history":[{"count":2,"href":"https:\/\/cronicahd.ro\/index.php?rest_route=\/wp\/v2\/posts\/8413\/revisions"}],"predecessor-version":[{"id":8416,"href":"https:\/\/cronicahd.ro\/index.php?rest_route=\/wp\/v2\/posts\/8413\/revisions\/8416"}],"wp:featuredmedia":[{"embeddable":true,"href":"https:\/\/cronicahd.ro\/index.php?rest_route=\/wp\/v2\/media\/8414"}],"wp:attachment":[{"href":"https:\/\/cronicahd.ro\/index.php?rest_route=%2Fwp%2Fv2%2Fmedia&parent=8413"}],"wp:term":[{"taxonomy":"category","embeddable":true,"href":"https:\/\/cronicahd.ro\/index.php?rest_route=%2Fwp%2Fv2%2Fcategories&post=8413"},{"taxonomy":"post_tag","embeddable":true,"href":"https:\/\/cronicahd.ro\/index.php?rest_route=%2Fwp%2Fv2%2Ftags&post=8413"}],"curies":[{"name":"wp","href":"https:\/\/api.w.org\/{rel}","templated":true}]}}