{"id":8410,"date":"2026-04-28T04:45:41","date_gmt":"2026-04-28T04:45:41","guid":{"rendered":"https:\/\/cronicahd.ro\/?p=8410"},"modified":"2026-04-28T04:45:41","modified_gmt":"2026-04-28T04:45:41","slug":"zona-brad-prima-care-colecteaza-deseurile-din-haine","status":"publish","type":"post","link":"https:\/\/cronicahd.ro\/?p=8410","title":{"rendered":"Zona Brad, prima care colecteaz\u0103 de\u0219eurile din haine"},"content":{"rendered":"<p>&nbsp;<\/p>\n<p>\u201eZona Brad d\u0103 startul oficial pentru colectarea separat\u0103 a de\u0219eurilor textile!\u201d. Acesta este anun\u021bul celor de la ADI De\u0219euri Hunedoara, care au montat primele containere de colectare a de\u0219eurilor textile \u00een aceast\u0103 parte a jude\u021bului.<\/p>\n<p>\u201eLocuitorii din Zona 1 Brad pot depune deja de\u0219eurile textile \u00een containerele special amplasate \u00een teren (identificate \u00een fotografiile anexate). Colectarea se va realiza trimestrial, prin campanii dedicate organizate de operatorul de salubrizare. Hainele, lenjeriile \u0219i materialele textile trebuie depuse exclusiv \u00een aceste containere. Este interzis\u0103 aruncarea lor la pubela\/containerul pentru de\u0219euri reziduale\u201d, se mai arat\u0103 \u00een comunicatul celor de la ADI De\u0219euri.<br \/>\n\u00cen perioada urm\u0103toare, containerele pentru textile vor fi montate \u0219i \u00een:<br \/>\n\u2022 Zona 2 \u2013 Ha\u021beg<br \/>\n\u2022 Zona 3 \u2013 Centru<br \/>\n\u2022 Zona 4 \u2013 Petro\u0219ani<br \/>\n\u201ePentru Brad vor fi 3 containere \u0219i vom \u00eencepe colectarea separat\u0103 a textilelor \u00een acestea. Pentru celelalte zone, zona 2 Ha\u021beg, 3 Centru \u0219i 4 Valea Jiului, suntem \u0219i acolo \u00een faza de implementare, \u00een sensul c\u0103 am trimis prim\u0103riilor s\u0103 ne aprobe tariful de colectare, c\u0103 va fi un tarif nou. Influen\u021ba lui \u00een tax\u0103 va fi cam de 30 de bani\/persoan\u0103\u201d, a spus, la \u00eenceputul acestui an., Dan Stoian, director ADI De\u0219euri Hunedoara.<br \/>\nDe\u0219eurile textile sunt o surs\u0103 puternic\u0103 de poluare \u00een Valea Jiului. Pe de o parte, cele care sunt aruncate la gunoi, ori care ajung pe terenuri sau \u00een ape. Dar, pe de alt\u0103 parte, \u00een zona noastr\u0103 sunt folosite \u0219i ca material combustibil, de oamenii care le ard \u00een sobe pentru a se \u00eenc\u0103lzi. Iar, \u00een acest caz, poluarea este una uria\u0219\u0103 \u0219i nimeni nu a reu\u0219it s\u0103 o opreasc\u0103.<\/p>\n<p>Diana Mitrache<\/p>\n<p>&nbsp;<\/p>\n","protected":false},"excerpt":{"rendered":"<p>&nbsp; \u201eZona Brad d\u0103 startul oficial pentru colectarea separat\u0103 a de\u0219eurilor textile!\u201d. Acesta este anun\u021bul&#8230;<\/p>\n","protected":false},"author":1,"featured_media":8411,"comment_status":"closed","ping_status":"closed","sticky":false,"template":"","format":"standard","meta":{"footnotes":""},"categories":[1,6],"tags":[],"class_list":["post-8410","post","type-post","status-publish","format-standard","has-post-thumbnail","hentry","category-actual","category-administratie"],"yoast_head":"<!-- This site is optimized with the Yoast SEO plugin v25.3.1 - https:\/\/yoast.com\/wordpress\/plugins\/seo\/ -->\n<title>Zona Brad, prima care colecteaz\u0103 de\u0219eurile din haine -<\/title>\n<meta name=\"robots\" content=\"index, follow, max-snippet:-1, max-image-preview:large, max-video-preview:-1\" \/>\n<link rel=\"canonical\" href=\"https:\/\/cronicahd.ro\/?p=8410\" \/>\n<meta property=\"og:locale\" content=\"ro_RO\" \/>\n<meta property=\"og:type\" content=\"article\" \/>\n<meta property=\"og:title\" content=\"Zona Brad, prima care colecteaz\u0103 de\u0219eurile din haine -\" \/>\n<meta property=\"og:description\" content=\"&nbsp; \u201eZona Brad d\u0103 startul oficial pentru colectarea separat\u0103 a de\u0219eurilor textile!\u201d. Acesta este anun\u021bul...\" \/>\n<meta property=\"og:url\" content=\"https:\/\/cronicahd.ro\/?p=8410\" \/>\n<meta property=\"article:published_time\" content=\"2026-04-28T04:45:41+00:00\" \/>\n<meta property=\"og:image\" content=\"https:\/\/cronicahd.ro\/wp-content\/uploads\/2026\/04\/Fara-titlu-3.jpg\" \/>\n\t<meta property=\"og:image:width\" content=\"1200\" \/>\n\t<meta property=\"og:image:height\" content=\"1600\" \/>\n\t<meta property=\"og:image:type\" content=\"image\/jpeg\" \/>\n<meta name=\"author\" content=\"admin\" \/>\n<meta name=\"twitter:card\" content=\"summary_large_image\" \/>\n<meta name=\"twitter:label1\" content=\"Scris de\" \/>\n\t<meta name=\"twitter:data1\" content=\"admin\" \/>\n\t<meta name=\"twitter:label2\" content=\"Timp estimat pentru citire\" \/>\n\t<meta name=\"twitter:data2\" content=\"2 minute\" \/>\n<script type=\"application\/ld+json\" class=\"yoast-schema-graph\">{\"@context\":\"https:\/\/schema.org\",\"@graph\":[{\"@type\":\"WebPage\",\"@id\":\"https:\/\/cronicahd.ro\/?p=8410\",\"url\":\"https:\/\/cronicahd.ro\/?p=8410\",\"name\":\"Zona Brad, prima care colecteaz\u0103 de\u0219eurile din haine -\",\"isPartOf\":{\"@id\":\"https:\/\/cronicahd.ro\/#website\"},\"primaryImageOfPage\":{\"@id\":\"https:\/\/cronicahd.ro\/?p=8410#primaryimage\"},\"image\":{\"@id\":\"https:\/\/cronicahd.ro\/?p=8410#primaryimage\"},\"thumbnailUrl\":\"https:\/\/cronicahd.ro\/wp-content\/uploads\/2026\/04\/Fara-titlu-3.jpg\",\"datePublished\":\"2026-04-28T04:45:41+00:00\",\"author\":{\"@id\":\"https:\/\/cronicahd.ro\/#\/schema\/person\/d1a1277a8cd166610328e17aaf58bf46\"},\"breadcrumb\":{\"@id\":\"https:\/\/cronicahd.ro\/?p=8410#breadcrumb\"},\"inLanguage\":\"ro-RO\",\"potentialAction\":[{\"@type\":\"ReadAction\",\"target\":[\"https:\/\/cronicahd.ro\/?p=8410\"]}]},{\"@type\":\"ImageObject\",\"inLanguage\":\"ro-RO\",\"@id\":\"https:\/\/cronicahd.ro\/?p=8410#primaryimage\",\"url\":\"https:\/\/cronicahd.ro\/wp-content\/uploads\/2026\/04\/Fara-titlu-3.jpg\",\"contentUrl\":\"https:\/\/cronicahd.ro\/wp-content\/uploads\/2026\/04\/Fara-titlu-3.jpg\",\"width\":1200,\"height\":1600},{\"@type\":\"BreadcrumbList\",\"@id\":\"https:\/\/cronicahd.ro\/?p=8410#breadcrumb\",\"itemListElement\":[{\"@type\":\"ListItem\",\"position\":1,\"name\":\"Prima pagin\u0103\",\"item\":\"https:\/\/cronicahd.ro\/\"},{\"@type\":\"ListItem\",\"position\":2,\"name\":\"Zona Brad, prima care colecteaz\u0103 de\u0219eurile din haine\"}]},{\"@type\":\"WebSite\",\"@id\":\"https:\/\/cronicahd.ro\/#website\",\"url\":\"https:\/\/cronicahd.ro\/\",\"name\":\"\",\"description\":\"\",\"potentialAction\":[{\"@type\":\"SearchAction\",\"target\":{\"@type\":\"EntryPoint\",\"urlTemplate\":\"https:\/\/cronicahd.ro\/?s={search_term_string}\"},\"query-input\":{\"@type\":\"PropertyValueSpecification\",\"valueRequired\":true,\"valueName\":\"search_term_string\"}}],\"inLanguage\":\"ro-RO\"},{\"@type\":\"Person\",\"@id\":\"https:\/\/cronicahd.ro\/#\/schema\/person\/d1a1277a8cd166610328e17aaf58bf46\",\"name\":\"admin\",\"image\":{\"@type\":\"ImageObject\",\"inLanguage\":\"ro-RO\",\"@id\":\"https:\/\/cronicahd.ro\/#\/schema\/person\/image\/\",\"url\":\"https:\/\/secure.gravatar.com\/avatar\/24700337280d10898c2e0d19d44a05316bff9fccc941ecc5570ffe41668203f7?s=96&d=mm&r=g\",\"contentUrl\":\"https:\/\/secure.gravatar.com\/avatar\/24700337280d10898c2e0d19d44a05316bff9fccc941ecc5570ffe41668203f7?s=96&d=mm&r=g\",\"caption\":\"admin\"},\"sameAs\":[\"https:\/\/cronicavj.ro\"],\"url\":\"https:\/\/cronicahd.ro\/?author=1\"}]}<\/script>\n<!-- \/ Yoast SEO plugin. -->","yoast_head_json":{"title":"Zona Brad, prima care colecteaz\u0103 de\u0219eurile din haine -","robots":{"index":"index","follow":"follow","max-snippet":"max-snippet:-1","max-image-preview":"max-image-preview:large","max-video-preview":"max-video-preview:-1"},"canonical":"https:\/\/cronicahd.ro\/?p=8410","og_locale":"ro_RO","og_type":"article","og_title":"Zona Brad, prima care colecteaz\u0103 de\u0219eurile din haine -","og_description":"&nbsp; \u201eZona Brad d\u0103 startul oficial pentru colectarea separat\u0103 a de\u0219eurilor textile!\u201d. Acesta este anun\u021bul...","og_url":"https:\/\/cronicahd.ro\/?p=8410","article_published_time":"2026-04-28T04:45:41+00:00","og_image":[{"width":1200,"height":1600,"url":"https:\/\/cronicahd.ro\/wp-content\/uploads\/2026\/04\/Fara-titlu-3.jpg","type":"image\/jpeg"}],"author":"admin","twitter_card":"summary_large_image","twitter_misc":{"Scris de":"admin","Timp estimat pentru citire":"2 minute"},"schema":{"@context":"https:\/\/schema.org","@graph":[{"@type":"WebPage","@id":"https:\/\/cronicahd.ro\/?p=8410","url":"https:\/\/cronicahd.ro\/?p=8410","name":"Zona Brad, prima care colecteaz\u0103 de\u0219eurile din haine -","isPartOf":{"@id":"https:\/\/cronicahd.ro\/#website"},"primaryImageOfPage":{"@id":"https:\/\/cronicahd.ro\/?p=8410#primaryimage"},"image":{"@id":"https:\/\/cronicahd.ro\/?p=8410#primaryimage"},"thumbnailUrl":"https:\/\/cronicahd.ro\/wp-content\/uploads\/2026\/04\/Fara-titlu-3.jpg","datePublished":"2026-04-28T04:45:41+00:00","author":{"@id":"https:\/\/cronicahd.ro\/#\/schema\/person\/d1a1277a8cd166610328e17aaf58bf46"},"breadcrumb":{"@id":"https:\/\/cronicahd.ro\/?p=8410#breadcrumb"},"inLanguage":"ro-RO","potentialAction":[{"@type":"ReadAction","target":["https:\/\/cronicahd.ro\/?p=8410"]}]},{"@type":"ImageObject","inLanguage":"ro-RO","@id":"https:\/\/cronicahd.ro\/?p=8410#primaryimage","url":"https:\/\/cronicahd.ro\/wp-content\/uploads\/2026\/04\/Fara-titlu-3.jpg","contentUrl":"https:\/\/cronicahd.ro\/wp-content\/uploads\/2026\/04\/Fara-titlu-3.jpg","width":1200,"height":1600},{"@type":"BreadcrumbList","@id":"https:\/\/cronicahd.ro\/?p=8410#breadcrumb","itemListElement":[{"@type":"ListItem","position":1,"name":"Prima pagin\u0103","item":"https:\/\/cronicahd.ro\/"},{"@type":"ListItem","position":2,"name":"Zona Brad, prima care colecteaz\u0103 de\u0219eurile din haine"}]},{"@type":"WebSite","@id":"https:\/\/cronicahd.ro\/#website","url":"https:\/\/cronicahd.ro\/","name":"","description":"","potentialAction":[{"@type":"SearchAction","target":{"@type":"EntryPoint","urlTemplate":"https:\/\/cronicahd.ro\/?s={search_term_string}"},"query-input":{"@type":"PropertyValueSpecification","valueRequired":true,"valueName":"search_term_string"}}],"inLanguage":"ro-RO"},{"@type":"Person","@id":"https:\/\/cronicahd.ro\/#\/schema\/person\/d1a1277a8cd166610328e17aaf58bf46","name":"admin","image":{"@type":"ImageObject","inLanguage":"ro-RO","@id":"https:\/\/cronicahd.ro\/#\/schema\/person\/image\/","url":"https:\/\/secure.gravatar.com\/avatar\/24700337280d10898c2e0d19d44a05316bff9fccc941ecc5570ffe41668203f7?s=96&d=mm&r=g","contentUrl":"https:\/\/secure.gravatar.com\/avatar\/24700337280d10898c2e0d19d44a05316bff9fccc941ecc5570ffe41668203f7?s=96&d=mm&r=g","caption":"admin"},"sameAs":["https:\/\/cronicavj.ro"],"url":"https:\/\/cronicahd.ro\/?author=1"}]}},"_links":{"self":[{"href":"https:\/\/cronicahd.ro\/index.php?rest_route=\/wp\/v2\/posts\/8410","targetHints":{"allow":["GET"]}}],"collection":[{"href":"https:\/\/cronicahd.ro\/index.php?rest_route=\/wp\/v2\/posts"}],"about":[{"href":"https:\/\/cronicahd.ro\/index.php?rest_route=\/wp\/v2\/types\/post"}],"author":[{"embeddable":true,"href":"https:\/\/cronicahd.ro\/index.php?rest_route=\/wp\/v2\/users\/1"}],"replies":[{"embeddable":true,"href":"https:\/\/cronicahd.ro\/index.php?rest_route=%2Fwp%2Fv2%2Fcomments&post=8410"}],"version-history":[{"count":1,"href":"https:\/\/cronicahd.ro\/index.php?rest_route=\/wp\/v2\/posts\/8410\/revisions"}],"predecessor-version":[{"id":8412,"href":"https:\/\/cronicahd.ro\/index.php?rest_route=\/wp\/v2\/posts\/8410\/revisions\/8412"}],"wp:featuredmedia":[{"embeddable":true,"href":"https:\/\/cronicahd.ro\/index.php?rest_route=\/wp\/v2\/media\/8411"}],"wp:attachment":[{"href":"https:\/\/cronicahd.ro\/index.php?rest_route=%2Fwp%2Fv2%2Fmedia&parent=8410"}],"wp:term":[{"taxonomy":"category","embeddable":true,"href":"https:\/\/cronicahd.ro\/index.php?rest_route=%2Fwp%2Fv2%2Fcategories&post=8410"},{"taxonomy":"post_tag","embeddable":true,"href":"https:\/\/cronicahd.ro\/index.php?rest_route=%2Fwp%2Fv2%2Ftags&post=8410"}],"curies":[{"name":"wp","href":"https:\/\/api.w.org\/{rel}","templated":true}]}}