{"id":8390,"date":"2026-04-27T14:14:45","date_gmt":"2026-04-27T14:14:45","guid":{"rendered":"https:\/\/cronicahd.ro\/?p=8390"},"modified":"2026-04-27T14:14:45","modified_gmt":"2026-04-27T14:14:45","slug":"semnal-de-alarma-din-valea-jiului-cluburile-copiilor-in-pericol-din-cauza-reducerilor-de-personal","status":"publish","type":"post","link":"https:\/\/cronicahd.ro\/?p=8390","title":{"rendered":"Semnal de alarm\u0103 din Valea Jiului: Cluburile Copiilor, \u00een pericol din cauza reducerilor de personal"},"content":{"rendered":"<p>&nbsp;<\/p>\n<p>Valea Jiului revine \u00een prim-planul problemelor sociale, dup\u0103 ce colectivul Clubului Copiilor din zon\u0103 a transmis o scrisoare deschis\u0103 c\u0103tre Ministerul Educa\u021biei \u0219i Cercet\u0103rii, \u00een care avertizeaz\u0103 asupra efectelor grave ale noilor m\u0103suri de reducere a cheltuielilor de personal.<\/p>\n<p>Adresat\u0103 ministrului Mihai Dimian, scrisoarea atrage aten\u021bia c\u0103 aceste institu\u021bii nu reprezint\u0103 simple activit\u0103\u021bi extracurriculare, ci adev\u0103ra\u021bi \u201epiloni de siguran\u021b\u0103 social\u0103\u201d pentru copiii dintr-o regiune profund afectat\u0103 de tranzi\u021biile economice din ultimele decenii.<\/p>\n<p>Potrivit semnatarilor, Cluburile Copiilor din Valea Jiului func\u021bioneaz\u0103 \u00eenc\u0103 din 2009 \u00eentr-un regim de austeritate permanent\u0103. Posturile au fost reduse treptat, iar bugetele pentru cheltuieli materiale au ajuns la limita de subzisten\u021b\u0103.<\/p>\n<p>\u201e\u00cen prezent, resursele ne permit cu greu acoperirea utilit\u0103\u021bilor de baz\u0103, iar activit\u0103\u021bile educa\u021bionale sunt sus\u021binute adesea prin eforturi proprii \u0219i voluntariat\u201d, se arat\u0103 \u00een document.<\/p>\n<p>Contextul social din Valea Jiului este unul sensibil: \u00eenchiderea minelor a dus la \u0219omaj ridicat, depopulare \u0219i plecarea p\u0103rin\u021bilor la munc\u0103 \u00een str\u0103in\u0103tate. \u00cen aceste condi\u021bii, Cluburile Copiilor r\u0103m\u00e2n, \u00een multe cazuri, singurele spa\u021bii sigure pentru dezvoltarea copiilor.<\/p>\n<p>Cadrele didactice avertizeaz\u0103 c\u0103 reducerea personalului ar \u00eensemna \u00eenchiderea unor cercuri sau limitarea programului, ceea ce ar expune copiii unor riscuri majore, precum consumul de alcool \u0219i droguri, delincven\u021ba juvenil\u0103 sau abandonul \u0219colar.<\/p>\n<p>Semnatarii subliniaz\u0103 c\u0103 educa\u021bia non-formal\u0103 nu poate fi tratat\u0103 ca un lux, mai ales \u00eentr-o zon\u0103 vulnerabil\u0103. Ei cer autorit\u0103\u021bilor:<\/p>\n<ul>\n<li>stoparea t\u0103ierilor de posturi;<\/li>\n<li>adaptarea finan\u021b\u0103rii \u00een func\u021bie de vulnerabilitatea social\u0103;<\/li>\n<li>recunoa\u0219terea rolului preventiv al acestor institu\u021bii \u00een combaterea fenomenelor antisociale.<\/li>\n<\/ul>\n<p>\u201eO economie pe termen scurt se va transforma, inevitabil, \u00een costuri mult mai mari pentru stat, prin cre\u0219terea cheltuielilor sociale \u0219i a criminalit\u0103\u021bii\u201d, avertizeaz\u0103 ace\u0219tia.<\/p>\n<p>\u00cen final, colectivul Clubului Copiilor face un apel direct c\u0103tre autorit\u0103\u021bi s\u0103 nu lase copiii V\u0103ii Jiului f\u0103r\u0103 \u201esingura lor fereastr\u0103 c\u0103tre un viitor demn\u201d.<\/p>\n<p>R\u0103m\u00e2ne de v\u0103zut care va fi reac\u021bia Ministerului Educa\u021biei \u0219i dac\u0103 semnalul de alarm\u0103 tras din Valea Jiului va duce la o reconsiderare a politicilor de austeritate \u00een educa\u021bia non-formal\u0103.<\/p>\n","protected":false},"excerpt":{"rendered":"<p>&nbsp; Valea Jiului revine \u00een prim-planul problemelor sociale, dup\u0103 ce colectivul Clubului Copiilor din zon\u0103&#8230;<\/p>\n","protected":false},"author":1,"featured_media":8391,"comment_status":"closed","ping_status":"closed","sticky":false,"template":"","format":"standard","meta":{"footnotes":""},"categories":[1,12],"tags":[],"class_list":["post-8390","post","type-post","status-publish","format-standard","has-post-thumbnail","hentry","category-actual","category-invatamant"],"yoast_head":"<!-- This site is optimized with the Yoast SEO plugin v25.3.1 - https:\/\/yoast.com\/wordpress\/plugins\/seo\/ -->\n<title>Semnal de alarm\u0103 din Valea Jiului: Cluburile Copiilor, \u00een pericol din cauza reducerilor de personal -<\/title>\n<meta name=\"robots\" content=\"index, follow, max-snippet:-1, max-image-preview:large, max-video-preview:-1\" \/>\n<link rel=\"canonical\" href=\"https:\/\/cronicahd.ro\/?p=8390\" \/>\n<meta property=\"og:locale\" content=\"ro_RO\" \/>\n<meta property=\"og:type\" content=\"article\" \/>\n<meta property=\"og:title\" content=\"Semnal de alarm\u0103 din Valea Jiului: Cluburile Copiilor, \u00een pericol din cauza reducerilor de personal -\" \/>\n<meta property=\"og:description\" content=\"&nbsp; Valea Jiului revine \u00een prim-planul problemelor sociale, dup\u0103 ce colectivul Clubului Copiilor din zon\u0103...\" \/>\n<meta property=\"og:url\" content=\"https:\/\/cronicahd.ro\/?p=8390\" \/>\n<meta property=\"article:published_time\" content=\"2026-04-27T14:14:45+00:00\" \/>\n<meta property=\"og:image\" content=\"https:\/\/cronicahd.ro\/wp-content\/uploads\/2026\/04\/att.03h_x3eUa4f2lSphPstwlLf0EECVmC_oybdA9981mrg.jpeg\" \/>\n\t<meta property=\"og:image:width\" content=\"608\" \/>\n\t<meta property=\"og:image:height\" content=\"589\" \/>\n\t<meta property=\"og:image:type\" content=\"image\/jpeg\" \/>\n<meta name=\"author\" content=\"admin\" \/>\n<meta name=\"twitter:card\" content=\"summary_large_image\" \/>\n<meta name=\"twitter:label1\" content=\"Scris de\" \/>\n\t<meta name=\"twitter:data1\" content=\"admin\" \/>\n\t<meta name=\"twitter:label2\" content=\"Timp estimat pentru citire\" \/>\n\t<meta name=\"twitter:data2\" content=\"2 minute\" \/>\n<script type=\"application\/ld+json\" class=\"yoast-schema-graph\">{\"@context\":\"https:\/\/schema.org\",\"@graph\":[{\"@type\":\"WebPage\",\"@id\":\"https:\/\/cronicahd.ro\/?p=8390\",\"url\":\"https:\/\/cronicahd.ro\/?p=8390\",\"name\":\"Semnal de alarm\u0103 din Valea Jiului: Cluburile Copiilor, \u00een pericol din cauza reducerilor de personal -\",\"isPartOf\":{\"@id\":\"https:\/\/cronicahd.ro\/#website\"},\"primaryImageOfPage\":{\"@id\":\"https:\/\/cronicahd.ro\/?p=8390#primaryimage\"},\"image\":{\"@id\":\"https:\/\/cronicahd.ro\/?p=8390#primaryimage\"},\"thumbnailUrl\":\"https:\/\/cronicahd.ro\/wp-content\/uploads\/2026\/04\/att.03h_x3eUa4f2lSphPstwlLf0EECVmC_oybdA9981mrg.jpeg\",\"datePublished\":\"2026-04-27T14:14:45+00:00\",\"author\":{\"@id\":\"https:\/\/cronicahd.ro\/#\/schema\/person\/d1a1277a8cd166610328e17aaf58bf46\"},\"breadcrumb\":{\"@id\":\"https:\/\/cronicahd.ro\/?p=8390#breadcrumb\"},\"inLanguage\":\"ro-RO\",\"potentialAction\":[{\"@type\":\"ReadAction\",\"target\":[\"https:\/\/cronicahd.ro\/?p=8390\"]}]},{\"@type\":\"ImageObject\",\"inLanguage\":\"ro-RO\",\"@id\":\"https:\/\/cronicahd.ro\/?p=8390#primaryimage\",\"url\":\"https:\/\/cronicahd.ro\/wp-content\/uploads\/2026\/04\/att.03h_x3eUa4f2lSphPstwlLf0EECVmC_oybdA9981mrg.jpeg\",\"contentUrl\":\"https:\/\/cronicahd.ro\/wp-content\/uploads\/2026\/04\/att.03h_x3eUa4f2lSphPstwlLf0EECVmC_oybdA9981mrg.jpeg\",\"width\":608,\"height\":589},{\"@type\":\"BreadcrumbList\",\"@id\":\"https:\/\/cronicahd.ro\/?p=8390#breadcrumb\",\"itemListElement\":[{\"@type\":\"ListItem\",\"position\":1,\"name\":\"Prima pagin\u0103\",\"item\":\"https:\/\/cronicahd.ro\/\"},{\"@type\":\"ListItem\",\"position\":2,\"name\":\"Semnal de alarm\u0103 din Valea Jiului: Cluburile Copiilor, \u00een pericol din cauza reducerilor de personal\"}]},{\"@type\":\"WebSite\",\"@id\":\"https:\/\/cronicahd.ro\/#website\",\"url\":\"https:\/\/cronicahd.ro\/\",\"name\":\"\",\"description\":\"\",\"potentialAction\":[{\"@type\":\"SearchAction\",\"target\":{\"@type\":\"EntryPoint\",\"urlTemplate\":\"https:\/\/cronicahd.ro\/?s={search_term_string}\"},\"query-input\":{\"@type\":\"PropertyValueSpecification\",\"valueRequired\":true,\"valueName\":\"search_term_string\"}}],\"inLanguage\":\"ro-RO\"},{\"@type\":\"Person\",\"@id\":\"https:\/\/cronicahd.ro\/#\/schema\/person\/d1a1277a8cd166610328e17aaf58bf46\",\"name\":\"admin\",\"image\":{\"@type\":\"ImageObject\",\"inLanguage\":\"ro-RO\",\"@id\":\"https:\/\/cronicahd.ro\/#\/schema\/person\/image\/\",\"url\":\"https:\/\/secure.gravatar.com\/avatar\/24700337280d10898c2e0d19d44a05316bff9fccc941ecc5570ffe41668203f7?s=96&d=mm&r=g\",\"contentUrl\":\"https:\/\/secure.gravatar.com\/avatar\/24700337280d10898c2e0d19d44a05316bff9fccc941ecc5570ffe41668203f7?s=96&d=mm&r=g\",\"caption\":\"admin\"},\"sameAs\":[\"https:\/\/cronicavj.ro\"],\"url\":\"https:\/\/cronicahd.ro\/?author=1\"}]}<\/script>\n<!-- \/ Yoast SEO plugin. -->","yoast_head_json":{"title":"Semnal de alarm\u0103 din Valea Jiului: Cluburile Copiilor, \u00een pericol din cauza reducerilor de personal -","robots":{"index":"index","follow":"follow","max-snippet":"max-snippet:-1","max-image-preview":"max-image-preview:large","max-video-preview":"max-video-preview:-1"},"canonical":"https:\/\/cronicahd.ro\/?p=8390","og_locale":"ro_RO","og_type":"article","og_title":"Semnal de alarm\u0103 din Valea Jiului: Cluburile Copiilor, \u00een pericol din cauza reducerilor de personal -","og_description":"&nbsp; Valea Jiului revine \u00een prim-planul problemelor sociale, dup\u0103 ce colectivul Clubului Copiilor din zon\u0103...","og_url":"https:\/\/cronicahd.ro\/?p=8390","article_published_time":"2026-04-27T14:14:45+00:00","og_image":[{"width":608,"height":589,"url":"https:\/\/cronicahd.ro\/wp-content\/uploads\/2026\/04\/att.03h_x3eUa4f2lSphPstwlLf0EECVmC_oybdA9981mrg.jpeg","type":"image\/jpeg"}],"author":"admin","twitter_card":"summary_large_image","twitter_misc":{"Scris de":"admin","Timp estimat pentru citire":"2 minute"},"schema":{"@context":"https:\/\/schema.org","@graph":[{"@type":"WebPage","@id":"https:\/\/cronicahd.ro\/?p=8390","url":"https:\/\/cronicahd.ro\/?p=8390","name":"Semnal de alarm\u0103 din Valea Jiului: Cluburile Copiilor, \u00een pericol din cauza reducerilor de personal -","isPartOf":{"@id":"https:\/\/cronicahd.ro\/#website"},"primaryImageOfPage":{"@id":"https:\/\/cronicahd.ro\/?p=8390#primaryimage"},"image":{"@id":"https:\/\/cronicahd.ro\/?p=8390#primaryimage"},"thumbnailUrl":"https:\/\/cronicahd.ro\/wp-content\/uploads\/2026\/04\/att.03h_x3eUa4f2lSphPstwlLf0EECVmC_oybdA9981mrg.jpeg","datePublished":"2026-04-27T14:14:45+00:00","author":{"@id":"https:\/\/cronicahd.ro\/#\/schema\/person\/d1a1277a8cd166610328e17aaf58bf46"},"breadcrumb":{"@id":"https:\/\/cronicahd.ro\/?p=8390#breadcrumb"},"inLanguage":"ro-RO","potentialAction":[{"@type":"ReadAction","target":["https:\/\/cronicahd.ro\/?p=8390"]}]},{"@type":"ImageObject","inLanguage":"ro-RO","@id":"https:\/\/cronicahd.ro\/?p=8390#primaryimage","url":"https:\/\/cronicahd.ro\/wp-content\/uploads\/2026\/04\/att.03h_x3eUa4f2lSphPstwlLf0EECVmC_oybdA9981mrg.jpeg","contentUrl":"https:\/\/cronicahd.ro\/wp-content\/uploads\/2026\/04\/att.03h_x3eUa4f2lSphPstwlLf0EECVmC_oybdA9981mrg.jpeg","width":608,"height":589},{"@type":"BreadcrumbList","@id":"https:\/\/cronicahd.ro\/?p=8390#breadcrumb","itemListElement":[{"@type":"ListItem","position":1,"name":"Prima pagin\u0103","item":"https:\/\/cronicahd.ro\/"},{"@type":"ListItem","position":2,"name":"Semnal de alarm\u0103 din Valea Jiului: Cluburile Copiilor, \u00een pericol din cauza reducerilor de personal"}]},{"@type":"WebSite","@id":"https:\/\/cronicahd.ro\/#website","url":"https:\/\/cronicahd.ro\/","name":"","description":"","potentialAction":[{"@type":"SearchAction","target":{"@type":"EntryPoint","urlTemplate":"https:\/\/cronicahd.ro\/?s={search_term_string}"},"query-input":{"@type":"PropertyValueSpecification","valueRequired":true,"valueName":"search_term_string"}}],"inLanguage":"ro-RO"},{"@type":"Person","@id":"https:\/\/cronicahd.ro\/#\/schema\/person\/d1a1277a8cd166610328e17aaf58bf46","name":"admin","image":{"@type":"ImageObject","inLanguage":"ro-RO","@id":"https:\/\/cronicahd.ro\/#\/schema\/person\/image\/","url":"https:\/\/secure.gravatar.com\/avatar\/24700337280d10898c2e0d19d44a05316bff9fccc941ecc5570ffe41668203f7?s=96&d=mm&r=g","contentUrl":"https:\/\/secure.gravatar.com\/avatar\/24700337280d10898c2e0d19d44a05316bff9fccc941ecc5570ffe41668203f7?s=96&d=mm&r=g","caption":"admin"},"sameAs":["https:\/\/cronicavj.ro"],"url":"https:\/\/cronicahd.ro\/?author=1"}]}},"_links":{"self":[{"href":"https:\/\/cronicahd.ro\/index.php?rest_route=\/wp\/v2\/posts\/8390","targetHints":{"allow":["GET"]}}],"collection":[{"href":"https:\/\/cronicahd.ro\/index.php?rest_route=\/wp\/v2\/posts"}],"about":[{"href":"https:\/\/cronicahd.ro\/index.php?rest_route=\/wp\/v2\/types\/post"}],"author":[{"embeddable":true,"href":"https:\/\/cronicahd.ro\/index.php?rest_route=\/wp\/v2\/users\/1"}],"replies":[{"embeddable":true,"href":"https:\/\/cronicahd.ro\/index.php?rest_route=%2Fwp%2Fv2%2Fcomments&post=8390"}],"version-history":[{"count":1,"href":"https:\/\/cronicahd.ro\/index.php?rest_route=\/wp\/v2\/posts\/8390\/revisions"}],"predecessor-version":[{"id":8392,"href":"https:\/\/cronicahd.ro\/index.php?rest_route=\/wp\/v2\/posts\/8390\/revisions\/8392"}],"wp:featuredmedia":[{"embeddable":true,"href":"https:\/\/cronicahd.ro\/index.php?rest_route=\/wp\/v2\/media\/8391"}],"wp:attachment":[{"href":"https:\/\/cronicahd.ro\/index.php?rest_route=%2Fwp%2Fv2%2Fmedia&parent=8390"}],"wp:term":[{"taxonomy":"category","embeddable":true,"href":"https:\/\/cronicahd.ro\/index.php?rest_route=%2Fwp%2Fv2%2Fcategories&post=8390"},{"taxonomy":"post_tag","embeddable":true,"href":"https:\/\/cronicahd.ro\/index.php?rest_route=%2Fwp%2Fv2%2Ftags&post=8390"}],"curies":[{"name":"wp","href":"https:\/\/api.w.org\/{rel}","templated":true}]}}