{"id":8384,"date":"2026-04-27T10:24:22","date_gmt":"2026-04-27T10:24:22","guid":{"rendered":"https:\/\/cronicahd.ro\/?p=8384"},"modified":"2026-04-27T10:24:22","modified_gmt":"2026-04-27T10:24:22","slug":"replica-in-scena-politica-hunedoreana-laurentiu-nistor-il-ataca-pe-calin-marian","status":"publish","type":"post","link":"https:\/\/cronicahd.ro\/?p=8384","title":{"rendered":"Replica  \u00een scena politic\u0103 hunedorean\u0103: Lauren\u021biu Nistor \u00eel atac\u0103 pe C\u0103lin Marian"},"content":{"rendered":"<p>Pre\u0219edintele Consiliului Jude\u021bean, Lauren\u021biu Nistor, i-a dat o replic\u0103 liberalului C\u0103lin Petru Marian, dup\u0103 ce acesta, \u00eentr-o postare public\u0103, a cerut demisii \u00een teritoriu dup\u0103 retragerea PSD de la guvernare cu referire la prefectul de Hunedoara, Constantin Fulga.<\/p>\n<p>Liderul social-democrat hunedoreni \u00eel acuz\u0103 pe C\u0103lin Marian de \u201elips\u0103 de coeren\u021b\u0103\u201d \u0219i \u201eprobleme de memorie\u201d, f\u0103c\u00e2nd referire la perioada 2016\u20132019, c\u00e2nd acesta a ocupat func\u021bia de director executiv al Direc\u021biei Agricole Hunedoara, de\u0219i PNL nu se afla la guvernare.<\/p>\n<p>\u201eAtunci nu v-a deranjat deloc reprezentarea politic\u0103 \u00een teritoriu. A\u021bi fost bine-mersi tolerat\u201d, sus\u021bine Nistor, suger\u00e2nd un dublu standard \u00een discursul actual al liberalului.<\/p>\n<p>Declara\u021bia pre\u0219edintelui CJ Hunedoara aduce \u00een prim-plan \u0219i o posibil\u0103 miz\u0103 politic\u0103: revenirea lui C\u0103lin Marian \u00een func\u021bia de prefect. Nistor \u00eei cere acestuia s\u0103 \u00ee\u0219i asume deschis inten\u021biile, f\u0103r\u0103 \u201edeclara\u021bii ipocrite\u201d sau atacuri indirecte.<\/p>\n<p>Totodat\u0103, liderul PSD las\u0103 s\u0103 se \u00een\u021beleag\u0103 c\u0103 \u00een spatele pozi\u021bion\u0103rilor publice ar putea exista \u0219i alte interese, inclusiv promovarea unor persoane apropiate.<\/p>\n<p>Lauren\u021biu Nistor face \u0219i o compara\u021bie direct\u0103 \u00eentre activitatea lui C\u0103lin Marian \u0219i cea a actualului prefect, Constantin Fulga, sus\u021bin\u00e2nd c\u0103 acesta din urm\u0103 ar fi avut rezultate superioare, \u00een special \u00een domeniul fondului funciar.<\/p>\n<p>Mai mult, fostul prefect este acuzat c\u0103, \u00een timpul mandatului s\u0103u, ar fi l\u0103sat \u00een urm\u0103 \u201eblocaje \u0219i probleme nerezolvate\u201d, dar \u0219i c\u0103 ar fi folosit excesiv resurse publice pentru promovare personal\u0103.<\/p>\n<p>\u201eO risip\u0103 inutil\u0103 \u0219i iresponsabil\u0103 de carburant pentru un personaj care s-a remarcat ca pies\u0103 de decor \u00een biroul de prefect\u201d, afirm\u0103 Nistor.<\/p>\n<p>\u00cen final, pre\u0219edintele CJ Hunedoara subliniaz\u0103 c\u0103 eventualele retrageri din func\u021bii ale reprezentan\u021bilor PSD vor avea loc \u201e\u00een cadrul legal\u201d, doar \u00een urma deciziilor guvernamentale, \u0219i nu ca urmare a presiunilor venite din partea opozi\u021biei.<\/p>\n<p>Lauren\u021biu Nistor face \u0219i un apel la \u201eonestitate personal\u0103\u201d, suger\u00e2nd c\u0103 liderul liberal nu ar fi \u00een pozi\u021bia de a invoca principii precum coeren\u021ba sau respectul fa\u021b\u0103 de cet\u0103\u021beni.<\/p>\n<p>&nbsp;<\/p>\n","protected":false},"excerpt":{"rendered":"<p>Pre\u0219edintele Consiliului Jude\u021bean, Lauren\u021biu Nistor, i-a dat o replic\u0103 liberalului C\u0103lin Petru Marian, dup\u0103 ce&#8230;<\/p>\n","protected":false},"author":1,"featured_media":8385,"comment_status":"closed","ping_status":"closed","sticky":false,"template":"","format":"standard","meta":{"footnotes":""},"categories":[1,16],"tags":[],"class_list":["post-8384","post","type-post","status-publish","format-standard","has-post-thumbnail","hentry","category-actual","category-politic"],"yoast_head":"<!-- This site is optimized with the Yoast SEO plugin v25.3.1 - https:\/\/yoast.com\/wordpress\/plugins\/seo\/ -->\n<title>Replica \u00een scena politic\u0103 hunedorean\u0103: Lauren\u021biu Nistor \u00eel atac\u0103 pe C\u0103lin Marian -<\/title>\n<meta name=\"robots\" content=\"index, follow, max-snippet:-1, max-image-preview:large, max-video-preview:-1\" \/>\n<link rel=\"canonical\" href=\"https:\/\/cronicahd.ro\/?p=8384\" \/>\n<meta property=\"og:locale\" content=\"ro_RO\" \/>\n<meta property=\"og:type\" content=\"article\" \/>\n<meta property=\"og:title\" content=\"Replica \u00een scena politic\u0103 hunedorean\u0103: Lauren\u021biu Nistor \u00eel atac\u0103 pe C\u0103lin Marian -\" \/>\n<meta property=\"og:description\" content=\"Pre\u0219edintele Consiliului Jude\u021bean, Lauren\u021biu Nistor, i-a dat o replic\u0103 liberalului C\u0103lin Petru Marian, dup\u0103 ce...\" \/>\n<meta property=\"og:url\" content=\"https:\/\/cronicahd.ro\/?p=8384\" \/>\n<meta property=\"article:published_time\" content=\"2026-04-27T10:24:22+00:00\" \/>\n<meta property=\"og:image\" content=\"https:\/\/cronicahd.ro\/wp-content\/uploads\/2026\/04\/IMG_6809.jpeg\" \/>\n\t<meta property=\"og:image:width\" content=\"1167\" \/>\n\t<meta property=\"og:image:height\" content=\"916\" \/>\n\t<meta property=\"og:image:type\" content=\"image\/jpeg\" \/>\n<meta name=\"author\" content=\"admin\" \/>\n<meta name=\"twitter:card\" content=\"summary_large_image\" \/>\n<meta name=\"twitter:label1\" content=\"Scris de\" \/>\n\t<meta name=\"twitter:data1\" content=\"admin\" \/>\n\t<meta name=\"twitter:label2\" content=\"Timp estimat pentru citire\" \/>\n\t<meta name=\"twitter:data2\" content=\"2 minute\" \/>\n<script type=\"application\/ld+json\" class=\"yoast-schema-graph\">{\"@context\":\"https:\/\/schema.org\",\"@graph\":[{\"@type\":\"WebPage\",\"@id\":\"https:\/\/cronicahd.ro\/?p=8384\",\"url\":\"https:\/\/cronicahd.ro\/?p=8384\",\"name\":\"Replica \u00een scena politic\u0103 hunedorean\u0103: Lauren\u021biu Nistor \u00eel atac\u0103 pe C\u0103lin Marian -\",\"isPartOf\":{\"@id\":\"https:\/\/cronicahd.ro\/#website\"},\"primaryImageOfPage\":{\"@id\":\"https:\/\/cronicahd.ro\/?p=8384#primaryimage\"},\"image\":{\"@id\":\"https:\/\/cronicahd.ro\/?p=8384#primaryimage\"},\"thumbnailUrl\":\"https:\/\/cronicahd.ro\/wp-content\/uploads\/2026\/04\/IMG_6809.jpeg\",\"datePublished\":\"2026-04-27T10:24:22+00:00\",\"author\":{\"@id\":\"https:\/\/cronicahd.ro\/#\/schema\/person\/d1a1277a8cd166610328e17aaf58bf46\"},\"breadcrumb\":{\"@id\":\"https:\/\/cronicahd.ro\/?p=8384#breadcrumb\"},\"inLanguage\":\"ro-RO\",\"potentialAction\":[{\"@type\":\"ReadAction\",\"target\":[\"https:\/\/cronicahd.ro\/?p=8384\"]}]},{\"@type\":\"ImageObject\",\"inLanguage\":\"ro-RO\",\"@id\":\"https:\/\/cronicahd.ro\/?p=8384#primaryimage\",\"url\":\"https:\/\/cronicahd.ro\/wp-content\/uploads\/2026\/04\/IMG_6809.jpeg\",\"contentUrl\":\"https:\/\/cronicahd.ro\/wp-content\/uploads\/2026\/04\/IMG_6809.jpeg\",\"width\":1167,\"height\":916},{\"@type\":\"BreadcrumbList\",\"@id\":\"https:\/\/cronicahd.ro\/?p=8384#breadcrumb\",\"itemListElement\":[{\"@type\":\"ListItem\",\"position\":1,\"name\":\"Prima pagin\u0103\",\"item\":\"https:\/\/cronicahd.ro\/\"},{\"@type\":\"ListItem\",\"position\":2,\"name\":\"Replica \u00een scena politic\u0103 hunedorean\u0103: Lauren\u021biu Nistor \u00eel atac\u0103 pe C\u0103lin Marian\"}]},{\"@type\":\"WebSite\",\"@id\":\"https:\/\/cronicahd.ro\/#website\",\"url\":\"https:\/\/cronicahd.ro\/\",\"name\":\"\",\"description\":\"\",\"potentialAction\":[{\"@type\":\"SearchAction\",\"target\":{\"@type\":\"EntryPoint\",\"urlTemplate\":\"https:\/\/cronicahd.ro\/?s={search_term_string}\"},\"query-input\":{\"@type\":\"PropertyValueSpecification\",\"valueRequired\":true,\"valueName\":\"search_term_string\"}}],\"inLanguage\":\"ro-RO\"},{\"@type\":\"Person\",\"@id\":\"https:\/\/cronicahd.ro\/#\/schema\/person\/d1a1277a8cd166610328e17aaf58bf46\",\"name\":\"admin\",\"image\":{\"@type\":\"ImageObject\",\"inLanguage\":\"ro-RO\",\"@id\":\"https:\/\/cronicahd.ro\/#\/schema\/person\/image\/\",\"url\":\"https:\/\/secure.gravatar.com\/avatar\/24700337280d10898c2e0d19d44a05316bff9fccc941ecc5570ffe41668203f7?s=96&d=mm&r=g\",\"contentUrl\":\"https:\/\/secure.gravatar.com\/avatar\/24700337280d10898c2e0d19d44a05316bff9fccc941ecc5570ffe41668203f7?s=96&d=mm&r=g\",\"caption\":\"admin\"},\"sameAs\":[\"https:\/\/cronicavj.ro\"],\"url\":\"https:\/\/cronicahd.ro\/?author=1\"}]}<\/script>\n<!-- \/ Yoast SEO plugin. -->","yoast_head_json":{"title":"Replica \u00een scena politic\u0103 hunedorean\u0103: Lauren\u021biu Nistor \u00eel atac\u0103 pe C\u0103lin Marian -","robots":{"index":"index","follow":"follow","max-snippet":"max-snippet:-1","max-image-preview":"max-image-preview:large","max-video-preview":"max-video-preview:-1"},"canonical":"https:\/\/cronicahd.ro\/?p=8384","og_locale":"ro_RO","og_type":"article","og_title":"Replica \u00een scena politic\u0103 hunedorean\u0103: Lauren\u021biu Nistor \u00eel atac\u0103 pe C\u0103lin Marian -","og_description":"Pre\u0219edintele Consiliului Jude\u021bean, Lauren\u021biu Nistor, i-a dat o replic\u0103 liberalului C\u0103lin Petru Marian, dup\u0103 ce...","og_url":"https:\/\/cronicahd.ro\/?p=8384","article_published_time":"2026-04-27T10:24:22+00:00","og_image":[{"width":1167,"height":916,"url":"https:\/\/cronicahd.ro\/wp-content\/uploads\/2026\/04\/IMG_6809.jpeg","type":"image\/jpeg"}],"author":"admin","twitter_card":"summary_large_image","twitter_misc":{"Scris de":"admin","Timp estimat pentru citire":"2 minute"},"schema":{"@context":"https:\/\/schema.org","@graph":[{"@type":"WebPage","@id":"https:\/\/cronicahd.ro\/?p=8384","url":"https:\/\/cronicahd.ro\/?p=8384","name":"Replica \u00een scena politic\u0103 hunedorean\u0103: Lauren\u021biu Nistor \u00eel atac\u0103 pe C\u0103lin Marian -","isPartOf":{"@id":"https:\/\/cronicahd.ro\/#website"},"primaryImageOfPage":{"@id":"https:\/\/cronicahd.ro\/?p=8384#primaryimage"},"image":{"@id":"https:\/\/cronicahd.ro\/?p=8384#primaryimage"},"thumbnailUrl":"https:\/\/cronicahd.ro\/wp-content\/uploads\/2026\/04\/IMG_6809.jpeg","datePublished":"2026-04-27T10:24:22+00:00","author":{"@id":"https:\/\/cronicahd.ro\/#\/schema\/person\/d1a1277a8cd166610328e17aaf58bf46"},"breadcrumb":{"@id":"https:\/\/cronicahd.ro\/?p=8384#breadcrumb"},"inLanguage":"ro-RO","potentialAction":[{"@type":"ReadAction","target":["https:\/\/cronicahd.ro\/?p=8384"]}]},{"@type":"ImageObject","inLanguage":"ro-RO","@id":"https:\/\/cronicahd.ro\/?p=8384#primaryimage","url":"https:\/\/cronicahd.ro\/wp-content\/uploads\/2026\/04\/IMG_6809.jpeg","contentUrl":"https:\/\/cronicahd.ro\/wp-content\/uploads\/2026\/04\/IMG_6809.jpeg","width":1167,"height":916},{"@type":"BreadcrumbList","@id":"https:\/\/cronicahd.ro\/?p=8384#breadcrumb","itemListElement":[{"@type":"ListItem","position":1,"name":"Prima pagin\u0103","item":"https:\/\/cronicahd.ro\/"},{"@type":"ListItem","position":2,"name":"Replica \u00een scena politic\u0103 hunedorean\u0103: Lauren\u021biu Nistor \u00eel atac\u0103 pe C\u0103lin Marian"}]},{"@type":"WebSite","@id":"https:\/\/cronicahd.ro\/#website","url":"https:\/\/cronicahd.ro\/","name":"","description":"","potentialAction":[{"@type":"SearchAction","target":{"@type":"EntryPoint","urlTemplate":"https:\/\/cronicahd.ro\/?s={search_term_string}"},"query-input":{"@type":"PropertyValueSpecification","valueRequired":true,"valueName":"search_term_string"}}],"inLanguage":"ro-RO"},{"@type":"Person","@id":"https:\/\/cronicahd.ro\/#\/schema\/person\/d1a1277a8cd166610328e17aaf58bf46","name":"admin","image":{"@type":"ImageObject","inLanguage":"ro-RO","@id":"https:\/\/cronicahd.ro\/#\/schema\/person\/image\/","url":"https:\/\/secure.gravatar.com\/avatar\/24700337280d10898c2e0d19d44a05316bff9fccc941ecc5570ffe41668203f7?s=96&d=mm&r=g","contentUrl":"https:\/\/secure.gravatar.com\/avatar\/24700337280d10898c2e0d19d44a05316bff9fccc941ecc5570ffe41668203f7?s=96&d=mm&r=g","caption":"admin"},"sameAs":["https:\/\/cronicavj.ro"],"url":"https:\/\/cronicahd.ro\/?author=1"}]}},"_links":{"self":[{"href":"https:\/\/cronicahd.ro\/index.php?rest_route=\/wp\/v2\/posts\/8384","targetHints":{"allow":["GET"]}}],"collection":[{"href":"https:\/\/cronicahd.ro\/index.php?rest_route=\/wp\/v2\/posts"}],"about":[{"href":"https:\/\/cronicahd.ro\/index.php?rest_route=\/wp\/v2\/types\/post"}],"author":[{"embeddable":true,"href":"https:\/\/cronicahd.ro\/index.php?rest_route=\/wp\/v2\/users\/1"}],"replies":[{"embeddable":true,"href":"https:\/\/cronicahd.ro\/index.php?rest_route=%2Fwp%2Fv2%2Fcomments&post=8384"}],"version-history":[{"count":1,"href":"https:\/\/cronicahd.ro\/index.php?rest_route=\/wp\/v2\/posts\/8384\/revisions"}],"predecessor-version":[{"id":8386,"href":"https:\/\/cronicahd.ro\/index.php?rest_route=\/wp\/v2\/posts\/8384\/revisions\/8386"}],"wp:featuredmedia":[{"embeddable":true,"href":"https:\/\/cronicahd.ro\/index.php?rest_route=\/wp\/v2\/media\/8385"}],"wp:attachment":[{"href":"https:\/\/cronicahd.ro\/index.php?rest_route=%2Fwp%2Fv2%2Fmedia&parent=8384"}],"wp:term":[{"taxonomy":"category","embeddable":true,"href":"https:\/\/cronicahd.ro\/index.php?rest_route=%2Fwp%2Fv2%2Fcategories&post=8384"},{"taxonomy":"post_tag","embeddable":true,"href":"https:\/\/cronicahd.ro\/index.php?rest_route=%2Fwp%2Fv2%2Ftags&post=8384"}],"curies":[{"name":"wp","href":"https:\/\/api.w.org\/{rel}","templated":true}]}}