{"id":8374,"date":"2026-04-27T08:08:51","date_gmt":"2026-04-27T08:08:51","guid":{"rendered":"https:\/\/cronicahd.ro\/?p=8374"},"modified":"2026-04-27T08:08:51","modified_gmt":"2026-04-27T08:08:51","slug":"senatorul-calin-petru-marian-critica-psd-dupa-retragerea-de-la-guvernare-si-cere-demisii-in-teritoriu","status":"publish","type":"post","link":"https:\/\/cronicahd.ro\/?p=8374","title":{"rendered":"Senatorul C\u0103lin Petru Marian critic\u0103 PSD dup\u0103 retragerea de la guvernare \u0219i cere demisii \u00een teritoriu"},"content":{"rendered":"<p>&nbsp;<\/p>\n<p>Retragerea Partidul Social Democrat (PSD) de la guvernare st\u00e2rne\u0219te reac\u021bii \u00een plan local. Senatorul de Hunedoara C\u0103lin Petru Marian sus\u021bine c\u0103 decizia trebuie urmat\u0103 de m\u0103suri concrete, nu doar de declara\u021bii politice, \u0219i cere coeren\u021b\u0103 \u00een ceea ce prive\u0219te reprezentarea \u00een teritoriu.<\/p>\n<p>\u00centr-o declara\u021bie public\u0103, parlamentarul atrage aten\u021bia asupra faptului c\u0103 ie\u0219irea de la guvernare ar trebui s\u0103 duc\u0103 automat la retragerea persoanelor numite politic \u00een func\u021bii care reprezint\u0103 Executivul. \u00cen acest context, el i se adreseaz\u0103 direct pre\u0219edintelui PSD Hune-doara, Lauren\u021biu Nistor, subliniind c\u0103 men\u021binerea actualelor structuri contrazice decizia anun\u021bat\u0103 la nivel central.<br \/>\n\u201eNu po\u021bi s\u0103 afirmi c\u0103 ie\u0219i de la guvernare \u0219i, \u00een acela\u0219i timp, s\u0103 men\u021bii \u00een func\u021bii oameni numi\u021bi politic, care reprezint\u0103 Guvernul \u00een teritoriu\u201d, a declarat senatorul.<br \/>\nUn exemplu concret invocat este cel al prefectului jude\u021bului Hunedoara, Constantin Fulga, a c\u0103rui activitate este criticat\u0103 de senator, acesta afirm\u00e2nd c\u0103 a fost \u201emai degrab\u0103 marcat\u0103 de absen\u021b\u0103 dec\u00e2t de implicare real\u0103 \u00een problemele jude\u021bului\u201d.<br \/>\nC\u0103lin Petru Marian consider\u0103 c\u0103 situa\u021bia actual\u0103 ridic\u0103 semne de \u00eentrebare privind corectitudinea \u0219i respectul fa\u021b\u0103 de cet\u0103\u021beni, \u00een condi\u021biile \u00een care un partid nu poate, \u00een opinia sa, s\u0103 fie simultan la putere \u0219i \u00een opozi\u021bie.<\/p>\n<p>\u201eEste o chestiune de coeren\u021b\u0103 \u0219i de respect fa\u021b\u0103 de cet\u0103\u021beni. Dac\u0103 PSD a ales opozi\u021bia, atunci s\u0103 o fac\u0103 pe deplin. Retragerea trebuie s\u0103 fie una real\u0103, nu mimat\u0103\u201d, a mai precizat senatorul.<br \/>\n\u00cen final, acesta subliniaz\u0103 c\u0103 jude\u021bul Hunedoara are nevoie de stabilitate \u0219i responsabilitate administrativ\u0103, nu de \u201ejocuri politice\u201d menite s\u0103 conserve func\u021bii \u0219i influen\u021b\u0103.<\/p>\n<p>&nbsp;<\/p>\n","protected":false},"excerpt":{"rendered":"<p>&nbsp; Retragerea Partidul Social Democrat (PSD) de la guvernare st\u00e2rne\u0219te reac\u021bii \u00een plan local. Senatorul&#8230;<\/p>\n","protected":false},"author":1,"featured_media":253,"comment_status":"closed","ping_status":"closed","sticky":false,"template":"","format":"standard","meta":{"footnotes":""},"categories":[1,16],"tags":[],"class_list":["post-8374","post","type-post","status-publish","format-standard","has-post-thumbnail","hentry","category-actual","category-politic"],"yoast_head":"<!-- This site is optimized with the Yoast SEO plugin v25.3.1 - https:\/\/yoast.com\/wordpress\/plugins\/seo\/ -->\n<title>Senatorul C\u0103lin Petru Marian critic\u0103 PSD dup\u0103 retragerea de la guvernare \u0219i cere demisii \u00een teritoriu -<\/title>\n<meta name=\"robots\" content=\"index, follow, max-snippet:-1, max-image-preview:large, max-video-preview:-1\" \/>\n<link rel=\"canonical\" href=\"https:\/\/cronicahd.ro\/?p=8374\" \/>\n<meta property=\"og:locale\" content=\"ro_RO\" \/>\n<meta property=\"og:type\" content=\"article\" \/>\n<meta property=\"og:title\" content=\"Senatorul C\u0103lin Petru Marian critic\u0103 PSD dup\u0103 retragerea de la guvernare \u0219i cere demisii \u00een teritoriu -\" \/>\n<meta property=\"og:description\" content=\"&nbsp; Retragerea Partidul Social Democrat (PSD) de la guvernare st\u00e2rne\u0219te reac\u021bii \u00een plan local. Senatorul...\" \/>\n<meta property=\"og:url\" content=\"https:\/\/cronicahd.ro\/?p=8374\" \/>\n<meta property=\"article:published_time\" content=\"2026-04-27T08:08:51+00:00\" \/>\n<meta property=\"og:image\" content=\"https:\/\/cronicahd.ro\/wp-content\/uploads\/2025\/07\/calin.jpg\" \/>\n\t<meta property=\"og:image:width\" content=\"2048\" \/>\n\t<meta property=\"og:image:height\" content=\"1536\" \/>\n\t<meta property=\"og:image:type\" content=\"image\/jpeg\" \/>\n<meta name=\"author\" content=\"admin\" \/>\n<meta name=\"twitter:card\" content=\"summary_large_image\" \/>\n<meta name=\"twitter:label1\" content=\"Scris de\" \/>\n\t<meta name=\"twitter:data1\" content=\"admin\" \/>\n\t<meta name=\"twitter:label2\" content=\"Timp estimat pentru citire\" \/>\n\t<meta name=\"twitter:data2\" content=\"2 minute\" \/>\n<script type=\"application\/ld+json\" class=\"yoast-schema-graph\">{\"@context\":\"https:\/\/schema.org\",\"@graph\":[{\"@type\":\"WebPage\",\"@id\":\"https:\/\/cronicahd.ro\/?p=8374\",\"url\":\"https:\/\/cronicahd.ro\/?p=8374\",\"name\":\"Senatorul C\u0103lin Petru Marian critic\u0103 PSD dup\u0103 retragerea de la guvernare \u0219i cere demisii \u00een teritoriu -\",\"isPartOf\":{\"@id\":\"https:\/\/cronicahd.ro\/#website\"},\"primaryImageOfPage\":{\"@id\":\"https:\/\/cronicahd.ro\/?p=8374#primaryimage\"},\"image\":{\"@id\":\"https:\/\/cronicahd.ro\/?p=8374#primaryimage\"},\"thumbnailUrl\":\"https:\/\/cronicahd.ro\/wp-content\/uploads\/2025\/07\/calin.jpg\",\"datePublished\":\"2026-04-27T08:08:51+00:00\",\"author\":{\"@id\":\"https:\/\/cronicahd.ro\/#\/schema\/person\/d1a1277a8cd166610328e17aaf58bf46\"},\"breadcrumb\":{\"@id\":\"https:\/\/cronicahd.ro\/?p=8374#breadcrumb\"},\"inLanguage\":\"ro-RO\",\"potentialAction\":[{\"@type\":\"ReadAction\",\"target\":[\"https:\/\/cronicahd.ro\/?p=8374\"]}]},{\"@type\":\"ImageObject\",\"inLanguage\":\"ro-RO\",\"@id\":\"https:\/\/cronicahd.ro\/?p=8374#primaryimage\",\"url\":\"https:\/\/cronicahd.ro\/wp-content\/uploads\/2025\/07\/calin.jpg\",\"contentUrl\":\"https:\/\/cronicahd.ro\/wp-content\/uploads\/2025\/07\/calin.jpg\",\"width\":2048,\"height\":1536},{\"@type\":\"BreadcrumbList\",\"@id\":\"https:\/\/cronicahd.ro\/?p=8374#breadcrumb\",\"itemListElement\":[{\"@type\":\"ListItem\",\"position\":1,\"name\":\"Prima pagin\u0103\",\"item\":\"https:\/\/cronicahd.ro\/\"},{\"@type\":\"ListItem\",\"position\":2,\"name\":\"Senatorul C\u0103lin Petru Marian critic\u0103 PSD dup\u0103 retragerea de la guvernare \u0219i cere demisii \u00een teritoriu\"}]},{\"@type\":\"WebSite\",\"@id\":\"https:\/\/cronicahd.ro\/#website\",\"url\":\"https:\/\/cronicahd.ro\/\",\"name\":\"\",\"description\":\"\",\"potentialAction\":[{\"@type\":\"SearchAction\",\"target\":{\"@type\":\"EntryPoint\",\"urlTemplate\":\"https:\/\/cronicahd.ro\/?s={search_term_string}\"},\"query-input\":{\"@type\":\"PropertyValueSpecification\",\"valueRequired\":true,\"valueName\":\"search_term_string\"}}],\"inLanguage\":\"ro-RO\"},{\"@type\":\"Person\",\"@id\":\"https:\/\/cronicahd.ro\/#\/schema\/person\/d1a1277a8cd166610328e17aaf58bf46\",\"name\":\"admin\",\"image\":{\"@type\":\"ImageObject\",\"inLanguage\":\"ro-RO\",\"@id\":\"https:\/\/cronicahd.ro\/#\/schema\/person\/image\/\",\"url\":\"https:\/\/secure.gravatar.com\/avatar\/24700337280d10898c2e0d19d44a05316bff9fccc941ecc5570ffe41668203f7?s=96&d=mm&r=g\",\"contentUrl\":\"https:\/\/secure.gravatar.com\/avatar\/24700337280d10898c2e0d19d44a05316bff9fccc941ecc5570ffe41668203f7?s=96&d=mm&r=g\",\"caption\":\"admin\"},\"sameAs\":[\"https:\/\/cronicavj.ro\"],\"url\":\"https:\/\/cronicahd.ro\/?author=1\"}]}<\/script>\n<!-- \/ Yoast SEO plugin. -->","yoast_head_json":{"title":"Senatorul C\u0103lin Petru Marian critic\u0103 PSD dup\u0103 retragerea de la guvernare \u0219i cere demisii \u00een teritoriu -","robots":{"index":"index","follow":"follow","max-snippet":"max-snippet:-1","max-image-preview":"max-image-preview:large","max-video-preview":"max-video-preview:-1"},"canonical":"https:\/\/cronicahd.ro\/?p=8374","og_locale":"ro_RO","og_type":"article","og_title":"Senatorul C\u0103lin Petru Marian critic\u0103 PSD dup\u0103 retragerea de la guvernare \u0219i cere demisii \u00een teritoriu -","og_description":"&nbsp; Retragerea Partidul Social Democrat (PSD) de la guvernare st\u00e2rne\u0219te reac\u021bii \u00een plan local. Senatorul...","og_url":"https:\/\/cronicahd.ro\/?p=8374","article_published_time":"2026-04-27T08:08:51+00:00","og_image":[{"width":2048,"height":1536,"url":"https:\/\/cronicahd.ro\/wp-content\/uploads\/2025\/07\/calin.jpg","type":"image\/jpeg"}],"author":"admin","twitter_card":"summary_large_image","twitter_misc":{"Scris de":"admin","Timp estimat pentru citire":"2 minute"},"schema":{"@context":"https:\/\/schema.org","@graph":[{"@type":"WebPage","@id":"https:\/\/cronicahd.ro\/?p=8374","url":"https:\/\/cronicahd.ro\/?p=8374","name":"Senatorul C\u0103lin Petru Marian critic\u0103 PSD dup\u0103 retragerea de la guvernare \u0219i cere demisii \u00een teritoriu -","isPartOf":{"@id":"https:\/\/cronicahd.ro\/#website"},"primaryImageOfPage":{"@id":"https:\/\/cronicahd.ro\/?p=8374#primaryimage"},"image":{"@id":"https:\/\/cronicahd.ro\/?p=8374#primaryimage"},"thumbnailUrl":"https:\/\/cronicahd.ro\/wp-content\/uploads\/2025\/07\/calin.jpg","datePublished":"2026-04-27T08:08:51+00:00","author":{"@id":"https:\/\/cronicahd.ro\/#\/schema\/person\/d1a1277a8cd166610328e17aaf58bf46"},"breadcrumb":{"@id":"https:\/\/cronicahd.ro\/?p=8374#breadcrumb"},"inLanguage":"ro-RO","potentialAction":[{"@type":"ReadAction","target":["https:\/\/cronicahd.ro\/?p=8374"]}]},{"@type":"ImageObject","inLanguage":"ro-RO","@id":"https:\/\/cronicahd.ro\/?p=8374#primaryimage","url":"https:\/\/cronicahd.ro\/wp-content\/uploads\/2025\/07\/calin.jpg","contentUrl":"https:\/\/cronicahd.ro\/wp-content\/uploads\/2025\/07\/calin.jpg","width":2048,"height":1536},{"@type":"BreadcrumbList","@id":"https:\/\/cronicahd.ro\/?p=8374#breadcrumb","itemListElement":[{"@type":"ListItem","position":1,"name":"Prima pagin\u0103","item":"https:\/\/cronicahd.ro\/"},{"@type":"ListItem","position":2,"name":"Senatorul C\u0103lin Petru Marian critic\u0103 PSD dup\u0103 retragerea de la guvernare \u0219i cere demisii \u00een teritoriu"}]},{"@type":"WebSite","@id":"https:\/\/cronicahd.ro\/#website","url":"https:\/\/cronicahd.ro\/","name":"","description":"","potentialAction":[{"@type":"SearchAction","target":{"@type":"EntryPoint","urlTemplate":"https:\/\/cronicahd.ro\/?s={search_term_string}"},"query-input":{"@type":"PropertyValueSpecification","valueRequired":true,"valueName":"search_term_string"}}],"inLanguage":"ro-RO"},{"@type":"Person","@id":"https:\/\/cronicahd.ro\/#\/schema\/person\/d1a1277a8cd166610328e17aaf58bf46","name":"admin","image":{"@type":"ImageObject","inLanguage":"ro-RO","@id":"https:\/\/cronicahd.ro\/#\/schema\/person\/image\/","url":"https:\/\/secure.gravatar.com\/avatar\/24700337280d10898c2e0d19d44a05316bff9fccc941ecc5570ffe41668203f7?s=96&d=mm&r=g","contentUrl":"https:\/\/secure.gravatar.com\/avatar\/24700337280d10898c2e0d19d44a05316bff9fccc941ecc5570ffe41668203f7?s=96&d=mm&r=g","caption":"admin"},"sameAs":["https:\/\/cronicavj.ro"],"url":"https:\/\/cronicahd.ro\/?author=1"}]}},"_links":{"self":[{"href":"https:\/\/cronicahd.ro\/index.php?rest_route=\/wp\/v2\/posts\/8374","targetHints":{"allow":["GET"]}}],"collection":[{"href":"https:\/\/cronicahd.ro\/index.php?rest_route=\/wp\/v2\/posts"}],"about":[{"href":"https:\/\/cronicahd.ro\/index.php?rest_route=\/wp\/v2\/types\/post"}],"author":[{"embeddable":true,"href":"https:\/\/cronicahd.ro\/index.php?rest_route=\/wp\/v2\/users\/1"}],"replies":[{"embeddable":true,"href":"https:\/\/cronicahd.ro\/index.php?rest_route=%2Fwp%2Fv2%2Fcomments&post=8374"}],"version-history":[{"count":1,"href":"https:\/\/cronicahd.ro\/index.php?rest_route=\/wp\/v2\/posts\/8374\/revisions"}],"predecessor-version":[{"id":8375,"href":"https:\/\/cronicahd.ro\/index.php?rest_route=\/wp\/v2\/posts\/8374\/revisions\/8375"}],"wp:featuredmedia":[{"embeddable":true,"href":"https:\/\/cronicahd.ro\/index.php?rest_route=\/wp\/v2\/media\/253"}],"wp:attachment":[{"href":"https:\/\/cronicahd.ro\/index.php?rest_route=%2Fwp%2Fv2%2Fmedia&parent=8374"}],"wp:term":[{"taxonomy":"category","embeddable":true,"href":"https:\/\/cronicahd.ro\/index.php?rest_route=%2Fwp%2Fv2%2Fcategories&post=8374"},{"taxonomy":"post_tag","embeddable":true,"href":"https:\/\/cronicahd.ro\/index.php?rest_route=%2Fwp%2Fv2%2Ftags&post=8374"}],"curies":[{"name":"wp","href":"https:\/\/api.w.org\/{rel}","templated":true}]}}