{"id":8371,"date":"2026-04-27T07:46:07","date_gmt":"2026-04-27T07:46:07","guid":{"rendered":"https:\/\/cronicahd.ro\/?p=8371"},"modified":"2026-04-27T07:46:07","modified_gmt":"2026-04-27T07:46:07","slug":"parteneriate-pentru-arii-protejate","status":"publish","type":"post","link":"https:\/\/cronicahd.ro\/?p=8371","title":{"rendered":"Parteneriate pentru arii protejate"},"content":{"rendered":"<p>Ariile protejate a\u0219teapt\u0103 parteneriate public &#8211; private pentru dezvoltare. Este un proiect ini\u021biat recent de responsabilii de la Mediu, care cred c\u0103 astfel se pot \u00eembun\u0103t\u0103\u021bi condi\u021biile din aceste zone. \u0218i cum jude\u021bul Hunedoara este \u00een top \u00een ce prive\u0219te suprafa\u021ba de arii protejate pe care le cuprinde, se pune accent acum pe investitorii care ar dori s\u0103 fac\u0103 parte din aceste parteneriate. \u201eAgen\u021bia Na\u021bional\u0103 pentru Mediu \u0219i Arii Protejate (ANMAP) a publicat, pe site-ul institu\u021biei procedura privind ini\u021bierea parteneriatelor pentru implementarea de proiecte \u00een arii naturale protejate. Prin aceast\u0103 ini\u021biativ\u0103, ANMAP \u00ee\u0219i propune s\u0103 colaboreze cu entit\u0103\u021bi publice \u0219i private interesate \u00een elaborarea \u0219i implementarea de proiecte care vizeaz\u0103 aplicarea m\u0103surilor active prev\u0103zute \u00een planurile de management ale ariilor naturale protejate.<\/p>\n<p>\u00cen perioada urm\u0103toare, vor fi publicate pe site \u0219i anun\u021burile specifice aferente ariilor naturale pentru care se caut\u0103 parteneri.<\/p>\n<p>Mai mult, oricine este interesat de astfel de colabor\u0103ri este invitat s\u0103 consulte procedura disponibil\u0103 online \u0219i s\u0103 urm\u0103reasc\u0103 actualiz\u0103rile, pentru a identifica oportunit\u0103\u021bile de colaborare cele mai potrivite cu viziunile sale\u201d, se arat\u0103 \u00een comunicatul remis presei de ANMAP.<\/p>\n<p>Vezi aici lista cu ariile protejate din jude\u021bul Hunedoara: <a href=\"https:\/\/ro.wikipedia.org\/wiki\/Lista_rezerva%C8%9Biilor_naturale_din_jude%C8%9Bul_Hunedoara\">https:\/\/ro.wikipedia.org\/wiki\/Lista_rezerva%C8%9Biilor_naturale_din_jude%C8%9Bul_Hunedoara<\/a><\/p>\n<p><strong>\u00a0<\/strong><\/p>\n<p>&nbsp;<\/p>\n<p>Diana Mitrache<\/p>\n<p>Foto ANMAP<\/p>\n","protected":false},"excerpt":{"rendered":"<p>Ariile protejate a\u0219teapt\u0103 parteneriate public &#8211; private pentru dezvoltare. Este un proiect ini\u021biat recent de&#8230;<\/p>\n","protected":false},"author":1,"featured_media":8372,"comment_status":"closed","ping_status":"closed","sticky":false,"template":"","format":"standard","meta":{"footnotes":""},"categories":[1,10],"tags":[],"class_list":["post-8371","post","type-post","status-publish","format-standard","has-post-thumbnail","hentry","category-actual","category-turism"],"yoast_head":"<!-- This site is optimized with the Yoast SEO plugin v25.3.1 - https:\/\/yoast.com\/wordpress\/plugins\/seo\/ -->\n<title>Parteneriate pentru arii protejate -<\/title>\n<meta name=\"robots\" content=\"index, follow, max-snippet:-1, max-image-preview:large, max-video-preview:-1\" \/>\n<link rel=\"canonical\" href=\"https:\/\/cronicahd.ro\/?p=8371\" \/>\n<meta property=\"og:locale\" content=\"ro_RO\" \/>\n<meta property=\"og:type\" content=\"article\" \/>\n<meta property=\"og:title\" content=\"Parteneriate pentru arii protejate -\" \/>\n<meta property=\"og:description\" content=\"Ariile protejate a\u0219teapt\u0103 parteneriate public &#8211; private pentru dezvoltare. Este un proiect ini\u021biat recent de...\" \/>\n<meta property=\"og:url\" content=\"https:\/\/cronicahd.ro\/?p=8371\" \/>\n<meta property=\"article:published_time\" content=\"2026-04-27T07:46:07+00:00\" \/>\n<meta property=\"og:image\" content=\"https:\/\/cronicahd.ro\/wp-content\/uploads\/2026\/04\/Fara-titlu-2.jpg\" \/>\n\t<meta property=\"og:image:width\" content=\"2048\" \/>\n\t<meta property=\"og:image:height\" content=\"1117\" \/>\n\t<meta property=\"og:image:type\" content=\"image\/jpeg\" \/>\n<meta name=\"author\" content=\"admin\" \/>\n<meta name=\"twitter:card\" content=\"summary_large_image\" \/>\n<meta name=\"twitter:label1\" content=\"Scris de\" \/>\n\t<meta name=\"twitter:data1\" content=\"admin\" \/>\n\t<meta name=\"twitter:label2\" content=\"Timp estimat pentru citire\" \/>\n\t<meta name=\"twitter:data2\" content=\"2 minute\" \/>\n<script type=\"application\/ld+json\" class=\"yoast-schema-graph\">{\"@context\":\"https:\/\/schema.org\",\"@graph\":[{\"@type\":\"WebPage\",\"@id\":\"https:\/\/cronicahd.ro\/?p=8371\",\"url\":\"https:\/\/cronicahd.ro\/?p=8371\",\"name\":\"Parteneriate pentru arii protejate -\",\"isPartOf\":{\"@id\":\"https:\/\/cronicahd.ro\/#website\"},\"primaryImageOfPage\":{\"@id\":\"https:\/\/cronicahd.ro\/?p=8371#primaryimage\"},\"image\":{\"@id\":\"https:\/\/cronicahd.ro\/?p=8371#primaryimage\"},\"thumbnailUrl\":\"https:\/\/cronicahd.ro\/wp-content\/uploads\/2026\/04\/Fara-titlu-2.jpg\",\"datePublished\":\"2026-04-27T07:46:07+00:00\",\"author\":{\"@id\":\"https:\/\/cronicahd.ro\/#\/schema\/person\/d1a1277a8cd166610328e17aaf58bf46\"},\"breadcrumb\":{\"@id\":\"https:\/\/cronicahd.ro\/?p=8371#breadcrumb\"},\"inLanguage\":\"ro-RO\",\"potentialAction\":[{\"@type\":\"ReadAction\",\"target\":[\"https:\/\/cronicahd.ro\/?p=8371\"]}]},{\"@type\":\"ImageObject\",\"inLanguage\":\"ro-RO\",\"@id\":\"https:\/\/cronicahd.ro\/?p=8371#primaryimage\",\"url\":\"https:\/\/cronicahd.ro\/wp-content\/uploads\/2026\/04\/Fara-titlu-2.jpg\",\"contentUrl\":\"https:\/\/cronicahd.ro\/wp-content\/uploads\/2026\/04\/Fara-titlu-2.jpg\",\"width\":2048,\"height\":1117},{\"@type\":\"BreadcrumbList\",\"@id\":\"https:\/\/cronicahd.ro\/?p=8371#breadcrumb\",\"itemListElement\":[{\"@type\":\"ListItem\",\"position\":1,\"name\":\"Prima pagin\u0103\",\"item\":\"https:\/\/cronicahd.ro\/\"},{\"@type\":\"ListItem\",\"position\":2,\"name\":\"Parteneriate pentru arii protejate\"}]},{\"@type\":\"WebSite\",\"@id\":\"https:\/\/cronicahd.ro\/#website\",\"url\":\"https:\/\/cronicahd.ro\/\",\"name\":\"\",\"description\":\"\",\"potentialAction\":[{\"@type\":\"SearchAction\",\"target\":{\"@type\":\"EntryPoint\",\"urlTemplate\":\"https:\/\/cronicahd.ro\/?s={search_term_string}\"},\"query-input\":{\"@type\":\"PropertyValueSpecification\",\"valueRequired\":true,\"valueName\":\"search_term_string\"}}],\"inLanguage\":\"ro-RO\"},{\"@type\":\"Person\",\"@id\":\"https:\/\/cronicahd.ro\/#\/schema\/person\/d1a1277a8cd166610328e17aaf58bf46\",\"name\":\"admin\",\"image\":{\"@type\":\"ImageObject\",\"inLanguage\":\"ro-RO\",\"@id\":\"https:\/\/cronicahd.ro\/#\/schema\/person\/image\/\",\"url\":\"https:\/\/secure.gravatar.com\/avatar\/24700337280d10898c2e0d19d44a05316bff9fccc941ecc5570ffe41668203f7?s=96&d=mm&r=g\",\"contentUrl\":\"https:\/\/secure.gravatar.com\/avatar\/24700337280d10898c2e0d19d44a05316bff9fccc941ecc5570ffe41668203f7?s=96&d=mm&r=g\",\"caption\":\"admin\"},\"sameAs\":[\"https:\/\/cronicavj.ro\"],\"url\":\"https:\/\/cronicahd.ro\/?author=1\"}]}<\/script>\n<!-- \/ Yoast SEO plugin. -->","yoast_head_json":{"title":"Parteneriate pentru arii protejate -","robots":{"index":"index","follow":"follow","max-snippet":"max-snippet:-1","max-image-preview":"max-image-preview:large","max-video-preview":"max-video-preview:-1"},"canonical":"https:\/\/cronicahd.ro\/?p=8371","og_locale":"ro_RO","og_type":"article","og_title":"Parteneriate pentru arii protejate -","og_description":"Ariile protejate a\u0219teapt\u0103 parteneriate public &#8211; private pentru dezvoltare. Este un proiect ini\u021biat recent de...","og_url":"https:\/\/cronicahd.ro\/?p=8371","article_published_time":"2026-04-27T07:46:07+00:00","og_image":[{"width":2048,"height":1117,"url":"https:\/\/cronicahd.ro\/wp-content\/uploads\/2026\/04\/Fara-titlu-2.jpg","type":"image\/jpeg"}],"author":"admin","twitter_card":"summary_large_image","twitter_misc":{"Scris de":"admin","Timp estimat pentru citire":"2 minute"},"schema":{"@context":"https:\/\/schema.org","@graph":[{"@type":"WebPage","@id":"https:\/\/cronicahd.ro\/?p=8371","url":"https:\/\/cronicahd.ro\/?p=8371","name":"Parteneriate pentru arii protejate -","isPartOf":{"@id":"https:\/\/cronicahd.ro\/#website"},"primaryImageOfPage":{"@id":"https:\/\/cronicahd.ro\/?p=8371#primaryimage"},"image":{"@id":"https:\/\/cronicahd.ro\/?p=8371#primaryimage"},"thumbnailUrl":"https:\/\/cronicahd.ro\/wp-content\/uploads\/2026\/04\/Fara-titlu-2.jpg","datePublished":"2026-04-27T07:46:07+00:00","author":{"@id":"https:\/\/cronicahd.ro\/#\/schema\/person\/d1a1277a8cd166610328e17aaf58bf46"},"breadcrumb":{"@id":"https:\/\/cronicahd.ro\/?p=8371#breadcrumb"},"inLanguage":"ro-RO","potentialAction":[{"@type":"ReadAction","target":["https:\/\/cronicahd.ro\/?p=8371"]}]},{"@type":"ImageObject","inLanguage":"ro-RO","@id":"https:\/\/cronicahd.ro\/?p=8371#primaryimage","url":"https:\/\/cronicahd.ro\/wp-content\/uploads\/2026\/04\/Fara-titlu-2.jpg","contentUrl":"https:\/\/cronicahd.ro\/wp-content\/uploads\/2026\/04\/Fara-titlu-2.jpg","width":2048,"height":1117},{"@type":"BreadcrumbList","@id":"https:\/\/cronicahd.ro\/?p=8371#breadcrumb","itemListElement":[{"@type":"ListItem","position":1,"name":"Prima pagin\u0103","item":"https:\/\/cronicahd.ro\/"},{"@type":"ListItem","position":2,"name":"Parteneriate pentru arii protejate"}]},{"@type":"WebSite","@id":"https:\/\/cronicahd.ro\/#website","url":"https:\/\/cronicahd.ro\/","name":"","description":"","potentialAction":[{"@type":"SearchAction","target":{"@type":"EntryPoint","urlTemplate":"https:\/\/cronicahd.ro\/?s={search_term_string}"},"query-input":{"@type":"PropertyValueSpecification","valueRequired":true,"valueName":"search_term_string"}}],"inLanguage":"ro-RO"},{"@type":"Person","@id":"https:\/\/cronicahd.ro\/#\/schema\/person\/d1a1277a8cd166610328e17aaf58bf46","name":"admin","image":{"@type":"ImageObject","inLanguage":"ro-RO","@id":"https:\/\/cronicahd.ro\/#\/schema\/person\/image\/","url":"https:\/\/secure.gravatar.com\/avatar\/24700337280d10898c2e0d19d44a05316bff9fccc941ecc5570ffe41668203f7?s=96&d=mm&r=g","contentUrl":"https:\/\/secure.gravatar.com\/avatar\/24700337280d10898c2e0d19d44a05316bff9fccc941ecc5570ffe41668203f7?s=96&d=mm&r=g","caption":"admin"},"sameAs":["https:\/\/cronicavj.ro"],"url":"https:\/\/cronicahd.ro\/?author=1"}]}},"_links":{"self":[{"href":"https:\/\/cronicahd.ro\/index.php?rest_route=\/wp\/v2\/posts\/8371","targetHints":{"allow":["GET"]}}],"collection":[{"href":"https:\/\/cronicahd.ro\/index.php?rest_route=\/wp\/v2\/posts"}],"about":[{"href":"https:\/\/cronicahd.ro\/index.php?rest_route=\/wp\/v2\/types\/post"}],"author":[{"embeddable":true,"href":"https:\/\/cronicahd.ro\/index.php?rest_route=\/wp\/v2\/users\/1"}],"replies":[{"embeddable":true,"href":"https:\/\/cronicahd.ro\/index.php?rest_route=%2Fwp%2Fv2%2Fcomments&post=8371"}],"version-history":[{"count":1,"href":"https:\/\/cronicahd.ro\/index.php?rest_route=\/wp\/v2\/posts\/8371\/revisions"}],"predecessor-version":[{"id":8373,"href":"https:\/\/cronicahd.ro\/index.php?rest_route=\/wp\/v2\/posts\/8371\/revisions\/8373"}],"wp:featuredmedia":[{"embeddable":true,"href":"https:\/\/cronicahd.ro\/index.php?rest_route=\/wp\/v2\/media\/8372"}],"wp:attachment":[{"href":"https:\/\/cronicahd.ro\/index.php?rest_route=%2Fwp%2Fv2%2Fmedia&parent=8371"}],"wp:term":[{"taxonomy":"category","embeddable":true,"href":"https:\/\/cronicahd.ro\/index.php?rest_route=%2Fwp%2Fv2%2Fcategories&post=8371"},{"taxonomy":"post_tag","embeddable":true,"href":"https:\/\/cronicahd.ro\/index.php?rest_route=%2Fwp%2Fv2%2Ftags&post=8371"}],"curies":[{"name":"wp","href":"https:\/\/api.w.org\/{rel}","templated":true}]}}