{"id":8366,"date":"2026-04-27T07:40:39","date_gmt":"2026-04-27T07:40:39","guid":{"rendered":"https:\/\/cronicahd.ro\/?p=8366"},"modified":"2026-04-27T07:40:39","modified_gmt":"2026-04-27T07:40:39","slug":"femei-agresate-salvate-de-politisti","status":"publish","type":"post","link":"https:\/\/cronicahd.ro\/?p=8366","title":{"rendered":"Femei agresate , salvate de poli\u021bi\u0219ti"},"content":{"rendered":"<p>Poli\u021bi\u0219tii din jude\u021bul Hunedoara continu\u0103 s\u0103 ac\u021bioneze prompt \u0219i ferm pentru prevenirea \u0219i combaterea faptelor de violen\u021b\u0103 domestic\u0103, intervenind rapid la sesiz\u0103rile primite \u0219i dispun\u00e2nd m\u0103suri legale pentru protejarea victimelor. Cazurile recente eviden\u021biaz\u0103 at\u00e2t reac\u021bia operativ\u0103 a oamenilor legii, c\u00e2t \u0219i utilizarea instrumentelor legale menite s\u0103 reduc\u0103 riscul de repetare a agresiunilor.<\/p>\n<p>Or\u0103\u0219tie: Ordin de protec\u021bie provizoriu emis dup\u0103 o agresiune \u00een locuin\u021b\u0103<\/p>\n<p>\u00cen noaptea de 25 aprilie 2026, \u00een jurul orei 02:00, poli\u021bi\u0219tii din cadrul Poli\u021biei Municipiului Or\u0103\u0219tie au intervenit de urgen\u021b\u0103, \u00een urma unui apel la 112 care semnala un caz de violen\u021b\u0103 domestic\u0103. Ajun\u0219i la fa\u021ba locului, ace\u0219tia au stabilit c\u0103, pe fondul consumului de alcool \u0219i al unui conflict familial, un b\u0103rbat a p\u0103truns \u00een locuin\u021b\u0103 prin distrugerea unui geam \u0219i \u0219i-a agresat so\u021bia, lovind-o \u00een zona fe\u021bei.<\/p>\n<p>Femeia nu a solicitat \u00eengrijiri medicale, \u00eens\u0103 poli\u021bi\u0219tii au aplicat imediat procedurile legale. \u00cen urma complet\u0103rii formularului de evaluare a riscului, s-a constatat existen\u021ba unui pericol iminent, fiind emis un ordin de protec\u021bie provizoriu \u00eempotriva agresorului. Totodat\u0103, victima \u0219i-a exprimat acordul pentru monitorizare electronic\u0103, m\u0103sur\u0103 ce va contribui la cre\u0219terea gradului de siguran\u021b\u0103.<\/p>\n<p>Poli\u021bi\u0219tii au \u00eentocmit dosar penal pentru violen\u021b\u0103 \u00een familie \u0219i continu\u0103 cercet\u0103rile, demonstr\u00e2nd o reac\u021bie ferm\u0103 \u0219i orientat\u0103 spre protec\u021bia victimei.<\/p>\n<p>Vulcan: Interven\u021bie rapid\u0103 a poli\u021bi\u0219tilor \u00eentr-un caz de agresiune \u00eentre concubini<\/p>\n<p>La data de 27 aprilie 2026, \u00een jurul orei 00:00, poli\u021bi\u0219tii din municipiul Vulcan au fost sesiza\u021bi prin 112 cu privire la o agresiune petrecut\u0103 \u00een urma unui conflict verbal \u00eentre concubini. La fa\u021ba locului, ace\u0219tia au constatat c\u0103 femeia fusese agresat\u0103, f\u0103r\u0103 a necesita \u00eengrijiri medicale.<\/p>\n<p>Poli\u021bi\u0219tii au completat formularul de evaluare a riscului, rezultatul indic\u00e2nd necesitatea emiterii unui ordin de protec\u021bie provizoriu pentru o perioad\u0103 de 5 zile. De asemenea, a fost \u00eentocmit dosar penal pentru violen\u021b\u0103 \u00een familie, iar cercet\u0103rile continu\u0103 pentru stabilirea tuturor \u00eemprejur\u0103rilor comiterii faptei.<\/p>\n<p>Interven\u021bia rapid\u0103 a poli\u021bi\u0219tilor a permis luarea unor m\u0103suri imediate de protec\u021bie, prevenind escaladarea conflictului.<\/p>\n<p>Implicare \u0219i m\u0103suri ferme<\/p>\n<p>Activitatea poli\u021bi\u0219tilor hunedoreni \u00een domeniul prevenirii \u0219i combaterii violen\u021bei domestice este sus\u021binut\u0103 \u0219i de datele statistice aferente trimestrului I 2026. Astfel, au fost emise 82 de ordine de protec\u021bie provizorii, \u00een cre\u0219tere cu 6,49% fa\u021b\u0103 de aceea\u0219i perioad\u0103 a anului trecut. Dintre acestea, 71 au fost confirmate de procuror, iar 26 au fost transformate \u00een ordine de protec\u021bie, toate la solicitarea victimelor.<\/p>\n<p>Totodat\u0103, poli\u021bi\u0219tii au dispus 26 de m\u0103suri preventive \u00een cauze de violen\u021b\u0103 domestic\u0103, cu 19 mai multe dec\u00e2t \u00een trimestrul I 2025, ceea ce eviden\u021biaz\u0103 o abordare ferm\u0103 \u0219i eficient\u0103 \u00een gestionarea acestor situa\u021bii.<\/p>\n<p>Aceste date reflect\u0103 nu doar cre\u0219terea gradului de sesizare, ci \u0219i implicarea constant\u0103 a poli\u021bi\u0219tilor \u00een protejarea victimelor \u0219i tragerea la r\u0103spundere penal\u0103 a agresorilor, prin utilizarea tuturor instrumentelor legale disponibile.<\/p>\n<p>sursa IPJ Hunedoara<\/p>\n","protected":false},"excerpt":{"rendered":"<p>Poli\u021bi\u0219tii din jude\u021bul Hunedoara continu\u0103 s\u0103 ac\u021bioneze prompt \u0219i ferm pentru prevenirea \u0219i combaterea faptelor&#8230;<\/p>\n","protected":false},"author":1,"featured_media":837,"comment_status":"closed","ping_status":"closed","sticky":false,"template":"","format":"standard","meta":{"footnotes":""},"categories":[1,15],"tags":[],"class_list":["post-8366","post","type-post","status-publish","format-standard","has-post-thumbnail","hentry","category-actual","category-eveniment"],"yoast_head":"<!-- This site is optimized with the Yoast SEO plugin v25.3.1 - https:\/\/yoast.com\/wordpress\/plugins\/seo\/ -->\n<title>Femei agresate , salvate de poli\u021bi\u0219ti -<\/title>\n<meta name=\"robots\" content=\"index, follow, max-snippet:-1, max-image-preview:large, max-video-preview:-1\" \/>\n<link rel=\"canonical\" href=\"https:\/\/cronicahd.ro\/?p=8366\" \/>\n<meta property=\"og:locale\" content=\"ro_RO\" \/>\n<meta property=\"og:type\" content=\"article\" \/>\n<meta property=\"og:title\" content=\"Femei agresate , salvate de poli\u021bi\u0219ti -\" \/>\n<meta property=\"og:description\" content=\"Poli\u021bi\u0219tii din jude\u021bul Hunedoara continu\u0103 s\u0103 ac\u021bioneze prompt \u0219i ferm pentru prevenirea \u0219i combaterea faptelor...\" \/>\n<meta property=\"og:url\" content=\"https:\/\/cronicahd.ro\/?p=8366\" \/>\n<meta property=\"article:published_time\" content=\"2026-04-27T07:40:39+00:00\" \/>\n<meta property=\"og:image\" content=\"https:\/\/cronicahd.ro\/wp-content\/uploads\/2025\/07\/ordindeprotectie.jpg\" \/>\n\t<meta property=\"og:image:width\" content=\"279\" \/>\n\t<meta property=\"og:image:height\" content=\"180\" \/>\n\t<meta property=\"og:image:type\" content=\"image\/jpeg\" \/>\n<meta name=\"author\" content=\"admin\" \/>\n<meta name=\"twitter:card\" content=\"summary_large_image\" \/>\n<meta name=\"twitter:label1\" content=\"Scris de\" \/>\n\t<meta name=\"twitter:data1\" content=\"admin\" \/>\n\t<meta name=\"twitter:label2\" content=\"Timp estimat pentru citire\" \/>\n\t<meta name=\"twitter:data2\" content=\"3 minute\" \/>\n<script type=\"application\/ld+json\" class=\"yoast-schema-graph\">{\"@context\":\"https:\/\/schema.org\",\"@graph\":[{\"@type\":\"WebPage\",\"@id\":\"https:\/\/cronicahd.ro\/?p=8366\",\"url\":\"https:\/\/cronicahd.ro\/?p=8366\",\"name\":\"Femei agresate , salvate de poli\u021bi\u0219ti -\",\"isPartOf\":{\"@id\":\"https:\/\/cronicahd.ro\/#website\"},\"primaryImageOfPage\":{\"@id\":\"https:\/\/cronicahd.ro\/?p=8366#primaryimage\"},\"image\":{\"@id\":\"https:\/\/cronicahd.ro\/?p=8366#primaryimage\"},\"thumbnailUrl\":\"https:\/\/cronicahd.ro\/wp-content\/uploads\/2025\/07\/ordindeprotectie.jpg\",\"datePublished\":\"2026-04-27T07:40:39+00:00\",\"author\":{\"@id\":\"https:\/\/cronicahd.ro\/#\/schema\/person\/d1a1277a8cd166610328e17aaf58bf46\"},\"breadcrumb\":{\"@id\":\"https:\/\/cronicahd.ro\/?p=8366#breadcrumb\"},\"inLanguage\":\"ro-RO\",\"potentialAction\":[{\"@type\":\"ReadAction\",\"target\":[\"https:\/\/cronicahd.ro\/?p=8366\"]}]},{\"@type\":\"ImageObject\",\"inLanguage\":\"ro-RO\",\"@id\":\"https:\/\/cronicahd.ro\/?p=8366#primaryimage\",\"url\":\"https:\/\/cronicahd.ro\/wp-content\/uploads\/2025\/07\/ordindeprotectie.jpg\",\"contentUrl\":\"https:\/\/cronicahd.ro\/wp-content\/uploads\/2025\/07\/ordindeprotectie.jpg\",\"width\":279,\"height\":180},{\"@type\":\"BreadcrumbList\",\"@id\":\"https:\/\/cronicahd.ro\/?p=8366#breadcrumb\",\"itemListElement\":[{\"@type\":\"ListItem\",\"position\":1,\"name\":\"Prima pagin\u0103\",\"item\":\"https:\/\/cronicahd.ro\/\"},{\"@type\":\"ListItem\",\"position\":2,\"name\":\"Femei agresate , salvate de poli\u021bi\u0219ti\"}]},{\"@type\":\"WebSite\",\"@id\":\"https:\/\/cronicahd.ro\/#website\",\"url\":\"https:\/\/cronicahd.ro\/\",\"name\":\"\",\"description\":\"\",\"potentialAction\":[{\"@type\":\"SearchAction\",\"target\":{\"@type\":\"EntryPoint\",\"urlTemplate\":\"https:\/\/cronicahd.ro\/?s={search_term_string}\"},\"query-input\":{\"@type\":\"PropertyValueSpecification\",\"valueRequired\":true,\"valueName\":\"search_term_string\"}}],\"inLanguage\":\"ro-RO\"},{\"@type\":\"Person\",\"@id\":\"https:\/\/cronicahd.ro\/#\/schema\/person\/d1a1277a8cd166610328e17aaf58bf46\",\"name\":\"admin\",\"image\":{\"@type\":\"ImageObject\",\"inLanguage\":\"ro-RO\",\"@id\":\"https:\/\/cronicahd.ro\/#\/schema\/person\/image\/\",\"url\":\"https:\/\/secure.gravatar.com\/avatar\/24700337280d10898c2e0d19d44a05316bff9fccc941ecc5570ffe41668203f7?s=96&d=mm&r=g\",\"contentUrl\":\"https:\/\/secure.gravatar.com\/avatar\/24700337280d10898c2e0d19d44a05316bff9fccc941ecc5570ffe41668203f7?s=96&d=mm&r=g\",\"caption\":\"admin\"},\"sameAs\":[\"https:\/\/cronicavj.ro\"],\"url\":\"https:\/\/cronicahd.ro\/?author=1\"}]}<\/script>\n<!-- \/ Yoast SEO plugin. -->","yoast_head_json":{"title":"Femei agresate , salvate de poli\u021bi\u0219ti -","robots":{"index":"index","follow":"follow","max-snippet":"max-snippet:-1","max-image-preview":"max-image-preview:large","max-video-preview":"max-video-preview:-1"},"canonical":"https:\/\/cronicahd.ro\/?p=8366","og_locale":"ro_RO","og_type":"article","og_title":"Femei agresate , salvate de poli\u021bi\u0219ti -","og_description":"Poli\u021bi\u0219tii din jude\u021bul Hunedoara continu\u0103 s\u0103 ac\u021bioneze prompt \u0219i ferm pentru prevenirea \u0219i combaterea faptelor...","og_url":"https:\/\/cronicahd.ro\/?p=8366","article_published_time":"2026-04-27T07:40:39+00:00","og_image":[{"width":279,"height":180,"url":"https:\/\/cronicahd.ro\/wp-content\/uploads\/2025\/07\/ordindeprotectie.jpg","type":"image\/jpeg"}],"author":"admin","twitter_card":"summary_large_image","twitter_misc":{"Scris de":"admin","Timp estimat pentru citire":"3 minute"},"schema":{"@context":"https:\/\/schema.org","@graph":[{"@type":"WebPage","@id":"https:\/\/cronicahd.ro\/?p=8366","url":"https:\/\/cronicahd.ro\/?p=8366","name":"Femei agresate , salvate de poli\u021bi\u0219ti -","isPartOf":{"@id":"https:\/\/cronicahd.ro\/#website"},"primaryImageOfPage":{"@id":"https:\/\/cronicahd.ro\/?p=8366#primaryimage"},"image":{"@id":"https:\/\/cronicahd.ro\/?p=8366#primaryimage"},"thumbnailUrl":"https:\/\/cronicahd.ro\/wp-content\/uploads\/2025\/07\/ordindeprotectie.jpg","datePublished":"2026-04-27T07:40:39+00:00","author":{"@id":"https:\/\/cronicahd.ro\/#\/schema\/person\/d1a1277a8cd166610328e17aaf58bf46"},"breadcrumb":{"@id":"https:\/\/cronicahd.ro\/?p=8366#breadcrumb"},"inLanguage":"ro-RO","potentialAction":[{"@type":"ReadAction","target":["https:\/\/cronicahd.ro\/?p=8366"]}]},{"@type":"ImageObject","inLanguage":"ro-RO","@id":"https:\/\/cronicahd.ro\/?p=8366#primaryimage","url":"https:\/\/cronicahd.ro\/wp-content\/uploads\/2025\/07\/ordindeprotectie.jpg","contentUrl":"https:\/\/cronicahd.ro\/wp-content\/uploads\/2025\/07\/ordindeprotectie.jpg","width":279,"height":180},{"@type":"BreadcrumbList","@id":"https:\/\/cronicahd.ro\/?p=8366#breadcrumb","itemListElement":[{"@type":"ListItem","position":1,"name":"Prima pagin\u0103","item":"https:\/\/cronicahd.ro\/"},{"@type":"ListItem","position":2,"name":"Femei agresate , salvate de poli\u021bi\u0219ti"}]},{"@type":"WebSite","@id":"https:\/\/cronicahd.ro\/#website","url":"https:\/\/cronicahd.ro\/","name":"","description":"","potentialAction":[{"@type":"SearchAction","target":{"@type":"EntryPoint","urlTemplate":"https:\/\/cronicahd.ro\/?s={search_term_string}"},"query-input":{"@type":"PropertyValueSpecification","valueRequired":true,"valueName":"search_term_string"}}],"inLanguage":"ro-RO"},{"@type":"Person","@id":"https:\/\/cronicahd.ro\/#\/schema\/person\/d1a1277a8cd166610328e17aaf58bf46","name":"admin","image":{"@type":"ImageObject","inLanguage":"ro-RO","@id":"https:\/\/cronicahd.ro\/#\/schema\/person\/image\/","url":"https:\/\/secure.gravatar.com\/avatar\/24700337280d10898c2e0d19d44a05316bff9fccc941ecc5570ffe41668203f7?s=96&d=mm&r=g","contentUrl":"https:\/\/secure.gravatar.com\/avatar\/24700337280d10898c2e0d19d44a05316bff9fccc941ecc5570ffe41668203f7?s=96&d=mm&r=g","caption":"admin"},"sameAs":["https:\/\/cronicavj.ro"],"url":"https:\/\/cronicahd.ro\/?author=1"}]}},"_links":{"self":[{"href":"https:\/\/cronicahd.ro\/index.php?rest_route=\/wp\/v2\/posts\/8366","targetHints":{"allow":["GET"]}}],"collection":[{"href":"https:\/\/cronicahd.ro\/index.php?rest_route=\/wp\/v2\/posts"}],"about":[{"href":"https:\/\/cronicahd.ro\/index.php?rest_route=\/wp\/v2\/types\/post"}],"author":[{"embeddable":true,"href":"https:\/\/cronicahd.ro\/index.php?rest_route=\/wp\/v2\/users\/1"}],"replies":[{"embeddable":true,"href":"https:\/\/cronicahd.ro\/index.php?rest_route=%2Fwp%2Fv2%2Fcomments&post=8366"}],"version-history":[{"count":1,"href":"https:\/\/cronicahd.ro\/index.php?rest_route=\/wp\/v2\/posts\/8366\/revisions"}],"predecessor-version":[{"id":8367,"href":"https:\/\/cronicahd.ro\/index.php?rest_route=\/wp\/v2\/posts\/8366\/revisions\/8367"}],"wp:featuredmedia":[{"embeddable":true,"href":"https:\/\/cronicahd.ro\/index.php?rest_route=\/wp\/v2\/media\/837"}],"wp:attachment":[{"href":"https:\/\/cronicahd.ro\/index.php?rest_route=%2Fwp%2Fv2%2Fmedia&parent=8366"}],"wp:term":[{"taxonomy":"category","embeddable":true,"href":"https:\/\/cronicahd.ro\/index.php?rest_route=%2Fwp%2Fv2%2Fcategories&post=8366"},{"taxonomy":"post_tag","embeddable":true,"href":"https:\/\/cronicahd.ro\/index.php?rest_route=%2Fwp%2Fv2%2Ftags&post=8366"}],"curies":[{"name":"wp","href":"https:\/\/api.w.org\/{rel}","templated":true}]}}