{"id":8359,"date":"2026-04-26T13:34:36","date_gmt":"2026-04-26T13:34:36","guid":{"rendered":"https:\/\/cronicahd.ro\/?p=8359"},"modified":"2026-04-26T13:34:36","modified_gmt":"2026-04-26T13:34:36","slug":"tren-cu-calatori-blocat-la-baru","status":"publish","type":"post","link":"https:\/\/cronicahd.ro\/?p=8359","title":{"rendered":"Tren cu c\u0103l\u0103tori blocat la Baru"},"content":{"rendered":"<p>Mai mul\u021bi oameni a\u0219teapt\u0103 \u00een tren, \u00een gara Baru, dup\u0103 ce garnitura nu a mai putut continua drumul spre Petro\u0219ani. De vin\u0103 este un copac care a c\u0103zut pe linia ferat\u0103 din cauza v\u00e2ntului puternic. Pompierii intervin.<\/p>\n<p><img loading=\"lazy\" decoding=\"async\" class=\"alignnone size-full wp-image-8360\" src=\"https:\/\/cronicahd.ro\/wp-content\/uploads\/2026\/04\/0d2faf60-060c-47dd-ba85-f07ed407bc8a.jpeg\" alt=\"\" width=\"720\" height=\"1600\" srcset=\"https:\/\/cronicahd.ro\/wp-content\/uploads\/2026\/04\/0d2faf60-060c-47dd-ba85-f07ed407bc8a.jpeg 720w, https:\/\/cronicahd.ro\/wp-content\/uploads\/2026\/04\/0d2faf60-060c-47dd-ba85-f07ed407bc8a-135x300.jpeg 135w, https:\/\/cronicahd.ro\/wp-content\/uploads\/2026\/04\/0d2faf60-060c-47dd-ba85-f07ed407bc8a-461x1024.jpeg 461w, https:\/\/cronicahd.ro\/wp-content\/uploads\/2026\/04\/0d2faf60-060c-47dd-ba85-f07ed407bc8a-691x1536.jpeg 691w\" sizes=\"auto, (max-width: 720px) 100vw, 720px\" \/><\/p>\n<p>&#8221; \u00cen contextul manifest\u0103rii v\u00e2ntului puternic, pompierii ISU Hunedoara au intervenit pentru a gestiona diferite situa\u021bii de urgen\u021b\u0103, produse din cauza acestui fenomen meteo: desprinderi de elemente de construc\u021bii de pe acoperi\u0219, \u00een municipiul Deva, dar \u0219i c\u0103derea unui copac pe calea ferat\u0103, \u00eentre Crivadia \u0219i Meri\u0219or. Un tren de c\u0103l\u0103tori sta\u021bioneaz\u0103 \u00een gara Baru, p\u00e2n\u0103 la remedierea situa\u021biei \u0219i reluarea circula\u021biei feroviare, la interven\u021bie fiind prezente 2 echipaje de pompieri din Petro\u0219ani.\u00a0 C\u0103l\u0103torii afla\u021bi \u00een tren nu au nevoie de \u00eengrijiri medicale&#8221;, se arat\u0103 \u00een comunicatul ISU Hunedoara.<\/p>\n","protected":false},"excerpt":{"rendered":"<p>Mai mul\u021bi oameni a\u0219teapt\u0103 \u00een tren, \u00een gara Baru, dup\u0103 ce garnitura nu a mai&#8230;<\/p>\n","protected":false},"author":1,"featured_media":8361,"comment_status":"closed","ping_status":"closed","sticky":false,"template":"","format":"standard","meta":{"footnotes":""},"categories":[1,15],"tags":[],"class_list":["post-8359","post","type-post","status-publish","format-standard","has-post-thumbnail","hentry","category-actual","category-eveniment"],"yoast_head":"<!-- This site is optimized with the Yoast SEO plugin v25.3.1 - https:\/\/yoast.com\/wordpress\/plugins\/seo\/ -->\n<title>Tren cu c\u0103l\u0103tori blocat la Baru -<\/title>\n<meta name=\"robots\" content=\"index, follow, max-snippet:-1, max-image-preview:large, max-video-preview:-1\" \/>\n<link rel=\"canonical\" href=\"https:\/\/cronicahd.ro\/?p=8359\" \/>\n<meta property=\"og:locale\" content=\"ro_RO\" \/>\n<meta property=\"og:type\" content=\"article\" \/>\n<meta property=\"og:title\" content=\"Tren cu c\u0103l\u0103tori blocat la Baru -\" \/>\n<meta property=\"og:description\" content=\"Mai mul\u021bi oameni a\u0219teapt\u0103 \u00een tren, \u00een gara Baru, dup\u0103 ce garnitura nu a mai...\" \/>\n<meta property=\"og:url\" content=\"https:\/\/cronicahd.ro\/?p=8359\" \/>\n<meta property=\"article:published_time\" content=\"2026-04-26T13:34:36+00:00\" \/>\n<meta property=\"og:image\" content=\"https:\/\/cronicahd.ro\/wp-content\/uploads\/2026\/04\/1215605f-c5ec-4963-9d9b-b0474364b8e8.jpeg\" \/>\n\t<meta property=\"og:image:width\" content=\"720\" \/>\n\t<meta property=\"og:image:height\" content=\"1600\" \/>\n\t<meta property=\"og:image:type\" content=\"image\/jpeg\" \/>\n<meta name=\"author\" content=\"admin\" \/>\n<meta name=\"twitter:card\" content=\"summary_large_image\" \/>\n<meta name=\"twitter:label1\" content=\"Scris de\" \/>\n\t<meta name=\"twitter:data1\" content=\"admin\" \/>\n\t<meta name=\"twitter:label2\" content=\"Timp estimat pentru citire\" \/>\n\t<meta name=\"twitter:data2\" content=\"1 minut\" \/>\n<script type=\"application\/ld+json\" class=\"yoast-schema-graph\">{\"@context\":\"https:\/\/schema.org\",\"@graph\":[{\"@type\":\"WebPage\",\"@id\":\"https:\/\/cronicahd.ro\/?p=8359\",\"url\":\"https:\/\/cronicahd.ro\/?p=8359\",\"name\":\"Tren cu c\u0103l\u0103tori blocat la Baru -\",\"isPartOf\":{\"@id\":\"https:\/\/cronicahd.ro\/#website\"},\"primaryImageOfPage\":{\"@id\":\"https:\/\/cronicahd.ro\/?p=8359#primaryimage\"},\"image\":{\"@id\":\"https:\/\/cronicahd.ro\/?p=8359#primaryimage\"},\"thumbnailUrl\":\"https:\/\/cronicahd.ro\/wp-content\/uploads\/2026\/04\/1215605f-c5ec-4963-9d9b-b0474364b8e8.jpeg\",\"datePublished\":\"2026-04-26T13:34:36+00:00\",\"author\":{\"@id\":\"https:\/\/cronicahd.ro\/#\/schema\/person\/d1a1277a8cd166610328e17aaf58bf46\"},\"breadcrumb\":{\"@id\":\"https:\/\/cronicahd.ro\/?p=8359#breadcrumb\"},\"inLanguage\":\"ro-RO\",\"potentialAction\":[{\"@type\":\"ReadAction\",\"target\":[\"https:\/\/cronicahd.ro\/?p=8359\"]}]},{\"@type\":\"ImageObject\",\"inLanguage\":\"ro-RO\",\"@id\":\"https:\/\/cronicahd.ro\/?p=8359#primaryimage\",\"url\":\"https:\/\/cronicahd.ro\/wp-content\/uploads\/2026\/04\/1215605f-c5ec-4963-9d9b-b0474364b8e8.jpeg\",\"contentUrl\":\"https:\/\/cronicahd.ro\/wp-content\/uploads\/2026\/04\/1215605f-c5ec-4963-9d9b-b0474364b8e8.jpeg\",\"width\":720,\"height\":1600},{\"@type\":\"BreadcrumbList\",\"@id\":\"https:\/\/cronicahd.ro\/?p=8359#breadcrumb\",\"itemListElement\":[{\"@type\":\"ListItem\",\"position\":1,\"name\":\"Prima pagin\u0103\",\"item\":\"https:\/\/cronicahd.ro\/\"},{\"@type\":\"ListItem\",\"position\":2,\"name\":\"Tren cu c\u0103l\u0103tori blocat la Baru\"}]},{\"@type\":\"WebSite\",\"@id\":\"https:\/\/cronicahd.ro\/#website\",\"url\":\"https:\/\/cronicahd.ro\/\",\"name\":\"\",\"description\":\"\",\"potentialAction\":[{\"@type\":\"SearchAction\",\"target\":{\"@type\":\"EntryPoint\",\"urlTemplate\":\"https:\/\/cronicahd.ro\/?s={search_term_string}\"},\"query-input\":{\"@type\":\"PropertyValueSpecification\",\"valueRequired\":true,\"valueName\":\"search_term_string\"}}],\"inLanguage\":\"ro-RO\"},{\"@type\":\"Person\",\"@id\":\"https:\/\/cronicahd.ro\/#\/schema\/person\/d1a1277a8cd166610328e17aaf58bf46\",\"name\":\"admin\",\"image\":{\"@type\":\"ImageObject\",\"inLanguage\":\"ro-RO\",\"@id\":\"https:\/\/cronicahd.ro\/#\/schema\/person\/image\/\",\"url\":\"https:\/\/secure.gravatar.com\/avatar\/24700337280d10898c2e0d19d44a05316bff9fccc941ecc5570ffe41668203f7?s=96&d=mm&r=g\",\"contentUrl\":\"https:\/\/secure.gravatar.com\/avatar\/24700337280d10898c2e0d19d44a05316bff9fccc941ecc5570ffe41668203f7?s=96&d=mm&r=g\",\"caption\":\"admin\"},\"sameAs\":[\"https:\/\/cronicavj.ro\"],\"url\":\"https:\/\/cronicahd.ro\/?author=1\"}]}<\/script>\n<!-- \/ Yoast SEO plugin. -->","yoast_head_json":{"title":"Tren cu c\u0103l\u0103tori blocat la Baru -","robots":{"index":"index","follow":"follow","max-snippet":"max-snippet:-1","max-image-preview":"max-image-preview:large","max-video-preview":"max-video-preview:-1"},"canonical":"https:\/\/cronicahd.ro\/?p=8359","og_locale":"ro_RO","og_type":"article","og_title":"Tren cu c\u0103l\u0103tori blocat la Baru -","og_description":"Mai mul\u021bi oameni a\u0219teapt\u0103 \u00een tren, \u00een gara Baru, dup\u0103 ce garnitura nu a mai...","og_url":"https:\/\/cronicahd.ro\/?p=8359","article_published_time":"2026-04-26T13:34:36+00:00","og_image":[{"width":720,"height":1600,"url":"https:\/\/cronicahd.ro\/wp-content\/uploads\/2026\/04\/1215605f-c5ec-4963-9d9b-b0474364b8e8.jpeg","type":"image\/jpeg"}],"author":"admin","twitter_card":"summary_large_image","twitter_misc":{"Scris de":"admin","Timp estimat pentru citire":"1 minut"},"schema":{"@context":"https:\/\/schema.org","@graph":[{"@type":"WebPage","@id":"https:\/\/cronicahd.ro\/?p=8359","url":"https:\/\/cronicahd.ro\/?p=8359","name":"Tren cu c\u0103l\u0103tori blocat la Baru -","isPartOf":{"@id":"https:\/\/cronicahd.ro\/#website"},"primaryImageOfPage":{"@id":"https:\/\/cronicahd.ro\/?p=8359#primaryimage"},"image":{"@id":"https:\/\/cronicahd.ro\/?p=8359#primaryimage"},"thumbnailUrl":"https:\/\/cronicahd.ro\/wp-content\/uploads\/2026\/04\/1215605f-c5ec-4963-9d9b-b0474364b8e8.jpeg","datePublished":"2026-04-26T13:34:36+00:00","author":{"@id":"https:\/\/cronicahd.ro\/#\/schema\/person\/d1a1277a8cd166610328e17aaf58bf46"},"breadcrumb":{"@id":"https:\/\/cronicahd.ro\/?p=8359#breadcrumb"},"inLanguage":"ro-RO","potentialAction":[{"@type":"ReadAction","target":["https:\/\/cronicahd.ro\/?p=8359"]}]},{"@type":"ImageObject","inLanguage":"ro-RO","@id":"https:\/\/cronicahd.ro\/?p=8359#primaryimage","url":"https:\/\/cronicahd.ro\/wp-content\/uploads\/2026\/04\/1215605f-c5ec-4963-9d9b-b0474364b8e8.jpeg","contentUrl":"https:\/\/cronicahd.ro\/wp-content\/uploads\/2026\/04\/1215605f-c5ec-4963-9d9b-b0474364b8e8.jpeg","width":720,"height":1600},{"@type":"BreadcrumbList","@id":"https:\/\/cronicahd.ro\/?p=8359#breadcrumb","itemListElement":[{"@type":"ListItem","position":1,"name":"Prima pagin\u0103","item":"https:\/\/cronicahd.ro\/"},{"@type":"ListItem","position":2,"name":"Tren cu c\u0103l\u0103tori blocat la Baru"}]},{"@type":"WebSite","@id":"https:\/\/cronicahd.ro\/#website","url":"https:\/\/cronicahd.ro\/","name":"","description":"","potentialAction":[{"@type":"SearchAction","target":{"@type":"EntryPoint","urlTemplate":"https:\/\/cronicahd.ro\/?s={search_term_string}"},"query-input":{"@type":"PropertyValueSpecification","valueRequired":true,"valueName":"search_term_string"}}],"inLanguage":"ro-RO"},{"@type":"Person","@id":"https:\/\/cronicahd.ro\/#\/schema\/person\/d1a1277a8cd166610328e17aaf58bf46","name":"admin","image":{"@type":"ImageObject","inLanguage":"ro-RO","@id":"https:\/\/cronicahd.ro\/#\/schema\/person\/image\/","url":"https:\/\/secure.gravatar.com\/avatar\/24700337280d10898c2e0d19d44a05316bff9fccc941ecc5570ffe41668203f7?s=96&d=mm&r=g","contentUrl":"https:\/\/secure.gravatar.com\/avatar\/24700337280d10898c2e0d19d44a05316bff9fccc941ecc5570ffe41668203f7?s=96&d=mm&r=g","caption":"admin"},"sameAs":["https:\/\/cronicavj.ro"],"url":"https:\/\/cronicahd.ro\/?author=1"}]}},"_links":{"self":[{"href":"https:\/\/cronicahd.ro\/index.php?rest_route=\/wp\/v2\/posts\/8359","targetHints":{"allow":["GET"]}}],"collection":[{"href":"https:\/\/cronicahd.ro\/index.php?rest_route=\/wp\/v2\/posts"}],"about":[{"href":"https:\/\/cronicahd.ro\/index.php?rest_route=\/wp\/v2\/types\/post"}],"author":[{"embeddable":true,"href":"https:\/\/cronicahd.ro\/index.php?rest_route=\/wp\/v2\/users\/1"}],"replies":[{"embeddable":true,"href":"https:\/\/cronicahd.ro\/index.php?rest_route=%2Fwp%2Fv2%2Fcomments&post=8359"}],"version-history":[{"count":1,"href":"https:\/\/cronicahd.ro\/index.php?rest_route=\/wp\/v2\/posts\/8359\/revisions"}],"predecessor-version":[{"id":8362,"href":"https:\/\/cronicahd.ro\/index.php?rest_route=\/wp\/v2\/posts\/8359\/revisions\/8362"}],"wp:featuredmedia":[{"embeddable":true,"href":"https:\/\/cronicahd.ro\/index.php?rest_route=\/wp\/v2\/media\/8361"}],"wp:attachment":[{"href":"https:\/\/cronicahd.ro\/index.php?rest_route=%2Fwp%2Fv2%2Fmedia&parent=8359"}],"wp:term":[{"taxonomy":"category","embeddable":true,"href":"https:\/\/cronicahd.ro\/index.php?rest_route=%2Fwp%2Fv2%2Fcategories&post=8359"},{"taxonomy":"post_tag","embeddable":true,"href":"https:\/\/cronicahd.ro\/index.php?rest_route=%2Fwp%2Fv2%2Ftags&post=8359"}],"curies":[{"name":"wp","href":"https:\/\/api.w.org\/{rel}","templated":true}]}}