{"id":8353,"date":"2026-04-26T13:26:43","date_gmt":"2026-04-26T13:26:43","guid":{"rendered":"https:\/\/cronicahd.ro\/?p=8353"},"modified":"2026-04-26T13:27:27","modified_gmt":"2026-04-26T13:27:27","slug":"incendiu-de-vegetatie-in-zona-montana-a-judetului-hunedoara","status":"publish","type":"post","link":"https:\/\/cronicahd.ro\/?p=8353","title":{"rendered":"Incendiu de vegeta\u021bie \u00een zona montan\u0103 a jude\u021bului Hunedoara"},"content":{"rendered":"<p>&nbsp;<\/p>\n<p>Echipaje de pompieri din cadrul subunit\u0103\u021bilor din Hunedoara, Deva \u0219i Or\u0103\u0219tie intervin, la aceast\u0103 or\u0103, pentru stingerea unui incendiu de vegeta\u021bie uscat\u0103 \u0219i m\u0103r\u0103cini\u0219 izbucnit \u00een zona \u00eenalt\u0103 a comunelor Bunila \u0219i Lunca Cernii.<\/p>\n<p>Pentru coordonarea eficient\u0103 a interven\u021biei, la nivelul Inspectoratul pentru Situa\u021bii de Urgen\u021b\u0103 Hunedoara a fost activat\u0103 Grupa Operativ\u0103. La fa\u021ba locului ac\u021bioneaz\u0103 25 de pompieri militari, sprijini\u021bi de 7 lucr\u0103tori ai ocoalelor silvice din zon\u0103 \u0219i un salvator montan din cadrul Salvamont Hunedoara.<\/p>\n<p>Misiunea este una dificil\u0103, din cauza rafalelor puternice de v\u00e2nt, care pot ajunge, potrivit meteorologilor, p\u00e2n\u0103 la 90 km\/h \u00een zonele de deal \u0219i munte. Ini\u021bial, au fost mobilizate 5 autospeciale de stingere \u0219i de prim\u0103 interven\u021bie \u0219i comand\u0103, iar ulterior a fost trimis\u0103 \u00eenc\u0103 o autospecial\u0103 de mare capacitate de la Deta\u0219amentul Deva.<\/p>\n<p>Pompierii \u00ee\u0219i concentreaz\u0103 eforturile pentru limitarea extinderii incendiului c\u0103tre fondul forestier. P\u00e2n\u0103 \u00een acest moment, fl\u0103c\u0103rile au afectat aproximativ 20 de hectare de teren, iar interven\u021bia se desf\u0103\u0219oar\u0103 \u00een continuare pe o suprafa\u021b\u0103 de circa 5 hectare unde focarul este \u00eenc\u0103 activ.<\/p>\n<p>Situa\u021bia r\u0103m\u00e2ne dinamic\u0103, pe fondul intensific\u0103rilor de v\u00e2nt anun\u021bate de Administra\u021bia Na\u021bional\u0103 de Meteorologie, care a emis avertiz\u0103ri Cod galben \u0219i Cod portocaliu valabile p\u00e2n\u0103 luni diminea\u021ba \u00een jude\u021bul Hunedoara.<\/p>\n<p>Tot \u00een cursul zilei de ast\u0103zi, pompierii hunedoreni au intervenit \u00een mai multe situa\u021bii de urgen\u021b\u0103 generate de vremea sever\u0103. \u00cen municipiul Deva au fost semnalate desprinderi de elemente de construc\u021bii de pe acoperi\u0219uri, iar \u00eentre localit\u0103\u021bile Crivadia \u0219i Meri\u0219or un copac a c\u0103zut pe calea ferat\u0103.<\/p>\n<p>Din aceast\u0103 cauz\u0103, un tren de c\u0103l\u0103tori sta\u021bioneaz\u0103 temporar \u00een gara Baru, p\u00e2n\u0103 la reluarea circula\u021biei feroviare. La interven\u021bie particip\u0103 dou\u0103 echipaje de pompieri din Petro\u0219ani. Din fericire, niciunul dintre c\u0103l\u0103tori nu a avut nevoie de \u00eengrijiri medicale.<\/p>\n<p>Interven\u021bia pentru stingerea incendiului de vegeta\u021bie este \u00een continuare \u00een desf\u0103\u0219urare.<\/p>\n","protected":false},"excerpt":{"rendered":"<p>&nbsp; Echipaje de pompieri din cadrul subunit\u0103\u021bilor din Hunedoara, Deva \u0219i Or\u0103\u0219tie intervin, la aceast\u0103&#8230;<\/p>\n","protected":false},"author":1,"featured_media":8354,"comment_status":"closed","ping_status":"closed","sticky":false,"template":"","format":"standard","meta":{"footnotes":""},"categories":[1],"tags":[],"class_list":["post-8353","post","type-post","status-publish","format-standard","has-post-thumbnail","hentry","category-actual"],"yoast_head":"<!-- This site is optimized with the Yoast SEO plugin v25.3.1 - https:\/\/yoast.com\/wordpress\/plugins\/seo\/ -->\n<title>Incendiu de vegeta\u021bie \u00een zona montan\u0103 a jude\u021bului Hunedoara -<\/title>\n<meta name=\"robots\" content=\"index, follow, max-snippet:-1, max-image-preview:large, max-video-preview:-1\" \/>\n<link rel=\"canonical\" href=\"https:\/\/cronicahd.ro\/?p=8353\" \/>\n<meta property=\"og:locale\" content=\"ro_RO\" \/>\n<meta property=\"og:type\" content=\"article\" \/>\n<meta property=\"og:title\" content=\"Incendiu de vegeta\u021bie \u00een zona montan\u0103 a jude\u021bului Hunedoara -\" \/>\n<meta property=\"og:description\" content=\"&nbsp; Echipaje de pompieri din cadrul subunit\u0103\u021bilor din Hunedoara, Deva \u0219i Or\u0103\u0219tie intervin, la aceast\u0103...\" \/>\n<meta property=\"og:url\" content=\"https:\/\/cronicahd.ro\/?p=8353\" \/>\n<meta property=\"article:published_time\" content=\"2026-04-26T13:26:43+00:00\" \/>\n<meta property=\"article:modified_time\" content=\"2026-04-26T13:27:27+00:00\" \/>\n<meta property=\"og:image\" content=\"https:\/\/cronicahd.ro\/wp-content\/uploads\/2026\/04\/8ed5bb59-131c-493e-91d4-8e206eae893a.jpeg\" \/>\n\t<meta property=\"og:image:width\" content=\"1600\" \/>\n\t<meta property=\"og:image:height\" content=\"1200\" \/>\n\t<meta property=\"og:image:type\" content=\"image\/jpeg\" \/>\n<meta name=\"author\" content=\"admin\" \/>\n<meta name=\"twitter:card\" content=\"summary_large_image\" \/>\n<meta name=\"twitter:label1\" content=\"Scris de\" \/>\n\t<meta name=\"twitter:data1\" content=\"admin\" \/>\n\t<meta name=\"twitter:label2\" content=\"Timp estimat pentru citire\" \/>\n\t<meta name=\"twitter:data2\" content=\"2 minute\" \/>\n<script type=\"application\/ld+json\" class=\"yoast-schema-graph\">{\"@context\":\"https:\/\/schema.org\",\"@graph\":[{\"@type\":\"WebPage\",\"@id\":\"https:\/\/cronicahd.ro\/?p=8353\",\"url\":\"https:\/\/cronicahd.ro\/?p=8353\",\"name\":\"Incendiu de vegeta\u021bie \u00een zona montan\u0103 a jude\u021bului Hunedoara -\",\"isPartOf\":{\"@id\":\"https:\/\/cronicahd.ro\/#website\"},\"primaryImageOfPage\":{\"@id\":\"https:\/\/cronicahd.ro\/?p=8353#primaryimage\"},\"image\":{\"@id\":\"https:\/\/cronicahd.ro\/?p=8353#primaryimage\"},\"thumbnailUrl\":\"https:\/\/cronicahd.ro\/wp-content\/uploads\/2026\/04\/8ed5bb59-131c-493e-91d4-8e206eae893a.jpeg\",\"datePublished\":\"2026-04-26T13:26:43+00:00\",\"dateModified\":\"2026-04-26T13:27:27+00:00\",\"author\":{\"@id\":\"https:\/\/cronicahd.ro\/#\/schema\/person\/d1a1277a8cd166610328e17aaf58bf46\"},\"breadcrumb\":{\"@id\":\"https:\/\/cronicahd.ro\/?p=8353#breadcrumb\"},\"inLanguage\":\"ro-RO\",\"potentialAction\":[{\"@type\":\"ReadAction\",\"target\":[\"https:\/\/cronicahd.ro\/?p=8353\"]}]},{\"@type\":\"ImageObject\",\"inLanguage\":\"ro-RO\",\"@id\":\"https:\/\/cronicahd.ro\/?p=8353#primaryimage\",\"url\":\"https:\/\/cronicahd.ro\/wp-content\/uploads\/2026\/04\/8ed5bb59-131c-493e-91d4-8e206eae893a.jpeg\",\"contentUrl\":\"https:\/\/cronicahd.ro\/wp-content\/uploads\/2026\/04\/8ed5bb59-131c-493e-91d4-8e206eae893a.jpeg\",\"width\":1600,\"height\":1200},{\"@type\":\"BreadcrumbList\",\"@id\":\"https:\/\/cronicahd.ro\/?p=8353#breadcrumb\",\"itemListElement\":[{\"@type\":\"ListItem\",\"position\":1,\"name\":\"Prima pagin\u0103\",\"item\":\"https:\/\/cronicahd.ro\/\"},{\"@type\":\"ListItem\",\"position\":2,\"name\":\"Incendiu de vegeta\u021bie \u00een zona montan\u0103 a jude\u021bului Hunedoara\"}]},{\"@type\":\"WebSite\",\"@id\":\"https:\/\/cronicahd.ro\/#website\",\"url\":\"https:\/\/cronicahd.ro\/\",\"name\":\"\",\"description\":\"\",\"potentialAction\":[{\"@type\":\"SearchAction\",\"target\":{\"@type\":\"EntryPoint\",\"urlTemplate\":\"https:\/\/cronicahd.ro\/?s={search_term_string}\"},\"query-input\":{\"@type\":\"PropertyValueSpecification\",\"valueRequired\":true,\"valueName\":\"search_term_string\"}}],\"inLanguage\":\"ro-RO\"},{\"@type\":\"Person\",\"@id\":\"https:\/\/cronicahd.ro\/#\/schema\/person\/d1a1277a8cd166610328e17aaf58bf46\",\"name\":\"admin\",\"image\":{\"@type\":\"ImageObject\",\"inLanguage\":\"ro-RO\",\"@id\":\"https:\/\/cronicahd.ro\/#\/schema\/person\/image\/\",\"url\":\"https:\/\/secure.gravatar.com\/avatar\/24700337280d10898c2e0d19d44a05316bff9fccc941ecc5570ffe41668203f7?s=96&d=mm&r=g\",\"contentUrl\":\"https:\/\/secure.gravatar.com\/avatar\/24700337280d10898c2e0d19d44a05316bff9fccc941ecc5570ffe41668203f7?s=96&d=mm&r=g\",\"caption\":\"admin\"},\"sameAs\":[\"https:\/\/cronicavj.ro\"],\"url\":\"https:\/\/cronicahd.ro\/?author=1\"}]}<\/script>\n<!-- \/ Yoast SEO plugin. -->","yoast_head_json":{"title":"Incendiu de vegeta\u021bie \u00een zona montan\u0103 a jude\u021bului Hunedoara -","robots":{"index":"index","follow":"follow","max-snippet":"max-snippet:-1","max-image-preview":"max-image-preview:large","max-video-preview":"max-video-preview:-1"},"canonical":"https:\/\/cronicahd.ro\/?p=8353","og_locale":"ro_RO","og_type":"article","og_title":"Incendiu de vegeta\u021bie \u00een zona montan\u0103 a jude\u021bului Hunedoara -","og_description":"&nbsp; Echipaje de pompieri din cadrul subunit\u0103\u021bilor din Hunedoara, Deva \u0219i Or\u0103\u0219tie intervin, la aceast\u0103...","og_url":"https:\/\/cronicahd.ro\/?p=8353","article_published_time":"2026-04-26T13:26:43+00:00","article_modified_time":"2026-04-26T13:27:27+00:00","og_image":[{"width":1600,"height":1200,"url":"https:\/\/cronicahd.ro\/wp-content\/uploads\/2026\/04\/8ed5bb59-131c-493e-91d4-8e206eae893a.jpeg","type":"image\/jpeg"}],"author":"admin","twitter_card":"summary_large_image","twitter_misc":{"Scris de":"admin","Timp estimat pentru citire":"2 minute"},"schema":{"@context":"https:\/\/schema.org","@graph":[{"@type":"WebPage","@id":"https:\/\/cronicahd.ro\/?p=8353","url":"https:\/\/cronicahd.ro\/?p=8353","name":"Incendiu de vegeta\u021bie \u00een zona montan\u0103 a jude\u021bului Hunedoara -","isPartOf":{"@id":"https:\/\/cronicahd.ro\/#website"},"primaryImageOfPage":{"@id":"https:\/\/cronicahd.ro\/?p=8353#primaryimage"},"image":{"@id":"https:\/\/cronicahd.ro\/?p=8353#primaryimage"},"thumbnailUrl":"https:\/\/cronicahd.ro\/wp-content\/uploads\/2026\/04\/8ed5bb59-131c-493e-91d4-8e206eae893a.jpeg","datePublished":"2026-04-26T13:26:43+00:00","dateModified":"2026-04-26T13:27:27+00:00","author":{"@id":"https:\/\/cronicahd.ro\/#\/schema\/person\/d1a1277a8cd166610328e17aaf58bf46"},"breadcrumb":{"@id":"https:\/\/cronicahd.ro\/?p=8353#breadcrumb"},"inLanguage":"ro-RO","potentialAction":[{"@type":"ReadAction","target":["https:\/\/cronicahd.ro\/?p=8353"]}]},{"@type":"ImageObject","inLanguage":"ro-RO","@id":"https:\/\/cronicahd.ro\/?p=8353#primaryimage","url":"https:\/\/cronicahd.ro\/wp-content\/uploads\/2026\/04\/8ed5bb59-131c-493e-91d4-8e206eae893a.jpeg","contentUrl":"https:\/\/cronicahd.ro\/wp-content\/uploads\/2026\/04\/8ed5bb59-131c-493e-91d4-8e206eae893a.jpeg","width":1600,"height":1200},{"@type":"BreadcrumbList","@id":"https:\/\/cronicahd.ro\/?p=8353#breadcrumb","itemListElement":[{"@type":"ListItem","position":1,"name":"Prima pagin\u0103","item":"https:\/\/cronicahd.ro\/"},{"@type":"ListItem","position":2,"name":"Incendiu de vegeta\u021bie \u00een zona montan\u0103 a jude\u021bului Hunedoara"}]},{"@type":"WebSite","@id":"https:\/\/cronicahd.ro\/#website","url":"https:\/\/cronicahd.ro\/","name":"","description":"","potentialAction":[{"@type":"SearchAction","target":{"@type":"EntryPoint","urlTemplate":"https:\/\/cronicahd.ro\/?s={search_term_string}"},"query-input":{"@type":"PropertyValueSpecification","valueRequired":true,"valueName":"search_term_string"}}],"inLanguage":"ro-RO"},{"@type":"Person","@id":"https:\/\/cronicahd.ro\/#\/schema\/person\/d1a1277a8cd166610328e17aaf58bf46","name":"admin","image":{"@type":"ImageObject","inLanguage":"ro-RO","@id":"https:\/\/cronicahd.ro\/#\/schema\/person\/image\/","url":"https:\/\/secure.gravatar.com\/avatar\/24700337280d10898c2e0d19d44a05316bff9fccc941ecc5570ffe41668203f7?s=96&d=mm&r=g","contentUrl":"https:\/\/secure.gravatar.com\/avatar\/24700337280d10898c2e0d19d44a05316bff9fccc941ecc5570ffe41668203f7?s=96&d=mm&r=g","caption":"admin"},"sameAs":["https:\/\/cronicavj.ro"],"url":"https:\/\/cronicahd.ro\/?author=1"}]}},"_links":{"self":[{"href":"https:\/\/cronicahd.ro\/index.php?rest_route=\/wp\/v2\/posts\/8353","targetHints":{"allow":["GET"]}}],"collection":[{"href":"https:\/\/cronicahd.ro\/index.php?rest_route=\/wp\/v2\/posts"}],"about":[{"href":"https:\/\/cronicahd.ro\/index.php?rest_route=\/wp\/v2\/types\/post"}],"author":[{"embeddable":true,"href":"https:\/\/cronicahd.ro\/index.php?rest_route=\/wp\/v2\/users\/1"}],"replies":[{"embeddable":true,"href":"https:\/\/cronicahd.ro\/index.php?rest_route=%2Fwp%2Fv2%2Fcomments&post=8353"}],"version-history":[{"count":1,"href":"https:\/\/cronicahd.ro\/index.php?rest_route=\/wp\/v2\/posts\/8353\/revisions"}],"predecessor-version":[{"id":8355,"href":"https:\/\/cronicahd.ro\/index.php?rest_route=\/wp\/v2\/posts\/8353\/revisions\/8355"}],"wp:featuredmedia":[{"embeddable":true,"href":"https:\/\/cronicahd.ro\/index.php?rest_route=\/wp\/v2\/media\/8354"}],"wp:attachment":[{"href":"https:\/\/cronicahd.ro\/index.php?rest_route=%2Fwp%2Fv2%2Fmedia&parent=8353"}],"wp:term":[{"taxonomy":"category","embeddable":true,"href":"https:\/\/cronicahd.ro\/index.php?rest_route=%2Fwp%2Fv2%2Fcategories&post=8353"},{"taxonomy":"post_tag","embeddable":true,"href":"https:\/\/cronicahd.ro\/index.php?rest_route=%2Fwp%2Fv2%2Ftags&post=8353"}],"curies":[{"name":"wp","href":"https:\/\/api.w.org\/{rel}","templated":true}]}}