{"id":8350,"date":"2026-04-25T18:21:14","date_gmt":"2026-04-25T18:21:14","guid":{"rendered":"https:\/\/cronicahd.ro\/?p=8350"},"modified":"2026-04-25T18:21:14","modified_gmt":"2026-04-25T18:21:14","slug":"retroparada-primaverii-ajunge-la-deva-zeci-de-vehicule-istorice-expuse-in-centrul-orasului","status":"publish","type":"post","link":"https:\/\/cronicahd.ro\/?p=8350","title":{"rendered":"RETROPARADA PRIM\u0102VERII ajunge la Deva: zeci de vehicule istorice, expuse \u00een centrul ora\u0219ului"},"content":{"rendered":"<p>&nbsp;<\/p>\n<p>Pasiona\u021bii de automobile de epoc\u0103 sunt invita\u021bi duminic\u0103, 26 aprilie 2026, la un eveniment deosebit organizat \u00een municipiul Deva. \u00cen intervalul orar 11:00 \u2013 14:00, Retromobil Club Rom\u00e2nia \u2013 Filiala Hunedoara va aduce \u00een prim-plan elegan\u021ba \u0219i rafinamentul vehiculelor istorice, \u00een cadrul \u201eRetroparadei Prim\u0103verii \u2013 Deva 2026\u201d.<\/p>\n<p>Evenimentul se va desf\u0103\u0219ura \u00een Pia\u021ba Unirii, unde publicul va putea admira peste 80 de automobile \u0219i motociclete fabricate \u00een urm\u0103 cu mai bine de 30 de ani. Expozi\u021bia promite o adev\u0103rat\u0103 incursiune \u00een istoria automobilistic\u0103, reunind modele clasice atent restaurate \u0219i \u00eentre\u021binute de colec\u021bionari din jude\u021b \u0219i din \u021bar\u0103.<\/p>\n<p>Retroparada Prim\u0103verii este deja o tradi\u021bie la nivel na\u021bional, iar edi\u021bia din 2026 marcheaz\u0103 cel de-al 28-lea an de activitate al clubului organizator. \u00cen acest an, manifestarea se desf\u0103\u0219oar\u0103 simultan \u00een peste 30 de ora\u0219e din Rom\u00e2nia \u0219i reune\u0219te, la nivel na\u021bional, peste 1.000 de participan\u021bi.<\/p>\n<p>La Deva, evenimentul va transforma centrul ora\u0219ului \u00eentr-un veritabil muzeu \u00een aer liber, oferind vizitatorilor ocazia de a descoperi pove\u0219tile din spatele fiec\u0103rui vehicul \u0219i de a interac\u021biona cu proprietarii acestora.<\/p>\n<p>Accesul publicului este gratuit, iar organizatorii \u00eei \u00eencurajeaz\u0103 pe to\u021bi cei interesa\u021bi \u2013 de la familii cu copii p\u00e2n\u0103 la pasiona\u021bi de istorie auto \u2013 s\u0103 participe la aceast\u0103 s\u0103rb\u0103toare a elegan\u021bei pe patru ro\u021bi.<\/p>\n","protected":false},"excerpt":{"rendered":"<p>&nbsp; Pasiona\u021bii de automobile de epoc\u0103 sunt invita\u021bi duminic\u0103, 26 aprilie 2026, la un eveniment&#8230;<\/p>\n","protected":false},"author":1,"featured_media":8351,"comment_status":"closed","ping_status":"closed","sticky":false,"template":"","format":"standard","meta":{"footnotes":""},"categories":[1,15],"tags":[],"class_list":["post-8350","post","type-post","status-publish","format-standard","has-post-thumbnail","hentry","category-actual","category-eveniment"],"yoast_head":"<!-- This site is optimized with the Yoast SEO plugin v25.3.1 - https:\/\/yoast.com\/wordpress\/plugins\/seo\/ -->\n<title>RETROPARADA PRIM\u0102VERII ajunge la Deva: zeci de vehicule istorice, expuse \u00een centrul ora\u0219ului -<\/title>\n<meta name=\"robots\" content=\"index, follow, max-snippet:-1, max-image-preview:large, max-video-preview:-1\" \/>\n<link rel=\"canonical\" href=\"https:\/\/cronicahd.ro\/?p=8350\" \/>\n<meta property=\"og:locale\" content=\"ro_RO\" \/>\n<meta property=\"og:type\" content=\"article\" \/>\n<meta property=\"og:title\" content=\"RETROPARADA PRIM\u0102VERII ajunge la Deva: zeci de vehicule istorice, expuse \u00een centrul ora\u0219ului -\" \/>\n<meta property=\"og:description\" content=\"&nbsp; Pasiona\u021bii de automobile de epoc\u0103 sunt invita\u021bi duminic\u0103, 26 aprilie 2026, la un eveniment...\" \/>\n<meta property=\"og:url\" content=\"https:\/\/cronicahd.ro\/?p=8350\" \/>\n<meta property=\"article:published_time\" content=\"2026-04-25T18:21:14+00:00\" \/>\n<meta property=\"og:image\" content=\"https:\/\/cronicahd.ro\/wp-content\/uploads\/2026\/04\/IMG_6789.jpeg\" \/>\n\t<meta property=\"og:image:width\" content=\"914\" \/>\n\t<meta property=\"og:image:height\" content=\"1142\" \/>\n\t<meta property=\"og:image:type\" content=\"image\/jpeg\" \/>\n<meta name=\"author\" content=\"admin\" \/>\n<meta name=\"twitter:card\" content=\"summary_large_image\" \/>\n<meta name=\"twitter:label1\" content=\"Scris de\" \/>\n\t<meta name=\"twitter:data1\" content=\"admin\" \/>\n\t<meta name=\"twitter:label2\" content=\"Timp estimat pentru citire\" \/>\n\t<meta name=\"twitter:data2\" content=\"2 minute\" \/>\n<script type=\"application\/ld+json\" class=\"yoast-schema-graph\">{\"@context\":\"https:\/\/schema.org\",\"@graph\":[{\"@type\":\"WebPage\",\"@id\":\"https:\/\/cronicahd.ro\/?p=8350\",\"url\":\"https:\/\/cronicahd.ro\/?p=8350\",\"name\":\"RETROPARADA PRIM\u0102VERII ajunge la Deva: zeci de vehicule istorice, expuse \u00een centrul ora\u0219ului -\",\"isPartOf\":{\"@id\":\"https:\/\/cronicahd.ro\/#website\"},\"primaryImageOfPage\":{\"@id\":\"https:\/\/cronicahd.ro\/?p=8350#primaryimage\"},\"image\":{\"@id\":\"https:\/\/cronicahd.ro\/?p=8350#primaryimage\"},\"thumbnailUrl\":\"https:\/\/cronicahd.ro\/wp-content\/uploads\/2026\/04\/IMG_6789.jpeg\",\"datePublished\":\"2026-04-25T18:21:14+00:00\",\"author\":{\"@id\":\"https:\/\/cronicahd.ro\/#\/schema\/person\/d1a1277a8cd166610328e17aaf58bf46\"},\"breadcrumb\":{\"@id\":\"https:\/\/cronicahd.ro\/?p=8350#breadcrumb\"},\"inLanguage\":\"ro-RO\",\"potentialAction\":[{\"@type\":\"ReadAction\",\"target\":[\"https:\/\/cronicahd.ro\/?p=8350\"]}]},{\"@type\":\"ImageObject\",\"inLanguage\":\"ro-RO\",\"@id\":\"https:\/\/cronicahd.ro\/?p=8350#primaryimage\",\"url\":\"https:\/\/cronicahd.ro\/wp-content\/uploads\/2026\/04\/IMG_6789.jpeg\",\"contentUrl\":\"https:\/\/cronicahd.ro\/wp-content\/uploads\/2026\/04\/IMG_6789.jpeg\",\"width\":914,\"height\":1142},{\"@type\":\"BreadcrumbList\",\"@id\":\"https:\/\/cronicahd.ro\/?p=8350#breadcrumb\",\"itemListElement\":[{\"@type\":\"ListItem\",\"position\":1,\"name\":\"Prima pagin\u0103\",\"item\":\"https:\/\/cronicahd.ro\/\"},{\"@type\":\"ListItem\",\"position\":2,\"name\":\"RETROPARADA PRIM\u0102VERII ajunge la Deva: zeci de vehicule istorice, expuse \u00een centrul ora\u0219ului\"}]},{\"@type\":\"WebSite\",\"@id\":\"https:\/\/cronicahd.ro\/#website\",\"url\":\"https:\/\/cronicahd.ro\/\",\"name\":\"\",\"description\":\"\",\"potentialAction\":[{\"@type\":\"SearchAction\",\"target\":{\"@type\":\"EntryPoint\",\"urlTemplate\":\"https:\/\/cronicahd.ro\/?s={search_term_string}\"},\"query-input\":{\"@type\":\"PropertyValueSpecification\",\"valueRequired\":true,\"valueName\":\"search_term_string\"}}],\"inLanguage\":\"ro-RO\"},{\"@type\":\"Person\",\"@id\":\"https:\/\/cronicahd.ro\/#\/schema\/person\/d1a1277a8cd166610328e17aaf58bf46\",\"name\":\"admin\",\"image\":{\"@type\":\"ImageObject\",\"inLanguage\":\"ro-RO\",\"@id\":\"https:\/\/cronicahd.ro\/#\/schema\/person\/image\/\",\"url\":\"https:\/\/secure.gravatar.com\/avatar\/24700337280d10898c2e0d19d44a05316bff9fccc941ecc5570ffe41668203f7?s=96&d=mm&r=g\",\"contentUrl\":\"https:\/\/secure.gravatar.com\/avatar\/24700337280d10898c2e0d19d44a05316bff9fccc941ecc5570ffe41668203f7?s=96&d=mm&r=g\",\"caption\":\"admin\"},\"sameAs\":[\"https:\/\/cronicavj.ro\"],\"url\":\"https:\/\/cronicahd.ro\/?author=1\"}]}<\/script>\n<!-- \/ Yoast SEO plugin. -->","yoast_head_json":{"title":"RETROPARADA PRIM\u0102VERII ajunge la Deva: zeci de vehicule istorice, expuse \u00een centrul ora\u0219ului -","robots":{"index":"index","follow":"follow","max-snippet":"max-snippet:-1","max-image-preview":"max-image-preview:large","max-video-preview":"max-video-preview:-1"},"canonical":"https:\/\/cronicahd.ro\/?p=8350","og_locale":"ro_RO","og_type":"article","og_title":"RETROPARADA PRIM\u0102VERII ajunge la Deva: zeci de vehicule istorice, expuse \u00een centrul ora\u0219ului -","og_description":"&nbsp; Pasiona\u021bii de automobile de epoc\u0103 sunt invita\u021bi duminic\u0103, 26 aprilie 2026, la un eveniment...","og_url":"https:\/\/cronicahd.ro\/?p=8350","article_published_time":"2026-04-25T18:21:14+00:00","og_image":[{"width":914,"height":1142,"url":"https:\/\/cronicahd.ro\/wp-content\/uploads\/2026\/04\/IMG_6789.jpeg","type":"image\/jpeg"}],"author":"admin","twitter_card":"summary_large_image","twitter_misc":{"Scris de":"admin","Timp estimat pentru citire":"2 minute"},"schema":{"@context":"https:\/\/schema.org","@graph":[{"@type":"WebPage","@id":"https:\/\/cronicahd.ro\/?p=8350","url":"https:\/\/cronicahd.ro\/?p=8350","name":"RETROPARADA PRIM\u0102VERII ajunge la Deva: zeci de vehicule istorice, expuse \u00een centrul ora\u0219ului -","isPartOf":{"@id":"https:\/\/cronicahd.ro\/#website"},"primaryImageOfPage":{"@id":"https:\/\/cronicahd.ro\/?p=8350#primaryimage"},"image":{"@id":"https:\/\/cronicahd.ro\/?p=8350#primaryimage"},"thumbnailUrl":"https:\/\/cronicahd.ro\/wp-content\/uploads\/2026\/04\/IMG_6789.jpeg","datePublished":"2026-04-25T18:21:14+00:00","author":{"@id":"https:\/\/cronicahd.ro\/#\/schema\/person\/d1a1277a8cd166610328e17aaf58bf46"},"breadcrumb":{"@id":"https:\/\/cronicahd.ro\/?p=8350#breadcrumb"},"inLanguage":"ro-RO","potentialAction":[{"@type":"ReadAction","target":["https:\/\/cronicahd.ro\/?p=8350"]}]},{"@type":"ImageObject","inLanguage":"ro-RO","@id":"https:\/\/cronicahd.ro\/?p=8350#primaryimage","url":"https:\/\/cronicahd.ro\/wp-content\/uploads\/2026\/04\/IMG_6789.jpeg","contentUrl":"https:\/\/cronicahd.ro\/wp-content\/uploads\/2026\/04\/IMG_6789.jpeg","width":914,"height":1142},{"@type":"BreadcrumbList","@id":"https:\/\/cronicahd.ro\/?p=8350#breadcrumb","itemListElement":[{"@type":"ListItem","position":1,"name":"Prima pagin\u0103","item":"https:\/\/cronicahd.ro\/"},{"@type":"ListItem","position":2,"name":"RETROPARADA PRIM\u0102VERII ajunge la Deva: zeci de vehicule istorice, expuse \u00een centrul ora\u0219ului"}]},{"@type":"WebSite","@id":"https:\/\/cronicahd.ro\/#website","url":"https:\/\/cronicahd.ro\/","name":"","description":"","potentialAction":[{"@type":"SearchAction","target":{"@type":"EntryPoint","urlTemplate":"https:\/\/cronicahd.ro\/?s={search_term_string}"},"query-input":{"@type":"PropertyValueSpecification","valueRequired":true,"valueName":"search_term_string"}}],"inLanguage":"ro-RO"},{"@type":"Person","@id":"https:\/\/cronicahd.ro\/#\/schema\/person\/d1a1277a8cd166610328e17aaf58bf46","name":"admin","image":{"@type":"ImageObject","inLanguage":"ro-RO","@id":"https:\/\/cronicahd.ro\/#\/schema\/person\/image\/","url":"https:\/\/secure.gravatar.com\/avatar\/24700337280d10898c2e0d19d44a05316bff9fccc941ecc5570ffe41668203f7?s=96&d=mm&r=g","contentUrl":"https:\/\/secure.gravatar.com\/avatar\/24700337280d10898c2e0d19d44a05316bff9fccc941ecc5570ffe41668203f7?s=96&d=mm&r=g","caption":"admin"},"sameAs":["https:\/\/cronicavj.ro"],"url":"https:\/\/cronicahd.ro\/?author=1"}]}},"_links":{"self":[{"href":"https:\/\/cronicahd.ro\/index.php?rest_route=\/wp\/v2\/posts\/8350","targetHints":{"allow":["GET"]}}],"collection":[{"href":"https:\/\/cronicahd.ro\/index.php?rest_route=\/wp\/v2\/posts"}],"about":[{"href":"https:\/\/cronicahd.ro\/index.php?rest_route=\/wp\/v2\/types\/post"}],"author":[{"embeddable":true,"href":"https:\/\/cronicahd.ro\/index.php?rest_route=\/wp\/v2\/users\/1"}],"replies":[{"embeddable":true,"href":"https:\/\/cronicahd.ro\/index.php?rest_route=%2Fwp%2Fv2%2Fcomments&post=8350"}],"version-history":[{"count":1,"href":"https:\/\/cronicahd.ro\/index.php?rest_route=\/wp\/v2\/posts\/8350\/revisions"}],"predecessor-version":[{"id":8352,"href":"https:\/\/cronicahd.ro\/index.php?rest_route=\/wp\/v2\/posts\/8350\/revisions\/8352"}],"wp:featuredmedia":[{"embeddable":true,"href":"https:\/\/cronicahd.ro\/index.php?rest_route=\/wp\/v2\/media\/8351"}],"wp:attachment":[{"href":"https:\/\/cronicahd.ro\/index.php?rest_route=%2Fwp%2Fv2%2Fmedia&parent=8350"}],"wp:term":[{"taxonomy":"category","embeddable":true,"href":"https:\/\/cronicahd.ro\/index.php?rest_route=%2Fwp%2Fv2%2Fcategories&post=8350"},{"taxonomy":"post_tag","embeddable":true,"href":"https:\/\/cronicahd.ro\/index.php?rest_route=%2Fwp%2Fv2%2Ftags&post=8350"}],"curies":[{"name":"wp","href":"https:\/\/api.w.org\/{rel}","templated":true}]}}