{"id":8345,"date":"2026-04-25T16:27:08","date_gmt":"2026-04-25T16:27:08","guid":{"rendered":"https:\/\/cronicahd.ro\/?p=8345"},"modified":"2026-04-25T16:27:08","modified_gmt":"2026-04-25T16:27:08","slug":"incendiu-puternic-la-o-locuinta-din-petrosani","status":"publish","type":"post","link":"https:\/\/cronicahd.ro\/?p=8345","title":{"rendered":"Incendiu puternic la o locuin\u021b\u0103 din Petro\u0219ani"},"content":{"rendered":"<p>&nbsp;<\/p>\n<p>Un incendiu de propor\u021bii a izbucnit, \u00een cursul acestei dup\u0103-amiezi, la acoperi\u0219ul unei case de locuit din municipiul Petro\u0219ani, de pe strada Anghel Saligny, mobiliz\u00e2nd de urgen\u021b\u0103 pompierii Deta\u0219amentului din localitate.<\/p>\n<p><img loading=\"lazy\" decoding=\"async\" class=\"alignnone size-full wp-image-8347\" src=\"https:\/\/cronicahd.ro\/wp-content\/uploads\/2026\/04\/13672740-fadf-427f-b883-1a7dd89ceb89.jpeg\" alt=\"\" width=\"1600\" height=\"736\" srcset=\"https:\/\/cronicahd.ro\/wp-content\/uploads\/2026\/04\/13672740-fadf-427f-b883-1a7dd89ceb89.jpeg 1600w, https:\/\/cronicahd.ro\/wp-content\/uploads\/2026\/04\/13672740-fadf-427f-b883-1a7dd89ceb89-300x138.jpeg 300w, https:\/\/cronicahd.ro\/wp-content\/uploads\/2026\/04\/13672740-fadf-427f-b883-1a7dd89ceb89-1024x471.jpeg 1024w, https:\/\/cronicahd.ro\/wp-content\/uploads\/2026\/04\/13672740-fadf-427f-b883-1a7dd89ceb89-768x353.jpeg 768w, https:\/\/cronicahd.ro\/wp-content\/uploads\/2026\/04\/13672740-fadf-427f-b883-1a7dd89ceb89-1536x707.jpeg 1536w\" sizes=\"auto, (max-width: 1600px) 100vw, 1600px\" \/><\/p>\n<p>La sosirea echipajelor de interven\u021bie, fl\u0103c\u0103rile se manifestau generalizat la nivelul acoperi\u0219ului, pe o suprafa\u021b\u0103 de aproximativ 100 de metri p\u0103tra\u021bi, exist\u00e2nd un risc major de propagare la locuin\u021bele \u00eenvecinate. Pompierii au ac\u021bionat rapid cu trei autospeciale de stingere, reu\u0219ind s\u0103 limiteze extinderea incendiului \u0219i s\u0103 protejeze casele din apropiere.<\/p>\n<p><img loading=\"lazy\" decoding=\"async\" class=\"alignnone size-full wp-image-8346\" src=\"https:\/\/cronicahd.ro\/wp-content\/uploads\/2026\/04\/ead5edd9-596a-4fb5-8dec-2744ddf8d25b.jpeg\" alt=\"\" width=\"1500\" height=\"1085\" srcset=\"https:\/\/cronicahd.ro\/wp-content\/uploads\/2026\/04\/ead5edd9-596a-4fb5-8dec-2744ddf8d25b.jpeg 1500w, https:\/\/cronicahd.ro\/wp-content\/uploads\/2026\/04\/ead5edd9-596a-4fb5-8dec-2744ddf8d25b-300x217.jpeg 300w, https:\/\/cronicahd.ro\/wp-content\/uploads\/2026\/04\/ead5edd9-596a-4fb5-8dec-2744ddf8d25b-1024x741.jpeg 1024w, https:\/\/cronicahd.ro\/wp-content\/uploads\/2026\/04\/ead5edd9-596a-4fb5-8dec-2744ddf8d25b-768x556.jpeg 768w\" sizes=\"auto, (max-width: 1500px) 100vw, 1500px\" \/><\/p>\n<p>Din fericire, nu au fost \u00eenregistrate victime, \u00eentruc\u00e2t nicio persoan\u0103 nu se afla \u00een interiorul imobilului \u00een momentul producerii incendiului. Salvatorii au intervenit pentru localizarea \u0219i lichidarea focului, prevenind astfel o situa\u021bie mult mai grav\u0103.<\/p>\n<p>\u00cen urma incendiului au ars acoperi\u0219ul locuin\u021bei \u0219i o anex\u0103 gospod\u0103reasc\u0103, pe o suprafa\u021b\u0103 de aproximativ 20 de metri p\u0103tra\u021bi. Cauzele izbucnirii incendiului urmeaz\u0103 s\u0103 fie stabilite de speciali\u0219ti.<\/p>\n<p>Interven\u021bia prompt\u0103 a pompierilor a f\u0103cut diferen\u021ba, evit\u00e2nd extinderea fl\u0103c\u0103rilor la alte gospod\u0103rii din zon\u0103.<\/p>\n","protected":false},"excerpt":{"rendered":"<p>&nbsp; Un incendiu de propor\u021bii a izbucnit, \u00een cursul acestei dup\u0103-amiezi, la acoperi\u0219ul unei case&#8230;<\/p>\n","protected":false},"author":1,"featured_media":8348,"comment_status":"closed","ping_status":"closed","sticky":false,"template":"","format":"standard","meta":{"footnotes":""},"categories":[1,15],"tags":[],"class_list":["post-8345","post","type-post","status-publish","format-standard","has-post-thumbnail","hentry","category-actual","category-eveniment"],"yoast_head":"<!-- This site is optimized with the Yoast SEO plugin v25.3.1 - https:\/\/yoast.com\/wordpress\/plugins\/seo\/ -->\n<title>Incendiu puternic la o locuin\u021b\u0103 din Petro\u0219ani -<\/title>\n<meta name=\"robots\" content=\"index, follow, max-snippet:-1, max-image-preview:large, max-video-preview:-1\" \/>\n<link rel=\"canonical\" href=\"https:\/\/cronicahd.ro\/?p=8345\" \/>\n<meta property=\"og:locale\" content=\"ro_RO\" \/>\n<meta property=\"og:type\" content=\"article\" \/>\n<meta property=\"og:title\" content=\"Incendiu puternic la o locuin\u021b\u0103 din Petro\u0219ani -\" \/>\n<meta property=\"og:description\" content=\"&nbsp; Un incendiu de propor\u021bii a izbucnit, \u00een cursul acestei dup\u0103-amiezi, la acoperi\u0219ul unei case...\" \/>\n<meta property=\"og:url\" content=\"https:\/\/cronicahd.ro\/?p=8345\" \/>\n<meta property=\"article:published_time\" content=\"2026-04-25T16:27:08+00:00\" \/>\n<meta property=\"og:image\" content=\"https:\/\/cronicahd.ro\/wp-content\/uploads\/2026\/04\/6a64614d-c024-4b43-8fd9-28ce022b7cb5.jpeg\" \/>\n\t<meta property=\"og:image:width\" content=\"1600\" \/>\n\t<meta property=\"og:image:height\" content=\"736\" \/>\n\t<meta property=\"og:image:type\" content=\"image\/jpeg\" \/>\n<meta name=\"author\" content=\"admin\" \/>\n<meta name=\"twitter:card\" content=\"summary_large_image\" \/>\n<meta name=\"twitter:label1\" content=\"Scris de\" \/>\n\t<meta name=\"twitter:data1\" content=\"admin\" \/>\n\t<meta name=\"twitter:label2\" content=\"Timp estimat pentru citire\" \/>\n\t<meta name=\"twitter:data2\" content=\"2 minute\" \/>\n<script type=\"application\/ld+json\" class=\"yoast-schema-graph\">{\"@context\":\"https:\/\/schema.org\",\"@graph\":[{\"@type\":\"WebPage\",\"@id\":\"https:\/\/cronicahd.ro\/?p=8345\",\"url\":\"https:\/\/cronicahd.ro\/?p=8345\",\"name\":\"Incendiu puternic la o locuin\u021b\u0103 din Petro\u0219ani -\",\"isPartOf\":{\"@id\":\"https:\/\/cronicahd.ro\/#website\"},\"primaryImageOfPage\":{\"@id\":\"https:\/\/cronicahd.ro\/?p=8345#primaryimage\"},\"image\":{\"@id\":\"https:\/\/cronicahd.ro\/?p=8345#primaryimage\"},\"thumbnailUrl\":\"https:\/\/cronicahd.ro\/wp-content\/uploads\/2026\/04\/6a64614d-c024-4b43-8fd9-28ce022b7cb5.jpeg\",\"datePublished\":\"2026-04-25T16:27:08+00:00\",\"author\":{\"@id\":\"https:\/\/cronicahd.ro\/#\/schema\/person\/d1a1277a8cd166610328e17aaf58bf46\"},\"breadcrumb\":{\"@id\":\"https:\/\/cronicahd.ro\/?p=8345#breadcrumb\"},\"inLanguage\":\"ro-RO\",\"potentialAction\":[{\"@type\":\"ReadAction\",\"target\":[\"https:\/\/cronicahd.ro\/?p=8345\"]}]},{\"@type\":\"ImageObject\",\"inLanguage\":\"ro-RO\",\"@id\":\"https:\/\/cronicahd.ro\/?p=8345#primaryimage\",\"url\":\"https:\/\/cronicahd.ro\/wp-content\/uploads\/2026\/04\/6a64614d-c024-4b43-8fd9-28ce022b7cb5.jpeg\",\"contentUrl\":\"https:\/\/cronicahd.ro\/wp-content\/uploads\/2026\/04\/6a64614d-c024-4b43-8fd9-28ce022b7cb5.jpeg\",\"width\":1600,\"height\":736},{\"@type\":\"BreadcrumbList\",\"@id\":\"https:\/\/cronicahd.ro\/?p=8345#breadcrumb\",\"itemListElement\":[{\"@type\":\"ListItem\",\"position\":1,\"name\":\"Prima pagin\u0103\",\"item\":\"https:\/\/cronicahd.ro\/\"},{\"@type\":\"ListItem\",\"position\":2,\"name\":\"Incendiu puternic la o locuin\u021b\u0103 din Petro\u0219ani\"}]},{\"@type\":\"WebSite\",\"@id\":\"https:\/\/cronicahd.ro\/#website\",\"url\":\"https:\/\/cronicahd.ro\/\",\"name\":\"\",\"description\":\"\",\"potentialAction\":[{\"@type\":\"SearchAction\",\"target\":{\"@type\":\"EntryPoint\",\"urlTemplate\":\"https:\/\/cronicahd.ro\/?s={search_term_string}\"},\"query-input\":{\"@type\":\"PropertyValueSpecification\",\"valueRequired\":true,\"valueName\":\"search_term_string\"}}],\"inLanguage\":\"ro-RO\"},{\"@type\":\"Person\",\"@id\":\"https:\/\/cronicahd.ro\/#\/schema\/person\/d1a1277a8cd166610328e17aaf58bf46\",\"name\":\"admin\",\"image\":{\"@type\":\"ImageObject\",\"inLanguage\":\"ro-RO\",\"@id\":\"https:\/\/cronicahd.ro\/#\/schema\/person\/image\/\",\"url\":\"https:\/\/secure.gravatar.com\/avatar\/24700337280d10898c2e0d19d44a05316bff9fccc941ecc5570ffe41668203f7?s=96&d=mm&r=g\",\"contentUrl\":\"https:\/\/secure.gravatar.com\/avatar\/24700337280d10898c2e0d19d44a05316bff9fccc941ecc5570ffe41668203f7?s=96&d=mm&r=g\",\"caption\":\"admin\"},\"sameAs\":[\"https:\/\/cronicavj.ro\"],\"url\":\"https:\/\/cronicahd.ro\/?author=1\"}]}<\/script>\n<!-- \/ Yoast SEO plugin. -->","yoast_head_json":{"title":"Incendiu puternic la o locuin\u021b\u0103 din Petro\u0219ani -","robots":{"index":"index","follow":"follow","max-snippet":"max-snippet:-1","max-image-preview":"max-image-preview:large","max-video-preview":"max-video-preview:-1"},"canonical":"https:\/\/cronicahd.ro\/?p=8345","og_locale":"ro_RO","og_type":"article","og_title":"Incendiu puternic la o locuin\u021b\u0103 din Petro\u0219ani -","og_description":"&nbsp; Un incendiu de propor\u021bii a izbucnit, \u00een cursul acestei dup\u0103-amiezi, la acoperi\u0219ul unei case...","og_url":"https:\/\/cronicahd.ro\/?p=8345","article_published_time":"2026-04-25T16:27:08+00:00","og_image":[{"width":1600,"height":736,"url":"https:\/\/cronicahd.ro\/wp-content\/uploads\/2026\/04\/6a64614d-c024-4b43-8fd9-28ce022b7cb5.jpeg","type":"image\/jpeg"}],"author":"admin","twitter_card":"summary_large_image","twitter_misc":{"Scris de":"admin","Timp estimat pentru citire":"2 minute"},"schema":{"@context":"https:\/\/schema.org","@graph":[{"@type":"WebPage","@id":"https:\/\/cronicahd.ro\/?p=8345","url":"https:\/\/cronicahd.ro\/?p=8345","name":"Incendiu puternic la o locuin\u021b\u0103 din Petro\u0219ani -","isPartOf":{"@id":"https:\/\/cronicahd.ro\/#website"},"primaryImageOfPage":{"@id":"https:\/\/cronicahd.ro\/?p=8345#primaryimage"},"image":{"@id":"https:\/\/cronicahd.ro\/?p=8345#primaryimage"},"thumbnailUrl":"https:\/\/cronicahd.ro\/wp-content\/uploads\/2026\/04\/6a64614d-c024-4b43-8fd9-28ce022b7cb5.jpeg","datePublished":"2026-04-25T16:27:08+00:00","author":{"@id":"https:\/\/cronicahd.ro\/#\/schema\/person\/d1a1277a8cd166610328e17aaf58bf46"},"breadcrumb":{"@id":"https:\/\/cronicahd.ro\/?p=8345#breadcrumb"},"inLanguage":"ro-RO","potentialAction":[{"@type":"ReadAction","target":["https:\/\/cronicahd.ro\/?p=8345"]}]},{"@type":"ImageObject","inLanguage":"ro-RO","@id":"https:\/\/cronicahd.ro\/?p=8345#primaryimage","url":"https:\/\/cronicahd.ro\/wp-content\/uploads\/2026\/04\/6a64614d-c024-4b43-8fd9-28ce022b7cb5.jpeg","contentUrl":"https:\/\/cronicahd.ro\/wp-content\/uploads\/2026\/04\/6a64614d-c024-4b43-8fd9-28ce022b7cb5.jpeg","width":1600,"height":736},{"@type":"BreadcrumbList","@id":"https:\/\/cronicahd.ro\/?p=8345#breadcrumb","itemListElement":[{"@type":"ListItem","position":1,"name":"Prima pagin\u0103","item":"https:\/\/cronicahd.ro\/"},{"@type":"ListItem","position":2,"name":"Incendiu puternic la o locuin\u021b\u0103 din Petro\u0219ani"}]},{"@type":"WebSite","@id":"https:\/\/cronicahd.ro\/#website","url":"https:\/\/cronicahd.ro\/","name":"","description":"","potentialAction":[{"@type":"SearchAction","target":{"@type":"EntryPoint","urlTemplate":"https:\/\/cronicahd.ro\/?s={search_term_string}"},"query-input":{"@type":"PropertyValueSpecification","valueRequired":true,"valueName":"search_term_string"}}],"inLanguage":"ro-RO"},{"@type":"Person","@id":"https:\/\/cronicahd.ro\/#\/schema\/person\/d1a1277a8cd166610328e17aaf58bf46","name":"admin","image":{"@type":"ImageObject","inLanguage":"ro-RO","@id":"https:\/\/cronicahd.ro\/#\/schema\/person\/image\/","url":"https:\/\/secure.gravatar.com\/avatar\/24700337280d10898c2e0d19d44a05316bff9fccc941ecc5570ffe41668203f7?s=96&d=mm&r=g","contentUrl":"https:\/\/secure.gravatar.com\/avatar\/24700337280d10898c2e0d19d44a05316bff9fccc941ecc5570ffe41668203f7?s=96&d=mm&r=g","caption":"admin"},"sameAs":["https:\/\/cronicavj.ro"],"url":"https:\/\/cronicahd.ro\/?author=1"}]}},"_links":{"self":[{"href":"https:\/\/cronicahd.ro\/index.php?rest_route=\/wp\/v2\/posts\/8345","targetHints":{"allow":["GET"]}}],"collection":[{"href":"https:\/\/cronicahd.ro\/index.php?rest_route=\/wp\/v2\/posts"}],"about":[{"href":"https:\/\/cronicahd.ro\/index.php?rest_route=\/wp\/v2\/types\/post"}],"author":[{"embeddable":true,"href":"https:\/\/cronicahd.ro\/index.php?rest_route=\/wp\/v2\/users\/1"}],"replies":[{"embeddable":true,"href":"https:\/\/cronicahd.ro\/index.php?rest_route=%2Fwp%2Fv2%2Fcomments&post=8345"}],"version-history":[{"count":1,"href":"https:\/\/cronicahd.ro\/index.php?rest_route=\/wp\/v2\/posts\/8345\/revisions"}],"predecessor-version":[{"id":8349,"href":"https:\/\/cronicahd.ro\/index.php?rest_route=\/wp\/v2\/posts\/8345\/revisions\/8349"}],"wp:featuredmedia":[{"embeddable":true,"href":"https:\/\/cronicahd.ro\/index.php?rest_route=\/wp\/v2\/media\/8348"}],"wp:attachment":[{"href":"https:\/\/cronicahd.ro\/index.php?rest_route=%2Fwp%2Fv2%2Fmedia&parent=8345"}],"wp:term":[{"taxonomy":"category","embeddable":true,"href":"https:\/\/cronicahd.ro\/index.php?rest_route=%2Fwp%2Fv2%2Fcategories&post=8345"},{"taxonomy":"post_tag","embeddable":true,"href":"https:\/\/cronicahd.ro\/index.php?rest_route=%2Fwp%2Fv2%2Ftags&post=8345"}],"curies":[{"name":"wp","href":"https:\/\/api.w.org\/{rel}","templated":true}]}}