{"id":8342,"date":"2026-04-25T14:33:39","date_gmt":"2026-04-25T14:33:39","guid":{"rendered":"https:\/\/cronicahd.ro\/?p=8342"},"modified":"2026-04-25T14:33:39","modified_gmt":"2026-04-25T14:33:39","slug":"vant-puternic-in-judetul-hunedoara-avertizari-cod-galben-si-cod-portocaliu-emise-de-meteorologi","status":"publish","type":"post","link":"https:\/\/cronicahd.ro\/?p=8342","title":{"rendered":"V\u00e2nt puternic \u00een jude\u021bul Hunedoara: avertiz\u0103ri Cod galben \u0219i Cod portocaliu emise de meteorologi"},"content":{"rendered":"<p>&nbsp;<\/p>\n<p>Jude\u021bul Hunedoara intr\u0103, \u00eencep\u00e2nd de m\u00e2ine, sub inciden\u021ba unor avertiz\u0103ri de vreme sever\u0103, dup\u0103 ce Administra\u021bia Na\u021bional\u0103 de Meteorologie a anun\u021bat intensific\u0103ri semnificative ale v\u00e2ntului.<\/p>\n<p>Potrivit meteorologilor, intervalul de manifestare a fenomenelor periculoase este cuprins \u00eentre duminic\u0103, ora 12:00, \u0219i luni, ora 02:00. \u00cen acest context, a fost emis un Cod galben valabil duminic\u0103, \u00eentre orele 09:00 \u0219i 21:00, perioad\u0103 \u00een care v\u00e2ntul va sufla cu putere \u00een special \u00een zonele joase ale jude\u021bului.<\/p>\n<p>Rafalele vor atinge viteze de 50\u201370 km\/h, iar \u00een zonele montane acestea pot ajunge la 70\u201390 km\/h, cresc\u00e2nd riscul producerii unor incidente.<\/p>\n<p>Situa\u021bia se va agrava \u00een a doua parte a intervalului, c\u00e2nd, \u00eentre duminic\u0103 ora 21:00 \u0219i luni ora 02:00, va intra \u00een vigoare un Cod portocaliu de v\u00e2nt puternic. Avertizarea vizeaz\u0103 \u00een special sudul jude\u021bului Hunedoara \u0219i zonele \u00eenalte, unde intensific\u0103rile vor fi mai severe.<\/p>\n<p>Autorit\u0103\u021bile fac apel la popula\u021bie s\u0103 manifeste pruden\u021b\u0103 \u0219i s\u0103 respecte m\u0103surile de siguran\u021b\u0103 pentru prevenirea incidentelor. Printre recomand\u0103ri se num\u0103r\u0103 evitarea deplas\u0103rilor \u00een apropierea copacilor, st\u00e2lpilor sau panourilor publicitare, am\u00e2narea activit\u0103\u021bilor \u00een aer liber \u0219i asigurarea obiectelor care pot fi dislocate de v\u00e2nt.<\/p>\n<p>De asemenea, cet\u0103\u021benii sunt sf\u0103tui\u021bi s\u0103 urm\u0103reasc\u0103 informa\u021biile oficiale \u0219i buletinele meteorologice, precum \u0219i s\u0103 acceseze platforma Departamentul pentru Situa\u021bii de Urgen\u021b\u0103 sau site-ul fiipregatit.ro pentru recomand\u0103ri utile \u00een astfel de situa\u021bii.<\/p>\n<p>Meteorologii avertizeaz\u0103 c\u0103 fenomenele pot evolua rapid, iar actualiz\u0103rile vor fi comunicate \u00een timp real prin canalele oficiale.<\/p>\n","protected":false},"excerpt":{"rendered":"<p>&nbsp; Jude\u021bul Hunedoara intr\u0103, \u00eencep\u00e2nd de m\u00e2ine, sub inciden\u021ba unor avertiz\u0103ri de vreme sever\u0103, dup\u0103&#8230;<\/p>\n","protected":false},"author":1,"featured_media":8343,"comment_status":"closed","ping_status":"closed","sticky":false,"template":"","format":"standard","meta":{"footnotes":""},"categories":[1,15],"tags":[],"class_list":["post-8342","post","type-post","status-publish","format-standard","has-post-thumbnail","hentry","category-actual","category-eveniment"],"yoast_head":"<!-- This site is optimized with the Yoast SEO plugin v25.3.1 - https:\/\/yoast.com\/wordpress\/plugins\/seo\/ -->\n<title>V\u00e2nt puternic \u00een jude\u021bul Hunedoara: avertiz\u0103ri Cod galben \u0219i Cod portocaliu emise de meteorologi -<\/title>\n<meta name=\"robots\" content=\"index, follow, max-snippet:-1, max-image-preview:large, max-video-preview:-1\" \/>\n<link rel=\"canonical\" href=\"https:\/\/cronicahd.ro\/?p=8342\" \/>\n<meta property=\"og:locale\" content=\"ro_RO\" \/>\n<meta property=\"og:type\" content=\"article\" \/>\n<meta property=\"og:title\" content=\"V\u00e2nt puternic \u00een jude\u021bul Hunedoara: avertiz\u0103ri Cod galben \u0219i Cod portocaliu emise de meteorologi -\" \/>\n<meta property=\"og:description\" content=\"&nbsp; Jude\u021bul Hunedoara intr\u0103, \u00eencep\u00e2nd de m\u00e2ine, sub inciden\u021ba unor avertiz\u0103ri de vreme sever\u0103, dup\u0103...\" \/>\n<meta property=\"og:url\" content=\"https:\/\/cronicahd.ro\/?p=8342\" \/>\n<meta property=\"article:published_time\" content=\"2026-04-25T14:33:39+00:00\" \/>\n<meta property=\"og:image\" content=\"https:\/\/cronicahd.ro\/wp-content\/uploads\/2026\/04\/IMG_6784.jpeg\" \/>\n\t<meta property=\"og:image:width\" content=\"925\" \/>\n\t<meta property=\"og:image:height\" content=\"522\" \/>\n\t<meta property=\"og:image:type\" content=\"image\/jpeg\" \/>\n<meta name=\"author\" content=\"admin\" \/>\n<meta name=\"twitter:card\" content=\"summary_large_image\" \/>\n<meta name=\"twitter:label1\" content=\"Scris de\" \/>\n\t<meta name=\"twitter:data1\" content=\"admin\" \/>\n\t<meta name=\"twitter:label2\" content=\"Timp estimat pentru citire\" \/>\n\t<meta name=\"twitter:data2\" content=\"2 minute\" \/>\n<script type=\"application\/ld+json\" class=\"yoast-schema-graph\">{\"@context\":\"https:\/\/schema.org\",\"@graph\":[{\"@type\":\"WebPage\",\"@id\":\"https:\/\/cronicahd.ro\/?p=8342\",\"url\":\"https:\/\/cronicahd.ro\/?p=8342\",\"name\":\"V\u00e2nt puternic \u00een jude\u021bul Hunedoara: avertiz\u0103ri Cod galben \u0219i Cod portocaliu emise de meteorologi -\",\"isPartOf\":{\"@id\":\"https:\/\/cronicahd.ro\/#website\"},\"primaryImageOfPage\":{\"@id\":\"https:\/\/cronicahd.ro\/?p=8342#primaryimage\"},\"image\":{\"@id\":\"https:\/\/cronicahd.ro\/?p=8342#primaryimage\"},\"thumbnailUrl\":\"https:\/\/cronicahd.ro\/wp-content\/uploads\/2026\/04\/IMG_6784.jpeg\",\"datePublished\":\"2026-04-25T14:33:39+00:00\",\"author\":{\"@id\":\"https:\/\/cronicahd.ro\/#\/schema\/person\/d1a1277a8cd166610328e17aaf58bf46\"},\"breadcrumb\":{\"@id\":\"https:\/\/cronicahd.ro\/?p=8342#breadcrumb\"},\"inLanguage\":\"ro-RO\",\"potentialAction\":[{\"@type\":\"ReadAction\",\"target\":[\"https:\/\/cronicahd.ro\/?p=8342\"]}]},{\"@type\":\"ImageObject\",\"inLanguage\":\"ro-RO\",\"@id\":\"https:\/\/cronicahd.ro\/?p=8342#primaryimage\",\"url\":\"https:\/\/cronicahd.ro\/wp-content\/uploads\/2026\/04\/IMG_6784.jpeg\",\"contentUrl\":\"https:\/\/cronicahd.ro\/wp-content\/uploads\/2026\/04\/IMG_6784.jpeg\",\"width\":925,\"height\":522},{\"@type\":\"BreadcrumbList\",\"@id\":\"https:\/\/cronicahd.ro\/?p=8342#breadcrumb\",\"itemListElement\":[{\"@type\":\"ListItem\",\"position\":1,\"name\":\"Prima pagin\u0103\",\"item\":\"https:\/\/cronicahd.ro\/\"},{\"@type\":\"ListItem\",\"position\":2,\"name\":\"V\u00e2nt puternic \u00een jude\u021bul Hunedoara: avertiz\u0103ri Cod galben \u0219i Cod portocaliu emise de meteorologi\"}]},{\"@type\":\"WebSite\",\"@id\":\"https:\/\/cronicahd.ro\/#website\",\"url\":\"https:\/\/cronicahd.ro\/\",\"name\":\"\",\"description\":\"\",\"potentialAction\":[{\"@type\":\"SearchAction\",\"target\":{\"@type\":\"EntryPoint\",\"urlTemplate\":\"https:\/\/cronicahd.ro\/?s={search_term_string}\"},\"query-input\":{\"@type\":\"PropertyValueSpecification\",\"valueRequired\":true,\"valueName\":\"search_term_string\"}}],\"inLanguage\":\"ro-RO\"},{\"@type\":\"Person\",\"@id\":\"https:\/\/cronicahd.ro\/#\/schema\/person\/d1a1277a8cd166610328e17aaf58bf46\",\"name\":\"admin\",\"image\":{\"@type\":\"ImageObject\",\"inLanguage\":\"ro-RO\",\"@id\":\"https:\/\/cronicahd.ro\/#\/schema\/person\/image\/\",\"url\":\"https:\/\/secure.gravatar.com\/avatar\/24700337280d10898c2e0d19d44a05316bff9fccc941ecc5570ffe41668203f7?s=96&d=mm&r=g\",\"contentUrl\":\"https:\/\/secure.gravatar.com\/avatar\/24700337280d10898c2e0d19d44a05316bff9fccc941ecc5570ffe41668203f7?s=96&d=mm&r=g\",\"caption\":\"admin\"},\"sameAs\":[\"https:\/\/cronicavj.ro\"],\"url\":\"https:\/\/cronicahd.ro\/?author=1\"}]}<\/script>\n<!-- \/ Yoast SEO plugin. -->","yoast_head_json":{"title":"V\u00e2nt puternic \u00een jude\u021bul Hunedoara: avertiz\u0103ri Cod galben \u0219i Cod portocaliu emise de meteorologi -","robots":{"index":"index","follow":"follow","max-snippet":"max-snippet:-1","max-image-preview":"max-image-preview:large","max-video-preview":"max-video-preview:-1"},"canonical":"https:\/\/cronicahd.ro\/?p=8342","og_locale":"ro_RO","og_type":"article","og_title":"V\u00e2nt puternic \u00een jude\u021bul Hunedoara: avertiz\u0103ri Cod galben \u0219i Cod portocaliu emise de meteorologi -","og_description":"&nbsp; Jude\u021bul Hunedoara intr\u0103, \u00eencep\u00e2nd de m\u00e2ine, sub inciden\u021ba unor avertiz\u0103ri de vreme sever\u0103, dup\u0103...","og_url":"https:\/\/cronicahd.ro\/?p=8342","article_published_time":"2026-04-25T14:33:39+00:00","og_image":[{"width":925,"height":522,"url":"https:\/\/cronicahd.ro\/wp-content\/uploads\/2026\/04\/IMG_6784.jpeg","type":"image\/jpeg"}],"author":"admin","twitter_card":"summary_large_image","twitter_misc":{"Scris de":"admin","Timp estimat pentru citire":"2 minute"},"schema":{"@context":"https:\/\/schema.org","@graph":[{"@type":"WebPage","@id":"https:\/\/cronicahd.ro\/?p=8342","url":"https:\/\/cronicahd.ro\/?p=8342","name":"V\u00e2nt puternic \u00een jude\u021bul Hunedoara: avertiz\u0103ri Cod galben \u0219i Cod portocaliu emise de meteorologi -","isPartOf":{"@id":"https:\/\/cronicahd.ro\/#website"},"primaryImageOfPage":{"@id":"https:\/\/cronicahd.ro\/?p=8342#primaryimage"},"image":{"@id":"https:\/\/cronicahd.ro\/?p=8342#primaryimage"},"thumbnailUrl":"https:\/\/cronicahd.ro\/wp-content\/uploads\/2026\/04\/IMG_6784.jpeg","datePublished":"2026-04-25T14:33:39+00:00","author":{"@id":"https:\/\/cronicahd.ro\/#\/schema\/person\/d1a1277a8cd166610328e17aaf58bf46"},"breadcrumb":{"@id":"https:\/\/cronicahd.ro\/?p=8342#breadcrumb"},"inLanguage":"ro-RO","potentialAction":[{"@type":"ReadAction","target":["https:\/\/cronicahd.ro\/?p=8342"]}]},{"@type":"ImageObject","inLanguage":"ro-RO","@id":"https:\/\/cronicahd.ro\/?p=8342#primaryimage","url":"https:\/\/cronicahd.ro\/wp-content\/uploads\/2026\/04\/IMG_6784.jpeg","contentUrl":"https:\/\/cronicahd.ro\/wp-content\/uploads\/2026\/04\/IMG_6784.jpeg","width":925,"height":522},{"@type":"BreadcrumbList","@id":"https:\/\/cronicahd.ro\/?p=8342#breadcrumb","itemListElement":[{"@type":"ListItem","position":1,"name":"Prima pagin\u0103","item":"https:\/\/cronicahd.ro\/"},{"@type":"ListItem","position":2,"name":"V\u00e2nt puternic \u00een jude\u021bul Hunedoara: avertiz\u0103ri Cod galben \u0219i Cod portocaliu emise de meteorologi"}]},{"@type":"WebSite","@id":"https:\/\/cronicahd.ro\/#website","url":"https:\/\/cronicahd.ro\/","name":"","description":"","potentialAction":[{"@type":"SearchAction","target":{"@type":"EntryPoint","urlTemplate":"https:\/\/cronicahd.ro\/?s={search_term_string}"},"query-input":{"@type":"PropertyValueSpecification","valueRequired":true,"valueName":"search_term_string"}}],"inLanguage":"ro-RO"},{"@type":"Person","@id":"https:\/\/cronicahd.ro\/#\/schema\/person\/d1a1277a8cd166610328e17aaf58bf46","name":"admin","image":{"@type":"ImageObject","inLanguage":"ro-RO","@id":"https:\/\/cronicahd.ro\/#\/schema\/person\/image\/","url":"https:\/\/secure.gravatar.com\/avatar\/24700337280d10898c2e0d19d44a05316bff9fccc941ecc5570ffe41668203f7?s=96&d=mm&r=g","contentUrl":"https:\/\/secure.gravatar.com\/avatar\/24700337280d10898c2e0d19d44a05316bff9fccc941ecc5570ffe41668203f7?s=96&d=mm&r=g","caption":"admin"},"sameAs":["https:\/\/cronicavj.ro"],"url":"https:\/\/cronicahd.ro\/?author=1"}]}},"_links":{"self":[{"href":"https:\/\/cronicahd.ro\/index.php?rest_route=\/wp\/v2\/posts\/8342","targetHints":{"allow":["GET"]}}],"collection":[{"href":"https:\/\/cronicahd.ro\/index.php?rest_route=\/wp\/v2\/posts"}],"about":[{"href":"https:\/\/cronicahd.ro\/index.php?rest_route=\/wp\/v2\/types\/post"}],"author":[{"embeddable":true,"href":"https:\/\/cronicahd.ro\/index.php?rest_route=\/wp\/v2\/users\/1"}],"replies":[{"embeddable":true,"href":"https:\/\/cronicahd.ro\/index.php?rest_route=%2Fwp%2Fv2%2Fcomments&post=8342"}],"version-history":[{"count":1,"href":"https:\/\/cronicahd.ro\/index.php?rest_route=\/wp\/v2\/posts\/8342\/revisions"}],"predecessor-version":[{"id":8344,"href":"https:\/\/cronicahd.ro\/index.php?rest_route=\/wp\/v2\/posts\/8342\/revisions\/8344"}],"wp:featuredmedia":[{"embeddable":true,"href":"https:\/\/cronicahd.ro\/index.php?rest_route=\/wp\/v2\/media\/8343"}],"wp:attachment":[{"href":"https:\/\/cronicahd.ro\/index.php?rest_route=%2Fwp%2Fv2%2Fmedia&parent=8342"}],"wp:term":[{"taxonomy":"category","embeddable":true,"href":"https:\/\/cronicahd.ro\/index.php?rest_route=%2Fwp%2Fv2%2Fcategories&post=8342"},{"taxonomy":"post_tag","embeddable":true,"href":"https:\/\/cronicahd.ro\/index.php?rest_route=%2Fwp%2Fv2%2Ftags&post=8342"}],"curies":[{"name":"wp","href":"https:\/\/api.w.org\/{rel}","templated":true}]}}