{"id":8339,"date":"2026-04-25T11:04:52","date_gmt":"2026-04-25T11:04:52","guid":{"rendered":"https:\/\/cronicahd.ro\/?p=8339"},"modified":"2026-04-25T12:20:53","modified_gmt":"2026-04-25T12:20:53","slug":"cfr-calatori-suplimenteaza-trenurile-spre-litoral-de-minivacanta-de-1-mai","status":"publish","type":"post","link":"https:\/\/cronicahd.ro\/?p=8339","title":{"rendered":"CFR C\u0103l\u0103tori suplimenteaz\u0103 trenurile spre litoral, de minivacan\u021ba de 1 Mai"},"content":{"rendered":"<p>&nbsp;<\/p>\n<p>Cu ocazia minivacan\u021bei de 1 Mai, c\u00e2nd litoralul rom\u00e2nesc devine una dintre cele mai c\u0103utate destina\u021bii turistice, CFR C\u0103l\u0103tori anun\u021b\u0103 suplimentarea capacit\u0103\u021bii de transport c\u0103tre Marea Neagr\u0103.<\/p>\n<p>\u00cen perioada 30 aprilie\/1 mai \u2013 3\/4 mai 2026, compania va introduce trenuri directe suplimentare spre Constan\u021ba \u0219i sta\u021biunile de pe litoral, inclusiv Mangalia, cu plec\u0103ri din Gara Bucure\u0219ti Nord \u0219i Suceava.<\/p>\n<p>Totodat\u0103, c\u0103l\u0103torii din \u00eentreaga \u021bar\u0103 vor avea la dispozi\u021bie conexiuni rapide prin Bucure\u0219ti, unde trenurile pe ruta Bucure\u0219ti Nord \u2013 Constan\u021ba vor circula la intervale frecvente, de aproximativ 1-2 ore.<\/p>\n<p>Un element important pentru aceast\u0103 perioad\u0103 \u00eel reprezint\u0103 redeschiderea temporar\u0103 a liniei Constan\u021ba \u2013 Mangalia de c\u0103tre CFR SA. Astfel, \u00eentre 30 aprilie \u0219i 4 mai 2026, trenurile Regio vor circula din nou pe aceast\u0103 rut\u0103, fiind operate cu vagoane \u0219i locomotive, \u00een locul transportului auto utilizat anterior pe durata lucr\u0103rilor.<\/p>\n<p>Reprezentan\u021bii companiei atrag aten\u021bia c\u0103 trenurile nu vor opri \u00een sta\u021bia Costine\u0219ti Tab\u0103r\u0103, \u00eentruc\u00e2t peroanele nu sunt finalizate \u0219i nu permit \u00eembarcarea sau debarcarea \u00een siguran\u021b\u0103. Pasagerii care au deja bilete c\u0103tre aceast\u0103 sta\u021bie sunt sf\u0103tui\u021bi s\u0103 utilizeze sta\u021bia Costine\u0219ti.<\/p>\n<p>Pentru a evita aglomera\u021bia \u0219i pentru a beneficia de reduceri, CFR C\u0103l\u0103tori recomand\u0103 achizi\u021bionarea din timp a biletelor. Legitima\u021biile de c\u0103l\u0103torie pot fi cump\u0103rate:<\/p>\n<ul>\n<li>online, de pe site-ul oficial<\/li>\n<li>prin aplica\u021bia mobil\u0103 \u201eCFR C\u0103l\u0103tori bilete online\u201d<\/li>\n<li>de la automatele din g\u0103ri<\/li>\n<li>de la casele de bilete \u0219i agen\u021biile CFR<\/li>\n<\/ul>\n<p>C\u0103l\u0103torii pot beneficia de reduceri de p\u00e2n\u0103 la 10% pentru biletele cump\u0103rate \u00een avans sau pentru op\u021biunea dus-\u00eentors. De asemenea, se aplic\u0103 facilit\u0103\u021bile prev\u0103zute de legisla\u021bia \u00een vigoare pentru elevi, pensionari \u0219i alte categorii.<\/p>\n<p>Pentru informa\u021bii actualizate despre circula\u021bia trenurilor, pasagerii pot apela num\u0103rul 021 9521 (INFO CFR), pot consulta aplica\u021bia \u201eTrenul Meu\u201d sau site-urile oficiale ale companiei.<\/p>\n<p>CFR C\u0103l\u0103tori reaminte\u0219te importan\u021ba de\u021binerii unui bilet valabil \u00eenainte de urcarea \u00een tren, pentru a evita taxe suplimentare sau sanc\u021biuni.<\/p>\n<p>Prin aceste m\u0103suri, operatorul feroviar urm\u0103re\u0219te s\u0103 r\u0103spund\u0103 cererii crescute de transport din perioada minivacan\u021bei \u0219i s\u0103 asigure condi\u021bii c\u00e2t mai bune pentru turi\u0219tii care aleg litoralul rom\u00e2nesc ca destina\u021bie de relaxare.<\/p>\n","protected":false},"excerpt":{"rendered":"<p>&nbsp; Cu ocazia minivacan\u021bei de 1 Mai, c\u00e2nd litoralul rom\u00e2nesc devine una dintre cele mai&#8230;<\/p>\n","protected":false},"author":1,"featured_media":8340,"comment_status":"closed","ping_status":"closed","sticky":false,"template":"","format":"standard","meta":{"footnotes":""},"categories":[1,14],"tags":[],"class_list":["post-8339","post","type-post","status-publish","format-standard","has-post-thumbnail","hentry","category-actual","category-social"],"yoast_head":"<!-- This site is optimized with the Yoast SEO plugin v25.3.1 - https:\/\/yoast.com\/wordpress\/plugins\/seo\/ -->\n<title>CFR C\u0103l\u0103tori suplimenteaz\u0103 trenurile spre litoral, de minivacan\u021ba de 1 Mai -<\/title>\n<meta name=\"robots\" content=\"index, follow, max-snippet:-1, max-image-preview:large, max-video-preview:-1\" \/>\n<link rel=\"canonical\" href=\"https:\/\/cronicahd.ro\/?p=8339\" \/>\n<meta property=\"og:locale\" content=\"ro_RO\" \/>\n<meta property=\"og:type\" content=\"article\" \/>\n<meta property=\"og:title\" content=\"CFR C\u0103l\u0103tori suplimenteaz\u0103 trenurile spre litoral, de minivacan\u021ba de 1 Mai -\" \/>\n<meta property=\"og:description\" content=\"&nbsp; Cu ocazia minivacan\u021bei de 1 Mai, c\u00e2nd litoralul rom\u00e2nesc devine una dintre cele mai...\" \/>\n<meta property=\"og:url\" content=\"https:\/\/cronicahd.ro\/?p=8339\" \/>\n<meta property=\"article:published_time\" content=\"2026-04-25T11:04:52+00:00\" \/>\n<meta property=\"article:modified_time\" content=\"2026-04-25T12:20:53+00:00\" \/>\n<meta property=\"og:image\" content=\"https:\/\/cronicahd.ro\/wp-content\/uploads\/2026\/04\/IMG_6773.jpeg\" \/>\n\t<meta property=\"og:image:width\" content=\"898\" \/>\n\t<meta property=\"og:image:height\" content=\"900\" \/>\n\t<meta property=\"og:image:type\" content=\"image\/jpeg\" \/>\n<meta name=\"author\" content=\"admin\" \/>\n<meta name=\"twitter:card\" content=\"summary_large_image\" \/>\n<meta name=\"twitter:label1\" content=\"Scris de\" \/>\n\t<meta name=\"twitter:data1\" content=\"admin\" \/>\n\t<meta name=\"twitter:label2\" content=\"Timp estimat pentru citire\" \/>\n\t<meta name=\"twitter:data2\" content=\"3 minute\" \/>\n<script type=\"application\/ld+json\" class=\"yoast-schema-graph\">{\"@context\":\"https:\/\/schema.org\",\"@graph\":[{\"@type\":\"WebPage\",\"@id\":\"https:\/\/cronicahd.ro\/?p=8339\",\"url\":\"https:\/\/cronicahd.ro\/?p=8339\",\"name\":\"CFR C\u0103l\u0103tori suplimenteaz\u0103 trenurile spre litoral, de minivacan\u021ba de 1 Mai -\",\"isPartOf\":{\"@id\":\"https:\/\/cronicahd.ro\/#website\"},\"primaryImageOfPage\":{\"@id\":\"https:\/\/cronicahd.ro\/?p=8339#primaryimage\"},\"image\":{\"@id\":\"https:\/\/cronicahd.ro\/?p=8339#primaryimage\"},\"thumbnailUrl\":\"https:\/\/cronicahd.ro\/wp-content\/uploads\/2026\/04\/IMG_6773.jpeg\",\"datePublished\":\"2026-04-25T11:04:52+00:00\",\"dateModified\":\"2026-04-25T12:20:53+00:00\",\"author\":{\"@id\":\"https:\/\/cronicahd.ro\/#\/schema\/person\/d1a1277a8cd166610328e17aaf58bf46\"},\"breadcrumb\":{\"@id\":\"https:\/\/cronicahd.ro\/?p=8339#breadcrumb\"},\"inLanguage\":\"ro-RO\",\"potentialAction\":[{\"@type\":\"ReadAction\",\"target\":[\"https:\/\/cronicahd.ro\/?p=8339\"]}]},{\"@type\":\"ImageObject\",\"inLanguage\":\"ro-RO\",\"@id\":\"https:\/\/cronicahd.ro\/?p=8339#primaryimage\",\"url\":\"https:\/\/cronicahd.ro\/wp-content\/uploads\/2026\/04\/IMG_6773.jpeg\",\"contentUrl\":\"https:\/\/cronicahd.ro\/wp-content\/uploads\/2026\/04\/IMG_6773.jpeg\",\"width\":898,\"height\":900},{\"@type\":\"BreadcrumbList\",\"@id\":\"https:\/\/cronicahd.ro\/?p=8339#breadcrumb\",\"itemListElement\":[{\"@type\":\"ListItem\",\"position\":1,\"name\":\"Prima pagin\u0103\",\"item\":\"https:\/\/cronicahd.ro\/\"},{\"@type\":\"ListItem\",\"position\":2,\"name\":\"CFR C\u0103l\u0103tori suplimenteaz\u0103 trenurile spre litoral, de minivacan\u021ba de 1 Mai\"}]},{\"@type\":\"WebSite\",\"@id\":\"https:\/\/cronicahd.ro\/#website\",\"url\":\"https:\/\/cronicahd.ro\/\",\"name\":\"\",\"description\":\"\",\"potentialAction\":[{\"@type\":\"SearchAction\",\"target\":{\"@type\":\"EntryPoint\",\"urlTemplate\":\"https:\/\/cronicahd.ro\/?s={search_term_string}\"},\"query-input\":{\"@type\":\"PropertyValueSpecification\",\"valueRequired\":true,\"valueName\":\"search_term_string\"}}],\"inLanguage\":\"ro-RO\"},{\"@type\":\"Person\",\"@id\":\"https:\/\/cronicahd.ro\/#\/schema\/person\/d1a1277a8cd166610328e17aaf58bf46\",\"name\":\"admin\",\"image\":{\"@type\":\"ImageObject\",\"inLanguage\":\"ro-RO\",\"@id\":\"https:\/\/cronicahd.ro\/#\/schema\/person\/image\/\",\"url\":\"https:\/\/secure.gravatar.com\/avatar\/24700337280d10898c2e0d19d44a05316bff9fccc941ecc5570ffe41668203f7?s=96&d=mm&r=g\",\"contentUrl\":\"https:\/\/secure.gravatar.com\/avatar\/24700337280d10898c2e0d19d44a05316bff9fccc941ecc5570ffe41668203f7?s=96&d=mm&r=g\",\"caption\":\"admin\"},\"sameAs\":[\"https:\/\/cronicavj.ro\"],\"url\":\"https:\/\/cronicahd.ro\/?author=1\"}]}<\/script>\n<!-- \/ Yoast SEO plugin. -->","yoast_head_json":{"title":"CFR C\u0103l\u0103tori suplimenteaz\u0103 trenurile spre litoral, de minivacan\u021ba de 1 Mai -","robots":{"index":"index","follow":"follow","max-snippet":"max-snippet:-1","max-image-preview":"max-image-preview:large","max-video-preview":"max-video-preview:-1"},"canonical":"https:\/\/cronicahd.ro\/?p=8339","og_locale":"ro_RO","og_type":"article","og_title":"CFR C\u0103l\u0103tori suplimenteaz\u0103 trenurile spre litoral, de minivacan\u021ba de 1 Mai -","og_description":"&nbsp; Cu ocazia minivacan\u021bei de 1 Mai, c\u00e2nd litoralul rom\u00e2nesc devine una dintre cele mai...","og_url":"https:\/\/cronicahd.ro\/?p=8339","article_published_time":"2026-04-25T11:04:52+00:00","article_modified_time":"2026-04-25T12:20:53+00:00","og_image":[{"width":898,"height":900,"url":"https:\/\/cronicahd.ro\/wp-content\/uploads\/2026\/04\/IMG_6773.jpeg","type":"image\/jpeg"}],"author":"admin","twitter_card":"summary_large_image","twitter_misc":{"Scris de":"admin","Timp estimat pentru citire":"3 minute"},"schema":{"@context":"https:\/\/schema.org","@graph":[{"@type":"WebPage","@id":"https:\/\/cronicahd.ro\/?p=8339","url":"https:\/\/cronicahd.ro\/?p=8339","name":"CFR C\u0103l\u0103tori suplimenteaz\u0103 trenurile spre litoral, de minivacan\u021ba de 1 Mai -","isPartOf":{"@id":"https:\/\/cronicahd.ro\/#website"},"primaryImageOfPage":{"@id":"https:\/\/cronicahd.ro\/?p=8339#primaryimage"},"image":{"@id":"https:\/\/cronicahd.ro\/?p=8339#primaryimage"},"thumbnailUrl":"https:\/\/cronicahd.ro\/wp-content\/uploads\/2026\/04\/IMG_6773.jpeg","datePublished":"2026-04-25T11:04:52+00:00","dateModified":"2026-04-25T12:20:53+00:00","author":{"@id":"https:\/\/cronicahd.ro\/#\/schema\/person\/d1a1277a8cd166610328e17aaf58bf46"},"breadcrumb":{"@id":"https:\/\/cronicahd.ro\/?p=8339#breadcrumb"},"inLanguage":"ro-RO","potentialAction":[{"@type":"ReadAction","target":["https:\/\/cronicahd.ro\/?p=8339"]}]},{"@type":"ImageObject","inLanguage":"ro-RO","@id":"https:\/\/cronicahd.ro\/?p=8339#primaryimage","url":"https:\/\/cronicahd.ro\/wp-content\/uploads\/2026\/04\/IMG_6773.jpeg","contentUrl":"https:\/\/cronicahd.ro\/wp-content\/uploads\/2026\/04\/IMG_6773.jpeg","width":898,"height":900},{"@type":"BreadcrumbList","@id":"https:\/\/cronicahd.ro\/?p=8339#breadcrumb","itemListElement":[{"@type":"ListItem","position":1,"name":"Prima pagin\u0103","item":"https:\/\/cronicahd.ro\/"},{"@type":"ListItem","position":2,"name":"CFR C\u0103l\u0103tori suplimenteaz\u0103 trenurile spre litoral, de minivacan\u021ba de 1 Mai"}]},{"@type":"WebSite","@id":"https:\/\/cronicahd.ro\/#website","url":"https:\/\/cronicahd.ro\/","name":"","description":"","potentialAction":[{"@type":"SearchAction","target":{"@type":"EntryPoint","urlTemplate":"https:\/\/cronicahd.ro\/?s={search_term_string}"},"query-input":{"@type":"PropertyValueSpecification","valueRequired":true,"valueName":"search_term_string"}}],"inLanguage":"ro-RO"},{"@type":"Person","@id":"https:\/\/cronicahd.ro\/#\/schema\/person\/d1a1277a8cd166610328e17aaf58bf46","name":"admin","image":{"@type":"ImageObject","inLanguage":"ro-RO","@id":"https:\/\/cronicahd.ro\/#\/schema\/person\/image\/","url":"https:\/\/secure.gravatar.com\/avatar\/24700337280d10898c2e0d19d44a05316bff9fccc941ecc5570ffe41668203f7?s=96&d=mm&r=g","contentUrl":"https:\/\/secure.gravatar.com\/avatar\/24700337280d10898c2e0d19d44a05316bff9fccc941ecc5570ffe41668203f7?s=96&d=mm&r=g","caption":"admin"},"sameAs":["https:\/\/cronicavj.ro"],"url":"https:\/\/cronicahd.ro\/?author=1"}]}},"_links":{"self":[{"href":"https:\/\/cronicahd.ro\/index.php?rest_route=\/wp\/v2\/posts\/8339","targetHints":{"allow":["GET"]}}],"collection":[{"href":"https:\/\/cronicahd.ro\/index.php?rest_route=\/wp\/v2\/posts"}],"about":[{"href":"https:\/\/cronicahd.ro\/index.php?rest_route=\/wp\/v2\/types\/post"}],"author":[{"embeddable":true,"href":"https:\/\/cronicahd.ro\/index.php?rest_route=\/wp\/v2\/users\/1"}],"replies":[{"embeddable":true,"href":"https:\/\/cronicahd.ro\/index.php?rest_route=%2Fwp%2Fv2%2Fcomments&post=8339"}],"version-history":[{"count":1,"href":"https:\/\/cronicahd.ro\/index.php?rest_route=\/wp\/v2\/posts\/8339\/revisions"}],"predecessor-version":[{"id":8341,"href":"https:\/\/cronicahd.ro\/index.php?rest_route=\/wp\/v2\/posts\/8339\/revisions\/8341"}],"wp:featuredmedia":[{"embeddable":true,"href":"https:\/\/cronicahd.ro\/index.php?rest_route=\/wp\/v2\/media\/8340"}],"wp:attachment":[{"href":"https:\/\/cronicahd.ro\/index.php?rest_route=%2Fwp%2Fv2%2Fmedia&parent=8339"}],"wp:term":[{"taxonomy":"category","embeddable":true,"href":"https:\/\/cronicahd.ro\/index.php?rest_route=%2Fwp%2Fv2%2Fcategories&post=8339"},{"taxonomy":"post_tag","embeddable":true,"href":"https:\/\/cronicahd.ro\/index.php?rest_route=%2Fwp%2Fv2%2Ftags&post=8339"}],"curies":[{"name":"wp","href":"https:\/\/api.w.org\/{rel}","templated":true}]}}