{"id":8332,"date":"2026-04-24T16:54:18","date_gmt":"2026-04-24T16:54:18","guid":{"rendered":"https:\/\/cronicahd.ro\/?p=8332"},"modified":"2026-04-24T16:55:07","modified_gmt":"2026-04-24T16:55:07","slug":"primarul-din-vulcan-cristian-merisanu-critica-guvernarea-am-votat-pentru-demiterea-premierului-bolojan","status":"publish","type":"post","link":"https:\/\/cronicahd.ro\/?p=8332","title":{"rendered":"Primarul din Vulcan, Cristian Meri\u0219anu, critic\u0103 guvernarea : \u201c Am votat pentru demiterea premierului Bolojan\u201d"},"content":{"rendered":"<p>&nbsp;<\/p>\n<p>Primarul municipiului Vulcan, Cristian Meri\u0219anu, a transmis un mesaj public pe Facebook \u00een contextul tensiunilor politice actuale, dup\u0103 votul privind demiterea premierului Ilie Bolojan. Edilul sus\u021bine c\u0103 decizia sa a fost una asumat\u0103 \u0219i motivat\u0103 de realit\u0103\u021bile din teren, pe care administra\u021biile locale le resimt direct.<\/p>\n<p>\u201eAm votat pentru demiterea premierului Bolojan. \u0218i am f\u0103cut-o cu convingere\u201d, a declarat Meri\u0219anu, subliniind c\u0103 primarii sunt cei care intr\u0103 \u00een contact direct cu nemul\u021bumirile cet\u0103\u021benilor.<\/p>\n<p>&nbsp;<\/p>\n<p>Acesta a eviden\u021biat o stare general\u0103 de nemul\u021bumire \u00een r\u00e2ndul popula\u021biei, afirm\u00e2nd c\u0103 oamenii nu mai sunt interesa\u021bi de explica\u021bii sau promisiuni, ci de solu\u021bii concrete la problemele cotidiene, \u00een special \u00een contextul cre\u0219terii pre\u021burilor \u0219i al sc\u0103derii nivelului de trai.<\/p>\n<p>\u00cen acela\u0219i timp, primarul a abordat \u0219i tema responsabilit\u0103\u021bii guvern\u0103rii, \u00een contextul criticilor frecvente la adresa Partidul Social Democrat. Acesta a pus sub semnul \u00eentreb\u0103rii percep\u021bia conform c\u0103reia PSD ar fi de\u021binut controlul total asupra guvern\u0103rii \u00een ultimii ani.<\/p>\n<p><img loading=\"lazy\" decoding=\"async\" class=\"alignnone size-full wp-image-8333\" src=\"https:\/\/cronicahd.ro\/wp-content\/uploads\/2026\/04\/IMG_6768.jpeg\" alt=\"\" width=\"1080\" height=\"1094\" srcset=\"https:\/\/cronicahd.ro\/wp-content\/uploads\/2026\/04\/IMG_6768.jpeg 1080w, https:\/\/cronicahd.ro\/wp-content\/uploads\/2026\/04\/IMG_6768-296x300.jpeg 296w, https:\/\/cronicahd.ro\/wp-content\/uploads\/2026\/04\/IMG_6768-1011x1024.jpeg 1011w, https:\/\/cronicahd.ro\/wp-content\/uploads\/2026\/04\/IMG_6768-768x778.jpeg 768w, https:\/\/cronicahd.ro\/wp-content\/uploads\/2026\/04\/IMG_6768-1024x1037.jpeg 1024w\" sizes=\"auto, (max-width: 1080px) 100vw, 1080px\" \/><\/p>\n<p>\u201e\u00cen ultimii \u0219apte ani, a existat un singur premier PSD din cinci \u0219i un singur ministru al Finan\u021belor din partea PSD din \u0219apte. Atunci cine a condus, de fapt, Rom\u00e2nia?\u201d, a transmis edilul.<\/p>\n<p>Declara\u021biile vin \u00eentr-un moment \u00een care scena politic\u0103 este marcat\u0103 de repozi\u021bion\u0103ri \u0219i discu\u021bii privind viitorul coali\u021biilor de guvernare. Cristian Meri\u0219anu sugereaz\u0103 c\u0103 simpla participare la guvernare nu este suficient\u0103, \u00een lipsa unor rezultate vizibile pentru cet\u0103\u021beni.<\/p>\n<p>\u201eNu putem sta la mas\u0103 doar ca s\u0103 bif\u0103m c\u0103 suntem la guvernare. Ori lupt\u0103m pentru oameni cu solu\u021bii reale, ori avem curajul s\u0103 spunem stop \u0219i s\u0103 trecem \u00een opozi\u021bie\u201d, a mai precizat acesta.<\/p>\n<p>\u00cen final, primarul din Vulcan a transmis c\u0103 alegerea sa este de a sus\u021bine interesele cet\u0103\u021benilor, nu pozi\u021biile politice: \u201eEu aleg s\u0103 fiu de partea oamenilor. Nu a func\u021biilor,\u201d a conchis primarul Cristian Meri\u0219anu.<\/p>\n<p>&nbsp;<\/p>\n","protected":false},"excerpt":{"rendered":"<p>&nbsp; Primarul municipiului Vulcan, Cristian Meri\u0219anu, a transmis un mesaj public pe Facebook \u00een contextul&#8230;<\/p>\n","protected":false},"author":1,"featured_media":8335,"comment_status":"closed","ping_status":"closed","sticky":false,"template":"","format":"standard","meta":{"footnotes":""},"categories":[1,16],"tags":[],"class_list":["post-8332","post","type-post","status-publish","format-standard","has-post-thumbnail","hentry","category-actual","category-politic"],"yoast_head":"<!-- This site is optimized with the Yoast SEO plugin v25.3.1 - https:\/\/yoast.com\/wordpress\/plugins\/seo\/ -->\n<title>Primarul din Vulcan, Cristian Meri\u0219anu, critic\u0103 guvernarea : \u201c Am votat pentru demiterea premierului Bolojan\u201d -<\/title>\n<meta name=\"robots\" content=\"index, follow, max-snippet:-1, max-image-preview:large, max-video-preview:-1\" \/>\n<link rel=\"canonical\" href=\"https:\/\/cronicahd.ro\/?p=8332\" \/>\n<meta property=\"og:locale\" content=\"ro_RO\" \/>\n<meta property=\"og:type\" content=\"article\" \/>\n<meta property=\"og:title\" content=\"Primarul din Vulcan, Cristian Meri\u0219anu, critic\u0103 guvernarea : \u201c Am votat pentru demiterea premierului Bolojan\u201d -\" \/>\n<meta property=\"og:description\" content=\"&nbsp; Primarul municipiului Vulcan, Cristian Meri\u0219anu, a transmis un mesaj public pe Facebook \u00een contextul...\" \/>\n<meta property=\"og:url\" content=\"https:\/\/cronicahd.ro\/?p=8332\" \/>\n<meta property=\"article:published_time\" content=\"2026-04-24T16:54:18+00:00\" \/>\n<meta property=\"article:modified_time\" content=\"2026-04-24T16:55:07+00:00\" \/>\n<meta property=\"og:image\" content=\"https:\/\/cronicahd.ro\/wp-content\/uploads\/2026\/04\/IMG_6767.jpeg\" \/>\n\t<meta property=\"og:image:width\" content=\"935\" \/>\n\t<meta property=\"og:image:height\" content=\"724\" \/>\n\t<meta property=\"og:image:type\" content=\"image\/jpeg\" \/>\n<meta name=\"author\" content=\"admin\" \/>\n<meta name=\"twitter:card\" content=\"summary_large_image\" \/>\n<meta name=\"twitter:label1\" content=\"Scris de\" \/>\n\t<meta name=\"twitter:data1\" content=\"admin\" \/>\n\t<meta name=\"twitter:label2\" content=\"Timp estimat pentru citire\" \/>\n\t<meta name=\"twitter:data2\" content=\"2 minute\" \/>\n<script type=\"application\/ld+json\" class=\"yoast-schema-graph\">{\"@context\":\"https:\/\/schema.org\",\"@graph\":[{\"@type\":\"WebPage\",\"@id\":\"https:\/\/cronicahd.ro\/?p=8332\",\"url\":\"https:\/\/cronicahd.ro\/?p=8332\",\"name\":\"Primarul din Vulcan, Cristian Meri\u0219anu, critic\u0103 guvernarea : \u201c Am votat pentru demiterea premierului Bolojan\u201d -\",\"isPartOf\":{\"@id\":\"https:\/\/cronicahd.ro\/#website\"},\"primaryImageOfPage\":{\"@id\":\"https:\/\/cronicahd.ro\/?p=8332#primaryimage\"},\"image\":{\"@id\":\"https:\/\/cronicahd.ro\/?p=8332#primaryimage\"},\"thumbnailUrl\":\"https:\/\/cronicahd.ro\/wp-content\/uploads\/2026\/04\/IMG_6767.jpeg\",\"datePublished\":\"2026-04-24T16:54:18+00:00\",\"dateModified\":\"2026-04-24T16:55:07+00:00\",\"author\":{\"@id\":\"https:\/\/cronicahd.ro\/#\/schema\/person\/d1a1277a8cd166610328e17aaf58bf46\"},\"breadcrumb\":{\"@id\":\"https:\/\/cronicahd.ro\/?p=8332#breadcrumb\"},\"inLanguage\":\"ro-RO\",\"potentialAction\":[{\"@type\":\"ReadAction\",\"target\":[\"https:\/\/cronicahd.ro\/?p=8332\"]}]},{\"@type\":\"ImageObject\",\"inLanguage\":\"ro-RO\",\"@id\":\"https:\/\/cronicahd.ro\/?p=8332#primaryimage\",\"url\":\"https:\/\/cronicahd.ro\/wp-content\/uploads\/2026\/04\/IMG_6767.jpeg\",\"contentUrl\":\"https:\/\/cronicahd.ro\/wp-content\/uploads\/2026\/04\/IMG_6767.jpeg\",\"width\":935,\"height\":724},{\"@type\":\"BreadcrumbList\",\"@id\":\"https:\/\/cronicahd.ro\/?p=8332#breadcrumb\",\"itemListElement\":[{\"@type\":\"ListItem\",\"position\":1,\"name\":\"Prima pagin\u0103\",\"item\":\"https:\/\/cronicahd.ro\/\"},{\"@type\":\"ListItem\",\"position\":2,\"name\":\"Primarul din Vulcan, Cristian Meri\u0219anu, critic\u0103 guvernarea : \u201c Am votat pentru demiterea premierului Bolojan\u201d\"}]},{\"@type\":\"WebSite\",\"@id\":\"https:\/\/cronicahd.ro\/#website\",\"url\":\"https:\/\/cronicahd.ro\/\",\"name\":\"\",\"description\":\"\",\"potentialAction\":[{\"@type\":\"SearchAction\",\"target\":{\"@type\":\"EntryPoint\",\"urlTemplate\":\"https:\/\/cronicahd.ro\/?s={search_term_string}\"},\"query-input\":{\"@type\":\"PropertyValueSpecification\",\"valueRequired\":true,\"valueName\":\"search_term_string\"}}],\"inLanguage\":\"ro-RO\"},{\"@type\":\"Person\",\"@id\":\"https:\/\/cronicahd.ro\/#\/schema\/person\/d1a1277a8cd166610328e17aaf58bf46\",\"name\":\"admin\",\"image\":{\"@type\":\"ImageObject\",\"inLanguage\":\"ro-RO\",\"@id\":\"https:\/\/cronicahd.ro\/#\/schema\/person\/image\/\",\"url\":\"https:\/\/secure.gravatar.com\/avatar\/24700337280d10898c2e0d19d44a05316bff9fccc941ecc5570ffe41668203f7?s=96&d=mm&r=g\",\"contentUrl\":\"https:\/\/secure.gravatar.com\/avatar\/24700337280d10898c2e0d19d44a05316bff9fccc941ecc5570ffe41668203f7?s=96&d=mm&r=g\",\"caption\":\"admin\"},\"sameAs\":[\"https:\/\/cronicavj.ro\"],\"url\":\"https:\/\/cronicahd.ro\/?author=1\"}]}<\/script>\n<!-- \/ Yoast SEO plugin. -->","yoast_head_json":{"title":"Primarul din Vulcan, Cristian Meri\u0219anu, critic\u0103 guvernarea : \u201c Am votat pentru demiterea premierului Bolojan\u201d -","robots":{"index":"index","follow":"follow","max-snippet":"max-snippet:-1","max-image-preview":"max-image-preview:large","max-video-preview":"max-video-preview:-1"},"canonical":"https:\/\/cronicahd.ro\/?p=8332","og_locale":"ro_RO","og_type":"article","og_title":"Primarul din Vulcan, Cristian Meri\u0219anu, critic\u0103 guvernarea : \u201c Am votat pentru demiterea premierului Bolojan\u201d -","og_description":"&nbsp; Primarul municipiului Vulcan, Cristian Meri\u0219anu, a transmis un mesaj public pe Facebook \u00een contextul...","og_url":"https:\/\/cronicahd.ro\/?p=8332","article_published_time":"2026-04-24T16:54:18+00:00","article_modified_time":"2026-04-24T16:55:07+00:00","og_image":[{"width":935,"height":724,"url":"https:\/\/cronicahd.ro\/wp-content\/uploads\/2026\/04\/IMG_6767.jpeg","type":"image\/jpeg"}],"author":"admin","twitter_card":"summary_large_image","twitter_misc":{"Scris de":"admin","Timp estimat pentru citire":"2 minute"},"schema":{"@context":"https:\/\/schema.org","@graph":[{"@type":"WebPage","@id":"https:\/\/cronicahd.ro\/?p=8332","url":"https:\/\/cronicahd.ro\/?p=8332","name":"Primarul din Vulcan, Cristian Meri\u0219anu, critic\u0103 guvernarea : \u201c Am votat pentru demiterea premierului Bolojan\u201d -","isPartOf":{"@id":"https:\/\/cronicahd.ro\/#website"},"primaryImageOfPage":{"@id":"https:\/\/cronicahd.ro\/?p=8332#primaryimage"},"image":{"@id":"https:\/\/cronicahd.ro\/?p=8332#primaryimage"},"thumbnailUrl":"https:\/\/cronicahd.ro\/wp-content\/uploads\/2026\/04\/IMG_6767.jpeg","datePublished":"2026-04-24T16:54:18+00:00","dateModified":"2026-04-24T16:55:07+00:00","author":{"@id":"https:\/\/cronicahd.ro\/#\/schema\/person\/d1a1277a8cd166610328e17aaf58bf46"},"breadcrumb":{"@id":"https:\/\/cronicahd.ro\/?p=8332#breadcrumb"},"inLanguage":"ro-RO","potentialAction":[{"@type":"ReadAction","target":["https:\/\/cronicahd.ro\/?p=8332"]}]},{"@type":"ImageObject","inLanguage":"ro-RO","@id":"https:\/\/cronicahd.ro\/?p=8332#primaryimage","url":"https:\/\/cronicahd.ro\/wp-content\/uploads\/2026\/04\/IMG_6767.jpeg","contentUrl":"https:\/\/cronicahd.ro\/wp-content\/uploads\/2026\/04\/IMG_6767.jpeg","width":935,"height":724},{"@type":"BreadcrumbList","@id":"https:\/\/cronicahd.ro\/?p=8332#breadcrumb","itemListElement":[{"@type":"ListItem","position":1,"name":"Prima pagin\u0103","item":"https:\/\/cronicahd.ro\/"},{"@type":"ListItem","position":2,"name":"Primarul din Vulcan, Cristian Meri\u0219anu, critic\u0103 guvernarea : \u201c Am votat pentru demiterea premierului Bolojan\u201d"}]},{"@type":"WebSite","@id":"https:\/\/cronicahd.ro\/#website","url":"https:\/\/cronicahd.ro\/","name":"","description":"","potentialAction":[{"@type":"SearchAction","target":{"@type":"EntryPoint","urlTemplate":"https:\/\/cronicahd.ro\/?s={search_term_string}"},"query-input":{"@type":"PropertyValueSpecification","valueRequired":true,"valueName":"search_term_string"}}],"inLanguage":"ro-RO"},{"@type":"Person","@id":"https:\/\/cronicahd.ro\/#\/schema\/person\/d1a1277a8cd166610328e17aaf58bf46","name":"admin","image":{"@type":"ImageObject","inLanguage":"ro-RO","@id":"https:\/\/cronicahd.ro\/#\/schema\/person\/image\/","url":"https:\/\/secure.gravatar.com\/avatar\/24700337280d10898c2e0d19d44a05316bff9fccc941ecc5570ffe41668203f7?s=96&d=mm&r=g","contentUrl":"https:\/\/secure.gravatar.com\/avatar\/24700337280d10898c2e0d19d44a05316bff9fccc941ecc5570ffe41668203f7?s=96&d=mm&r=g","caption":"admin"},"sameAs":["https:\/\/cronicavj.ro"],"url":"https:\/\/cronicahd.ro\/?author=1"}]}},"_links":{"self":[{"href":"https:\/\/cronicahd.ro\/index.php?rest_route=\/wp\/v2\/posts\/8332","targetHints":{"allow":["GET"]}}],"collection":[{"href":"https:\/\/cronicahd.ro\/index.php?rest_route=\/wp\/v2\/posts"}],"about":[{"href":"https:\/\/cronicahd.ro\/index.php?rest_route=\/wp\/v2\/types\/post"}],"author":[{"embeddable":true,"href":"https:\/\/cronicahd.ro\/index.php?rest_route=\/wp\/v2\/users\/1"}],"replies":[{"embeddable":true,"href":"https:\/\/cronicahd.ro\/index.php?rest_route=%2Fwp%2Fv2%2Fcomments&post=8332"}],"version-history":[{"count":2,"href":"https:\/\/cronicahd.ro\/index.php?rest_route=\/wp\/v2\/posts\/8332\/revisions"}],"predecessor-version":[{"id":8337,"href":"https:\/\/cronicahd.ro\/index.php?rest_route=\/wp\/v2\/posts\/8332\/revisions\/8337"}],"wp:featuredmedia":[{"embeddable":true,"href":"https:\/\/cronicahd.ro\/index.php?rest_route=\/wp\/v2\/media\/8335"}],"wp:attachment":[{"href":"https:\/\/cronicahd.ro\/index.php?rest_route=%2Fwp%2Fv2%2Fmedia&parent=8332"}],"wp:term":[{"taxonomy":"category","embeddable":true,"href":"https:\/\/cronicahd.ro\/index.php?rest_route=%2Fwp%2Fv2%2Fcategories&post=8332"},{"taxonomy":"post_tag","embeddable":true,"href":"https:\/\/cronicahd.ro\/index.php?rest_route=%2Fwp%2Fv2%2Ftags&post=8332"}],"curies":[{"name":"wp","href":"https:\/\/api.w.org\/{rel}","templated":true}]}}