{"id":8319,"date":"2026-04-24T06:53:59","date_gmt":"2026-04-24T06:53:59","guid":{"rendered":"https:\/\/cronicahd.ro\/?p=8319"},"modified":"2026-04-24T06:53:59","modified_gmt":"2026-04-24T06:53:59","slug":"targul-de-oferte-educationale-si-orientare-in-cariera-revine-in-judetul-hunedoara-peste-2-000-de-elevi-asteptati-la-editia-a-xvi-a","status":"publish","type":"post","link":"https:\/\/cronicahd.ro\/?p=8319","title":{"rendered":"T\u00e2rgul de Oferte Educa\u021bionale \u0219i Orientare \u00een Carier\u0103 revine \u00een jude\u021bul Hunedoara: peste 2.000 de elevi a\u0219tepta\u021bi la edi\u021bia a XVI-a"},"content":{"rendered":"<p>Inspectoratul \u0218colar Jude\u021bean Hunedoara, \u00een parteneriat cu Centrul Jude\u021bean de Resurse \u0219i Asisten\u021b\u0103 Educa\u021bional\u0103 Hunedoara, organizeaz\u0103 \u00een perioada 27\u201329 aprilie 2026 cea de-a XVI-a edi\u021bie a T\u00e2rgului de Oferte Educa\u021bionale \u0219i Orientare \u00een Carier\u0103, un eveniment devenit deja tradi\u021bie pentru elevii din jude\u021b.<\/p>\n<p>Peste 2.000 de elevi din clasele a XI-a \u0219i a XII-a sunt a\u0219tepta\u021bi s\u0103 participe la aceast\u0103 ampl\u0103 manifestare, care le ofer\u0103 oportunitatea de a interac\u021biona direct cu reprezentan\u021bi ai institu\u021biilor de \u00eenv\u0103\u021b\u0103m\u00e2nt superior \u0219i ai \u0219colilor postliceale din \u00eentreaga \u021bar\u0103.<\/p>\n<p>Evenimentul se va desf\u0103\u0219ura \u00een trei loca\u021bii reprezentative din jude\u021b:<\/p>\n<ul>\n<li>27 aprilie, la Biblioteca Universit\u0103\u021bii din Petro\u0219ani, \u00eentre orele 10:00\u201314:00;<\/li>\n<li>28 aprilie, la Casa de Cultur\u0103 \u2013 Centrul Cultural \u201eCorviniana\u201d din Hunedoara, \u00eentre orele 10:00\u201314:00;<\/li>\n<li>29 aprilie, la Centrul Cultural \u201eDr\u0103gan Muntean\u201d din Deva, \u00eentre orele 10:00\u201314:00.<\/li>\n<\/ul>\n<p>Participan\u021bii vor avea acces la o ofert\u0103 educa\u021bional\u0103 diversificat\u0103, fiind prezen\u021bi peste 36 de reprezentan\u021bi ai unor universit\u0103\u021bi de prestigiu, printre care Universitatea de Vest din Timi\u0219oara, Universitatea \u201eBabe\u0219-Bolyai\u201d din Cluj-Napoca, Universitatea Politehnic\u0103 Timi\u0219oara, Universitatea din Bucure\u0219ti sau Academia de Studii Economice, dar \u0219i institu\u021bii de formare profesional\u0103, \u0219coli militare \u0219i postliceale.<\/p>\n<p>De asemenea, liceele tehnologice din jude\u021b vor prezenta oferta pentru \u00eenv\u0103\u021b\u0103m\u00e2ntul postliceal \u0219i \u0219colile de mai\u0219tri, adaptat\u0103 cerin\u021belor actuale ale pie\u021bei muncii.<\/p>\n<p>T\u00e2rgul \u00ee\u0219i propune s\u0103 sprijine elevii \u00een alegerea unui traseu educa\u021bional \u0219i profesional potrivit, oferindu-le acces direct la informa\u021bii relevante \u0219i consiliere de specialitate. Interac\u021biunea cu reprezentan\u021bii institu\u021biilor participante contribuie la luarea unor decizii informate privind viitorul academic \u0219i profesional.<\/p>\n<p>\u201ePrin acest eveniment, ne dorim s\u0103 venim \u00een sprijinul elevilor hunedoreni \u00eentr-un moment esen\u021bial al parcursului lor, facilit\u00e2nd accesul la informa\u021bii \u0219i oportunit\u0103\u021bi educa\u021bionale diverse\u201d, au transmis organizatorii.<\/p>\n<p>Inspectoratul \u0218colar Jude\u021bean Hunedoara \u0219i Centrul Jude\u021bean de Resurse \u0219i Asisten\u021b\u0103 Educa\u021bional\u0103 Hunedoara mul\u021bumesc tuturor institu\u021biilor participante \u0219i partenerilor implica\u021bi pentru contribu\u021bia la succesul acestui demers dedicat educa\u021biei \u0219i viitorului tinerilor.<\/p>\n<p>foto ilustrativ\u0103<\/p>\n","protected":false},"excerpt":{"rendered":"<p>Inspectoratul \u0218colar Jude\u021bean Hunedoara, \u00een parteneriat cu Centrul Jude\u021bean de Resurse \u0219i Asisten\u021b\u0103 Educa\u021bional\u0103 Hunedoara,&#8230;<\/p>\n","protected":false},"author":1,"featured_media":8320,"comment_status":"closed","ping_status":"closed","sticky":false,"template":"","format":"standard","meta":{"footnotes":""},"categories":[1,12],"tags":[],"class_list":["post-8319","post","type-post","status-publish","format-standard","has-post-thumbnail","hentry","category-actual","category-invatamant"],"yoast_head":"<!-- This site is optimized with the Yoast SEO plugin v25.3.1 - https:\/\/yoast.com\/wordpress\/plugins\/seo\/ -->\n<title>T\u00e2rgul de Oferte Educa\u021bionale \u0219i Orientare \u00een Carier\u0103 revine \u00een jude\u021bul Hunedoara: peste 2.000 de elevi a\u0219tepta\u021bi la edi\u021bia a XVI-a -<\/title>\n<meta name=\"robots\" content=\"index, follow, max-snippet:-1, max-image-preview:large, max-video-preview:-1\" \/>\n<link rel=\"canonical\" href=\"https:\/\/cronicahd.ro\/?p=8319\" \/>\n<meta property=\"og:locale\" content=\"ro_RO\" \/>\n<meta property=\"og:type\" content=\"article\" \/>\n<meta property=\"og:title\" content=\"T\u00e2rgul de Oferte Educa\u021bionale \u0219i Orientare \u00een Carier\u0103 revine \u00een jude\u021bul Hunedoara: peste 2.000 de elevi a\u0219tepta\u021bi la edi\u021bia a XVI-a -\" \/>\n<meta property=\"og:description\" content=\"Inspectoratul \u0218colar Jude\u021bean Hunedoara, \u00een parteneriat cu Centrul Jude\u021bean de Resurse \u0219i Asisten\u021b\u0103 Educa\u021bional\u0103 Hunedoara,...\" \/>\n<meta property=\"og:url\" content=\"https:\/\/cronicahd.ro\/?p=8319\" \/>\n<meta property=\"article:published_time\" content=\"2026-04-24T06:53:59+00:00\" \/>\n<meta property=\"og:image\" content=\"https:\/\/cronicahd.ro\/wp-content\/uploads\/2026\/04\/IMG_6763.jpeg\" \/>\n\t<meta property=\"og:image:width\" content=\"745\" \/>\n\t<meta property=\"og:image:height\" content=\"503\" \/>\n\t<meta property=\"og:image:type\" content=\"image\/jpeg\" \/>\n<meta name=\"author\" content=\"admin\" \/>\n<meta name=\"twitter:card\" content=\"summary_large_image\" \/>\n<meta name=\"twitter:label1\" content=\"Scris de\" \/>\n\t<meta name=\"twitter:data1\" content=\"admin\" \/>\n\t<meta name=\"twitter:label2\" content=\"Timp estimat pentru citire\" \/>\n\t<meta name=\"twitter:data2\" content=\"2 minute\" \/>\n<script type=\"application\/ld+json\" class=\"yoast-schema-graph\">{\"@context\":\"https:\/\/schema.org\",\"@graph\":[{\"@type\":\"WebPage\",\"@id\":\"https:\/\/cronicahd.ro\/?p=8319\",\"url\":\"https:\/\/cronicahd.ro\/?p=8319\",\"name\":\"T\u00e2rgul de Oferte Educa\u021bionale \u0219i Orientare \u00een Carier\u0103 revine \u00een jude\u021bul Hunedoara: peste 2.000 de elevi a\u0219tepta\u021bi la edi\u021bia a XVI-a -\",\"isPartOf\":{\"@id\":\"https:\/\/cronicahd.ro\/#website\"},\"primaryImageOfPage\":{\"@id\":\"https:\/\/cronicahd.ro\/?p=8319#primaryimage\"},\"image\":{\"@id\":\"https:\/\/cronicahd.ro\/?p=8319#primaryimage\"},\"thumbnailUrl\":\"https:\/\/cronicahd.ro\/wp-content\/uploads\/2026\/04\/IMG_6763.jpeg\",\"datePublished\":\"2026-04-24T06:53:59+00:00\",\"author\":{\"@id\":\"https:\/\/cronicahd.ro\/#\/schema\/person\/d1a1277a8cd166610328e17aaf58bf46\"},\"breadcrumb\":{\"@id\":\"https:\/\/cronicahd.ro\/?p=8319#breadcrumb\"},\"inLanguage\":\"ro-RO\",\"potentialAction\":[{\"@type\":\"ReadAction\",\"target\":[\"https:\/\/cronicahd.ro\/?p=8319\"]}]},{\"@type\":\"ImageObject\",\"inLanguage\":\"ro-RO\",\"@id\":\"https:\/\/cronicahd.ro\/?p=8319#primaryimage\",\"url\":\"https:\/\/cronicahd.ro\/wp-content\/uploads\/2026\/04\/IMG_6763.jpeg\",\"contentUrl\":\"https:\/\/cronicahd.ro\/wp-content\/uploads\/2026\/04\/IMG_6763.jpeg\",\"width\":745,\"height\":503},{\"@type\":\"BreadcrumbList\",\"@id\":\"https:\/\/cronicahd.ro\/?p=8319#breadcrumb\",\"itemListElement\":[{\"@type\":\"ListItem\",\"position\":1,\"name\":\"Prima pagin\u0103\",\"item\":\"https:\/\/cronicahd.ro\/\"},{\"@type\":\"ListItem\",\"position\":2,\"name\":\"T\u00e2rgul de Oferte Educa\u021bionale \u0219i Orientare \u00een Carier\u0103 revine \u00een jude\u021bul Hunedoara: peste 2.000 de elevi a\u0219tepta\u021bi la edi\u021bia a XVI-a\"}]},{\"@type\":\"WebSite\",\"@id\":\"https:\/\/cronicahd.ro\/#website\",\"url\":\"https:\/\/cronicahd.ro\/\",\"name\":\"\",\"description\":\"\",\"potentialAction\":[{\"@type\":\"SearchAction\",\"target\":{\"@type\":\"EntryPoint\",\"urlTemplate\":\"https:\/\/cronicahd.ro\/?s={search_term_string}\"},\"query-input\":{\"@type\":\"PropertyValueSpecification\",\"valueRequired\":true,\"valueName\":\"search_term_string\"}}],\"inLanguage\":\"ro-RO\"},{\"@type\":\"Person\",\"@id\":\"https:\/\/cronicahd.ro\/#\/schema\/person\/d1a1277a8cd166610328e17aaf58bf46\",\"name\":\"admin\",\"image\":{\"@type\":\"ImageObject\",\"inLanguage\":\"ro-RO\",\"@id\":\"https:\/\/cronicahd.ro\/#\/schema\/person\/image\/\",\"url\":\"https:\/\/secure.gravatar.com\/avatar\/24700337280d10898c2e0d19d44a05316bff9fccc941ecc5570ffe41668203f7?s=96&d=mm&r=g\",\"contentUrl\":\"https:\/\/secure.gravatar.com\/avatar\/24700337280d10898c2e0d19d44a05316bff9fccc941ecc5570ffe41668203f7?s=96&d=mm&r=g\",\"caption\":\"admin\"},\"sameAs\":[\"https:\/\/cronicavj.ro\"],\"url\":\"https:\/\/cronicahd.ro\/?author=1\"}]}<\/script>\n<!-- \/ Yoast SEO plugin. -->","yoast_head_json":{"title":"T\u00e2rgul de Oferte Educa\u021bionale \u0219i Orientare \u00een Carier\u0103 revine \u00een jude\u021bul Hunedoara: peste 2.000 de elevi a\u0219tepta\u021bi la edi\u021bia a XVI-a -","robots":{"index":"index","follow":"follow","max-snippet":"max-snippet:-1","max-image-preview":"max-image-preview:large","max-video-preview":"max-video-preview:-1"},"canonical":"https:\/\/cronicahd.ro\/?p=8319","og_locale":"ro_RO","og_type":"article","og_title":"T\u00e2rgul de Oferte Educa\u021bionale \u0219i Orientare \u00een Carier\u0103 revine \u00een jude\u021bul Hunedoara: peste 2.000 de elevi a\u0219tepta\u021bi la edi\u021bia a XVI-a -","og_description":"Inspectoratul \u0218colar Jude\u021bean Hunedoara, \u00een parteneriat cu Centrul Jude\u021bean de Resurse \u0219i Asisten\u021b\u0103 Educa\u021bional\u0103 Hunedoara,...","og_url":"https:\/\/cronicahd.ro\/?p=8319","article_published_time":"2026-04-24T06:53:59+00:00","og_image":[{"width":745,"height":503,"url":"https:\/\/cronicahd.ro\/wp-content\/uploads\/2026\/04\/IMG_6763.jpeg","type":"image\/jpeg"}],"author":"admin","twitter_card":"summary_large_image","twitter_misc":{"Scris de":"admin","Timp estimat pentru citire":"2 minute"},"schema":{"@context":"https:\/\/schema.org","@graph":[{"@type":"WebPage","@id":"https:\/\/cronicahd.ro\/?p=8319","url":"https:\/\/cronicahd.ro\/?p=8319","name":"T\u00e2rgul de Oferte Educa\u021bionale \u0219i Orientare \u00een Carier\u0103 revine \u00een jude\u021bul Hunedoara: peste 2.000 de elevi a\u0219tepta\u021bi la edi\u021bia a XVI-a -","isPartOf":{"@id":"https:\/\/cronicahd.ro\/#website"},"primaryImageOfPage":{"@id":"https:\/\/cronicahd.ro\/?p=8319#primaryimage"},"image":{"@id":"https:\/\/cronicahd.ro\/?p=8319#primaryimage"},"thumbnailUrl":"https:\/\/cronicahd.ro\/wp-content\/uploads\/2026\/04\/IMG_6763.jpeg","datePublished":"2026-04-24T06:53:59+00:00","author":{"@id":"https:\/\/cronicahd.ro\/#\/schema\/person\/d1a1277a8cd166610328e17aaf58bf46"},"breadcrumb":{"@id":"https:\/\/cronicahd.ro\/?p=8319#breadcrumb"},"inLanguage":"ro-RO","potentialAction":[{"@type":"ReadAction","target":["https:\/\/cronicahd.ro\/?p=8319"]}]},{"@type":"ImageObject","inLanguage":"ro-RO","@id":"https:\/\/cronicahd.ro\/?p=8319#primaryimage","url":"https:\/\/cronicahd.ro\/wp-content\/uploads\/2026\/04\/IMG_6763.jpeg","contentUrl":"https:\/\/cronicahd.ro\/wp-content\/uploads\/2026\/04\/IMG_6763.jpeg","width":745,"height":503},{"@type":"BreadcrumbList","@id":"https:\/\/cronicahd.ro\/?p=8319#breadcrumb","itemListElement":[{"@type":"ListItem","position":1,"name":"Prima pagin\u0103","item":"https:\/\/cronicahd.ro\/"},{"@type":"ListItem","position":2,"name":"T\u00e2rgul de Oferte Educa\u021bionale \u0219i Orientare \u00een Carier\u0103 revine \u00een jude\u021bul Hunedoara: peste 2.000 de elevi a\u0219tepta\u021bi la edi\u021bia a XVI-a"}]},{"@type":"WebSite","@id":"https:\/\/cronicahd.ro\/#website","url":"https:\/\/cronicahd.ro\/","name":"","description":"","potentialAction":[{"@type":"SearchAction","target":{"@type":"EntryPoint","urlTemplate":"https:\/\/cronicahd.ro\/?s={search_term_string}"},"query-input":{"@type":"PropertyValueSpecification","valueRequired":true,"valueName":"search_term_string"}}],"inLanguage":"ro-RO"},{"@type":"Person","@id":"https:\/\/cronicahd.ro\/#\/schema\/person\/d1a1277a8cd166610328e17aaf58bf46","name":"admin","image":{"@type":"ImageObject","inLanguage":"ro-RO","@id":"https:\/\/cronicahd.ro\/#\/schema\/person\/image\/","url":"https:\/\/secure.gravatar.com\/avatar\/24700337280d10898c2e0d19d44a05316bff9fccc941ecc5570ffe41668203f7?s=96&d=mm&r=g","contentUrl":"https:\/\/secure.gravatar.com\/avatar\/24700337280d10898c2e0d19d44a05316bff9fccc941ecc5570ffe41668203f7?s=96&d=mm&r=g","caption":"admin"},"sameAs":["https:\/\/cronicavj.ro"],"url":"https:\/\/cronicahd.ro\/?author=1"}]}},"_links":{"self":[{"href":"https:\/\/cronicahd.ro\/index.php?rest_route=\/wp\/v2\/posts\/8319","targetHints":{"allow":["GET"]}}],"collection":[{"href":"https:\/\/cronicahd.ro\/index.php?rest_route=\/wp\/v2\/posts"}],"about":[{"href":"https:\/\/cronicahd.ro\/index.php?rest_route=\/wp\/v2\/types\/post"}],"author":[{"embeddable":true,"href":"https:\/\/cronicahd.ro\/index.php?rest_route=\/wp\/v2\/users\/1"}],"replies":[{"embeddable":true,"href":"https:\/\/cronicahd.ro\/index.php?rest_route=%2Fwp%2Fv2%2Fcomments&post=8319"}],"version-history":[{"count":1,"href":"https:\/\/cronicahd.ro\/index.php?rest_route=\/wp\/v2\/posts\/8319\/revisions"}],"predecessor-version":[{"id":8321,"href":"https:\/\/cronicahd.ro\/index.php?rest_route=\/wp\/v2\/posts\/8319\/revisions\/8321"}],"wp:featuredmedia":[{"embeddable":true,"href":"https:\/\/cronicahd.ro\/index.php?rest_route=\/wp\/v2\/media\/8320"}],"wp:attachment":[{"href":"https:\/\/cronicahd.ro\/index.php?rest_route=%2Fwp%2Fv2%2Fmedia&parent=8319"}],"wp:term":[{"taxonomy":"category","embeddable":true,"href":"https:\/\/cronicahd.ro\/index.php?rest_route=%2Fwp%2Fv2%2Fcategories&post=8319"},{"taxonomy":"post_tag","embeddable":true,"href":"https:\/\/cronicahd.ro\/index.php?rest_route=%2Fwp%2Fv2%2Ftags&post=8319"}],"curies":[{"name":"wp","href":"https:\/\/api.w.org\/{rel}","templated":true}]}}