{"id":8313,"date":"2026-04-24T05:40:16","date_gmt":"2026-04-24T05:40:16","guid":{"rendered":"https:\/\/cronicahd.ro\/?p=8313"},"modified":"2026-04-24T05:40:16","modified_gmt":"2026-04-24T05:40:16","slug":"memento-mori-expozitie-ce-poate-fi-vizitata-la-universitate","status":"publish","type":"post","link":"https:\/\/cronicahd.ro\/?p=8313","title":{"rendered":"Memento Mori &#8211; expozi\u021bie ce poate fi vizitat\u0103 la Universitate"},"content":{"rendered":"<p>Ar putea fi simpli pa\u0219i pe z\u0103pad\u0103, dar, acum, la finalul iernii, artistul Paul \u0218erban ne-a dezv\u0103luit adev\u0103rate opere de art\u0103 &#8211; c\u00e2teva dintre lucr\u0103rile pe care le-a realizat folosindu-\u0219i pa\u0219ii prin z\u0103pada proasp\u0103t c\u0103zut\u0103 \u00een iarn\u0103. Expozi\u021bia a fost vernisat\u0103 joi sear\u0103, pe holurile Universit\u0103\u021bii din Petro\u0219ani, atunci c\u00e2nd artistul ne-a spus c\u0103 a \u00eencercat s\u0103 ne arate c\u0103 via\u021ba, la fel ca z\u0103pada, sunt at\u00e2t de trec\u0103toare \u0219i c\u0103 motto-ul \u201eMemento mori\u201d\u00a0 trebuie s\u0103 ne aminteasc\u0103 mereu c\u0103 suntem muritori.<\/p>\n<p><img loading=\"lazy\" decoding=\"async\" class=\"alignnone size-full wp-image-8315\" src=\"https:\/\/cronicahd.ro\/wp-content\/uploads\/2026\/04\/s1.jpg\" alt=\"\" width=\"1536\" height=\"2048\" srcset=\"https:\/\/cronicahd.ro\/wp-content\/uploads\/2026\/04\/s1.jpg 1536w, https:\/\/cronicahd.ro\/wp-content\/uploads\/2026\/04\/s1-225x300.jpg 225w, https:\/\/cronicahd.ro\/wp-content\/uploads\/2026\/04\/s1-768x1024.jpg 768w, https:\/\/cronicahd.ro\/wp-content\/uploads\/2026\/04\/s1-1152x1536.jpg 1152w, https:\/\/cronicahd.ro\/wp-content\/uploads\/2026\/04\/s1-1024x1365.jpg 1024w\" sizes=\"auto, (max-width: 1536px) 100vw, 1536px\" \/><\/p>\n<p>\u201eSunt momente unice care \u00ee\u0219i las\u0103 amprenta \u0219i vor, prin noi, mai departe, prin felul nostru de a fi, prin modul cum ne definim ca indivizi, comunitate, societate. Mi-aduc aminte, c\u00e2nd eram copil, un b\u0103tr\u00e2n m-a salutat. Am r\u0103mas pu\u021bin a\u0219a, pe g\u00e2nduri \u0219i, dup\u0103 ceva timp, am ajuns s\u0103 \u00een\u021beleg faptul c\u0103 respectul, pe l\u00e2ng\u0103 alte valori morale, nu sunt inerent bazate pe o structur\u0103 ierarhic\u0103 \u0219i c\u0103 acestea trebuie cultivate. A\u0219a c\u0103 am \u00eenceput \u0219i eu s\u0103 ofer respect, am crescut, am salutat pe toat\u0103 lumea \u0219i am cules ceea ce am sem\u0103nat. (&#8230;) Memento Mori este un concept din antichitate care ne readuce\u00a0 aminte c\u0103 via\u021ba este efemer\u0103 \u0219i asta nu ar trebui s\u0103 ne demoralizeze, ci dimpotriv\u0103, ar trebui s\u0103 ne angreneze mai mut \u00een prezent\u201d, ne-a spus artistul Paul \u0218erban, \u00een deschiderea primei sale expozi\u021bii, la Petro\u0219ani.<\/p>\n<p><img loading=\"lazy\" decoding=\"async\" class=\"alignnone size-full wp-image-8316\" src=\"https:\/\/cronicahd.ro\/wp-content\/uploads\/2026\/04\/s2.jpg\" alt=\"\" width=\"2048\" height=\"1536\" srcset=\"https:\/\/cronicahd.ro\/wp-content\/uploads\/2026\/04\/s2.jpg 2048w, https:\/\/cronicahd.ro\/wp-content\/uploads\/2026\/04\/s2-300x225.jpg 300w, https:\/\/cronicahd.ro\/wp-content\/uploads\/2026\/04\/s2-1024x768.jpg 1024w, https:\/\/cronicahd.ro\/wp-content\/uploads\/2026\/04\/s2-768x576.jpg 768w, https:\/\/cronicahd.ro\/wp-content\/uploads\/2026\/04\/s2-1536x1152.jpg 1536w\" sizes=\"auto, (max-width: 2048px) 100vw, 2048px\" \/><\/p>\n<p>Paul a uimit lumea \u00eentreag\u0103 cu lucr\u0103rile lui realizate din p\u0103m\u00e2nt, pe z\u0103pad\u0103, din crengi sau chiar gunoaie str\u00e2nse de prin apele p\u00e2raielor. Vine din Aninoasa, este absolvent de arte \u0219i \u00eencet-\u00eencet a cucerit lumea artistic\u0103 din Rom\u00e2nia cu lucr\u0103rile lui.\u00a0 A creat,\u00a0 \u0219i la prima lui expozi\u021bie, lucr\u0103ri pe care le-a grupat sub diverse titluri: corpus humanum, cranium, crux, papilio, spira temporis ori cervus carpatino, fiind doar c\u00e2teva dintre acestea. Le-a expus pe holul Universit\u0103\u021bii din Petro\u0219ani acolo unde pot fi v\u0103zute p\u00e2n\u0103 pe 27 mai.<\/p>\n<p><img loading=\"lazy\" decoding=\"async\" class=\"alignnone size-full wp-image-8317\" src=\"https:\/\/cronicahd.ro\/wp-content\/uploads\/2026\/04\/s3.jpg\" alt=\"\" width=\"2048\" height=\"1536\" srcset=\"https:\/\/cronicahd.ro\/wp-content\/uploads\/2026\/04\/s3.jpg 2048w, https:\/\/cronicahd.ro\/wp-content\/uploads\/2026\/04\/s3-300x225.jpg 300w, https:\/\/cronicahd.ro\/wp-content\/uploads\/2026\/04\/s3-1024x768.jpg 1024w, https:\/\/cronicahd.ro\/wp-content\/uploads\/2026\/04\/s3-768x576.jpg 768w, https:\/\/cronicahd.ro\/wp-content\/uploads\/2026\/04\/s3-1536x1152.jpg 1536w\" sizes=\"auto, (max-width: 2048px) 100vw, 2048px\" \/><\/p>\n<p>\u201eSuntem o m\u0103rturie peste timp c\u0103 aceast\u0103 vale rena\u0219te\u00a0 \u0219i c\u0103 este valoroas\u0103. Avem diamante care sunt recunoscute la nivel interna\u021bional. \u00cen numele Universit\u0103\u021bii din Petro\u0219ani v\u0103 spun c\u0103\u00a0 suntem bucuro\u0219i c\u0103 facem parte din acest moment artistic istoric din istoria V\u0103ii Jiului. (&#8230;) \u00a0Vorbim azi despre un diamant, un om extraordinar, care, prin bun\u0103voin\u021ba Universului, printr-o sincronicitate sau o coinciden\u021b\u0103 fericit\u0103, c\u0103ci Dumnezeu a f\u0103cut posibil\u0103 \u00eent\u00e2lnirea noastr\u0103, v\u0103 spun c\u0103, dup\u0103 ce i-am vizionat crea\u021biile, crede\u021bi-m\u0103 c\u0103 m-am plecat \u00een fa\u021ba valorii acestora\u201d,\u00a0 a spus prof.univ.dr.habil. Felicia Andrioni, \u00een deschiderea vernisajului.<\/p>\n<p>Paul \u0218erban este t\u00e2n\u0103rul care a creat mereu \u00een lini\u0219te, apoi a explodat \u00een toat\u0103 lumea, discret, dar cu o for\u021b\u0103 pe care nu o reg\u0103sim dec\u00e2t la marii arti\u0219ti.<\/p>\n<p>&nbsp;<\/p>\n<p>Diana Mitrache<\/p>\n<p>&nbsp;<\/p>\n","protected":false},"excerpt":{"rendered":"<p>Ar putea fi simpli pa\u0219i pe z\u0103pad\u0103, dar, acum, la finalul iernii, artistul Paul \u0218erban&#8230;<\/p>\n","protected":false},"author":1,"featured_media":8314,"comment_status":"closed","ping_status":"closed","sticky":false,"template":"","format":"standard","meta":{"footnotes":""},"categories":[1,17],"tags":[],"class_list":["post-8313","post","type-post","status-publish","format-standard","has-post-thumbnail","hentry","category-actual","category-cultura"],"yoast_head":"<!-- This site is optimized with the Yoast SEO plugin v25.3.1 - https:\/\/yoast.com\/wordpress\/plugins\/seo\/ -->\n<title>Memento Mori - expozi\u021bie ce poate fi vizitat\u0103 la Universitate -<\/title>\n<meta name=\"robots\" content=\"index, follow, max-snippet:-1, max-image-preview:large, max-video-preview:-1\" \/>\n<link rel=\"canonical\" href=\"https:\/\/cronicahd.ro\/?p=8313\" \/>\n<meta property=\"og:locale\" content=\"ro_RO\" \/>\n<meta property=\"og:type\" content=\"article\" \/>\n<meta property=\"og:title\" content=\"Memento Mori - expozi\u021bie ce poate fi vizitat\u0103 la Universitate -\" \/>\n<meta property=\"og:description\" content=\"Ar putea fi simpli pa\u0219i pe z\u0103pad\u0103, dar, acum, la finalul iernii, artistul Paul \u0218erban...\" \/>\n<meta property=\"og:url\" content=\"https:\/\/cronicahd.ro\/?p=8313\" \/>\n<meta property=\"article:published_time\" content=\"2026-04-24T05:40:16+00:00\" \/>\n<meta property=\"og:image\" content=\"https:\/\/cronicahd.ro\/wp-content\/uploads\/2026\/04\/s.jpg\" \/>\n\t<meta property=\"og:image:width\" content=\"2048\" \/>\n\t<meta property=\"og:image:height\" content=\"1536\" \/>\n\t<meta property=\"og:image:type\" content=\"image\/jpeg\" \/>\n<meta name=\"author\" content=\"admin\" \/>\n<meta name=\"twitter:card\" content=\"summary_large_image\" \/>\n<meta name=\"twitter:label1\" content=\"Scris de\" \/>\n\t<meta name=\"twitter:data1\" content=\"admin\" \/>\n\t<meta name=\"twitter:label2\" content=\"Timp estimat pentru citire\" \/>\n\t<meta name=\"twitter:data2\" content=\"3 minute\" \/>\n<script type=\"application\/ld+json\" class=\"yoast-schema-graph\">{\"@context\":\"https:\/\/schema.org\",\"@graph\":[{\"@type\":\"WebPage\",\"@id\":\"https:\/\/cronicahd.ro\/?p=8313\",\"url\":\"https:\/\/cronicahd.ro\/?p=8313\",\"name\":\"Memento Mori - expozi\u021bie ce poate fi vizitat\u0103 la Universitate -\",\"isPartOf\":{\"@id\":\"https:\/\/cronicahd.ro\/#website\"},\"primaryImageOfPage\":{\"@id\":\"https:\/\/cronicahd.ro\/?p=8313#primaryimage\"},\"image\":{\"@id\":\"https:\/\/cronicahd.ro\/?p=8313#primaryimage\"},\"thumbnailUrl\":\"https:\/\/cronicahd.ro\/wp-content\/uploads\/2026\/04\/s.jpg\",\"datePublished\":\"2026-04-24T05:40:16+00:00\",\"author\":{\"@id\":\"https:\/\/cronicahd.ro\/#\/schema\/person\/d1a1277a8cd166610328e17aaf58bf46\"},\"breadcrumb\":{\"@id\":\"https:\/\/cronicahd.ro\/?p=8313#breadcrumb\"},\"inLanguage\":\"ro-RO\",\"potentialAction\":[{\"@type\":\"ReadAction\",\"target\":[\"https:\/\/cronicahd.ro\/?p=8313\"]}]},{\"@type\":\"ImageObject\",\"inLanguage\":\"ro-RO\",\"@id\":\"https:\/\/cronicahd.ro\/?p=8313#primaryimage\",\"url\":\"https:\/\/cronicahd.ro\/wp-content\/uploads\/2026\/04\/s.jpg\",\"contentUrl\":\"https:\/\/cronicahd.ro\/wp-content\/uploads\/2026\/04\/s.jpg\",\"width\":2048,\"height\":1536},{\"@type\":\"BreadcrumbList\",\"@id\":\"https:\/\/cronicahd.ro\/?p=8313#breadcrumb\",\"itemListElement\":[{\"@type\":\"ListItem\",\"position\":1,\"name\":\"Prima pagin\u0103\",\"item\":\"https:\/\/cronicahd.ro\/\"},{\"@type\":\"ListItem\",\"position\":2,\"name\":\"Memento Mori &#8211; expozi\u021bie ce poate fi vizitat\u0103 la Universitate\"}]},{\"@type\":\"WebSite\",\"@id\":\"https:\/\/cronicahd.ro\/#website\",\"url\":\"https:\/\/cronicahd.ro\/\",\"name\":\"\",\"description\":\"\",\"potentialAction\":[{\"@type\":\"SearchAction\",\"target\":{\"@type\":\"EntryPoint\",\"urlTemplate\":\"https:\/\/cronicahd.ro\/?s={search_term_string}\"},\"query-input\":{\"@type\":\"PropertyValueSpecification\",\"valueRequired\":true,\"valueName\":\"search_term_string\"}}],\"inLanguage\":\"ro-RO\"},{\"@type\":\"Person\",\"@id\":\"https:\/\/cronicahd.ro\/#\/schema\/person\/d1a1277a8cd166610328e17aaf58bf46\",\"name\":\"admin\",\"image\":{\"@type\":\"ImageObject\",\"inLanguage\":\"ro-RO\",\"@id\":\"https:\/\/cronicahd.ro\/#\/schema\/person\/image\/\",\"url\":\"https:\/\/secure.gravatar.com\/avatar\/24700337280d10898c2e0d19d44a05316bff9fccc941ecc5570ffe41668203f7?s=96&d=mm&r=g\",\"contentUrl\":\"https:\/\/secure.gravatar.com\/avatar\/24700337280d10898c2e0d19d44a05316bff9fccc941ecc5570ffe41668203f7?s=96&d=mm&r=g\",\"caption\":\"admin\"},\"sameAs\":[\"https:\/\/cronicavj.ro\"],\"url\":\"https:\/\/cronicahd.ro\/?author=1\"}]}<\/script>\n<!-- \/ Yoast SEO plugin. -->","yoast_head_json":{"title":"Memento Mori - expozi\u021bie ce poate fi vizitat\u0103 la Universitate -","robots":{"index":"index","follow":"follow","max-snippet":"max-snippet:-1","max-image-preview":"max-image-preview:large","max-video-preview":"max-video-preview:-1"},"canonical":"https:\/\/cronicahd.ro\/?p=8313","og_locale":"ro_RO","og_type":"article","og_title":"Memento Mori - expozi\u021bie ce poate fi vizitat\u0103 la Universitate -","og_description":"Ar putea fi simpli pa\u0219i pe z\u0103pad\u0103, dar, acum, la finalul iernii, artistul Paul \u0218erban...","og_url":"https:\/\/cronicahd.ro\/?p=8313","article_published_time":"2026-04-24T05:40:16+00:00","og_image":[{"width":2048,"height":1536,"url":"https:\/\/cronicahd.ro\/wp-content\/uploads\/2026\/04\/s.jpg","type":"image\/jpeg"}],"author":"admin","twitter_card":"summary_large_image","twitter_misc":{"Scris de":"admin","Timp estimat pentru citire":"3 minute"},"schema":{"@context":"https:\/\/schema.org","@graph":[{"@type":"WebPage","@id":"https:\/\/cronicahd.ro\/?p=8313","url":"https:\/\/cronicahd.ro\/?p=8313","name":"Memento Mori - expozi\u021bie ce poate fi vizitat\u0103 la Universitate -","isPartOf":{"@id":"https:\/\/cronicahd.ro\/#website"},"primaryImageOfPage":{"@id":"https:\/\/cronicahd.ro\/?p=8313#primaryimage"},"image":{"@id":"https:\/\/cronicahd.ro\/?p=8313#primaryimage"},"thumbnailUrl":"https:\/\/cronicahd.ro\/wp-content\/uploads\/2026\/04\/s.jpg","datePublished":"2026-04-24T05:40:16+00:00","author":{"@id":"https:\/\/cronicahd.ro\/#\/schema\/person\/d1a1277a8cd166610328e17aaf58bf46"},"breadcrumb":{"@id":"https:\/\/cronicahd.ro\/?p=8313#breadcrumb"},"inLanguage":"ro-RO","potentialAction":[{"@type":"ReadAction","target":["https:\/\/cronicahd.ro\/?p=8313"]}]},{"@type":"ImageObject","inLanguage":"ro-RO","@id":"https:\/\/cronicahd.ro\/?p=8313#primaryimage","url":"https:\/\/cronicahd.ro\/wp-content\/uploads\/2026\/04\/s.jpg","contentUrl":"https:\/\/cronicahd.ro\/wp-content\/uploads\/2026\/04\/s.jpg","width":2048,"height":1536},{"@type":"BreadcrumbList","@id":"https:\/\/cronicahd.ro\/?p=8313#breadcrumb","itemListElement":[{"@type":"ListItem","position":1,"name":"Prima pagin\u0103","item":"https:\/\/cronicahd.ro\/"},{"@type":"ListItem","position":2,"name":"Memento Mori &#8211; expozi\u021bie ce poate fi vizitat\u0103 la Universitate"}]},{"@type":"WebSite","@id":"https:\/\/cronicahd.ro\/#website","url":"https:\/\/cronicahd.ro\/","name":"","description":"","potentialAction":[{"@type":"SearchAction","target":{"@type":"EntryPoint","urlTemplate":"https:\/\/cronicahd.ro\/?s={search_term_string}"},"query-input":{"@type":"PropertyValueSpecification","valueRequired":true,"valueName":"search_term_string"}}],"inLanguage":"ro-RO"},{"@type":"Person","@id":"https:\/\/cronicahd.ro\/#\/schema\/person\/d1a1277a8cd166610328e17aaf58bf46","name":"admin","image":{"@type":"ImageObject","inLanguage":"ro-RO","@id":"https:\/\/cronicahd.ro\/#\/schema\/person\/image\/","url":"https:\/\/secure.gravatar.com\/avatar\/24700337280d10898c2e0d19d44a05316bff9fccc941ecc5570ffe41668203f7?s=96&d=mm&r=g","contentUrl":"https:\/\/secure.gravatar.com\/avatar\/24700337280d10898c2e0d19d44a05316bff9fccc941ecc5570ffe41668203f7?s=96&d=mm&r=g","caption":"admin"},"sameAs":["https:\/\/cronicavj.ro"],"url":"https:\/\/cronicahd.ro\/?author=1"}]}},"_links":{"self":[{"href":"https:\/\/cronicahd.ro\/index.php?rest_route=\/wp\/v2\/posts\/8313","targetHints":{"allow":["GET"]}}],"collection":[{"href":"https:\/\/cronicahd.ro\/index.php?rest_route=\/wp\/v2\/posts"}],"about":[{"href":"https:\/\/cronicahd.ro\/index.php?rest_route=\/wp\/v2\/types\/post"}],"author":[{"embeddable":true,"href":"https:\/\/cronicahd.ro\/index.php?rest_route=\/wp\/v2\/users\/1"}],"replies":[{"embeddable":true,"href":"https:\/\/cronicahd.ro\/index.php?rest_route=%2Fwp%2Fv2%2Fcomments&post=8313"}],"version-history":[{"count":1,"href":"https:\/\/cronicahd.ro\/index.php?rest_route=\/wp\/v2\/posts\/8313\/revisions"}],"predecessor-version":[{"id":8318,"href":"https:\/\/cronicahd.ro\/index.php?rest_route=\/wp\/v2\/posts\/8313\/revisions\/8318"}],"wp:featuredmedia":[{"embeddable":true,"href":"https:\/\/cronicahd.ro\/index.php?rest_route=\/wp\/v2\/media\/8314"}],"wp:attachment":[{"href":"https:\/\/cronicahd.ro\/index.php?rest_route=%2Fwp%2Fv2%2Fmedia&parent=8313"}],"wp:term":[{"taxonomy":"category","embeddable":true,"href":"https:\/\/cronicahd.ro\/index.php?rest_route=%2Fwp%2Fv2%2Fcategories&post=8313"},{"taxonomy":"post_tag","embeddable":true,"href":"https:\/\/cronicahd.ro\/index.php?rest_route=%2Fwp%2Fv2%2Ftags&post=8313"}],"curies":[{"name":"wp","href":"https:\/\/api.w.org\/{rel}","templated":true}]}}