{"id":8309,"date":"2026-04-24T05:18:20","date_gmt":"2026-04-24T05:18:20","guid":{"rendered":"https:\/\/cronicahd.ro\/?p=8309"},"modified":"2026-04-24T05:18:20","modified_gmt":"2026-04-24T05:18:20","slug":"spectacol-luni-la-teatrul-din-petrosani","status":"publish","type":"post","link":"https:\/\/cronicahd.ro\/?p=8309","title":{"rendered":"Spectacol, luni, la teatrul din Petro\u0219ani"},"content":{"rendered":"<p>&nbsp;<\/p>\n<p>Un mare actor al Rom\u00e2niei vine, luni, pe scena teatrului din Petro\u0219ani. Spectacolul &#8222;Cartea ierburilor &#8211; C\u0103l\u0103toria uman\u0103&#8221;, dup\u0103 S\u00e1ndor M\u00e1rai, va putea fi vizionat gratuit, luni, 27 aprilie, de la ora 18,00.<\/p>\n<p>Bogd\u00e1n Zs\u00f3lt este actor al Teatrului Maghiar de Stat din Cluj, unde a interpretat roluri memorabile \u00een spectacole celebre ca &#8222;Sf\u00e2r\u0219it de partid\u0103&#8221;, r. Tompa G\u00e1bor, &#8222;Faust&#8221; \u0219i &#8222;Woyzeck&#8221;, r. Mihai M\u0103niu\u021biu, &#8222;Unchiul Vania&#8221;, r. Andrei \u0218erban, &#8222;Iulius Cesar&#8221;, r. Silviu Purc\u0103rete, &#8222;\u00cen ad\u00e2ncuri&#8221;, r. Yuri Kordonsky etc, spun cei care organizeaz\u0103 acest eveniment.<br \/>\n\u201eA primit Ordinul Meritul Cultural al Rom\u00e2niei \u0219i Crucea de Cavaler a Ungariei, este Artist Emerit al Ungariei \u0219i a ob\u021binut trei Premii UNITER pentru actorie, Premiul &#8222;J\u00e1szai Mari&#8221; \u0219i numeroase alte distinc\u021bii\u201d, se arat\u0103 \u00een comunicatul institu\u021biei de cultur\u0103 de la Petro\u0219ani.<br \/>\nSpectacolul &#8222;Cartea ierburilor&#8221; este o produc\u021bie<br \/>\n&#8222;&lt;Cartea ierburilor&gt; nu este doar o colec\u021bie de reflec\u021bii \u00een\u021belepte \u2013 \u00een acest spectacol devine o c\u0103l\u0103torie coerent\u0103 \u0219i profund\u0103 despre autocunoa\u0219tere, rela\u021bia omului cu lumea \u0219i esen\u021ba existen\u021bei.<br \/>\nPrin selec\u021bia \u0219i montajul realizate de Elek Tibor, textele cap\u0103t\u0103 o nou\u0103 structur\u0103, contur\u00e2nd un arc dramatic ce descrie &lt;c\u0103l\u0103toria uman\u0103&gt;. G\u00e2ndurile sunt atemporale, dar surprinz\u0103tor de actuale.<br \/>\nInterpretarea lui Bogd\u00e1n Zsolt d\u0103 o for\u021b\u0103 aparte acestor texte \u2013 artistul a fost distins cu Premiul \u0150ze Lajos pentru acest spectacol. Atmosfera este completat\u0103 de muzica lui Binder K\u00e1roly, unde compozi\u021biile \u0219i improviza\u021biile \u00eembin\u0103 elemente clasice \u0219i jazz, dialog\u00e2nd cu textul \u0219i actorul&#8221;, spun creatorii spectacolului.<\/p>\n<p>Diana Mitrache<\/p>\n<p>&nbsp;<\/p>\n","protected":false},"excerpt":{"rendered":"<p>&nbsp; Un mare actor al Rom\u00e2niei vine, luni, pe scena teatrului din Petro\u0219ani. Spectacolul &#8222;Cartea&#8230;<\/p>\n","protected":false},"author":1,"featured_media":8310,"comment_status":"closed","ping_status":"closed","sticky":false,"template":"","format":"standard","meta":{"footnotes":""},"categories":[1,17],"tags":[],"class_list":["post-8309","post","type-post","status-publish","format-standard","has-post-thumbnail","hentry","category-actual","category-cultura"],"yoast_head":"<!-- This site is optimized with the Yoast SEO plugin v25.3.1 - https:\/\/yoast.com\/wordpress\/plugins\/seo\/ -->\n<title>Spectacol, luni, la teatrul din Petro\u0219ani -<\/title>\n<meta name=\"robots\" content=\"index, follow, max-snippet:-1, max-image-preview:large, max-video-preview:-1\" \/>\n<link rel=\"canonical\" href=\"https:\/\/cronicahd.ro\/?p=8309\" \/>\n<meta property=\"og:locale\" content=\"ro_RO\" \/>\n<meta property=\"og:type\" content=\"article\" \/>\n<meta property=\"og:title\" content=\"Spectacol, luni, la teatrul din Petro\u0219ani -\" \/>\n<meta property=\"og:description\" content=\"&nbsp; Un mare actor al Rom\u00e2niei vine, luni, pe scena teatrului din Petro\u0219ani. Spectacolul &#8222;Cartea...\" \/>\n<meta property=\"og:url\" content=\"https:\/\/cronicahd.ro\/?p=8309\" \/>\n<meta property=\"article:published_time\" content=\"2026-04-24T05:18:20+00:00\" \/>\n<meta property=\"og:image\" content=\"https:\/\/cronicahd.ro\/wp-content\/uploads\/2026\/04\/Fara-titlu-1.jpg\" \/>\n\t<meta property=\"og:image:width\" content=\"1588\" \/>\n\t<meta property=\"og:image:height\" content=\"1200\" \/>\n\t<meta property=\"og:image:type\" content=\"image\/jpeg\" \/>\n<meta name=\"author\" content=\"admin\" \/>\n<meta name=\"twitter:card\" content=\"summary_large_image\" \/>\n<meta name=\"twitter:label1\" content=\"Scris de\" \/>\n\t<meta name=\"twitter:data1\" content=\"admin\" \/>\n\t<meta name=\"twitter:label2\" content=\"Timp estimat pentru citire\" \/>\n\t<meta name=\"twitter:data2\" content=\"2 minute\" \/>\n<script type=\"application\/ld+json\" class=\"yoast-schema-graph\">{\"@context\":\"https:\/\/schema.org\",\"@graph\":[{\"@type\":\"WebPage\",\"@id\":\"https:\/\/cronicahd.ro\/?p=8309\",\"url\":\"https:\/\/cronicahd.ro\/?p=8309\",\"name\":\"Spectacol, luni, la teatrul din Petro\u0219ani -\",\"isPartOf\":{\"@id\":\"https:\/\/cronicahd.ro\/#website\"},\"primaryImageOfPage\":{\"@id\":\"https:\/\/cronicahd.ro\/?p=8309#primaryimage\"},\"image\":{\"@id\":\"https:\/\/cronicahd.ro\/?p=8309#primaryimage\"},\"thumbnailUrl\":\"https:\/\/cronicahd.ro\/wp-content\/uploads\/2026\/04\/Fara-titlu-1.jpg\",\"datePublished\":\"2026-04-24T05:18:20+00:00\",\"author\":{\"@id\":\"https:\/\/cronicahd.ro\/#\/schema\/person\/d1a1277a8cd166610328e17aaf58bf46\"},\"breadcrumb\":{\"@id\":\"https:\/\/cronicahd.ro\/?p=8309#breadcrumb\"},\"inLanguage\":\"ro-RO\",\"potentialAction\":[{\"@type\":\"ReadAction\",\"target\":[\"https:\/\/cronicahd.ro\/?p=8309\"]}]},{\"@type\":\"ImageObject\",\"inLanguage\":\"ro-RO\",\"@id\":\"https:\/\/cronicahd.ro\/?p=8309#primaryimage\",\"url\":\"https:\/\/cronicahd.ro\/wp-content\/uploads\/2026\/04\/Fara-titlu-1.jpg\",\"contentUrl\":\"https:\/\/cronicahd.ro\/wp-content\/uploads\/2026\/04\/Fara-titlu-1.jpg\",\"width\":1588,\"height\":1200},{\"@type\":\"BreadcrumbList\",\"@id\":\"https:\/\/cronicahd.ro\/?p=8309#breadcrumb\",\"itemListElement\":[{\"@type\":\"ListItem\",\"position\":1,\"name\":\"Prima pagin\u0103\",\"item\":\"https:\/\/cronicahd.ro\/\"},{\"@type\":\"ListItem\",\"position\":2,\"name\":\"Spectacol, luni, la teatrul din Petro\u0219ani\"}]},{\"@type\":\"WebSite\",\"@id\":\"https:\/\/cronicahd.ro\/#website\",\"url\":\"https:\/\/cronicahd.ro\/\",\"name\":\"\",\"description\":\"\",\"potentialAction\":[{\"@type\":\"SearchAction\",\"target\":{\"@type\":\"EntryPoint\",\"urlTemplate\":\"https:\/\/cronicahd.ro\/?s={search_term_string}\"},\"query-input\":{\"@type\":\"PropertyValueSpecification\",\"valueRequired\":true,\"valueName\":\"search_term_string\"}}],\"inLanguage\":\"ro-RO\"},{\"@type\":\"Person\",\"@id\":\"https:\/\/cronicahd.ro\/#\/schema\/person\/d1a1277a8cd166610328e17aaf58bf46\",\"name\":\"admin\",\"image\":{\"@type\":\"ImageObject\",\"inLanguage\":\"ro-RO\",\"@id\":\"https:\/\/cronicahd.ro\/#\/schema\/person\/image\/\",\"url\":\"https:\/\/secure.gravatar.com\/avatar\/24700337280d10898c2e0d19d44a05316bff9fccc941ecc5570ffe41668203f7?s=96&d=mm&r=g\",\"contentUrl\":\"https:\/\/secure.gravatar.com\/avatar\/24700337280d10898c2e0d19d44a05316bff9fccc941ecc5570ffe41668203f7?s=96&d=mm&r=g\",\"caption\":\"admin\"},\"sameAs\":[\"https:\/\/cronicavj.ro\"],\"url\":\"https:\/\/cronicahd.ro\/?author=1\"}]}<\/script>\n<!-- \/ Yoast SEO plugin. -->","yoast_head_json":{"title":"Spectacol, luni, la teatrul din Petro\u0219ani -","robots":{"index":"index","follow":"follow","max-snippet":"max-snippet:-1","max-image-preview":"max-image-preview:large","max-video-preview":"max-video-preview:-1"},"canonical":"https:\/\/cronicahd.ro\/?p=8309","og_locale":"ro_RO","og_type":"article","og_title":"Spectacol, luni, la teatrul din Petro\u0219ani -","og_description":"&nbsp; Un mare actor al Rom\u00e2niei vine, luni, pe scena teatrului din Petro\u0219ani. Spectacolul &#8222;Cartea...","og_url":"https:\/\/cronicahd.ro\/?p=8309","article_published_time":"2026-04-24T05:18:20+00:00","og_image":[{"width":1588,"height":1200,"url":"https:\/\/cronicahd.ro\/wp-content\/uploads\/2026\/04\/Fara-titlu-1.jpg","type":"image\/jpeg"}],"author":"admin","twitter_card":"summary_large_image","twitter_misc":{"Scris de":"admin","Timp estimat pentru citire":"2 minute"},"schema":{"@context":"https:\/\/schema.org","@graph":[{"@type":"WebPage","@id":"https:\/\/cronicahd.ro\/?p=8309","url":"https:\/\/cronicahd.ro\/?p=8309","name":"Spectacol, luni, la teatrul din Petro\u0219ani -","isPartOf":{"@id":"https:\/\/cronicahd.ro\/#website"},"primaryImageOfPage":{"@id":"https:\/\/cronicahd.ro\/?p=8309#primaryimage"},"image":{"@id":"https:\/\/cronicahd.ro\/?p=8309#primaryimage"},"thumbnailUrl":"https:\/\/cronicahd.ro\/wp-content\/uploads\/2026\/04\/Fara-titlu-1.jpg","datePublished":"2026-04-24T05:18:20+00:00","author":{"@id":"https:\/\/cronicahd.ro\/#\/schema\/person\/d1a1277a8cd166610328e17aaf58bf46"},"breadcrumb":{"@id":"https:\/\/cronicahd.ro\/?p=8309#breadcrumb"},"inLanguage":"ro-RO","potentialAction":[{"@type":"ReadAction","target":["https:\/\/cronicahd.ro\/?p=8309"]}]},{"@type":"ImageObject","inLanguage":"ro-RO","@id":"https:\/\/cronicahd.ro\/?p=8309#primaryimage","url":"https:\/\/cronicahd.ro\/wp-content\/uploads\/2026\/04\/Fara-titlu-1.jpg","contentUrl":"https:\/\/cronicahd.ro\/wp-content\/uploads\/2026\/04\/Fara-titlu-1.jpg","width":1588,"height":1200},{"@type":"BreadcrumbList","@id":"https:\/\/cronicahd.ro\/?p=8309#breadcrumb","itemListElement":[{"@type":"ListItem","position":1,"name":"Prima pagin\u0103","item":"https:\/\/cronicahd.ro\/"},{"@type":"ListItem","position":2,"name":"Spectacol, luni, la teatrul din Petro\u0219ani"}]},{"@type":"WebSite","@id":"https:\/\/cronicahd.ro\/#website","url":"https:\/\/cronicahd.ro\/","name":"","description":"","potentialAction":[{"@type":"SearchAction","target":{"@type":"EntryPoint","urlTemplate":"https:\/\/cronicahd.ro\/?s={search_term_string}"},"query-input":{"@type":"PropertyValueSpecification","valueRequired":true,"valueName":"search_term_string"}}],"inLanguage":"ro-RO"},{"@type":"Person","@id":"https:\/\/cronicahd.ro\/#\/schema\/person\/d1a1277a8cd166610328e17aaf58bf46","name":"admin","image":{"@type":"ImageObject","inLanguage":"ro-RO","@id":"https:\/\/cronicahd.ro\/#\/schema\/person\/image\/","url":"https:\/\/secure.gravatar.com\/avatar\/24700337280d10898c2e0d19d44a05316bff9fccc941ecc5570ffe41668203f7?s=96&d=mm&r=g","contentUrl":"https:\/\/secure.gravatar.com\/avatar\/24700337280d10898c2e0d19d44a05316bff9fccc941ecc5570ffe41668203f7?s=96&d=mm&r=g","caption":"admin"},"sameAs":["https:\/\/cronicavj.ro"],"url":"https:\/\/cronicahd.ro\/?author=1"}]}},"_links":{"self":[{"href":"https:\/\/cronicahd.ro\/index.php?rest_route=\/wp\/v2\/posts\/8309","targetHints":{"allow":["GET"]}}],"collection":[{"href":"https:\/\/cronicahd.ro\/index.php?rest_route=\/wp\/v2\/posts"}],"about":[{"href":"https:\/\/cronicahd.ro\/index.php?rest_route=\/wp\/v2\/types\/post"}],"author":[{"embeddable":true,"href":"https:\/\/cronicahd.ro\/index.php?rest_route=\/wp\/v2\/users\/1"}],"replies":[{"embeddable":true,"href":"https:\/\/cronicahd.ro\/index.php?rest_route=%2Fwp%2Fv2%2Fcomments&post=8309"}],"version-history":[{"count":1,"href":"https:\/\/cronicahd.ro\/index.php?rest_route=\/wp\/v2\/posts\/8309\/revisions"}],"predecessor-version":[{"id":8311,"href":"https:\/\/cronicahd.ro\/index.php?rest_route=\/wp\/v2\/posts\/8309\/revisions\/8311"}],"wp:featuredmedia":[{"embeddable":true,"href":"https:\/\/cronicahd.ro\/index.php?rest_route=\/wp\/v2\/media\/8310"}],"wp:attachment":[{"href":"https:\/\/cronicahd.ro\/index.php?rest_route=%2Fwp%2Fv2%2Fmedia&parent=8309"}],"wp:term":[{"taxonomy":"category","embeddable":true,"href":"https:\/\/cronicahd.ro\/index.php?rest_route=%2Fwp%2Fv2%2Fcategories&post=8309"},{"taxonomy":"post_tag","embeddable":true,"href":"https:\/\/cronicahd.ro\/index.php?rest_route=%2Fwp%2Fv2%2Ftags&post=8309"}],"curies":[{"name":"wp","href":"https:\/\/api.w.org\/{rel}","templated":true}]}}