{"id":8307,"date":"2026-04-24T05:15:25","date_gmt":"2026-04-24T05:15:25","guid":{"rendered":"https:\/\/cronicahd.ro\/?p=8307"},"modified":"2026-04-24T05:15:25","modified_gmt":"2026-04-24T05:15:25","slug":"complexul-energetic-valea-jiului-cauta-utilaje-pentru-termocentrala-paroseni","status":"publish","type":"post","link":"https:\/\/cronicahd.ro\/?p=8307","title":{"rendered":"Complexul Energetic Valea Jiului caut\u0103 utilaje pentru Termocentrala Paro\u0219eni"},"content":{"rendered":"<p>&nbsp;<\/p>\n<p>Complexul Energetic Valea Jiului urm\u0103re\u0219te \u00eenchirierea unor utilaje de construc\u021bii esen\u021biale, dotate cu operatori \u0219i combustibil inclus, pentru a gestiona eficient stocurile de c\u0103rbune ale centralei.<\/p>\n<p>Contractul, estimat la o valoare de 1.954.560 RON, reprezint\u0103 o pies\u0103 cheie \u00een mecanismul de alimentare a Grupului energetic nr. IV.<br \/>\nPlanul de achizi\u021bie vizeaz\u0103 dou\u0103 categorii principale de echipamente care vor activa direct \u00een zona depozitului de combustibil solid. Obiectivul principal este men\u021binerea unui flux continuu de lucru, de la \u00eenc\u0103rcarea vagoanelor p\u00e2n\u0103 la organizarea riguroas\u0103 a stivelor de c\u0103rbune.<br \/>\nProgramul de lucru solicitat de autoritatea contractant\u0103 cuprinde 1.792 de ore pentru excavatoare pe \u0219enile \u0219i 2.880 de ore pentru buldoexcavatoare pe \u0219enile.<br \/>\nAceste resurse logistice vor asigura frontul de \u00eenc\u0103rcare necesar \u0219i vor garanta faptul c\u0103 Grupul IV dispune de alimentarea constant\u0103 pe parcursul \u00eentregii perioade de func\u021bionare.<\/p>\n<p>Monika BACIU<\/p>\n","protected":false},"excerpt":{"rendered":"<p>&nbsp; Complexul Energetic Valea Jiului urm\u0103re\u0219te \u00eenchirierea unor utilaje de construc\u021bii esen\u021biale, dotate cu operatori&#8230;<\/p>\n","protected":false},"author":1,"featured_media":7853,"comment_status":"closed","ping_status":"closed","sticky":false,"template":"","format":"standard","meta":{"footnotes":""},"categories":[1,18],"tags":[],"class_list":["post-8307","post","type-post","status-publish","format-standard","has-post-thumbnail","hentry","category-actual","category-economic"],"yoast_head":"<!-- This site is optimized with the Yoast SEO plugin v25.3.1 - https:\/\/yoast.com\/wordpress\/plugins\/seo\/ -->\n<title>Complexul Energetic Valea Jiului caut\u0103 utilaje pentru Termocentrala Paro\u0219eni -<\/title>\n<meta name=\"robots\" content=\"index, follow, max-snippet:-1, max-image-preview:large, max-video-preview:-1\" \/>\n<link rel=\"canonical\" href=\"https:\/\/cronicahd.ro\/?p=8307\" \/>\n<meta property=\"og:locale\" content=\"ro_RO\" \/>\n<meta property=\"og:type\" content=\"article\" \/>\n<meta property=\"og:title\" content=\"Complexul Energetic Valea Jiului caut\u0103 utilaje pentru Termocentrala Paro\u0219eni -\" \/>\n<meta property=\"og:description\" content=\"&nbsp; Complexul Energetic Valea Jiului urm\u0103re\u0219te \u00eenchirierea unor utilaje de construc\u021bii esen\u021biale, dotate cu operatori...\" \/>\n<meta property=\"og:url\" content=\"https:\/\/cronicahd.ro\/?p=8307\" \/>\n<meta property=\"article:published_time\" content=\"2026-04-24T05:15:25+00:00\" \/>\n<meta property=\"og:image\" content=\"https:\/\/cronicahd.ro\/wp-content\/uploads\/2026\/04\/att.GZNwoHBx_ioKEbH9B3Tddpy0ncej7JkDmj0WAdmFjNE.jpeg\" \/>\n\t<meta property=\"og:image:width\" content=\"2048\" \/>\n\t<meta property=\"og:image:height\" content=\"1536\" \/>\n\t<meta property=\"og:image:type\" content=\"image\/jpeg\" \/>\n<meta name=\"author\" content=\"admin\" \/>\n<meta name=\"twitter:card\" content=\"summary_large_image\" \/>\n<meta name=\"twitter:label1\" content=\"Scris de\" \/>\n\t<meta name=\"twitter:data1\" content=\"admin\" \/>\n\t<meta name=\"twitter:label2\" content=\"Timp estimat pentru citire\" \/>\n\t<meta name=\"twitter:data2\" content=\"1 minut\" \/>\n<script type=\"application\/ld+json\" class=\"yoast-schema-graph\">{\"@context\":\"https:\/\/schema.org\",\"@graph\":[{\"@type\":\"WebPage\",\"@id\":\"https:\/\/cronicahd.ro\/?p=8307\",\"url\":\"https:\/\/cronicahd.ro\/?p=8307\",\"name\":\"Complexul Energetic Valea Jiului caut\u0103 utilaje pentru Termocentrala Paro\u0219eni -\",\"isPartOf\":{\"@id\":\"https:\/\/cronicahd.ro\/#website\"},\"primaryImageOfPage\":{\"@id\":\"https:\/\/cronicahd.ro\/?p=8307#primaryimage\"},\"image\":{\"@id\":\"https:\/\/cronicahd.ro\/?p=8307#primaryimage\"},\"thumbnailUrl\":\"https:\/\/cronicahd.ro\/wp-content\/uploads\/2026\/04\/att.GZNwoHBx_ioKEbH9B3Tddpy0ncej7JkDmj0WAdmFjNE.jpeg\",\"datePublished\":\"2026-04-24T05:15:25+00:00\",\"author\":{\"@id\":\"https:\/\/cronicahd.ro\/#\/schema\/person\/d1a1277a8cd166610328e17aaf58bf46\"},\"breadcrumb\":{\"@id\":\"https:\/\/cronicahd.ro\/?p=8307#breadcrumb\"},\"inLanguage\":\"ro-RO\",\"potentialAction\":[{\"@type\":\"ReadAction\",\"target\":[\"https:\/\/cronicahd.ro\/?p=8307\"]}]},{\"@type\":\"ImageObject\",\"inLanguage\":\"ro-RO\",\"@id\":\"https:\/\/cronicahd.ro\/?p=8307#primaryimage\",\"url\":\"https:\/\/cronicahd.ro\/wp-content\/uploads\/2026\/04\/att.GZNwoHBx_ioKEbH9B3Tddpy0ncej7JkDmj0WAdmFjNE.jpeg\",\"contentUrl\":\"https:\/\/cronicahd.ro\/wp-content\/uploads\/2026\/04\/att.GZNwoHBx_ioKEbH9B3Tddpy0ncej7JkDmj0WAdmFjNE.jpeg\",\"width\":2048,\"height\":1536},{\"@type\":\"BreadcrumbList\",\"@id\":\"https:\/\/cronicahd.ro\/?p=8307#breadcrumb\",\"itemListElement\":[{\"@type\":\"ListItem\",\"position\":1,\"name\":\"Prima pagin\u0103\",\"item\":\"https:\/\/cronicahd.ro\/\"},{\"@type\":\"ListItem\",\"position\":2,\"name\":\"Complexul Energetic Valea Jiului caut\u0103 utilaje pentru Termocentrala Paro\u0219eni\"}]},{\"@type\":\"WebSite\",\"@id\":\"https:\/\/cronicahd.ro\/#website\",\"url\":\"https:\/\/cronicahd.ro\/\",\"name\":\"\",\"description\":\"\",\"potentialAction\":[{\"@type\":\"SearchAction\",\"target\":{\"@type\":\"EntryPoint\",\"urlTemplate\":\"https:\/\/cronicahd.ro\/?s={search_term_string}\"},\"query-input\":{\"@type\":\"PropertyValueSpecification\",\"valueRequired\":true,\"valueName\":\"search_term_string\"}}],\"inLanguage\":\"ro-RO\"},{\"@type\":\"Person\",\"@id\":\"https:\/\/cronicahd.ro\/#\/schema\/person\/d1a1277a8cd166610328e17aaf58bf46\",\"name\":\"admin\",\"image\":{\"@type\":\"ImageObject\",\"inLanguage\":\"ro-RO\",\"@id\":\"https:\/\/cronicahd.ro\/#\/schema\/person\/image\/\",\"url\":\"https:\/\/secure.gravatar.com\/avatar\/24700337280d10898c2e0d19d44a05316bff9fccc941ecc5570ffe41668203f7?s=96&d=mm&r=g\",\"contentUrl\":\"https:\/\/secure.gravatar.com\/avatar\/24700337280d10898c2e0d19d44a05316bff9fccc941ecc5570ffe41668203f7?s=96&d=mm&r=g\",\"caption\":\"admin\"},\"sameAs\":[\"https:\/\/cronicavj.ro\"],\"url\":\"https:\/\/cronicahd.ro\/?author=1\"}]}<\/script>\n<!-- \/ Yoast SEO plugin. -->","yoast_head_json":{"title":"Complexul Energetic Valea Jiului caut\u0103 utilaje pentru Termocentrala Paro\u0219eni -","robots":{"index":"index","follow":"follow","max-snippet":"max-snippet:-1","max-image-preview":"max-image-preview:large","max-video-preview":"max-video-preview:-1"},"canonical":"https:\/\/cronicahd.ro\/?p=8307","og_locale":"ro_RO","og_type":"article","og_title":"Complexul Energetic Valea Jiului caut\u0103 utilaje pentru Termocentrala Paro\u0219eni -","og_description":"&nbsp; Complexul Energetic Valea Jiului urm\u0103re\u0219te \u00eenchirierea unor utilaje de construc\u021bii esen\u021biale, dotate cu operatori...","og_url":"https:\/\/cronicahd.ro\/?p=8307","article_published_time":"2026-04-24T05:15:25+00:00","og_image":[{"width":2048,"height":1536,"url":"https:\/\/cronicahd.ro\/wp-content\/uploads\/2026\/04\/att.GZNwoHBx_ioKEbH9B3Tddpy0ncej7JkDmj0WAdmFjNE.jpeg","type":"image\/jpeg"}],"author":"admin","twitter_card":"summary_large_image","twitter_misc":{"Scris de":"admin","Timp estimat pentru citire":"1 minut"},"schema":{"@context":"https:\/\/schema.org","@graph":[{"@type":"WebPage","@id":"https:\/\/cronicahd.ro\/?p=8307","url":"https:\/\/cronicahd.ro\/?p=8307","name":"Complexul Energetic Valea Jiului caut\u0103 utilaje pentru Termocentrala Paro\u0219eni -","isPartOf":{"@id":"https:\/\/cronicahd.ro\/#website"},"primaryImageOfPage":{"@id":"https:\/\/cronicahd.ro\/?p=8307#primaryimage"},"image":{"@id":"https:\/\/cronicahd.ro\/?p=8307#primaryimage"},"thumbnailUrl":"https:\/\/cronicahd.ro\/wp-content\/uploads\/2026\/04\/att.GZNwoHBx_ioKEbH9B3Tddpy0ncej7JkDmj0WAdmFjNE.jpeg","datePublished":"2026-04-24T05:15:25+00:00","author":{"@id":"https:\/\/cronicahd.ro\/#\/schema\/person\/d1a1277a8cd166610328e17aaf58bf46"},"breadcrumb":{"@id":"https:\/\/cronicahd.ro\/?p=8307#breadcrumb"},"inLanguage":"ro-RO","potentialAction":[{"@type":"ReadAction","target":["https:\/\/cronicahd.ro\/?p=8307"]}]},{"@type":"ImageObject","inLanguage":"ro-RO","@id":"https:\/\/cronicahd.ro\/?p=8307#primaryimage","url":"https:\/\/cronicahd.ro\/wp-content\/uploads\/2026\/04\/att.GZNwoHBx_ioKEbH9B3Tddpy0ncej7JkDmj0WAdmFjNE.jpeg","contentUrl":"https:\/\/cronicahd.ro\/wp-content\/uploads\/2026\/04\/att.GZNwoHBx_ioKEbH9B3Tddpy0ncej7JkDmj0WAdmFjNE.jpeg","width":2048,"height":1536},{"@type":"BreadcrumbList","@id":"https:\/\/cronicahd.ro\/?p=8307#breadcrumb","itemListElement":[{"@type":"ListItem","position":1,"name":"Prima pagin\u0103","item":"https:\/\/cronicahd.ro\/"},{"@type":"ListItem","position":2,"name":"Complexul Energetic Valea Jiului caut\u0103 utilaje pentru Termocentrala Paro\u0219eni"}]},{"@type":"WebSite","@id":"https:\/\/cronicahd.ro\/#website","url":"https:\/\/cronicahd.ro\/","name":"","description":"","potentialAction":[{"@type":"SearchAction","target":{"@type":"EntryPoint","urlTemplate":"https:\/\/cronicahd.ro\/?s={search_term_string}"},"query-input":{"@type":"PropertyValueSpecification","valueRequired":true,"valueName":"search_term_string"}}],"inLanguage":"ro-RO"},{"@type":"Person","@id":"https:\/\/cronicahd.ro\/#\/schema\/person\/d1a1277a8cd166610328e17aaf58bf46","name":"admin","image":{"@type":"ImageObject","inLanguage":"ro-RO","@id":"https:\/\/cronicahd.ro\/#\/schema\/person\/image\/","url":"https:\/\/secure.gravatar.com\/avatar\/24700337280d10898c2e0d19d44a05316bff9fccc941ecc5570ffe41668203f7?s=96&d=mm&r=g","contentUrl":"https:\/\/secure.gravatar.com\/avatar\/24700337280d10898c2e0d19d44a05316bff9fccc941ecc5570ffe41668203f7?s=96&d=mm&r=g","caption":"admin"},"sameAs":["https:\/\/cronicavj.ro"],"url":"https:\/\/cronicahd.ro\/?author=1"}]}},"_links":{"self":[{"href":"https:\/\/cronicahd.ro\/index.php?rest_route=\/wp\/v2\/posts\/8307","targetHints":{"allow":["GET"]}}],"collection":[{"href":"https:\/\/cronicahd.ro\/index.php?rest_route=\/wp\/v2\/posts"}],"about":[{"href":"https:\/\/cronicahd.ro\/index.php?rest_route=\/wp\/v2\/types\/post"}],"author":[{"embeddable":true,"href":"https:\/\/cronicahd.ro\/index.php?rest_route=\/wp\/v2\/users\/1"}],"replies":[{"embeddable":true,"href":"https:\/\/cronicahd.ro\/index.php?rest_route=%2Fwp%2Fv2%2Fcomments&post=8307"}],"version-history":[{"count":1,"href":"https:\/\/cronicahd.ro\/index.php?rest_route=\/wp\/v2\/posts\/8307\/revisions"}],"predecessor-version":[{"id":8308,"href":"https:\/\/cronicahd.ro\/index.php?rest_route=\/wp\/v2\/posts\/8307\/revisions\/8308"}],"wp:featuredmedia":[{"embeddable":true,"href":"https:\/\/cronicahd.ro\/index.php?rest_route=\/wp\/v2\/media\/7853"}],"wp:attachment":[{"href":"https:\/\/cronicahd.ro\/index.php?rest_route=%2Fwp%2Fv2%2Fmedia&parent=8307"}],"wp:term":[{"taxonomy":"category","embeddable":true,"href":"https:\/\/cronicahd.ro\/index.php?rest_route=%2Fwp%2Fv2%2Fcategories&post=8307"},{"taxonomy":"post_tag","embeddable":true,"href":"https:\/\/cronicahd.ro\/index.php?rest_route=%2Fwp%2Fv2%2Ftags&post=8307"}],"curies":[{"name":"wp","href":"https:\/\/api.w.org\/{rel}","templated":true}]}}