{"id":8298,"date":"2026-04-24T05:09:47","date_gmt":"2026-04-24T05:09:47","guid":{"rendered":"https:\/\/cronicahd.ro\/?p=8298"},"modified":"2026-04-24T05:09:47","modified_gmt":"2026-04-24T05:09:47","slug":"amurgul-lampaselor-trei-decenii-de-restructurare-care-au-resetat-valea-jiului","status":"publish","type":"post","link":"https:\/\/cronicahd.ro\/?p=8298","title":{"rendered":"Amurgul l\u0103mpa\u0219elor: Trei decenii de restructurare care au resetat Valea Jiului"},"content":{"rendered":"<p>&nbsp;<\/p>\n<p>Valea Jiului reprezint\u0103 ast\u0103zi imaginea unei lumi care apune sub greutatea istoriei \u0219i a deciziilor politice. \u00cen anul 1990, regiunea vibra sub pa\u0219ii a 90.000 de mineri. Aceast\u0103 armat\u0103 de oameni asigura independen\u021ba energetic\u0103 a Rom\u00e2niei, \u00eens\u0103 costurile economice \u0219i sociale au devenit rapid insuportabile pentru statul aflat \u00een tranzi\u021bie.<\/p>\n<p>Primul \u0219oc major a lovit comunitatea \u00een anul 1997. Prin faimoasa Ordonan\u021b\u0103 22, Guvernul a pus pe mas\u0103 pl\u0103\u021bi compensatorii tentante. Rezultatul a fost imediat \u0219i devastator pentru coeziunea local\u0103: peste 15.000 de oameni au predat l\u0103mpile \u0219i au p\u0103r\u0103sit \u0219utul \u00eentr-un singur an. Minerii au schimbat siguran\u021ba locului de munc\u0103 pe sume de bani care s-au evaporat rapid \u00een infla\u021bia galopant\u0103 a acelor ani.<br \/>\nProcesul de restructurare a continuat f\u0103r\u0103 pauz\u0103. Aderarea Rom\u00e2niei la Uniunea European\u0103 a impus reguli stricte de mediu \u0219i eliminarea subven\u021biilor pentru c\u0103rbunele neprofitabil. Mine emblematice precum Petrila, Paro\u0219eni sau Uricani au intrat, r\u00e2nd pe r\u00e2nd, \u00een proceduri de \u00eenchidere definitiv\u0103.<br \/>\nP\u00e2n\u0103 \u00een anul 2017, for\u021ba de munc\u0103 din subteran a sc\u0103zut sub pragul de 4.000 de angaja\u021bi. Valea Jiului s-a transformat dintr-un motor industrial \u00eentr-o zon\u0103 marcat\u0103 de depopulare \u0219i de absen\u021ba alternativelor economice reale.<\/p>\n<p>Prezentul: siguran\u021b\u0103, nu produc\u021bie<\/p>\n<p>\u00cen anul 2026, peisajul este dezolant pentru cei care au cunoscut gloria mineritului. La Complexul Energetic Valea Jiului mai activeaz\u0103 doar 2.000 de persoane. Rolul acestora s-a schimbat fundamental. Ace\u0219ti oameni nu mai scot c\u0103rbune pentru a alimenta marile termocentrale, ci lucreaz\u0103 pentru a pune \u00een siguran\u021b\u0103 galeriile \u0219i pentru a ecologiza terenurile.<br \/>\nStatul rom\u00e2n aloc\u0103 acum sute de milioane de lei doar pentru a \u00eenchide oficial aceast\u0103 pagin\u0103 a istoriei. P\u00e2n\u0103 \u00een anul 2032, ultimele unit\u0103\u021bi miniere \u00ee\u0219i vor \u00eenceta complet activitatea. Din cei 90.000 de mineri de odinioar\u0103, \u00een Vale va r\u0103m\u00e2ne doar amintirea unei profesii care a definit identitatea unei \u00eentregi regiuni timp de peste un secol.<\/p>\n<p>Valea Jiului: de la \u201eaurul negru\u201d la economia de supravie\u021buire<\/p>\n<p>Dispari\u021bia mineritului din Valea Jiului a l\u0103sat \u00een urm\u0103 un gol imens, pe care autorit\u0103\u021bile \u0219i investitorii \u00eencearc\u0103 s\u0103 \u00eel umple de peste trei decenii. Tranzi\u021bia de la o monocultur\u0103 industrial\u0103 la o economie diversificat\u0103 r\u0103m\u00e2ne un proces anevoios, marcat de \u00eencerc\u0103ri timide \u0219i de o migra\u021bie masiv\u0103 a popula\u021biei. \u00cen locul galeriilor de min\u0103, noile repere economice ale regiunii se ridic\u0103 acum pe versan\u021bi sau \u00een hale industriale moderne.<\/p>\n<p>Turismul: noua speran\u021b\u0103 de pe crestele mun\u021bilor<\/p>\n<p>Cea mai vizibil\u0103 transformare a avut loc la altitudine. Sta\u021biunea Straja a devenit motorul economic al ora\u0219ului Lupeni, unde sute de fo\u0219ti mineri sau copiii acestora lucreaz\u0103 ast\u0103zi \u00een sectorul ospitalit\u0103\u021bii. Pensiunile, \u0219colile de schi \u0219i infrastructura de transport pe cablu ofer\u0103 o alternativ\u0103 viabil\u0103, de\u0219i activitatea p\u0103streaz\u0103 un caracter sezonier pronun\u021bat. Pasul V\u00e2lcan \u0219i Masivul Par\u00e2ng urmeaz\u0103 acela\u0219i model, \u00eencerc\u00e2nd s\u0103 atrag\u0103 turi\u0219ti pe tot parcursul anului pentru a stabiliza pia\u021ba muncii locale.<\/p>\n<p>\u201eTranzi\u021bia Just\u0103\u201d \u0219i miza pe tehnologie<\/p>\n<p>\u00cen ora\u0219ele din lungul Jiului, peisajul industrial se schimb\u0103 treptat. Vechile platforme miniere las\u0103 locul unor investi\u021bii finan\u021bate prin fonduri europene destinate zonelor defavorizate. Recent, aten\u021bia s-a orientat c\u0103tre energia regenerabil\u0103. Proiectele care vizeaz\u0103 asamblarea de sisteme de stocare a energiei \u0219i instalarea de panouri fotovoltaice promit joburi cu o valoare ad\u0103ugat\u0103 mai mare. Aceste unit\u0103\u021bi de produc\u021bie caut\u0103 personal tehnic, oferind fo\u0219tilor electricieni sau mecanici de min\u0103 \u0219ansa unei recalific\u0103ri rapide.<\/p>\n<p>Comer\u021bul \u0219i serviciile: plasa de siguran\u021b\u0103 urban\u0103<\/p>\n<p>La nivelul ora\u0219elor, marile lan\u021buri de retail au devenit principalii angajatori priva\u021bi. Supermarketurile \u0219i centrele comerciale au absorbit o parte considerabil\u0103 din for\u021ba de munc\u0103 feminin\u0103 a regiunii, dar \u0219i mul\u021bi tineri care refuz\u0103 calea emigr\u0103rii. Totodat\u0103, sectorul construc\u021biilor r\u0103m\u00e2ne un pilon important, sus\u021binut de proiectele de infrastructur\u0103 rutier\u0103 \u0219i de reabilitare termic\u0103 a blocurilor, lucr\u0103ri care necesit\u0103 constant for\u021b\u0103 de munc\u0103 brut\u0103 \u0219i speciali\u0219ti \u00een instala\u021bii.<\/p>\n<p>Realitatea crud\u0103: exportul de oameni<\/p>\n<p>\u00cen ciuda acestor eforturi, cifrele indic\u0103 o realitate amar\u0103. O parte semnificativ\u0103 din locurile de munc\u0103 pierdute \u00een subteran nu a fost \u00eenlocuit\u0103 de investi\u021bii locale, ci de migra\u021bia for\u021bei de munc\u0103. Mii de locuitori ai V\u0103ii au ales calea Occidentului sau s-au mutat \u00een poli de dezvoltare precum Timi\u0219oara sau Sibiu. Pentru cei r\u0103ma\u0219i, naveta c\u0103tre zonele industriale din restul jude\u021bului Hunedoara a devenit o rutin\u0103 zilnic\u0103, semn c\u0103 Valea Jiului \u00eenc\u0103 \u00ee\u0219i caut\u0103 echilibrul \u00eentre trecutul industrial \u0219i un viitor verde, \u00eenc\u0103 incert.<br \/>\nMonika BACIU<\/p>\n","protected":false},"excerpt":{"rendered":"<p>&nbsp; Valea Jiului reprezint\u0103 ast\u0103zi imaginea unei lumi care apune sub greutatea istoriei \u0219i a&#8230;<\/p>\n","protected":false},"author":1,"featured_media":1797,"comment_status":"closed","ping_status":"closed","sticky":false,"template":"","format":"standard","meta":{"footnotes":""},"categories":[1,14],"tags":[],"class_list":["post-8298","post","type-post","status-publish","format-standard","has-post-thumbnail","hentry","category-actual","category-social"],"yoast_head":"<!-- This site is optimized with the Yoast SEO plugin v25.3.1 - https:\/\/yoast.com\/wordpress\/plugins\/seo\/ -->\n<title>Amurgul l\u0103mpa\u0219elor: Trei decenii de restructurare care au resetat Valea Jiului -<\/title>\n<meta name=\"robots\" content=\"index, follow, max-snippet:-1, max-image-preview:large, max-video-preview:-1\" \/>\n<link rel=\"canonical\" href=\"https:\/\/cronicahd.ro\/?p=8298\" \/>\n<meta property=\"og:locale\" content=\"ro_RO\" \/>\n<meta property=\"og:type\" content=\"article\" \/>\n<meta property=\"og:title\" content=\"Amurgul l\u0103mpa\u0219elor: Trei decenii de restructurare care au resetat Valea Jiului -\" \/>\n<meta property=\"og:description\" content=\"&nbsp; Valea Jiului reprezint\u0103 ast\u0103zi imaginea unei lumi care apune sub greutatea istoriei \u0219i a...\" \/>\n<meta property=\"og:url\" content=\"https:\/\/cronicahd.ro\/?p=8298\" \/>\n<meta property=\"article:published_time\" content=\"2026-04-24T05:09:47+00:00\" \/>\n<meta property=\"og:image\" content=\"https:\/\/cronicahd.ro\/wp-content\/uploads\/2025\/08\/complex-energetic-valea-jiului-ilegal-bani-inchidere-mine-18960130.jpg\" \/>\n\t<meta property=\"og:image:width\" content=\"1200\" \/>\n\t<meta property=\"og:image:height\" content=\"675\" \/>\n\t<meta property=\"og:image:type\" content=\"image\/jpeg\" \/>\n<meta name=\"author\" content=\"admin\" \/>\n<meta name=\"twitter:card\" content=\"summary_large_image\" \/>\n<meta name=\"twitter:label1\" content=\"Scris de\" \/>\n\t<meta name=\"twitter:data1\" content=\"admin\" \/>\n\t<meta name=\"twitter:label2\" content=\"Timp estimat pentru citire\" \/>\n\t<meta name=\"twitter:data2\" content=\"4 minute\" \/>\n<script type=\"application\/ld+json\" class=\"yoast-schema-graph\">{\"@context\":\"https:\/\/schema.org\",\"@graph\":[{\"@type\":\"WebPage\",\"@id\":\"https:\/\/cronicahd.ro\/?p=8298\",\"url\":\"https:\/\/cronicahd.ro\/?p=8298\",\"name\":\"Amurgul l\u0103mpa\u0219elor: Trei decenii de restructurare care au resetat Valea Jiului -\",\"isPartOf\":{\"@id\":\"https:\/\/cronicahd.ro\/#website\"},\"primaryImageOfPage\":{\"@id\":\"https:\/\/cronicahd.ro\/?p=8298#primaryimage\"},\"image\":{\"@id\":\"https:\/\/cronicahd.ro\/?p=8298#primaryimage\"},\"thumbnailUrl\":\"https:\/\/cronicahd.ro\/wp-content\/uploads\/2025\/08\/complex-energetic-valea-jiului-ilegal-bani-inchidere-mine-18960130.jpg\",\"datePublished\":\"2026-04-24T05:09:47+00:00\",\"author\":{\"@id\":\"https:\/\/cronicahd.ro\/#\/schema\/person\/d1a1277a8cd166610328e17aaf58bf46\"},\"breadcrumb\":{\"@id\":\"https:\/\/cronicahd.ro\/?p=8298#breadcrumb\"},\"inLanguage\":\"ro-RO\",\"potentialAction\":[{\"@type\":\"ReadAction\",\"target\":[\"https:\/\/cronicahd.ro\/?p=8298\"]}]},{\"@type\":\"ImageObject\",\"inLanguage\":\"ro-RO\",\"@id\":\"https:\/\/cronicahd.ro\/?p=8298#primaryimage\",\"url\":\"https:\/\/cronicahd.ro\/wp-content\/uploads\/2025\/08\/complex-energetic-valea-jiului-ilegal-bani-inchidere-mine-18960130.jpg\",\"contentUrl\":\"https:\/\/cronicahd.ro\/wp-content\/uploads\/2025\/08\/complex-energetic-valea-jiului-ilegal-bani-inchidere-mine-18960130.jpg\",\"width\":1200,\"height\":675},{\"@type\":\"BreadcrumbList\",\"@id\":\"https:\/\/cronicahd.ro\/?p=8298#breadcrumb\",\"itemListElement\":[{\"@type\":\"ListItem\",\"position\":1,\"name\":\"Prima pagin\u0103\",\"item\":\"https:\/\/cronicahd.ro\/\"},{\"@type\":\"ListItem\",\"position\":2,\"name\":\"Amurgul l\u0103mpa\u0219elor: Trei decenii de restructurare care au resetat Valea Jiului\"}]},{\"@type\":\"WebSite\",\"@id\":\"https:\/\/cronicahd.ro\/#website\",\"url\":\"https:\/\/cronicahd.ro\/\",\"name\":\"\",\"description\":\"\",\"potentialAction\":[{\"@type\":\"SearchAction\",\"target\":{\"@type\":\"EntryPoint\",\"urlTemplate\":\"https:\/\/cronicahd.ro\/?s={search_term_string}\"},\"query-input\":{\"@type\":\"PropertyValueSpecification\",\"valueRequired\":true,\"valueName\":\"search_term_string\"}}],\"inLanguage\":\"ro-RO\"},{\"@type\":\"Person\",\"@id\":\"https:\/\/cronicahd.ro\/#\/schema\/person\/d1a1277a8cd166610328e17aaf58bf46\",\"name\":\"admin\",\"image\":{\"@type\":\"ImageObject\",\"inLanguage\":\"ro-RO\",\"@id\":\"https:\/\/cronicahd.ro\/#\/schema\/person\/image\/\",\"url\":\"https:\/\/secure.gravatar.com\/avatar\/24700337280d10898c2e0d19d44a05316bff9fccc941ecc5570ffe41668203f7?s=96&d=mm&r=g\",\"contentUrl\":\"https:\/\/secure.gravatar.com\/avatar\/24700337280d10898c2e0d19d44a05316bff9fccc941ecc5570ffe41668203f7?s=96&d=mm&r=g\",\"caption\":\"admin\"},\"sameAs\":[\"https:\/\/cronicavj.ro\"],\"url\":\"https:\/\/cronicahd.ro\/?author=1\"}]}<\/script>\n<!-- \/ Yoast SEO plugin. -->","yoast_head_json":{"title":"Amurgul l\u0103mpa\u0219elor: Trei decenii de restructurare care au resetat Valea Jiului -","robots":{"index":"index","follow":"follow","max-snippet":"max-snippet:-1","max-image-preview":"max-image-preview:large","max-video-preview":"max-video-preview:-1"},"canonical":"https:\/\/cronicahd.ro\/?p=8298","og_locale":"ro_RO","og_type":"article","og_title":"Amurgul l\u0103mpa\u0219elor: Trei decenii de restructurare care au resetat Valea Jiului -","og_description":"&nbsp; Valea Jiului reprezint\u0103 ast\u0103zi imaginea unei lumi care apune sub greutatea istoriei \u0219i a...","og_url":"https:\/\/cronicahd.ro\/?p=8298","article_published_time":"2026-04-24T05:09:47+00:00","og_image":[{"width":1200,"height":675,"url":"https:\/\/cronicahd.ro\/wp-content\/uploads\/2025\/08\/complex-energetic-valea-jiului-ilegal-bani-inchidere-mine-18960130.jpg","type":"image\/jpeg"}],"author":"admin","twitter_card":"summary_large_image","twitter_misc":{"Scris de":"admin","Timp estimat pentru citire":"4 minute"},"schema":{"@context":"https:\/\/schema.org","@graph":[{"@type":"WebPage","@id":"https:\/\/cronicahd.ro\/?p=8298","url":"https:\/\/cronicahd.ro\/?p=8298","name":"Amurgul l\u0103mpa\u0219elor: Trei decenii de restructurare care au resetat Valea Jiului -","isPartOf":{"@id":"https:\/\/cronicahd.ro\/#website"},"primaryImageOfPage":{"@id":"https:\/\/cronicahd.ro\/?p=8298#primaryimage"},"image":{"@id":"https:\/\/cronicahd.ro\/?p=8298#primaryimage"},"thumbnailUrl":"https:\/\/cronicahd.ro\/wp-content\/uploads\/2025\/08\/complex-energetic-valea-jiului-ilegal-bani-inchidere-mine-18960130.jpg","datePublished":"2026-04-24T05:09:47+00:00","author":{"@id":"https:\/\/cronicahd.ro\/#\/schema\/person\/d1a1277a8cd166610328e17aaf58bf46"},"breadcrumb":{"@id":"https:\/\/cronicahd.ro\/?p=8298#breadcrumb"},"inLanguage":"ro-RO","potentialAction":[{"@type":"ReadAction","target":["https:\/\/cronicahd.ro\/?p=8298"]}]},{"@type":"ImageObject","inLanguage":"ro-RO","@id":"https:\/\/cronicahd.ro\/?p=8298#primaryimage","url":"https:\/\/cronicahd.ro\/wp-content\/uploads\/2025\/08\/complex-energetic-valea-jiului-ilegal-bani-inchidere-mine-18960130.jpg","contentUrl":"https:\/\/cronicahd.ro\/wp-content\/uploads\/2025\/08\/complex-energetic-valea-jiului-ilegal-bani-inchidere-mine-18960130.jpg","width":1200,"height":675},{"@type":"BreadcrumbList","@id":"https:\/\/cronicahd.ro\/?p=8298#breadcrumb","itemListElement":[{"@type":"ListItem","position":1,"name":"Prima pagin\u0103","item":"https:\/\/cronicahd.ro\/"},{"@type":"ListItem","position":2,"name":"Amurgul l\u0103mpa\u0219elor: Trei decenii de restructurare care au resetat Valea Jiului"}]},{"@type":"WebSite","@id":"https:\/\/cronicahd.ro\/#website","url":"https:\/\/cronicahd.ro\/","name":"","description":"","potentialAction":[{"@type":"SearchAction","target":{"@type":"EntryPoint","urlTemplate":"https:\/\/cronicahd.ro\/?s={search_term_string}"},"query-input":{"@type":"PropertyValueSpecification","valueRequired":true,"valueName":"search_term_string"}}],"inLanguage":"ro-RO"},{"@type":"Person","@id":"https:\/\/cronicahd.ro\/#\/schema\/person\/d1a1277a8cd166610328e17aaf58bf46","name":"admin","image":{"@type":"ImageObject","inLanguage":"ro-RO","@id":"https:\/\/cronicahd.ro\/#\/schema\/person\/image\/","url":"https:\/\/secure.gravatar.com\/avatar\/24700337280d10898c2e0d19d44a05316bff9fccc941ecc5570ffe41668203f7?s=96&d=mm&r=g","contentUrl":"https:\/\/secure.gravatar.com\/avatar\/24700337280d10898c2e0d19d44a05316bff9fccc941ecc5570ffe41668203f7?s=96&d=mm&r=g","caption":"admin"},"sameAs":["https:\/\/cronicavj.ro"],"url":"https:\/\/cronicahd.ro\/?author=1"}]}},"_links":{"self":[{"href":"https:\/\/cronicahd.ro\/index.php?rest_route=\/wp\/v2\/posts\/8298","targetHints":{"allow":["GET"]}}],"collection":[{"href":"https:\/\/cronicahd.ro\/index.php?rest_route=\/wp\/v2\/posts"}],"about":[{"href":"https:\/\/cronicahd.ro\/index.php?rest_route=\/wp\/v2\/types\/post"}],"author":[{"embeddable":true,"href":"https:\/\/cronicahd.ro\/index.php?rest_route=\/wp\/v2\/users\/1"}],"replies":[{"embeddable":true,"href":"https:\/\/cronicahd.ro\/index.php?rest_route=%2Fwp%2Fv2%2Fcomments&post=8298"}],"version-history":[{"count":1,"href":"https:\/\/cronicahd.ro\/index.php?rest_route=\/wp\/v2\/posts\/8298\/revisions"}],"predecessor-version":[{"id":8299,"href":"https:\/\/cronicahd.ro\/index.php?rest_route=\/wp\/v2\/posts\/8298\/revisions\/8299"}],"wp:featuredmedia":[{"embeddable":true,"href":"https:\/\/cronicahd.ro\/index.php?rest_route=\/wp\/v2\/media\/1797"}],"wp:attachment":[{"href":"https:\/\/cronicahd.ro\/index.php?rest_route=%2Fwp%2Fv2%2Fmedia&parent=8298"}],"wp:term":[{"taxonomy":"category","embeddable":true,"href":"https:\/\/cronicahd.ro\/index.php?rest_route=%2Fwp%2Fv2%2Fcategories&post=8298"},{"taxonomy":"post_tag","embeddable":true,"href":"https:\/\/cronicahd.ro\/index.php?rest_route=%2Fwp%2Fv2%2Ftags&post=8298"}],"curies":[{"name":"wp","href":"https:\/\/api.w.org\/{rel}","templated":true}]}}