{"id":8245,"date":"2026-04-23T05:36:05","date_gmt":"2026-04-23T05:36:05","guid":{"rendered":"https:\/\/cronicahd.ro\/?p=8245"},"modified":"2026-04-23T05:36:05","modified_gmt":"2026-04-23T05:36:05","slug":"amenda-de-35-000-de-lei-pentru-o-societate-din-bumbesti-jiu-sanctionata-de-apele-romane-jiu","status":"publish","type":"post","link":"https:\/\/cronicahd.ro\/?p=8245","title":{"rendered":"Amend\u0103 de 35.000 de lei pentru o societate din Bumbe\u0219ti-Jiu, sanc\u021bionat\u0103 de Apele Rom\u00e2ne Jiu"},"content":{"rendered":"<p>&nbsp;<\/p>\n<p>Inspectorii Administra\u021biei Bazinale de Ap\u0103 Jiu au aplicat o sanc\u021biune contraven\u021bional\u0103 \u00een valoare de 35.000 de lei unei societ\u0103\u021bi comerciale care desf\u0103\u0219oar\u0103 activit\u0103\u021bi pe raza UAT Bumbe\u0219ti-Jiu, \u00een zona \u201eCastru Roman\u201d, jude\u021bul Gorj.<\/p>\n<p><img loading=\"lazy\" decoding=\"async\" class=\"alignnone size-full wp-image-8248\" src=\"https:\/\/cronicahd.ro\/wp-content\/uploads\/2026\/04\/IMG_6740.jpeg\" alt=\"\" width=\"1500\" height=\"1125\" srcset=\"https:\/\/cronicahd.ro\/wp-content\/uploads\/2026\/04\/IMG_6740.jpeg 1500w, https:\/\/cronicahd.ro\/wp-content\/uploads\/2026\/04\/IMG_6740-300x225.jpeg 300w, https:\/\/cronicahd.ro\/wp-content\/uploads\/2026\/04\/IMG_6740-1024x768.jpeg 1024w, https:\/\/cronicahd.ro\/wp-content\/uploads\/2026\/04\/IMG_6740-768x576.jpeg 768w\" sizes=\"auto, (max-width: 1500px) 100vw, 1500px\" \/><\/p>\n<p>Potrivit reprezentan\u021bilor institu\u021biei, firma opereaz\u0103 o sta\u021bie de concasare \u0219i sortare a agregatelor minerale \u0219i a fost sanc\u021bionat\u0103 pentru nerespectarea prevederilor legale \u00een domeniul gospod\u0103ririi apelor. Autorit\u0103\u021bile au precizat c\u0103 administratorului societ\u0103\u021bii i-a fost adus\u0103 la cuno\u0219tin\u021b\u0103, \u00eenc\u0103 din luna august 2025, obliga\u021bia de a notifica Administra\u021bia Bazinal\u0103 de Ap\u0103 Jiu cu privire la orice modificare intervenit\u0103 \u00een activitate, din perspectiva impactului asupra resurselor de ap\u0103.<\/p>\n<p><img loading=\"lazy\" decoding=\"async\" class=\"alignnone size-full wp-image-8247\" src=\"https:\/\/cronicahd.ro\/wp-content\/uploads\/2026\/04\/IMG_6741.jpeg\" alt=\"\" width=\"1500\" height=\"1125\" srcset=\"https:\/\/cronicahd.ro\/wp-content\/uploads\/2026\/04\/IMG_6741.jpeg 1500w, https:\/\/cronicahd.ro\/wp-content\/uploads\/2026\/04\/IMG_6741-300x225.jpeg 300w, https:\/\/cronicahd.ro\/wp-content\/uploads\/2026\/04\/IMG_6741-1024x768.jpeg 1024w, https:\/\/cronicahd.ro\/wp-content\/uploads\/2026\/04\/IMG_6741-768x576.jpeg 768w\" sizes=\"auto, (max-width: 1500px) 100vw, 1500px\" \/><\/p>\n<p>De asemenea, \u00een cursul verii anului trecut, institu\u021bia a \u00eenregistrat mai multe sesiz\u0103ri din partea cet\u0103\u021benilor privind modul de func\u021bionare al operatorului economic. Reclama\u021biile vizau, \u00een principal, generarea unor cantit\u0103\u021bi semnificative de praf, precum \u0219i neaplicarea m\u0103surilor obligatorii de umectare a spa\u021biului de lucru, necesare pentru limitarea polu\u0103rii.<\/p>\n<p><img loading=\"lazy\" decoding=\"async\" class=\"alignnone size-full wp-image-8246\" src=\"https:\/\/cronicahd.ro\/wp-content\/uploads\/2026\/04\/IMG_6742.jpeg\" alt=\"\" width=\"1350\" height=\"1800\" srcset=\"https:\/\/cronicahd.ro\/wp-content\/uploads\/2026\/04\/IMG_6742.jpeg 1350w, https:\/\/cronicahd.ro\/wp-content\/uploads\/2026\/04\/IMG_6742-225x300.jpeg 225w, https:\/\/cronicahd.ro\/wp-content\/uploads\/2026\/04\/IMG_6742-768x1024.jpeg 768w, https:\/\/cronicahd.ro\/wp-content\/uploads\/2026\/04\/IMG_6742-1152x1536.jpeg 1152w, https:\/\/cronicahd.ro\/wp-content\/uploads\/2026\/04\/IMG_6742-1024x1365.jpeg 1024w\" sizes=\"auto, (max-width: 1350px) 100vw, 1350px\" \/><\/p>\n<p>Reprezentan\u021bii ABA Jiu reamintesc operatorilor economici importan\u021ba respect\u0103rii legisla\u021biei \u00een vigoare \u0219i a implement\u0103rii m\u0103surilor necesare pentru protejarea mediului, \u00een special a resurselor de ap\u0103.<\/p>\n<p>Ac\u021biunile de control vor continua \u0219i \u00een perioada urm\u0103toare, autorit\u0103\u021bile anun\u021b\u00e2nd toleran\u021b\u0103 zero fa\u021b\u0103 de abaterile care pot afecta mediul \u0219i s\u0103n\u0103tatea popula\u021biei.<\/p>\n","protected":false},"excerpt":{"rendered":"<p>&nbsp; Inspectorii Administra\u021biei Bazinale de Ap\u0103 Jiu au aplicat o sanc\u021biune contraven\u021bional\u0103 \u00een valoare de&#8230;<\/p>\n","protected":false},"author":1,"featured_media":8249,"comment_status":"closed","ping_status":"closed","sticky":false,"template":"","format":"standard","meta":{"footnotes":""},"categories":[1,15],"tags":[],"class_list":["post-8245","post","type-post","status-publish","format-standard","has-post-thumbnail","hentry","category-actual","category-eveniment"],"yoast_head":"<!-- This site is optimized with the Yoast SEO plugin v25.3.1 - https:\/\/yoast.com\/wordpress\/plugins\/seo\/ -->\n<title>Amend\u0103 de 35.000 de lei pentru o societate din Bumbe\u0219ti-Jiu, sanc\u021bionat\u0103 de Apele Rom\u00e2ne Jiu -<\/title>\n<meta name=\"robots\" content=\"index, follow, max-snippet:-1, max-image-preview:large, max-video-preview:-1\" \/>\n<link rel=\"canonical\" href=\"https:\/\/cronicahd.ro\/?p=8245\" \/>\n<meta property=\"og:locale\" content=\"ro_RO\" \/>\n<meta property=\"og:type\" content=\"article\" \/>\n<meta property=\"og:title\" content=\"Amend\u0103 de 35.000 de lei pentru o societate din Bumbe\u0219ti-Jiu, sanc\u021bionat\u0103 de Apele Rom\u00e2ne Jiu -\" \/>\n<meta property=\"og:description\" content=\"&nbsp; Inspectorii Administra\u021biei Bazinale de Ap\u0103 Jiu au aplicat o sanc\u021biune contraven\u021bional\u0103 \u00een valoare de...\" \/>\n<meta property=\"og:url\" content=\"https:\/\/cronicahd.ro\/?p=8245\" \/>\n<meta property=\"article:published_time\" content=\"2026-04-23T05:36:05+00:00\" \/>\n<meta property=\"og:image\" content=\"https:\/\/cronicahd.ro\/wp-content\/uploads\/2026\/04\/IMG_6739.jpeg\" \/>\n\t<meta property=\"og:image:width\" content=\"2040\" \/>\n\t<meta property=\"og:image:height\" content=\"1530\" \/>\n\t<meta property=\"og:image:type\" content=\"image\/jpeg\" \/>\n<meta name=\"author\" content=\"admin\" \/>\n<meta name=\"twitter:card\" content=\"summary_large_image\" \/>\n<meta name=\"twitter:label1\" content=\"Scris de\" \/>\n\t<meta name=\"twitter:data1\" content=\"admin\" \/>\n\t<meta name=\"twitter:label2\" content=\"Timp estimat pentru citire\" \/>\n\t<meta name=\"twitter:data2\" content=\"2 minute\" \/>\n<script type=\"application\/ld+json\" class=\"yoast-schema-graph\">{\"@context\":\"https:\/\/schema.org\",\"@graph\":[{\"@type\":\"WebPage\",\"@id\":\"https:\/\/cronicahd.ro\/?p=8245\",\"url\":\"https:\/\/cronicahd.ro\/?p=8245\",\"name\":\"Amend\u0103 de 35.000 de lei pentru o societate din Bumbe\u0219ti-Jiu, sanc\u021bionat\u0103 de Apele Rom\u00e2ne Jiu -\",\"isPartOf\":{\"@id\":\"https:\/\/cronicahd.ro\/#website\"},\"primaryImageOfPage\":{\"@id\":\"https:\/\/cronicahd.ro\/?p=8245#primaryimage\"},\"image\":{\"@id\":\"https:\/\/cronicahd.ro\/?p=8245#primaryimage\"},\"thumbnailUrl\":\"https:\/\/cronicahd.ro\/wp-content\/uploads\/2026\/04\/IMG_6739.jpeg\",\"datePublished\":\"2026-04-23T05:36:05+00:00\",\"author\":{\"@id\":\"https:\/\/cronicahd.ro\/#\/schema\/person\/d1a1277a8cd166610328e17aaf58bf46\"},\"breadcrumb\":{\"@id\":\"https:\/\/cronicahd.ro\/?p=8245#breadcrumb\"},\"inLanguage\":\"ro-RO\",\"potentialAction\":[{\"@type\":\"ReadAction\",\"target\":[\"https:\/\/cronicahd.ro\/?p=8245\"]}]},{\"@type\":\"ImageObject\",\"inLanguage\":\"ro-RO\",\"@id\":\"https:\/\/cronicahd.ro\/?p=8245#primaryimage\",\"url\":\"https:\/\/cronicahd.ro\/wp-content\/uploads\/2026\/04\/IMG_6739.jpeg\",\"contentUrl\":\"https:\/\/cronicahd.ro\/wp-content\/uploads\/2026\/04\/IMG_6739.jpeg\",\"width\":2040,\"height\":1530},{\"@type\":\"BreadcrumbList\",\"@id\":\"https:\/\/cronicahd.ro\/?p=8245#breadcrumb\",\"itemListElement\":[{\"@type\":\"ListItem\",\"position\":1,\"name\":\"Prima pagin\u0103\",\"item\":\"https:\/\/cronicahd.ro\/\"},{\"@type\":\"ListItem\",\"position\":2,\"name\":\"Amend\u0103 de 35.000 de lei pentru o societate din Bumbe\u0219ti-Jiu, sanc\u021bionat\u0103 de Apele Rom\u00e2ne Jiu\"}]},{\"@type\":\"WebSite\",\"@id\":\"https:\/\/cronicahd.ro\/#website\",\"url\":\"https:\/\/cronicahd.ro\/\",\"name\":\"\",\"description\":\"\",\"potentialAction\":[{\"@type\":\"SearchAction\",\"target\":{\"@type\":\"EntryPoint\",\"urlTemplate\":\"https:\/\/cronicahd.ro\/?s={search_term_string}\"},\"query-input\":{\"@type\":\"PropertyValueSpecification\",\"valueRequired\":true,\"valueName\":\"search_term_string\"}}],\"inLanguage\":\"ro-RO\"},{\"@type\":\"Person\",\"@id\":\"https:\/\/cronicahd.ro\/#\/schema\/person\/d1a1277a8cd166610328e17aaf58bf46\",\"name\":\"admin\",\"image\":{\"@type\":\"ImageObject\",\"inLanguage\":\"ro-RO\",\"@id\":\"https:\/\/cronicahd.ro\/#\/schema\/person\/image\/\",\"url\":\"https:\/\/secure.gravatar.com\/avatar\/24700337280d10898c2e0d19d44a05316bff9fccc941ecc5570ffe41668203f7?s=96&d=mm&r=g\",\"contentUrl\":\"https:\/\/secure.gravatar.com\/avatar\/24700337280d10898c2e0d19d44a05316bff9fccc941ecc5570ffe41668203f7?s=96&d=mm&r=g\",\"caption\":\"admin\"},\"sameAs\":[\"https:\/\/cronicavj.ro\"],\"url\":\"https:\/\/cronicahd.ro\/?author=1\"}]}<\/script>\n<!-- \/ Yoast SEO plugin. -->","yoast_head_json":{"title":"Amend\u0103 de 35.000 de lei pentru o societate din Bumbe\u0219ti-Jiu, sanc\u021bionat\u0103 de Apele Rom\u00e2ne Jiu -","robots":{"index":"index","follow":"follow","max-snippet":"max-snippet:-1","max-image-preview":"max-image-preview:large","max-video-preview":"max-video-preview:-1"},"canonical":"https:\/\/cronicahd.ro\/?p=8245","og_locale":"ro_RO","og_type":"article","og_title":"Amend\u0103 de 35.000 de lei pentru o societate din Bumbe\u0219ti-Jiu, sanc\u021bionat\u0103 de Apele Rom\u00e2ne Jiu -","og_description":"&nbsp; Inspectorii Administra\u021biei Bazinale de Ap\u0103 Jiu au aplicat o sanc\u021biune contraven\u021bional\u0103 \u00een valoare de...","og_url":"https:\/\/cronicahd.ro\/?p=8245","article_published_time":"2026-04-23T05:36:05+00:00","og_image":[{"width":2040,"height":1530,"url":"https:\/\/cronicahd.ro\/wp-content\/uploads\/2026\/04\/IMG_6739.jpeg","type":"image\/jpeg"}],"author":"admin","twitter_card":"summary_large_image","twitter_misc":{"Scris de":"admin","Timp estimat pentru citire":"2 minute"},"schema":{"@context":"https:\/\/schema.org","@graph":[{"@type":"WebPage","@id":"https:\/\/cronicahd.ro\/?p=8245","url":"https:\/\/cronicahd.ro\/?p=8245","name":"Amend\u0103 de 35.000 de lei pentru o societate din Bumbe\u0219ti-Jiu, sanc\u021bionat\u0103 de Apele Rom\u00e2ne Jiu -","isPartOf":{"@id":"https:\/\/cronicahd.ro\/#website"},"primaryImageOfPage":{"@id":"https:\/\/cronicahd.ro\/?p=8245#primaryimage"},"image":{"@id":"https:\/\/cronicahd.ro\/?p=8245#primaryimage"},"thumbnailUrl":"https:\/\/cronicahd.ro\/wp-content\/uploads\/2026\/04\/IMG_6739.jpeg","datePublished":"2026-04-23T05:36:05+00:00","author":{"@id":"https:\/\/cronicahd.ro\/#\/schema\/person\/d1a1277a8cd166610328e17aaf58bf46"},"breadcrumb":{"@id":"https:\/\/cronicahd.ro\/?p=8245#breadcrumb"},"inLanguage":"ro-RO","potentialAction":[{"@type":"ReadAction","target":["https:\/\/cronicahd.ro\/?p=8245"]}]},{"@type":"ImageObject","inLanguage":"ro-RO","@id":"https:\/\/cronicahd.ro\/?p=8245#primaryimage","url":"https:\/\/cronicahd.ro\/wp-content\/uploads\/2026\/04\/IMG_6739.jpeg","contentUrl":"https:\/\/cronicahd.ro\/wp-content\/uploads\/2026\/04\/IMG_6739.jpeg","width":2040,"height":1530},{"@type":"BreadcrumbList","@id":"https:\/\/cronicahd.ro\/?p=8245#breadcrumb","itemListElement":[{"@type":"ListItem","position":1,"name":"Prima pagin\u0103","item":"https:\/\/cronicahd.ro\/"},{"@type":"ListItem","position":2,"name":"Amend\u0103 de 35.000 de lei pentru o societate din Bumbe\u0219ti-Jiu, sanc\u021bionat\u0103 de Apele Rom\u00e2ne Jiu"}]},{"@type":"WebSite","@id":"https:\/\/cronicahd.ro\/#website","url":"https:\/\/cronicahd.ro\/","name":"","description":"","potentialAction":[{"@type":"SearchAction","target":{"@type":"EntryPoint","urlTemplate":"https:\/\/cronicahd.ro\/?s={search_term_string}"},"query-input":{"@type":"PropertyValueSpecification","valueRequired":true,"valueName":"search_term_string"}}],"inLanguage":"ro-RO"},{"@type":"Person","@id":"https:\/\/cronicahd.ro\/#\/schema\/person\/d1a1277a8cd166610328e17aaf58bf46","name":"admin","image":{"@type":"ImageObject","inLanguage":"ro-RO","@id":"https:\/\/cronicahd.ro\/#\/schema\/person\/image\/","url":"https:\/\/secure.gravatar.com\/avatar\/24700337280d10898c2e0d19d44a05316bff9fccc941ecc5570ffe41668203f7?s=96&d=mm&r=g","contentUrl":"https:\/\/secure.gravatar.com\/avatar\/24700337280d10898c2e0d19d44a05316bff9fccc941ecc5570ffe41668203f7?s=96&d=mm&r=g","caption":"admin"},"sameAs":["https:\/\/cronicavj.ro"],"url":"https:\/\/cronicahd.ro\/?author=1"}]}},"_links":{"self":[{"href":"https:\/\/cronicahd.ro\/index.php?rest_route=\/wp\/v2\/posts\/8245","targetHints":{"allow":["GET"]}}],"collection":[{"href":"https:\/\/cronicahd.ro\/index.php?rest_route=\/wp\/v2\/posts"}],"about":[{"href":"https:\/\/cronicahd.ro\/index.php?rest_route=\/wp\/v2\/types\/post"}],"author":[{"embeddable":true,"href":"https:\/\/cronicahd.ro\/index.php?rest_route=\/wp\/v2\/users\/1"}],"replies":[{"embeddable":true,"href":"https:\/\/cronicahd.ro\/index.php?rest_route=%2Fwp%2Fv2%2Fcomments&post=8245"}],"version-history":[{"count":1,"href":"https:\/\/cronicahd.ro\/index.php?rest_route=\/wp\/v2\/posts\/8245\/revisions"}],"predecessor-version":[{"id":8250,"href":"https:\/\/cronicahd.ro\/index.php?rest_route=\/wp\/v2\/posts\/8245\/revisions\/8250"}],"wp:featuredmedia":[{"embeddable":true,"href":"https:\/\/cronicahd.ro\/index.php?rest_route=\/wp\/v2\/media\/8249"}],"wp:attachment":[{"href":"https:\/\/cronicahd.ro\/index.php?rest_route=%2Fwp%2Fv2%2Fmedia&parent=8245"}],"wp:term":[{"taxonomy":"category","embeddable":true,"href":"https:\/\/cronicahd.ro\/index.php?rest_route=%2Fwp%2Fv2%2Fcategories&post=8245"},{"taxonomy":"post_tag","embeddable":true,"href":"https:\/\/cronicahd.ro\/index.php?rest_route=%2Fwp%2Fv2%2Ftags&post=8245"}],"curies":[{"name":"wp","href":"https:\/\/api.w.org\/{rel}","templated":true}]}}