{"id":8231,"date":"2026-04-23T05:06:02","date_gmt":"2026-04-23T05:06:02","guid":{"rendered":"https:\/\/cronicahd.ro\/?p=8231"},"modified":"2026-04-23T05:06:02","modified_gmt":"2026-04-23T05:06:02","slug":"ce-faci-in-ultimul-weekend-din-aprilie","status":"publish","type":"post","link":"https:\/\/cronicahd.ro\/?p=8231","title":{"rendered":"Ce faci \u00een ultimul weekend din aprilie?"},"content":{"rendered":"<p>Ultimul weekend din aprilie aduce vreme bun\u0103, potrivit\u0103 pentru drume\u021bii \u0219i pentru a admira \u00eenc\u0103 br\u00e2ndu\u0219ele \u0219i florile de la munte.<\/p>\n<p>Spectacolele \u00eencep de vineri la THE STATION, \u00een sta\u021bia Par\u00e2ngul de la Petro\u0219ani \u2013 cu un concert \u00a0QUANTUM &#8211; rock covers &amp; more. Evenimentul are loc \u00a0vineri 24 aprilie 2026 &#8211; ora 20.00. Bilete, la intrare : 40 lei adul\u021bi, 20 lei elevi\/studen\u021bi.<\/p>\n<p><img loading=\"lazy\" decoding=\"async\" class=\"alignnone size-full wp-image-8234\" src=\"https:\/\/cronicahd.ro\/wp-content\/uploads\/2026\/04\/e-1.jpg\" alt=\"\" width=\"1536\" height=\"1024\" srcset=\"https:\/\/cronicahd.ro\/wp-content\/uploads\/2026\/04\/e-1.jpg 1536w, https:\/\/cronicahd.ro\/wp-content\/uploads\/2026\/04\/e-1-300x200.jpg 300w, https:\/\/cronicahd.ro\/wp-content\/uploads\/2026\/04\/e-1-1024x683.jpg 1024w, https:\/\/cronicahd.ro\/wp-content\/uploads\/2026\/04\/e-1-768x512.jpg 768w\" sizes=\"auto, (max-width: 1536px) 100vw, 1536px\" \/><\/p>\n<p>&nbsp;<\/p>\n<p>\u0218i tot din acest weekend, pute\u021bi viziona o expozi\u021bie inedit\u0103 pe holurile Universit\u0103\u021bii din Petro\u0219ani.<\/p>\n<p>Ciclul naturii, via\u021ba \u0219i latura trec\u0103toare a lucr\u0103rilor de LandArt f\u0103cute cu pasul \u00een z\u0103pad\u0103, se aseam\u0103n\u0103 prin caracterul efemer, \u00een urma c\u0103ruia, r\u0103m\u00e2ne sensul. \u201cMemento mori\u201d este o expresie latin\u0103 ce reprezint\u0103 simbolic latura trec\u0103toare a vie\u021bii. \u00cenr\u0103d\u0103cinat \u00een filosofia clasic\u0103 \u0219i \u00een cre\u0219tinism, acest concept ne \u00eendeamn\u0103 sa ne concentr\u0103m pe valorile eterne \u0219i \u00eencurajeaz\u0103 pre\u021buirea momentului prezent, cultivarea aten\u021biei con\u0219tiente \u0219i \u00eembr\u0103\u021bi\u0219area finitudinii vie\u021bii pentru a tr\u0103i virtuos.<\/p>\n<p>Vernisajul expozi\u021biei a fost\u00a0 joi, 23 aprilie la ora 16:00 \u00een Amfiteatrul A4 al Universit\u0103\u021bii din Petro\u0219ani. Expozi\u021bia surprinde, prin fotografie \u0219i film, jocul artistului Paul \u0218erban, realizat cu pasul prin z\u0103pad\u0103, lucr\u0103ri de LandArt din acest sezon trecut de iarn\u0103 \u0219i va putea fi vizualizat\u0103 \u00een perioada 23 aprilie &#8211; 27 mai, programul de vizitare fiind de luni p\u00e2n\u0103 vineri, \u00eentre orele 8.00-16.00.<\/p>\n<p><img loading=\"lazy\" decoding=\"async\" class=\"alignnone size-full wp-image-8235\" src=\"https:\/\/cronicahd.ro\/wp-content\/uploads\/2026\/04\/d-2.jpg\" alt=\"\" width=\"1920\" height=\"1005\" srcset=\"https:\/\/cronicahd.ro\/wp-content\/uploads\/2026\/04\/d-2.jpg 1920w, https:\/\/cronicahd.ro\/wp-content\/uploads\/2026\/04\/d-2-300x157.jpg 300w, https:\/\/cronicahd.ro\/wp-content\/uploads\/2026\/04\/d-2-1024x536.jpg 1024w, https:\/\/cronicahd.ro\/wp-content\/uploads\/2026\/04\/d-2-768x402.jpg 768w, https:\/\/cronicahd.ro\/wp-content\/uploads\/2026\/04\/d-2-1536x804.jpg 1536w\" sizes=\"auto, (max-width: 1920px) 100vw, 1920px\" \/><\/p>\n<p>&nbsp;<\/p>\n<p>A venit momentul s\u0103 ne dezmor\u021bim spiritele cu un show metal \u00een for\u021b\u0103, un nou \u00eenceput plin de energie \u0219i chef de rock&amp;roll, spun cei de la Barock Petro\u0219ani. S\u00e2mb\u0103t\u0103, 25.04.2026. \u00eencep\u00e2nd cu ora 20:00, d\u0103m muzica mai tare cu:<br \/>\n&#8211; Radiation &#8211; death\/thrash metal cover set<br \/>\n&#8211; Manifestor Generator \u2013 groove\/doom\/southern metal cu accente ambientale \u0219i orientale<br \/>\n&#8211; Denis P\u0103una \u2013 rock&amp;roll\/metal cover set, hituri clasice \u00eentr-un stil propriu<\/p>\n<p>Suport artist 30 lei.<\/p>\n<p><img loading=\"lazy\" decoding=\"async\" class=\"alignnone size-full wp-image-8232\" src=\"https:\/\/cronicahd.ro\/wp-content\/uploads\/2026\/04\/a-1.jpg\" alt=\"\" width=\"2048\" height=\"1068\" srcset=\"https:\/\/cronicahd.ro\/wp-content\/uploads\/2026\/04\/a-1.jpg 2048w, https:\/\/cronicahd.ro\/wp-content\/uploads\/2026\/04\/a-1-300x156.jpg 300w, https:\/\/cronicahd.ro\/wp-content\/uploads\/2026\/04\/a-1-1024x534.jpg 1024w, https:\/\/cronicahd.ro\/wp-content\/uploads\/2026\/04\/a-1-768x401.jpg 768w, https:\/\/cronicahd.ro\/wp-content\/uploads\/2026\/04\/a-1-1536x801.jpg 1536w\" sizes=\"auto, (max-width: 2048px) 100vw, 2048px\" \/><\/p>\n<p>&nbsp;<\/p>\n<p>\u0218i, dac\u0103 vre\u021bi o plimbare \u00een aer liber, atunci pute\u021bi urca \u00een Drume\u021bie pe Tuli\u0219a \u2013 Monumentul Eroilor (op\u021bional V\u00e2rful Tuli\u0219a)<br \/>\nDuminic\u0103, 26 aprilie 2026<br \/>\nSuntem invita\u021bi la o drume\u021bie de prim\u0103var\u0103 pe un traseu deosebit, pe traseul ce duce la Cascada Sterminos, cu destina\u021bia principal\u0103 Monumentul Eroilor (op\u021bional continuare p\u00e2n\u0103 pe V\u00e2rful Tuli\u0219a \u2013 1792 m).<br \/>\nPunct de \u00eent\u00e2lnire: la ora 08:00 \u00een Vulcan, \u00een parcarea auto de l\u00e2ng\u0103 \u0218coala General\u0103 Nr. 5 din Municipiul Vulcan.<br \/>\nTransport:<br \/>\nLa ora 08:20 vom lua autobuzul Green Line spre Uricani (cost green-line 7 lei\/zi).<br \/>\nDespre traseu: La urcare vom urma traseul spre Cascada Sterminos, unde vom admira splendoarea cascadei, dup\u0103 care va urma o urcare mai solicitant\u0103 p\u00e2n\u0103 la zona tran\u0219eelor, care \u0219i-au l\u0103sat amprenta \u00een istoria locului.<br \/>\nVom continua printr-un peisaj superb spre st\u00e2na de pe Tuli\u0219a, unde vom face o pauz\u0103 pentru mas\u0103 \u0219i relaxare. De aici, urc\u0103m spre Monumentul Eroilor, iar pentru cei cu energie, continu\u0103m p\u00e2n\u0103 pe v\u00e2rf. \u00a0Pe traseu vom putea admira br\u00e2ndu\u0219ele de prim\u0103var\u0103, iar sus vom avea ocazia s\u0103 ne bucur\u0103m de priveli\u0219ti \u0219i, bine\u00een\u021beles, s\u0103 facem poze memorabile pe V\u00e2rful Tuli\u0219a.<br \/>\nLa \u00eentoarcere vom urma traseul prin Cheile Valea de Brazi, o adev\u0103rat\u0103 splendoare natural\u0103, iar pe parcurs vom vizita \u0219i Pe\u0219tera Bisericu\u021ba.<img loading=\"lazy\" decoding=\"async\" class=\"alignnone size-full wp-image-8233\" src=\"https:\/\/cronicahd.ro\/wp-content\/uploads\/2026\/04\/h.jpg\" alt=\"\" width=\"2048\" height=\"944\" srcset=\"https:\/\/cronicahd.ro\/wp-content\/uploads\/2026\/04\/h.jpg 2048w, https:\/\/cronicahd.ro\/wp-content\/uploads\/2026\/04\/h-300x138.jpg 300w, https:\/\/cronicahd.ro\/wp-content\/uploads\/2026\/04\/h-1024x472.jpg 1024w, https:\/\/cronicahd.ro\/wp-content\/uploads\/2026\/04\/h-768x354.jpg 768w, https:\/\/cronicahd.ro\/wp-content\/uploads\/2026\/04\/h-1536x708.jpg 1536w\" sizes=\"auto, (max-width: 2048px) 100vw, 2048px\" \/><\/p>\n<p>&nbsp;<\/p>\n<p>Pute\u021bi ajunge \u0219i pe Via Transilvanica, urm\u00e2nd o zi complet\u0103 \u00eentr-una dintre cele mai spectaculoase zone din Rom\u00e2nia, S\u00e2mb\u0103t\u0103, 25 aprilie 2026.<br \/>\nV\u0103 invit\u0103m la o drume\u021bie \u00een zona Cioclovina \u2013 Ponorici \u2013 Fund\u0103tura Ponorului, un traseu care adun\u0103 \u00eentr-o singur\u0103 zi exact ce are mai frumos acest col\u021b de \u021bar\u0103: pe\u0219teri, platouri carstice, doline, avene, paji\u0219ti, dealuri line \u0219i una dintre cele mai cunoscute depresiuni \u00eenchise din Rom\u00e2nia.<br \/>\nOrganizatorii sunt cei de la Coco Outdoor Guide.<\/p>\n<p>\u201eNu mergem doar la Fund\u0103tura Ponorului, ci construim o experien\u021b\u0103 complet\u0103, pe un traseu diferit, mai variat \u0219i mai interesant.<br \/>\nVom porni din zona Cioclovina, vom vizita Pe\u0219tera Ponorici, vom traversa platoul Ponorici, vom ie\u0219i pe por\u021biuni nemarcate c\u0103tre Via Transilvanica, apoi vom ajunge \u00een Fund\u0103tura Ponorului. \u00centoarcerea o vom face pe alte variante, peste dealuri cu doline \u0219i avene, \u00eentr-un peisaj care schimb\u0103 permanent perspectiva asupra zonei.<br \/>\nEste un traseu frumos, dar \u0219i serios, pentru oameni care vor mai mult dec\u00e2t o simpl\u0103 plimbare\u201d, spun organizatorii.<\/p>\n<p><img loading=\"lazy\" decoding=\"async\" class=\"alignnone size-full wp-image-8236\" src=\"https:\/\/cronicahd.ro\/wp-content\/uploads\/2026\/04\/c-2.jpg\" alt=\"\" width=\"1536\" height=\"1024\" srcset=\"https:\/\/cronicahd.ro\/wp-content\/uploads\/2026\/04\/c-2.jpg 1536w, https:\/\/cronicahd.ro\/wp-content\/uploads\/2026\/04\/c-2-300x200.jpg 300w, https:\/\/cronicahd.ro\/wp-content\/uploads\/2026\/04\/c-2-1024x683.jpg 1024w, https:\/\/cronicahd.ro\/wp-content\/uploads\/2026\/04\/c-2-768x512.jpg 768w\" sizes=\"auto, (max-width: 1536px) 100vw, 1536px\" \/><\/p>\n<p>&nbsp;<\/p>\n<p>Biserica din lemn a Schitului monahal \u201eSf\u00e2ntul Ilie\u201d din Poiana Muierii, un loc ce apar\u021bine de teritoriul ora\u0219ului Petrila, va fi sfin\u021bit\u0103, la finele acestei s\u0103pt\u0103m\u00e2ni. Duminic\u0103, 26 Aprilie 2026, de la ora 8,30 va avea loc evenimentul la care sunt a\u0219tepta\u021bi to\u021bi cei ce vor s\u0103 participe.<\/p>\n<p>\u201eEvenimentul va avea loc \u00eencep\u00e2nd cu ura 8,30, prin s\u0103v\u00e2r\u0219irea Sfintei Liturghii Arhiere\u0219ti, urmat de o agap\u0103 fr\u0103\u021beasc\u0103. \u00cen acest moment de aleas\u0103 s\u0103rb\u0103toare, ne \u00eendrept\u0103m cu recuno\u0219tin\u021b\u0103 c\u0103tre to\u021bi cei care, prin bun\u0103voin\u021b\u0103, jertf\u0103 \u0219i osteneal\u0103, au contribuit la realizarea acestui loca\u0219 sf\u00e2nt, a\u0219ezat \u00een inima mun\u021bilor\u201d, spun m\u0103icu\u021bele de la schit.<img loading=\"lazy\" decoding=\"async\" class=\"alignnone size-full wp-image-8237\" src=\"https:\/\/cronicahd.ro\/wp-content\/uploads\/2026\/04\/b-5.jpg\" alt=\"\" width=\"900\" height=\"1600\" srcset=\"https:\/\/cronicahd.ro\/wp-content\/uploads\/2026\/04\/b-5.jpg 900w, https:\/\/cronicahd.ro\/wp-content\/uploads\/2026\/04\/b-5-169x300.jpg 169w, https:\/\/cronicahd.ro\/wp-content\/uploads\/2026\/04\/b-5-576x1024.jpg 576w, https:\/\/cronicahd.ro\/wp-content\/uploads\/2026\/04\/b-5-768x1365.jpg 768w, https:\/\/cronicahd.ro\/wp-content\/uploads\/2026\/04\/b-5-864x1536.jpg 864w\" sizes=\"auto, (max-width: 900px) 100vw, 900px\" \/><\/p>\n<p>&nbsp;<\/p>\n<p>S\u00e2mb\u0103t\u0103, 25 aprilie, suntem a\u0219tepta\u021bi la Teatrul Dramatic I.D S\u00eerbu din Petro\u0219ani, la piesa \u201eDetectorul de minciuni\u201d de Vasili Sigarev, un spectacol plin de umor, ritm \u0219i situa\u021bii \u00een care adev\u0103rul nu e chiar ce pare. \u201eA fost odat\u0103 ca niciodat\u0103 o familie, familia B\u00e2zov. Familia e compus\u0103, evident, dintr-un el \u0219i un ea. El, Boris Semionovici, 42 de ani, ea Nadejda Petrovna\u2026 fiind totu\u0219i o doamn\u0103, nu-i vom dezv\u0103lui v\u00e2rsta. La o prim\u0103 vedere pare a fi o familie obi\u0219nuit\u0103, dar, odat\u0103, Boris se \u00eembat\u0103, cine nu gre\u0219e\u0219te, \u0219i uit\u0103 unde a pus salariul. Nadejda, fiind o bun\u0103 gospodin\u0103, nu poate l\u0103sa ca acest incident s\u0103 r\u0103m\u00e2n\u0103 a\u0219a. Ce \u021bi-e \u0219i cu femeile astea\u2026 a\u0219adar cheam\u0103 un specialist s\u0103 rezolve problema. Va rezolva oare problema sau nu? \u0218i dac\u0103 o va rezolva, oare totul se va termina? Ve\u021bi afla urm\u0103rind spectacolul!\u201d<\/p>\n<p>Distribu\u021bia: Nicoleta Bolc\u0103, Mihai Sima, Dorin Ceagoreanu<\/p>\n<p>Regia: Ion V\u00e2ntu<\/p>\n<p>Scenografia: Marius Niculescu.<\/p>\n<p><img loading=\"lazy\" decoding=\"async\" class=\"alignnone size-full wp-image-8238\" src=\"https:\/\/cronicahd.ro\/wp-content\/uploads\/2026\/04\/f-2.jpg\" alt=\"\" width=\"1600\" height=\"1065\" srcset=\"https:\/\/cronicahd.ro\/wp-content\/uploads\/2026\/04\/f-2.jpg 1600w, https:\/\/cronicahd.ro\/wp-content\/uploads\/2026\/04\/f-2-300x200.jpg 300w, https:\/\/cronicahd.ro\/wp-content\/uploads\/2026\/04\/f-2-1024x682.jpg 1024w, https:\/\/cronicahd.ro\/wp-content\/uploads\/2026\/04\/f-2-768x511.jpg 768w, https:\/\/cronicahd.ro\/wp-content\/uploads\/2026\/04\/f-2-1536x1022.jpg 1536w\" sizes=\"auto, (max-width: 1600px) 100vw, 1600px\" \/><\/p>\n<p>&nbsp;<\/p>\n<p>\u0218i duminic\u0103 ne vedem la teatru. Pe 26 aprilie, de la ora 12.00, la sediu, avem invita\u021bie la o \u00eent\u00e2lnire special\u0103 cu lumea pove\u0219tilor!<\/p>\n<p>\u201eHansel \u0219i Gretel\u201d, dup\u0103 Fra\u021bii Grimm \u00a0este un spectacol plin de aventur\u0103, culoare \u0219i emo\u021bie, care \u00eei va purta pe cei mici \u00eentr-o lume magic\u0103. Copiii sub 3 ani au acces gratuit.<\/p>\n<p>\u201eHansel \u0219i Gretel\u201d e frumoasa \u0219i ingenioasa poveste a doi fra\u021bi abandona\u021bi \u00een p\u0103dure, care reu\u0219esc s-o \u00eenving\u0103 pe vr\u0103jitoarea din casa de turt\u0103 dulce. Dar dincolo de povestea cunoscut\u0103, spectacolul nostru are \u0219i alte surprize, muzic\u0103 \u0219i dansuri care o s\u0103 provoace bucuria copiilor.<\/p>\n<p>Distribu\u021bia: Andrei \u0218chiopu, Patricia Buraga, Izabela Badovics, Lauren\u021biu Vlad, Daniel Cerg\u0103, Oana Liciu-Gogu. Regia; Mihai Sima, scenografia: Wilhelmina Kuron Bekesi.<\/p>\n<p><img loading=\"lazy\" decoding=\"async\" class=\"alignnone size-full wp-image-8239\" src=\"https:\/\/cronicahd.ro\/wp-content\/uploads\/2026\/04\/g.jpg\" alt=\"\" width=\"1600\" height=\"1064\" srcset=\"https:\/\/cronicahd.ro\/wp-content\/uploads\/2026\/04\/g.jpg 1600w, https:\/\/cronicahd.ro\/wp-content\/uploads\/2026\/04\/g-300x200.jpg 300w, https:\/\/cronicahd.ro\/wp-content\/uploads\/2026\/04\/g-1024x681.jpg 1024w, https:\/\/cronicahd.ro\/wp-content\/uploads\/2026\/04\/g-768x511.jpg 768w, https:\/\/cronicahd.ro\/wp-content\/uploads\/2026\/04\/g-1536x1021.jpg 1536w\" sizes=\"auto, (max-width: 1600px) 100vw, 1600px\" \/><\/p>\n<p>&nbsp;<\/p>\n<p>Diana Mitrache<\/p>\n<p>&nbsp;<\/p>\n<p>&nbsp;<\/p>\n","protected":false},"excerpt":{"rendered":"<p>Ultimul weekend din aprilie aduce vreme bun\u0103, potrivit\u0103 pentru drume\u021bii \u0219i pentru a admira \u00eenc\u0103&#8230;<\/p>\n","protected":false},"author":1,"featured_media":8240,"comment_status":"closed","ping_status":"closed","sticky":false,"template":"","format":"standard","meta":{"footnotes":""},"categories":[1,19],"tags":[],"class_list":["post-8231","post","type-post","status-publish","format-standard","has-post-thumbnail","hentry","category-actual","category-timp-liber"],"yoast_head":"<!-- This site is optimized with the Yoast SEO plugin v25.3.1 - https:\/\/yoast.com\/wordpress\/plugins\/seo\/ -->\n<title>Ce faci \u00een ultimul weekend din aprilie? -<\/title>\n<meta name=\"robots\" content=\"index, follow, max-snippet:-1, max-image-preview:large, max-video-preview:-1\" \/>\n<link rel=\"canonical\" href=\"https:\/\/cronicahd.ro\/?p=8231\" \/>\n<meta property=\"og:locale\" content=\"ro_RO\" \/>\n<meta property=\"og:type\" content=\"article\" \/>\n<meta property=\"og:title\" content=\"Ce faci \u00een ultimul weekend din aprilie? -\" \/>\n<meta property=\"og:description\" content=\"Ultimul weekend din aprilie aduce vreme bun\u0103, potrivit\u0103 pentru drume\u021bii \u0219i pentru a admira \u00eenc\u0103...\" \/>\n<meta property=\"og:url\" content=\"https:\/\/cronicahd.ro\/?p=8231\" \/>\n<meta property=\"article:published_time\" content=\"2026-04-23T05:06:02+00:00\" \/>\n<meta property=\"og:image\" content=\"https:\/\/cronicahd.ro\/wp-content\/uploads\/2026\/04\/a-2.jpg\" \/>\n\t<meta property=\"og:image:width\" content=\"2048\" \/>\n\t<meta property=\"og:image:height\" content=\"1068\" \/>\n\t<meta property=\"og:image:type\" content=\"image\/jpeg\" \/>\n<meta name=\"author\" content=\"admin\" \/>\n<meta name=\"twitter:card\" content=\"summary_large_image\" \/>\n<meta name=\"twitter:label1\" content=\"Scris de\" \/>\n\t<meta name=\"twitter:data1\" content=\"admin\" \/>\n\t<meta name=\"twitter:label2\" content=\"Timp estimat pentru citire\" \/>\n\t<meta name=\"twitter:data2\" content=\"8 minute\" \/>\n<script type=\"application\/ld+json\" class=\"yoast-schema-graph\">{\"@context\":\"https:\/\/schema.org\",\"@graph\":[{\"@type\":\"WebPage\",\"@id\":\"https:\/\/cronicahd.ro\/?p=8231\",\"url\":\"https:\/\/cronicahd.ro\/?p=8231\",\"name\":\"Ce faci \u00een ultimul weekend din aprilie? -\",\"isPartOf\":{\"@id\":\"https:\/\/cronicahd.ro\/#website\"},\"primaryImageOfPage\":{\"@id\":\"https:\/\/cronicahd.ro\/?p=8231#primaryimage\"},\"image\":{\"@id\":\"https:\/\/cronicahd.ro\/?p=8231#primaryimage\"},\"thumbnailUrl\":\"https:\/\/cronicahd.ro\/wp-content\/uploads\/2026\/04\/a-2.jpg\",\"datePublished\":\"2026-04-23T05:06:02+00:00\",\"author\":{\"@id\":\"https:\/\/cronicahd.ro\/#\/schema\/person\/d1a1277a8cd166610328e17aaf58bf46\"},\"breadcrumb\":{\"@id\":\"https:\/\/cronicahd.ro\/?p=8231#breadcrumb\"},\"inLanguage\":\"ro-RO\",\"potentialAction\":[{\"@type\":\"ReadAction\",\"target\":[\"https:\/\/cronicahd.ro\/?p=8231\"]}]},{\"@type\":\"ImageObject\",\"inLanguage\":\"ro-RO\",\"@id\":\"https:\/\/cronicahd.ro\/?p=8231#primaryimage\",\"url\":\"https:\/\/cronicahd.ro\/wp-content\/uploads\/2026\/04\/a-2.jpg\",\"contentUrl\":\"https:\/\/cronicahd.ro\/wp-content\/uploads\/2026\/04\/a-2.jpg\",\"width\":2048,\"height\":1068},{\"@type\":\"BreadcrumbList\",\"@id\":\"https:\/\/cronicahd.ro\/?p=8231#breadcrumb\",\"itemListElement\":[{\"@type\":\"ListItem\",\"position\":1,\"name\":\"Prima pagin\u0103\",\"item\":\"https:\/\/cronicahd.ro\/\"},{\"@type\":\"ListItem\",\"position\":2,\"name\":\"Ce faci \u00een ultimul weekend din aprilie?\"}]},{\"@type\":\"WebSite\",\"@id\":\"https:\/\/cronicahd.ro\/#website\",\"url\":\"https:\/\/cronicahd.ro\/\",\"name\":\"\",\"description\":\"\",\"potentialAction\":[{\"@type\":\"SearchAction\",\"target\":{\"@type\":\"EntryPoint\",\"urlTemplate\":\"https:\/\/cronicahd.ro\/?s={search_term_string}\"},\"query-input\":{\"@type\":\"PropertyValueSpecification\",\"valueRequired\":true,\"valueName\":\"search_term_string\"}}],\"inLanguage\":\"ro-RO\"},{\"@type\":\"Person\",\"@id\":\"https:\/\/cronicahd.ro\/#\/schema\/person\/d1a1277a8cd166610328e17aaf58bf46\",\"name\":\"admin\",\"image\":{\"@type\":\"ImageObject\",\"inLanguage\":\"ro-RO\",\"@id\":\"https:\/\/cronicahd.ro\/#\/schema\/person\/image\/\",\"url\":\"https:\/\/secure.gravatar.com\/avatar\/24700337280d10898c2e0d19d44a05316bff9fccc941ecc5570ffe41668203f7?s=96&d=mm&r=g\",\"contentUrl\":\"https:\/\/secure.gravatar.com\/avatar\/24700337280d10898c2e0d19d44a05316bff9fccc941ecc5570ffe41668203f7?s=96&d=mm&r=g\",\"caption\":\"admin\"},\"sameAs\":[\"https:\/\/cronicavj.ro\"],\"url\":\"https:\/\/cronicahd.ro\/?author=1\"}]}<\/script>\n<!-- \/ Yoast SEO plugin. -->","yoast_head_json":{"title":"Ce faci \u00een ultimul weekend din aprilie? -","robots":{"index":"index","follow":"follow","max-snippet":"max-snippet:-1","max-image-preview":"max-image-preview:large","max-video-preview":"max-video-preview:-1"},"canonical":"https:\/\/cronicahd.ro\/?p=8231","og_locale":"ro_RO","og_type":"article","og_title":"Ce faci \u00een ultimul weekend din aprilie? -","og_description":"Ultimul weekend din aprilie aduce vreme bun\u0103, potrivit\u0103 pentru drume\u021bii \u0219i pentru a admira \u00eenc\u0103...","og_url":"https:\/\/cronicahd.ro\/?p=8231","article_published_time":"2026-04-23T05:06:02+00:00","og_image":[{"width":2048,"height":1068,"url":"https:\/\/cronicahd.ro\/wp-content\/uploads\/2026\/04\/a-2.jpg","type":"image\/jpeg"}],"author":"admin","twitter_card":"summary_large_image","twitter_misc":{"Scris de":"admin","Timp estimat pentru citire":"8 minute"},"schema":{"@context":"https:\/\/schema.org","@graph":[{"@type":"WebPage","@id":"https:\/\/cronicahd.ro\/?p=8231","url":"https:\/\/cronicahd.ro\/?p=8231","name":"Ce faci \u00een ultimul weekend din aprilie? -","isPartOf":{"@id":"https:\/\/cronicahd.ro\/#website"},"primaryImageOfPage":{"@id":"https:\/\/cronicahd.ro\/?p=8231#primaryimage"},"image":{"@id":"https:\/\/cronicahd.ro\/?p=8231#primaryimage"},"thumbnailUrl":"https:\/\/cronicahd.ro\/wp-content\/uploads\/2026\/04\/a-2.jpg","datePublished":"2026-04-23T05:06:02+00:00","author":{"@id":"https:\/\/cronicahd.ro\/#\/schema\/person\/d1a1277a8cd166610328e17aaf58bf46"},"breadcrumb":{"@id":"https:\/\/cronicahd.ro\/?p=8231#breadcrumb"},"inLanguage":"ro-RO","potentialAction":[{"@type":"ReadAction","target":["https:\/\/cronicahd.ro\/?p=8231"]}]},{"@type":"ImageObject","inLanguage":"ro-RO","@id":"https:\/\/cronicahd.ro\/?p=8231#primaryimage","url":"https:\/\/cronicahd.ro\/wp-content\/uploads\/2026\/04\/a-2.jpg","contentUrl":"https:\/\/cronicahd.ro\/wp-content\/uploads\/2026\/04\/a-2.jpg","width":2048,"height":1068},{"@type":"BreadcrumbList","@id":"https:\/\/cronicahd.ro\/?p=8231#breadcrumb","itemListElement":[{"@type":"ListItem","position":1,"name":"Prima pagin\u0103","item":"https:\/\/cronicahd.ro\/"},{"@type":"ListItem","position":2,"name":"Ce faci \u00een ultimul weekend din aprilie?"}]},{"@type":"WebSite","@id":"https:\/\/cronicahd.ro\/#website","url":"https:\/\/cronicahd.ro\/","name":"","description":"","potentialAction":[{"@type":"SearchAction","target":{"@type":"EntryPoint","urlTemplate":"https:\/\/cronicahd.ro\/?s={search_term_string}"},"query-input":{"@type":"PropertyValueSpecification","valueRequired":true,"valueName":"search_term_string"}}],"inLanguage":"ro-RO"},{"@type":"Person","@id":"https:\/\/cronicahd.ro\/#\/schema\/person\/d1a1277a8cd166610328e17aaf58bf46","name":"admin","image":{"@type":"ImageObject","inLanguage":"ro-RO","@id":"https:\/\/cronicahd.ro\/#\/schema\/person\/image\/","url":"https:\/\/secure.gravatar.com\/avatar\/24700337280d10898c2e0d19d44a05316bff9fccc941ecc5570ffe41668203f7?s=96&d=mm&r=g","contentUrl":"https:\/\/secure.gravatar.com\/avatar\/24700337280d10898c2e0d19d44a05316bff9fccc941ecc5570ffe41668203f7?s=96&d=mm&r=g","caption":"admin"},"sameAs":["https:\/\/cronicavj.ro"],"url":"https:\/\/cronicahd.ro\/?author=1"}]}},"_links":{"self":[{"href":"https:\/\/cronicahd.ro\/index.php?rest_route=\/wp\/v2\/posts\/8231","targetHints":{"allow":["GET"]}}],"collection":[{"href":"https:\/\/cronicahd.ro\/index.php?rest_route=\/wp\/v2\/posts"}],"about":[{"href":"https:\/\/cronicahd.ro\/index.php?rest_route=\/wp\/v2\/types\/post"}],"author":[{"embeddable":true,"href":"https:\/\/cronicahd.ro\/index.php?rest_route=\/wp\/v2\/users\/1"}],"replies":[{"embeddable":true,"href":"https:\/\/cronicahd.ro\/index.php?rest_route=%2Fwp%2Fv2%2Fcomments&post=8231"}],"version-history":[{"count":1,"href":"https:\/\/cronicahd.ro\/index.php?rest_route=\/wp\/v2\/posts\/8231\/revisions"}],"predecessor-version":[{"id":8241,"href":"https:\/\/cronicahd.ro\/index.php?rest_route=\/wp\/v2\/posts\/8231\/revisions\/8241"}],"wp:featuredmedia":[{"embeddable":true,"href":"https:\/\/cronicahd.ro\/index.php?rest_route=\/wp\/v2\/media\/8240"}],"wp:attachment":[{"href":"https:\/\/cronicahd.ro\/index.php?rest_route=%2Fwp%2Fv2%2Fmedia&parent=8231"}],"wp:term":[{"taxonomy":"category","embeddable":true,"href":"https:\/\/cronicahd.ro\/index.php?rest_route=%2Fwp%2Fv2%2Fcategories&post=8231"},{"taxonomy":"post_tag","embeddable":true,"href":"https:\/\/cronicahd.ro\/index.php?rest_route=%2Fwp%2Fv2%2Ftags&post=8231"}],"curies":[{"name":"wp","href":"https:\/\/api.w.org\/{rel}","templated":true}]}}