{"id":8224,"date":"2026-04-23T04:21:51","date_gmt":"2026-04-23T04:21:51","guid":{"rendered":"https:\/\/cronicahd.ro\/?p=8224"},"modified":"2026-04-23T04:21:51","modified_gmt":"2026-04-23T04:21:51","slug":"straja-varful-de-lance-al-turismului-hunedorean-marea-mobilizare-pentru-titlul-de-destinatia-anului-2026","status":"publish","type":"post","link":"https:\/\/cronicahd.ro\/?p=8224","title":{"rendered":"Straja, v\u00e2rful de lance al turismului hunedorean. Marea mobilizare pentru titlul de \u201eDestina\u021bia Anului 2026\u201d"},"content":{"rendered":"<p>Inima Mun\u021bilor V\u00e2lcan bate mai puternic \u00een acest an. Sta\u021biunea Straja, un reper al adrenalinei \u0219i al peisajelor alpine, conduce ofensiva jude\u021bului Hunedoara \u00een competi\u021bia na\u021bional\u0103 \u201eDestina\u021bia Anului 2026\u201d. Autorit\u0103\u021bile din municipiul Lupeni lanseaz\u0103 un apel c\u0103tre to\u021bi cei care iubesc muntele: este momentul ca Straja s\u0103 devin\u0103, oficial, cea mai apreciat\u0103 sta\u021biune turistic\u0103 din Rom\u00e2nia.<\/p>\n<p>Pentru pasiona\u021bii de sporturi de iarn\u0103 \u0219i iubitorii de drume\u021bii, Straja reprezint\u0103 deja un etalon. Cu un domeniu schiabil vast \u0219i tradi\u021bii care supravie\u021buiesc timpului, sta\u021biunea ofer\u0103 un amestec unic de energie \u0219i spiritualitate. Acum, acest loc cu un farmec aparte are \u0219ansa s\u0103 primeasc\u0103 recunoa\u0219terea pe care o merit\u0103 la nivel interna\u021bional. O victorie \u00een acest concurs va transforma masivul \u00eentr-un magnet pentru turi\u0219tii str\u0103ini \u0219i va valida eforturile de dezvoltare din ultimii ani.<\/p>\n<p>Succesul depinde de implicarea comunit\u0103\u021bii. Victoria nu apar\u021bine doar sta\u021biunii, ci fiec\u0103rui om care a sim\u021bit vreodat\u0103 libertatea pe crestele mun\u021bilor no\u0219tri. Procedura este simpl\u0103, iar impactul este major pentru viitorul economic al zonei.<\/p>\n<p>Cei care doresc s\u0103 sus\u021bin\u0103 Straja \u0219i restul destina\u021biilor hunedorene pot vota pe <a href=\"https:\/\/www.destinatiaanului.ro\/competitia\/voteaza\">www.destinatiaanului.ro<\/a> p\u00e2n\u0103 la data de 25 aprilie. Marile premii vor fi anun\u021bate pe 14 mai, \u00eentr-o gal\u0103 care poate plasa Hunedoara pe cea mai \u00eenalt\u0103 treapt\u0103 a podiumului turistic rom\u00e2nesc.<\/p>\n<p>Monika BACIU<\/p>\n<p>&nbsp;<\/p>\n","protected":false},"excerpt":{"rendered":"<p>Inima Mun\u021bilor V\u00e2lcan bate mai puternic \u00een acest an. Sta\u021biunea Straja, un reper al adrenalinei&#8230;<\/p>\n","protected":false},"author":1,"featured_media":8225,"comment_status":"closed","ping_status":"closed","sticky":false,"template":"","format":"standard","meta":{"footnotes":""},"categories":[1,10],"tags":[],"class_list":["post-8224","post","type-post","status-publish","format-standard","has-post-thumbnail","hentry","category-actual","category-turism"],"yoast_head":"<!-- This site is optimized with the Yoast SEO plugin v25.3.1 - https:\/\/yoast.com\/wordpress\/plugins\/seo\/ -->\n<title>Straja, v\u00e2rful de lance al turismului hunedorean. Marea mobilizare pentru titlul de \u201eDestina\u021bia Anului 2026\u201d -<\/title>\n<meta name=\"robots\" content=\"index, follow, max-snippet:-1, max-image-preview:large, max-video-preview:-1\" \/>\n<link rel=\"canonical\" href=\"https:\/\/cronicahd.ro\/?p=8224\" \/>\n<meta property=\"og:locale\" content=\"ro_RO\" \/>\n<meta property=\"og:type\" content=\"article\" \/>\n<meta property=\"og:title\" content=\"Straja, v\u00e2rful de lance al turismului hunedorean. Marea mobilizare pentru titlul de \u201eDestina\u021bia Anului 2026\u201d -\" \/>\n<meta property=\"og:description\" content=\"Inima Mun\u021bilor V\u00e2lcan bate mai puternic \u00een acest an. Sta\u021biunea Straja, un reper al adrenalinei...\" \/>\n<meta property=\"og:url\" content=\"https:\/\/cronicahd.ro\/?p=8224\" \/>\n<meta property=\"article:published_time\" content=\"2026-04-23T04:21:51+00:00\" \/>\n<meta property=\"og:image\" content=\"https:\/\/cronicahd.ro\/wp-content\/uploads\/2026\/04\/destinatia-anului-2026-e1775577721673.jpg\" \/>\n\t<meta property=\"og:image:width\" content=\"1080\" \/>\n\t<meta property=\"og:image:height\" content=\"690\" \/>\n\t<meta property=\"og:image:type\" content=\"image\/jpeg\" \/>\n<meta name=\"author\" content=\"admin\" \/>\n<meta name=\"twitter:card\" content=\"summary_large_image\" \/>\n<meta name=\"twitter:label1\" content=\"Scris de\" \/>\n\t<meta name=\"twitter:data1\" content=\"admin\" \/>\n\t<meta name=\"twitter:label2\" content=\"Timp estimat pentru citire\" \/>\n\t<meta name=\"twitter:data2\" content=\"2 minute\" \/>\n<script type=\"application\/ld+json\" class=\"yoast-schema-graph\">{\"@context\":\"https:\/\/schema.org\",\"@graph\":[{\"@type\":\"WebPage\",\"@id\":\"https:\/\/cronicahd.ro\/?p=8224\",\"url\":\"https:\/\/cronicahd.ro\/?p=8224\",\"name\":\"Straja, v\u00e2rful de lance al turismului hunedorean. Marea mobilizare pentru titlul de \u201eDestina\u021bia Anului 2026\u201d -\",\"isPartOf\":{\"@id\":\"https:\/\/cronicahd.ro\/#website\"},\"primaryImageOfPage\":{\"@id\":\"https:\/\/cronicahd.ro\/?p=8224#primaryimage\"},\"image\":{\"@id\":\"https:\/\/cronicahd.ro\/?p=8224#primaryimage\"},\"thumbnailUrl\":\"https:\/\/cronicahd.ro\/wp-content\/uploads\/2026\/04\/destinatia-anului-2026-e1775577721673.jpg\",\"datePublished\":\"2026-04-23T04:21:51+00:00\",\"author\":{\"@id\":\"https:\/\/cronicahd.ro\/#\/schema\/person\/d1a1277a8cd166610328e17aaf58bf46\"},\"breadcrumb\":{\"@id\":\"https:\/\/cronicahd.ro\/?p=8224#breadcrumb\"},\"inLanguage\":\"ro-RO\",\"potentialAction\":[{\"@type\":\"ReadAction\",\"target\":[\"https:\/\/cronicahd.ro\/?p=8224\"]}]},{\"@type\":\"ImageObject\",\"inLanguage\":\"ro-RO\",\"@id\":\"https:\/\/cronicahd.ro\/?p=8224#primaryimage\",\"url\":\"https:\/\/cronicahd.ro\/wp-content\/uploads\/2026\/04\/destinatia-anului-2026-e1775577721673.jpg\",\"contentUrl\":\"https:\/\/cronicahd.ro\/wp-content\/uploads\/2026\/04\/destinatia-anului-2026-e1775577721673.jpg\",\"width\":1080,\"height\":690},{\"@type\":\"BreadcrumbList\",\"@id\":\"https:\/\/cronicahd.ro\/?p=8224#breadcrumb\",\"itemListElement\":[{\"@type\":\"ListItem\",\"position\":1,\"name\":\"Prima pagin\u0103\",\"item\":\"https:\/\/cronicahd.ro\/\"},{\"@type\":\"ListItem\",\"position\":2,\"name\":\"Straja, v\u00e2rful de lance al turismului hunedorean. Marea mobilizare pentru titlul de \u201eDestina\u021bia Anului 2026\u201d\"}]},{\"@type\":\"WebSite\",\"@id\":\"https:\/\/cronicahd.ro\/#website\",\"url\":\"https:\/\/cronicahd.ro\/\",\"name\":\"\",\"description\":\"\",\"potentialAction\":[{\"@type\":\"SearchAction\",\"target\":{\"@type\":\"EntryPoint\",\"urlTemplate\":\"https:\/\/cronicahd.ro\/?s={search_term_string}\"},\"query-input\":{\"@type\":\"PropertyValueSpecification\",\"valueRequired\":true,\"valueName\":\"search_term_string\"}}],\"inLanguage\":\"ro-RO\"},{\"@type\":\"Person\",\"@id\":\"https:\/\/cronicahd.ro\/#\/schema\/person\/d1a1277a8cd166610328e17aaf58bf46\",\"name\":\"admin\",\"image\":{\"@type\":\"ImageObject\",\"inLanguage\":\"ro-RO\",\"@id\":\"https:\/\/cronicahd.ro\/#\/schema\/person\/image\/\",\"url\":\"https:\/\/secure.gravatar.com\/avatar\/24700337280d10898c2e0d19d44a05316bff9fccc941ecc5570ffe41668203f7?s=96&d=mm&r=g\",\"contentUrl\":\"https:\/\/secure.gravatar.com\/avatar\/24700337280d10898c2e0d19d44a05316bff9fccc941ecc5570ffe41668203f7?s=96&d=mm&r=g\",\"caption\":\"admin\"},\"sameAs\":[\"https:\/\/cronicavj.ro\"],\"url\":\"https:\/\/cronicahd.ro\/?author=1\"}]}<\/script>\n<!-- \/ Yoast SEO plugin. -->","yoast_head_json":{"title":"Straja, v\u00e2rful de lance al turismului hunedorean. Marea mobilizare pentru titlul de \u201eDestina\u021bia Anului 2026\u201d -","robots":{"index":"index","follow":"follow","max-snippet":"max-snippet:-1","max-image-preview":"max-image-preview:large","max-video-preview":"max-video-preview:-1"},"canonical":"https:\/\/cronicahd.ro\/?p=8224","og_locale":"ro_RO","og_type":"article","og_title":"Straja, v\u00e2rful de lance al turismului hunedorean. Marea mobilizare pentru titlul de \u201eDestina\u021bia Anului 2026\u201d -","og_description":"Inima Mun\u021bilor V\u00e2lcan bate mai puternic \u00een acest an. Sta\u021biunea Straja, un reper al adrenalinei...","og_url":"https:\/\/cronicahd.ro\/?p=8224","article_published_time":"2026-04-23T04:21:51+00:00","og_image":[{"width":1080,"height":690,"url":"https:\/\/cronicahd.ro\/wp-content\/uploads\/2026\/04\/destinatia-anului-2026-e1775577721673.jpg","type":"image\/jpeg"}],"author":"admin","twitter_card":"summary_large_image","twitter_misc":{"Scris de":"admin","Timp estimat pentru citire":"2 minute"},"schema":{"@context":"https:\/\/schema.org","@graph":[{"@type":"WebPage","@id":"https:\/\/cronicahd.ro\/?p=8224","url":"https:\/\/cronicahd.ro\/?p=8224","name":"Straja, v\u00e2rful de lance al turismului hunedorean. Marea mobilizare pentru titlul de \u201eDestina\u021bia Anului 2026\u201d -","isPartOf":{"@id":"https:\/\/cronicahd.ro\/#website"},"primaryImageOfPage":{"@id":"https:\/\/cronicahd.ro\/?p=8224#primaryimage"},"image":{"@id":"https:\/\/cronicahd.ro\/?p=8224#primaryimage"},"thumbnailUrl":"https:\/\/cronicahd.ro\/wp-content\/uploads\/2026\/04\/destinatia-anului-2026-e1775577721673.jpg","datePublished":"2026-04-23T04:21:51+00:00","author":{"@id":"https:\/\/cronicahd.ro\/#\/schema\/person\/d1a1277a8cd166610328e17aaf58bf46"},"breadcrumb":{"@id":"https:\/\/cronicahd.ro\/?p=8224#breadcrumb"},"inLanguage":"ro-RO","potentialAction":[{"@type":"ReadAction","target":["https:\/\/cronicahd.ro\/?p=8224"]}]},{"@type":"ImageObject","inLanguage":"ro-RO","@id":"https:\/\/cronicahd.ro\/?p=8224#primaryimage","url":"https:\/\/cronicahd.ro\/wp-content\/uploads\/2026\/04\/destinatia-anului-2026-e1775577721673.jpg","contentUrl":"https:\/\/cronicahd.ro\/wp-content\/uploads\/2026\/04\/destinatia-anului-2026-e1775577721673.jpg","width":1080,"height":690},{"@type":"BreadcrumbList","@id":"https:\/\/cronicahd.ro\/?p=8224#breadcrumb","itemListElement":[{"@type":"ListItem","position":1,"name":"Prima pagin\u0103","item":"https:\/\/cronicahd.ro\/"},{"@type":"ListItem","position":2,"name":"Straja, v\u00e2rful de lance al turismului hunedorean. Marea mobilizare pentru titlul de \u201eDestina\u021bia Anului 2026\u201d"}]},{"@type":"WebSite","@id":"https:\/\/cronicahd.ro\/#website","url":"https:\/\/cronicahd.ro\/","name":"","description":"","potentialAction":[{"@type":"SearchAction","target":{"@type":"EntryPoint","urlTemplate":"https:\/\/cronicahd.ro\/?s={search_term_string}"},"query-input":{"@type":"PropertyValueSpecification","valueRequired":true,"valueName":"search_term_string"}}],"inLanguage":"ro-RO"},{"@type":"Person","@id":"https:\/\/cronicahd.ro\/#\/schema\/person\/d1a1277a8cd166610328e17aaf58bf46","name":"admin","image":{"@type":"ImageObject","inLanguage":"ro-RO","@id":"https:\/\/cronicahd.ro\/#\/schema\/person\/image\/","url":"https:\/\/secure.gravatar.com\/avatar\/24700337280d10898c2e0d19d44a05316bff9fccc941ecc5570ffe41668203f7?s=96&d=mm&r=g","contentUrl":"https:\/\/secure.gravatar.com\/avatar\/24700337280d10898c2e0d19d44a05316bff9fccc941ecc5570ffe41668203f7?s=96&d=mm&r=g","caption":"admin"},"sameAs":["https:\/\/cronicavj.ro"],"url":"https:\/\/cronicahd.ro\/?author=1"}]}},"_links":{"self":[{"href":"https:\/\/cronicahd.ro\/index.php?rest_route=\/wp\/v2\/posts\/8224","targetHints":{"allow":["GET"]}}],"collection":[{"href":"https:\/\/cronicahd.ro\/index.php?rest_route=\/wp\/v2\/posts"}],"about":[{"href":"https:\/\/cronicahd.ro\/index.php?rest_route=\/wp\/v2\/types\/post"}],"author":[{"embeddable":true,"href":"https:\/\/cronicahd.ro\/index.php?rest_route=\/wp\/v2\/users\/1"}],"replies":[{"embeddable":true,"href":"https:\/\/cronicahd.ro\/index.php?rest_route=%2Fwp%2Fv2%2Fcomments&post=8224"}],"version-history":[{"count":1,"href":"https:\/\/cronicahd.ro\/index.php?rest_route=\/wp\/v2\/posts\/8224\/revisions"}],"predecessor-version":[{"id":8226,"href":"https:\/\/cronicahd.ro\/index.php?rest_route=\/wp\/v2\/posts\/8224\/revisions\/8226"}],"wp:featuredmedia":[{"embeddable":true,"href":"https:\/\/cronicahd.ro\/index.php?rest_route=\/wp\/v2\/media\/8225"}],"wp:attachment":[{"href":"https:\/\/cronicahd.ro\/index.php?rest_route=%2Fwp%2Fv2%2Fmedia&parent=8224"}],"wp:term":[{"taxonomy":"category","embeddable":true,"href":"https:\/\/cronicahd.ro\/index.php?rest_route=%2Fwp%2Fv2%2Fcategories&post=8224"},{"taxonomy":"post_tag","embeddable":true,"href":"https:\/\/cronicahd.ro\/index.php?rest_route=%2Fwp%2Fv2%2Ftags&post=8224"}],"curies":[{"name":"wp","href":"https:\/\/api.w.org\/{rel}","templated":true}]}}