{"id":8221,"date":"2026-04-23T02:56:55","date_gmt":"2026-04-23T02:56:55","guid":{"rendered":"https:\/\/cronicahd.ro\/?p=8221"},"modified":"2026-04-23T02:56:55","modified_gmt":"2026-04-23T02:56:55","slug":"nedeea-momarlanilor-din-dealul-babii-traditii-vii-bucate-alese-si-voie-buna-pentru-toti-participantii","status":"publish","type":"post","link":"https:\/\/cronicahd.ro\/?p=8221","title":{"rendered":"Nedeea Mom\u00e2rlanilor din Dealul Babii: tradi\u021bii vii, bucate alese \u0219i voie bun\u0103 pentru to\u021bi participan\u021bii"},"content":{"rendered":"<p>Comunitatea mom\u00e2rlanilor din Dealul Babii invit\u0103 publicul larg s\u0103 ia parte, \u00een data de 3 mai, la unul dintre cele mai a\u0219teptate evenimente tradi\u021bionale din zon\u0103 \u2013 Nedeea Mom\u00e2rlanilor, o s\u0103rb\u0103toare autentic\u0103 dedicat\u0103 p\u0103str\u0103rii \u0219i promov\u0103rii obiceiurilor str\u0103mo\u0219e\u0219ti.<\/p>\n<p>Evenimentul va avea loc la C\u0103minul Cultural din Dealul Babii, \u00eencep\u00e2nd cu ora 12:00, \u0219i promite o zi plin\u0103 de muzic\u0103 popular\u0103, dansuri tradi\u021bionale \u0219i momente de bucurie autentic\u0103, \u00eentr-un cadru specific zonei mom\u00e2rl\u0103ne\u0219ti.<\/p>\n<p>Organizatorii \u00ee\u0219i propun, \u0219i \u00een acest an, s\u0103 aduc\u0103 \u00een prim-plan valorile culturale locale, invit\u00e2nd participan\u021bii s\u0103 redescopere frumuse\u021bea portului popular \u0219i farmecul obiceiurilor transmise din genera\u021bie \u00een genera\u021bie. \u201eEste un eveniment de suflet pentru comunitatea noastr\u0103, un prilej de a ne reuni \u0219i de a duce mai departe tradi\u021biile care ne definesc\u201d, transmit organizatorii.<\/p>\n<p>Un punct de atrac\u021bie al nedeii \u00eel reprezint\u0103 bucatele tradi\u021bionale oferite participan\u021bilor. Cei prezen\u021bi vor fi \u00eent\u00e2mpina\u021bi cu pomana specific\u0103 zonei, care va include pasat \u0219i tocan\u0103 de oaie, preparate dup\u0103 re\u021bete autentice mom\u00e2rl\u0103ne\u0219ti.<\/p>\n<p>Atmosfera va fi \u00eentre\u021binut\u0103 de muzic\u0103 popular\u0103 autentic\u0103 \u0219i dansuri specifice zonei, iar participan\u021bii sunt \u00eencuraja\u021bi s\u0103 poarte straie populare \u0219i s\u0103 vin\u0103 cu voie bun\u0103.<\/p>\n<p>Nedeea Mom\u00e2rlanilor din Dealul Babii se anun\u021b\u0103 a fi, \u0219i \u00een acest an, un moment de celebrare a identit\u0103\u021bii locale, deschis tuturor celor care apreciaz\u0103 tradi\u021biile rom\u00e2ne\u0219ti \u0219i spiritul comunit\u0103\u021bii.<\/p>\n<p>Organizatorii \u00eei invit\u0103 pe to\u021bi cei interesa\u021bi s\u0103 participe \u0219i s\u0103 contribuie la p\u0103strarea vie a patrimoniului cultural mom\u00e2rl\u0103nesc.<\/p>\n","protected":false},"excerpt":{"rendered":"<p>Comunitatea mom\u00e2rlanilor din Dealul Babii invit\u0103 publicul larg s\u0103 ia parte, \u00een data de 3&#8230;<\/p>\n","protected":false},"author":1,"featured_media":8222,"comment_status":"closed","ping_status":"closed","sticky":false,"template":"","format":"standard","meta":{"footnotes":""},"categories":[1,19],"tags":[],"class_list":["post-8221","post","type-post","status-publish","format-standard","has-post-thumbnail","hentry","category-actual","category-timp-liber"],"yoast_head":"<!-- This site is optimized with the Yoast SEO plugin v25.3.1 - https:\/\/yoast.com\/wordpress\/plugins\/seo\/ -->\n<title>Nedeea Mom\u00e2rlanilor din Dealul Babii: tradi\u021bii vii, bucate alese \u0219i voie bun\u0103 pentru to\u021bi participan\u021bii -<\/title>\n<meta name=\"robots\" content=\"index, follow, max-snippet:-1, max-image-preview:large, max-video-preview:-1\" \/>\n<link rel=\"canonical\" href=\"https:\/\/cronicahd.ro\/?p=8221\" \/>\n<meta property=\"og:locale\" content=\"ro_RO\" \/>\n<meta property=\"og:type\" content=\"article\" \/>\n<meta property=\"og:title\" content=\"Nedeea Mom\u00e2rlanilor din Dealul Babii: tradi\u021bii vii, bucate alese \u0219i voie bun\u0103 pentru to\u021bi participan\u021bii -\" \/>\n<meta property=\"og:description\" content=\"Comunitatea mom\u00e2rlanilor din Dealul Babii invit\u0103 publicul larg s\u0103 ia parte, \u00een data de 3...\" \/>\n<meta property=\"og:url\" content=\"https:\/\/cronicahd.ro\/?p=8221\" \/>\n<meta property=\"article:published_time\" content=\"2026-04-23T02:56:55+00:00\" \/>\n<meta property=\"og:image\" content=\"https:\/\/cronicahd.ro\/wp-content\/uploads\/2026\/04\/IMG_6738.jpeg\" \/>\n\t<meta property=\"og:image:width\" content=\"1064\" \/>\n\t<meta property=\"og:image:height\" content=\"1478\" \/>\n\t<meta property=\"og:image:type\" content=\"image\/jpeg\" \/>\n<meta name=\"author\" content=\"admin\" \/>\n<meta name=\"twitter:card\" content=\"summary_large_image\" \/>\n<meta name=\"twitter:label1\" content=\"Scris de\" \/>\n\t<meta name=\"twitter:data1\" content=\"admin\" \/>\n\t<meta name=\"twitter:label2\" content=\"Timp estimat pentru citire\" \/>\n\t<meta name=\"twitter:data2\" content=\"2 minute\" \/>\n<script type=\"application\/ld+json\" class=\"yoast-schema-graph\">{\"@context\":\"https:\/\/schema.org\",\"@graph\":[{\"@type\":\"WebPage\",\"@id\":\"https:\/\/cronicahd.ro\/?p=8221\",\"url\":\"https:\/\/cronicahd.ro\/?p=8221\",\"name\":\"Nedeea Mom\u00e2rlanilor din Dealul Babii: tradi\u021bii vii, bucate alese \u0219i voie bun\u0103 pentru to\u021bi participan\u021bii -\",\"isPartOf\":{\"@id\":\"https:\/\/cronicahd.ro\/#website\"},\"primaryImageOfPage\":{\"@id\":\"https:\/\/cronicahd.ro\/?p=8221#primaryimage\"},\"image\":{\"@id\":\"https:\/\/cronicahd.ro\/?p=8221#primaryimage\"},\"thumbnailUrl\":\"https:\/\/cronicahd.ro\/wp-content\/uploads\/2026\/04\/IMG_6738.jpeg\",\"datePublished\":\"2026-04-23T02:56:55+00:00\",\"author\":{\"@id\":\"https:\/\/cronicahd.ro\/#\/schema\/person\/d1a1277a8cd166610328e17aaf58bf46\"},\"breadcrumb\":{\"@id\":\"https:\/\/cronicahd.ro\/?p=8221#breadcrumb\"},\"inLanguage\":\"ro-RO\",\"potentialAction\":[{\"@type\":\"ReadAction\",\"target\":[\"https:\/\/cronicahd.ro\/?p=8221\"]}]},{\"@type\":\"ImageObject\",\"inLanguage\":\"ro-RO\",\"@id\":\"https:\/\/cronicahd.ro\/?p=8221#primaryimage\",\"url\":\"https:\/\/cronicahd.ro\/wp-content\/uploads\/2026\/04\/IMG_6738.jpeg\",\"contentUrl\":\"https:\/\/cronicahd.ro\/wp-content\/uploads\/2026\/04\/IMG_6738.jpeg\",\"width\":1064,\"height\":1478},{\"@type\":\"BreadcrumbList\",\"@id\":\"https:\/\/cronicahd.ro\/?p=8221#breadcrumb\",\"itemListElement\":[{\"@type\":\"ListItem\",\"position\":1,\"name\":\"Prima pagin\u0103\",\"item\":\"https:\/\/cronicahd.ro\/\"},{\"@type\":\"ListItem\",\"position\":2,\"name\":\"Nedeea Mom\u00e2rlanilor din Dealul Babii: tradi\u021bii vii, bucate alese \u0219i voie bun\u0103 pentru to\u021bi participan\u021bii\"}]},{\"@type\":\"WebSite\",\"@id\":\"https:\/\/cronicahd.ro\/#website\",\"url\":\"https:\/\/cronicahd.ro\/\",\"name\":\"\",\"description\":\"\",\"potentialAction\":[{\"@type\":\"SearchAction\",\"target\":{\"@type\":\"EntryPoint\",\"urlTemplate\":\"https:\/\/cronicahd.ro\/?s={search_term_string}\"},\"query-input\":{\"@type\":\"PropertyValueSpecification\",\"valueRequired\":true,\"valueName\":\"search_term_string\"}}],\"inLanguage\":\"ro-RO\"},{\"@type\":\"Person\",\"@id\":\"https:\/\/cronicahd.ro\/#\/schema\/person\/d1a1277a8cd166610328e17aaf58bf46\",\"name\":\"admin\",\"image\":{\"@type\":\"ImageObject\",\"inLanguage\":\"ro-RO\",\"@id\":\"https:\/\/cronicahd.ro\/#\/schema\/person\/image\/\",\"url\":\"https:\/\/secure.gravatar.com\/avatar\/24700337280d10898c2e0d19d44a05316bff9fccc941ecc5570ffe41668203f7?s=96&d=mm&r=g\",\"contentUrl\":\"https:\/\/secure.gravatar.com\/avatar\/24700337280d10898c2e0d19d44a05316bff9fccc941ecc5570ffe41668203f7?s=96&d=mm&r=g\",\"caption\":\"admin\"},\"sameAs\":[\"https:\/\/cronicavj.ro\"],\"url\":\"https:\/\/cronicahd.ro\/?author=1\"}]}<\/script>\n<!-- \/ Yoast SEO plugin. -->","yoast_head_json":{"title":"Nedeea Mom\u00e2rlanilor din Dealul Babii: tradi\u021bii vii, bucate alese \u0219i voie bun\u0103 pentru to\u021bi participan\u021bii -","robots":{"index":"index","follow":"follow","max-snippet":"max-snippet:-1","max-image-preview":"max-image-preview:large","max-video-preview":"max-video-preview:-1"},"canonical":"https:\/\/cronicahd.ro\/?p=8221","og_locale":"ro_RO","og_type":"article","og_title":"Nedeea Mom\u00e2rlanilor din Dealul Babii: tradi\u021bii vii, bucate alese \u0219i voie bun\u0103 pentru to\u021bi participan\u021bii -","og_description":"Comunitatea mom\u00e2rlanilor din Dealul Babii invit\u0103 publicul larg s\u0103 ia parte, \u00een data de 3...","og_url":"https:\/\/cronicahd.ro\/?p=8221","article_published_time":"2026-04-23T02:56:55+00:00","og_image":[{"width":1064,"height":1478,"url":"https:\/\/cronicahd.ro\/wp-content\/uploads\/2026\/04\/IMG_6738.jpeg","type":"image\/jpeg"}],"author":"admin","twitter_card":"summary_large_image","twitter_misc":{"Scris de":"admin","Timp estimat pentru citire":"2 minute"},"schema":{"@context":"https:\/\/schema.org","@graph":[{"@type":"WebPage","@id":"https:\/\/cronicahd.ro\/?p=8221","url":"https:\/\/cronicahd.ro\/?p=8221","name":"Nedeea Mom\u00e2rlanilor din Dealul Babii: tradi\u021bii vii, bucate alese \u0219i voie bun\u0103 pentru to\u021bi participan\u021bii -","isPartOf":{"@id":"https:\/\/cronicahd.ro\/#website"},"primaryImageOfPage":{"@id":"https:\/\/cronicahd.ro\/?p=8221#primaryimage"},"image":{"@id":"https:\/\/cronicahd.ro\/?p=8221#primaryimage"},"thumbnailUrl":"https:\/\/cronicahd.ro\/wp-content\/uploads\/2026\/04\/IMG_6738.jpeg","datePublished":"2026-04-23T02:56:55+00:00","author":{"@id":"https:\/\/cronicahd.ro\/#\/schema\/person\/d1a1277a8cd166610328e17aaf58bf46"},"breadcrumb":{"@id":"https:\/\/cronicahd.ro\/?p=8221#breadcrumb"},"inLanguage":"ro-RO","potentialAction":[{"@type":"ReadAction","target":["https:\/\/cronicahd.ro\/?p=8221"]}]},{"@type":"ImageObject","inLanguage":"ro-RO","@id":"https:\/\/cronicahd.ro\/?p=8221#primaryimage","url":"https:\/\/cronicahd.ro\/wp-content\/uploads\/2026\/04\/IMG_6738.jpeg","contentUrl":"https:\/\/cronicahd.ro\/wp-content\/uploads\/2026\/04\/IMG_6738.jpeg","width":1064,"height":1478},{"@type":"BreadcrumbList","@id":"https:\/\/cronicahd.ro\/?p=8221#breadcrumb","itemListElement":[{"@type":"ListItem","position":1,"name":"Prima pagin\u0103","item":"https:\/\/cronicahd.ro\/"},{"@type":"ListItem","position":2,"name":"Nedeea Mom\u00e2rlanilor din Dealul Babii: tradi\u021bii vii, bucate alese \u0219i voie bun\u0103 pentru to\u021bi participan\u021bii"}]},{"@type":"WebSite","@id":"https:\/\/cronicahd.ro\/#website","url":"https:\/\/cronicahd.ro\/","name":"","description":"","potentialAction":[{"@type":"SearchAction","target":{"@type":"EntryPoint","urlTemplate":"https:\/\/cronicahd.ro\/?s={search_term_string}"},"query-input":{"@type":"PropertyValueSpecification","valueRequired":true,"valueName":"search_term_string"}}],"inLanguage":"ro-RO"},{"@type":"Person","@id":"https:\/\/cronicahd.ro\/#\/schema\/person\/d1a1277a8cd166610328e17aaf58bf46","name":"admin","image":{"@type":"ImageObject","inLanguage":"ro-RO","@id":"https:\/\/cronicahd.ro\/#\/schema\/person\/image\/","url":"https:\/\/secure.gravatar.com\/avatar\/24700337280d10898c2e0d19d44a05316bff9fccc941ecc5570ffe41668203f7?s=96&d=mm&r=g","contentUrl":"https:\/\/secure.gravatar.com\/avatar\/24700337280d10898c2e0d19d44a05316bff9fccc941ecc5570ffe41668203f7?s=96&d=mm&r=g","caption":"admin"},"sameAs":["https:\/\/cronicavj.ro"],"url":"https:\/\/cronicahd.ro\/?author=1"}]}},"_links":{"self":[{"href":"https:\/\/cronicahd.ro\/index.php?rest_route=\/wp\/v2\/posts\/8221","targetHints":{"allow":["GET"]}}],"collection":[{"href":"https:\/\/cronicahd.ro\/index.php?rest_route=\/wp\/v2\/posts"}],"about":[{"href":"https:\/\/cronicahd.ro\/index.php?rest_route=\/wp\/v2\/types\/post"}],"author":[{"embeddable":true,"href":"https:\/\/cronicahd.ro\/index.php?rest_route=\/wp\/v2\/users\/1"}],"replies":[{"embeddable":true,"href":"https:\/\/cronicahd.ro\/index.php?rest_route=%2Fwp%2Fv2%2Fcomments&post=8221"}],"version-history":[{"count":1,"href":"https:\/\/cronicahd.ro\/index.php?rest_route=\/wp\/v2\/posts\/8221\/revisions"}],"predecessor-version":[{"id":8223,"href":"https:\/\/cronicahd.ro\/index.php?rest_route=\/wp\/v2\/posts\/8221\/revisions\/8223"}],"wp:featuredmedia":[{"embeddable":true,"href":"https:\/\/cronicahd.ro\/index.php?rest_route=\/wp\/v2\/media\/8222"}],"wp:attachment":[{"href":"https:\/\/cronicahd.ro\/index.php?rest_route=%2Fwp%2Fv2%2Fmedia&parent=8221"}],"wp:term":[{"taxonomy":"category","embeddable":true,"href":"https:\/\/cronicahd.ro\/index.php?rest_route=%2Fwp%2Fv2%2Fcategories&post=8221"},{"taxonomy":"post_tag","embeddable":true,"href":"https:\/\/cronicahd.ro\/index.php?rest_route=%2Fwp%2Fv2%2Ftags&post=8221"}],"curies":[{"name":"wp","href":"https:\/\/api.w.org\/{rel}","templated":true}]}}