{"id":8208,"date":"2026-04-22T15:54:51","date_gmt":"2026-04-22T15:54:51","guid":{"rendered":"https:\/\/cronicahd.ro\/?p=8208"},"modified":"2026-04-22T15:54:51","modified_gmt":"2026-04-22T15:54:51","slug":"citesti-si-castigi-la-a-xii-a-editie","status":"publish","type":"post","link":"https:\/\/cronicahd.ro\/?p=8208","title":{"rendered":"Cite\u0219ti \u0219i c\u00e2\u0219tigi!, la a XII-a edi\u021bie"},"content":{"rendered":"<p class=\"s3\"><span class=\"s4\"><span class=\"bumpedFont15\">Concursul <\/span><\/span><span class=\"s4\"><span class=\"bumpedFont15\">jude\u021bean <\/span><\/span><span class=\"s4\"><span class=\"bumpedFont15\">de cultur\u0103 general\u0103 <\/span><\/span><span class=\"s4\"><span class=\"bumpedFont15\">\u201eCite\u0219ti \u0219i c\u00e2\u0219tigi!\u201d<\/span><\/span><span class=\"s4\"><span class=\"bumpedFont15\">a ajuns la cea <\/span><\/span><span class=\"s4\"><span class=\"bumpedFont15\">de-a XII-a edi\u021bie. Acest important proiect cultural <\/span><\/span><span class=\"s4\"><span class=\"bumpedFont15\">organizat de Biblioteca Jude\u021bean\u0103 \u201eOvid Densusia<\/span><\/span><span class=\"s4\"><span class=\"bumpedFont15\">nu\u201d Hunedoara<\/span><\/span> <span class=\"s4\"><span class=\"bumpedFont15\">\u2013<\/span><\/span> <span class=\"s4\"><span class=\"bumpedFont15\">Deva<\/span><\/span> <span class=\"s4\"><span class=\"bumpedFont15\">se realizeaz\u0103<\/span><\/span> <span class=\"s4\"><span class=\"bumpedFont15\">cu s<\/span><\/span><span class=\"s4\"><span class=\"bumpedFont15\">prijinul<\/span><\/span><span class=\"s4\"><span class=\"bumpedFont15\"> C<\/span><\/span><span class=\"s4\"><span class=\"bumpedFont15\">onsiliului Jude\u021bean Hunedoara<\/span><\/span><span class=\"s4\"><span class=\"bumpedFont15\">, <\/span><\/span><span class=\"s4\"><span class=\"bumpedFont15\">\u00een parteneriat cu Inspectoratul \u0218colar Jude\u021bean <\/span><\/span><span class=\"s4\"><span class=\"bumpedFont15\">Hunedoara, Deva Mall \u0219i Direc\u021bia General\u0103 Anticorup\u021bie \u2013 Serviciul Jude\u021bean Anticorup\u021bie Hunedoara<\/span><\/span><span class=\"s4\"><span class=\"bumpedFont15\">, <\/span><\/span><span class=\"s4\"><span class=\"bumpedFont15\">bucur\u00e2ndu-se de sus\u021binerea<\/span><\/span><span class=\"s4\"><span class=\"bumpedFont15\"> unor sponsori genero\u0219i: <\/span><\/span><span class=\"s4\"><span class=\"bumpedFont15\">S.C. Anorom S.R.<\/span><\/span><span class=\"s4\"><span class=\"bumpedFont15\">L. Hunedoara,<\/span><\/span> <span class=\"s4\"><span class=\"bumpedFont15\">Asocia\u021bia Zamolxe 182 Deva, <\/span><\/span><span class=\"s4\"><span class=\"bumpedFont15\">Cofet\u0103ria Arta Deva, <\/span><\/span><span class=\"s4\"><span class=\"bumpedFont15\">Banca Comercial\u0103 Rom\u00e2n\u0103, <\/span><\/span><span class=\"s4\"><span class=\"bumpedFont15\">Restaurant Casina Deva, Restaurant Castelo Deva, <\/span><\/span><span class=\"s4\"><span class=\"bumpedFont15\">Tipografia S.C. Colofon Print S.R.L. Deva, DHS Bike Parts S.R.L., Magazin Fishing Center Deva, <\/span><\/span><span class=\"s4\"><span class=\"bumpedFont15\">S.C. Florea &amp; CO S.R.L. <\/span><\/span><span class=\"s4\"><span class=\"bumpedFont15\">Deva (ARTIZAN), <\/span><\/span><span class=\"s4\"><span class=\"bumpedFont15\">The Refresh Deva, Rom Insurance \u2013 Broker de Asigurare, TOP IT HD S.R.L. Deva, Pizzeria Vene\u021bia Deva, Versuni Or\u0103\u0219tie \u2013 Rom\u00e2nia.<\/span><\/span><\/p>\n<figure id=\"attachment_8209\" aria-describedby=\"caption-attachment-8209\" style=\"width: 1125px\" class=\"wp-caption alignnone\"><img loading=\"lazy\" decoding=\"async\" class=\"size-full wp-image-8209\" src=\"https:\/\/cronicahd.ro\/wp-content\/uploads\/2026\/04\/IMG_6723.jpeg\" alt=\"\" width=\"1125\" height=\"636\" srcset=\"https:\/\/cronicahd.ro\/wp-content\/uploads\/2026\/04\/IMG_6723.jpeg 1125w, https:\/\/cronicahd.ro\/wp-content\/uploads\/2026\/04\/IMG_6723-300x170.jpeg 300w, https:\/\/cronicahd.ro\/wp-content\/uploads\/2026\/04\/IMG_6723-1024x579.jpeg 1024w, https:\/\/cronicahd.ro\/wp-content\/uploads\/2026\/04\/IMG_6723-768x434.jpeg 768w\" sizes=\"auto, (max-width: 1125px) 100vw, 1125px\" \/><figcaption id=\"caption-attachment-8209\" class=\"wp-caption-text\">Screenshot<\/figcaption><\/figure>\n<p class=\"s5\"><span class=\"s4\"><span class=\"bumpedFont15\">Ca de fiecare dat\u0103, mul\u021bumim Consiliului Jude\u021bean Hunedoara care, prin conducerea sa, domnii <\/span><\/span><span class=\"s4\"><span class=\"bumpedFont15\">Lauren\u021biu Nistor, <\/span><\/span><span class=\"s4\"><span class=\"bumpedFont15\">pre\u0219edinte<\/span><\/span><span class=\"s4\"><span class=\"bumpedFont15\">,<\/span><\/span> <span class=\"s4\"><span class=\"bumpedFont15\">\u0219i <\/span><\/span><span class=\"s4\"><span class=\"bumpedFont15\">Costel Avram, <\/span><\/span><span class=\"s4\"><span class=\"bumpedFont15\">administrator<\/span><\/span><span class=\"s4\"><span class=\"bumpedFont15\">ul<\/span><\/span><span class=\"s4\"><span class=\"bumpedFont15\"> public<\/span><\/span><span class=\"s4\"><span class=\"bumpedFont15\"> al Consiliului Jude\u021bean Hunedoara<\/span><\/span><span class=\"s4\"><span class=\"bumpedFont15\">,<\/span><\/span> <span class=\"s4\"><span class=\"bumpedFont15\">ne-<\/span><\/span><span class=\"s4\"><span class=\"bumpedFont15\">a sprijinit <\/span><\/span><span class=\"s4\"><span class=\"bumpedFont15\">\u00een acest ambi\u021bios <\/span><\/span><span class=\"s4\"><span class=\"bumpedFont15\">p<\/span><\/span><span class=\"s4\"><span class=\"bumpedFont15\">roiect cultural<\/span><\/span><span class=\"s4\"><span class=\"bumpedFont15\"> c<\/span><\/span><span class=\"s4\"><span class=\"bumpedFont15\">u un rol educativ incontestabil. <\/span><\/span><\/p>\n<p class=\"s5\"><span class=\"s4\"><span class=\"bumpedFont15\">Acest concurs a fost \u0219i este bazat pe munca serioas\u0103 \u0219i profesionalismul bibliotecarilor care au formulat seturile de \u00eentreb\u0103ri la care concuren\u021bii au r\u0103spuns de-a lungul rundelor din aceast\u0103 edi\u021bie: Diana Ferencz, Camelia Mestec\u0103nean, Sorin Gheorghe Pascu, Diana Trif, Mihaela \u021ao\u021ba \u0219i Daniel Oprean.<\/span><\/span><\/p>\n<figure id=\"attachment_8212\" aria-describedby=\"caption-attachment-8212\" style=\"width: 991px\" class=\"wp-caption alignnone\"><img loading=\"lazy\" decoding=\"async\" class=\"size-full wp-image-8212\" src=\"https:\/\/cronicahd.ro\/wp-content\/uploads\/2026\/04\/IMG_6724.jpeg\" alt=\"\" width=\"991\" height=\"714\" srcset=\"https:\/\/cronicahd.ro\/wp-content\/uploads\/2026\/04\/IMG_6724.jpeg 991w, https:\/\/cronicahd.ro\/wp-content\/uploads\/2026\/04\/IMG_6724-300x216.jpeg 300w, https:\/\/cronicahd.ro\/wp-content\/uploads\/2026\/04\/IMG_6724-768x553.jpeg 768w\" sizes=\"auto, (max-width: 991px) 100vw, 991px\" \/><figcaption id=\"caption-attachment-8212\" class=\"wp-caption-text\">Screenshot<\/figcaption><\/figure>\n<p class=\"s7\"><span class=\"s4\"><span class=\"bumpedFont15\">Am \u00eencheiat cea de-a XII-a edi\u021bie a concursului jude\u021bean de cultur\u0103 general\u0103 \u201eCite\u0219ti \u0219i c\u00e2\u0219tigi!\u201d<\/span><\/span><span class=\"s4\"><span class=\"bumpedFont15\">, <\/span><\/span><span class=\"s6\"><span class=\"bumpedFont15\">o edi\u021bie cu o participare record<\/span><\/span><span class=\"s4\"><span class=\"bumpedFont15\">, 28 <\/span><\/span><span class=\"s4\"><span class=\"bumpedFont15\">de colegii \u0219i licee<\/span><\/span><span class=\"s4\"><span class=\"bumpedFont15\">,<\/span><\/span><span class=\"s4\"><span class=\"bumpedFont15\"> \u0219i ne-am bucurat c\u0103 am putut din nou oferi premii fru<\/span><\/span><span class=\"s4\"><span class=\"bumpedFont15\">moase \u0219i consistente echipelor<\/span><\/span><span class=\"s4\"><span class=\"bumpedFont15\"> care s-au preg\u0103tit, au studiat, s-au documentat \u0219i au concurat cu dorin\u021ba de a \u0219ti c\u00e2t mai multe, cu dorin\u021ba de a c\u00e2\u0219tiga.<\/span><\/span><\/p>\n<figure id=\"attachment_8214\" aria-describedby=\"caption-attachment-8214\" style=\"width: 1125px\" class=\"wp-caption alignnone\"><img loading=\"lazy\" decoding=\"async\" class=\"size-full wp-image-8214\" src=\"https:\/\/cronicahd.ro\/wp-content\/uploads\/2026\/04\/IMG_6730.jpeg\" alt=\"\" width=\"1125\" height=\"528\" srcset=\"https:\/\/cronicahd.ro\/wp-content\/uploads\/2026\/04\/IMG_6730.jpeg 1125w, https:\/\/cronicahd.ro\/wp-content\/uploads\/2026\/04\/IMG_6730-300x141.jpeg 300w, https:\/\/cronicahd.ro\/wp-content\/uploads\/2026\/04\/IMG_6730-1024x481.jpeg 1024w, https:\/\/cronicahd.ro\/wp-content\/uploads\/2026\/04\/IMG_6730-768x360.jpeg 768w\" sizes=\"auto, (max-width: 1125px) 100vw, 1125px\" \/><figcaption id=\"caption-attachment-8214\" class=\"wp-caption-text\">Screenshot<\/figcaption><\/figure>\n<p class=\"s7\"><span class=\"s4\"><span class=\"bumpedFont15\">Sigur, de multe ori s-a auzit \u00eentrebarea de ce concursul nostru se nume\u0219te <\/span><\/span><span class=\"s2\"><span class=\"bumpedFont15\">Cite\u0219ti \u0219i c\u00e2\u0219tigi<\/span><\/span><span class=\"s2\"><span class=\"bumpedFont15\">!<\/span><\/span><span class=\"s2\"><span class=\"bumpedFont15\">?<\/span><\/span><span class=\"s4\"><span class=\"bumpedFont15\"> Ce c\u00e2\u0219tigi? Dincolo de premiile \u00een obiecte cu care au fost r\u0103spl\u0103ti\u021bi c\u00e2\u0219tig\u0103torii, marele c\u00e2\u0219tig va fi bagajul consistent de cuno\u0219tin\u021be pe care ei le dob\u00e2ndesc, le C\u00c2\u0218TIG\u0102. \u00a0<\/span><\/span>\u200b<\/p>\n<p class=\"s8\"><span class=\"s4\"><span class=\"bumpedFont15\">A<\/span><\/span><span class=\"s4\"><span class=\"bumpedFont15\">m apreciat faptul c\u0103 echipele<\/span><\/span> <span class=\"s4\"><span class=\"bumpedFont15\">colegiilor\/<\/span><\/span><span class=\"s4\"><span class=\"bumpedFont15\">liceelor hunedorene s-au preg\u0103tit <\/span><\/span><span class=\"s4\"><span class=\"bumpedFont15\">cu toat\u0103 seriozitatea pentru fiecare etap\u0103 a concursului, c\u0103 a<\/span><\/span><span class=\"s4\"><span class=\"bumpedFont15\">u <\/span><\/span><span class=\"s4\"><span class=\"bumpedFont15\">citit bibliografia, c\u0103 <\/span><\/span><span class=\"s4\"><span class=\"bumpedFont15\">au <\/span><\/span><span class=\"s4\"><span class=\"bumpedFont15\">colaborat str\u00e2ns cu dasc\u0103lii <\/span><\/span><span class=\"s4\"><span class=\"bumpedFont15\">lor care i-au coordonat \u0219i sprijinit.<\/span><\/span><\/p>\n<figure id=\"attachment_8219\" aria-describedby=\"caption-attachment-8219\" style=\"width: 998px\" class=\"wp-caption alignnone\"><img loading=\"lazy\" decoding=\"async\" class=\"size-full wp-image-8219\" src=\"https:\/\/cronicahd.ro\/wp-content\/uploads\/2026\/04\/IMG_6736.jpeg\" alt=\"\" width=\"998\" height=\"695\" srcset=\"https:\/\/cronicahd.ro\/wp-content\/uploads\/2026\/04\/IMG_6736.jpeg 998w, https:\/\/cronicahd.ro\/wp-content\/uploads\/2026\/04\/IMG_6736-300x209.jpeg 300w, https:\/\/cronicahd.ro\/wp-content\/uploads\/2026\/04\/IMG_6736-768x535.jpeg 768w\" sizes=\"auto, (max-width: 998px) 100vw, 998px\" \/><figcaption id=\"caption-attachment-8219\" class=\"wp-caption-text\">Screenshot<\/figcaption><\/figure>\n<p class=\"s8\"><span class=\"s4\"><span class=\"bumpedFont15\">\u0218i aceast\u0103 edi\u021bie a concursului a oferit elevilor <\/span><\/span><span class=\"s4\"><span class=\"bumpedFont15\">prilejul de a <\/span><\/span><span class=\"s4\"><span class=\"bumpedFont15\">se<\/span><\/span><span class=\"s4\"><span class=\"bumpedFont15\"> familiariza cu teme de o mare diversitate din cele cinci domenii care au f\u0103cut obiectul s\u0103u. <\/span><\/span><span class=\"s4\"><span class=\"bumpedFont15\">Ei au putut s\u0103 cunoasc\u0103 <\/span><\/span><span class=\"s4\"><span class=\"bumpedFont15\">lucru<\/span><\/span><span class=\"s4\"><span class=\"bumpedFont15\">ri noi, interesante<\/span><\/span><span class=\"s4\"><span class=\"bumpedFont15\">,<\/span><\/span><span class=\"s4\"><span class=\"bumpedFont15\"> despre sta\u021biunile turistice din Rom\u00e2nia, despre Canada, a<\/span><\/span><span class=\"s4\"><span class=\"bumpedFont15\">u<\/span><\/span><span class=\"s4\"><span class=\"bumpedFont15\"> p\u0103truns \u00een lumea artei lui Rembrandt, a<\/span><\/span><span class=\"s4\"><span class=\"bumpedFont15\">u<\/span><\/span><span class=\"s4\"><span class=\"bumpedFont15\"> aflat informa\u021bii esen\u021biale despre \u201ep\u0103rintele\u201d bombei atomice, <\/span><\/span><span class=\"s4\"><span class=\"bumpedFont15\">s-au transpus \u00een lumea plin\u0103 de ritm<\/span><\/span><span class=\"s4\"><span class=\"bumpedFont15\"> a lui Michael Jackson, a<\/span><\/span><span class=\"s4\"><span class=\"bumpedFont15\">u<\/span><\/span><span class=\"s4\"><span class=\"bumpedFont15\"> p\u0103\u0219it \u00een universul \u00eemb\u0103t\u0103tor al celebrelor vinuri, nu a fost uitat\u0103 nici literatura, prin Jane Austen, nici marii tenismeni ai lumii, nici <\/span><\/span><span class=\"s4\"><span class=\"bumpedFont15\">celebrele <\/span><\/span><span class=\"s4\"><span class=\"bumpedFont15\">b\u0103t\u0103lii ale <\/span><\/span><span class=\"s4\"><span class=\"bumpedFont15\">celui d<\/span><\/span><span class=\"s4\"><span class=\"bumpedFont15\">e-<\/span><\/span><span class=\"s4\"><span class=\"bumpedFont15\">A<\/span><\/span><span class=\"s4\"><span class=\"bumpedFont15\">l Doilea<\/span><\/span> <span class=\"s4\"><span class=\"bumpedFont15\">R<\/span><\/span><span class=\"s4\"><span class=\"bumpedFont15\">\u0103zboi <\/span><\/span><span class=\"s4\"><span class=\"bumpedFont15\">M<\/span><\/span><span class=\"s4\"><span class=\"bumpedFont15\">ondial, nici marile descoperiri <\/span><\/span><span class=\"s4\"><span class=\"bumpedFont15\">arheologice<\/span><\/span><span class=\"s4\"><span class=\"bumpedFont15\">, nici istoria scrisului \u0219i a c\u0103r\u021bii. Toate aceste teme au avut darul de a \u00eembog\u0103\u021bi cultura general\u0103<\/span><\/span><span class=\"s4\"><span class=\"bumpedFont15\"> a concuren\u021bilor<\/span><\/span><span class=\"s4\"><span class=\"bumpedFont15\">, de a a\u0219eza \u00een bagajul <\/span><\/span><span class=\"s4\"><span class=\"bumpedFont15\">lor <\/span><\/span><span class=\"s4\"><span class=\"bumpedFont15\">de cuno\u0219tin\u021be infor<\/span><\/span><span class=\"s4\"><span class=\"bumpedFont15\">ma\u021bii care le<\/span><\/span><span class=\"s4\"><span class=\"bumpedFont15\"> vor fi de folos atunci c\u00e2nd v<\/span><\/span><span class=\"s4\"><span class=\"bumpedFont15\">or deveni <\/span><\/span><span class=\"s4\"><span class=\"bumpedFont15\">oameni \u00een toat\u0103 firea.<\/span><\/span><\/p>\n<figure id=\"attachment_8217\" aria-describedby=\"caption-attachment-8217\" style=\"width: 1048px\" class=\"wp-caption alignnone\"><img loading=\"lazy\" decoding=\"async\" class=\"size-full wp-image-8217\" src=\"https:\/\/cronicahd.ro\/wp-content\/uploads\/2026\/04\/IMG_6734.jpeg\" alt=\"\" width=\"1048\" height=\"756\" srcset=\"https:\/\/cronicahd.ro\/wp-content\/uploads\/2026\/04\/IMG_6734.jpeg 1048w, https:\/\/cronicahd.ro\/wp-content\/uploads\/2026\/04\/IMG_6734-300x216.jpeg 300w, https:\/\/cronicahd.ro\/wp-content\/uploads\/2026\/04\/IMG_6734-1024x739.jpeg 1024w, https:\/\/cronicahd.ro\/wp-content\/uploads\/2026\/04\/IMG_6734-768x554.jpeg 768w\" sizes=\"auto, (max-width: 1048px) 100vw, 1048px\" \/><figcaption id=\"caption-attachment-8217\" class=\"wp-caption-text\">Screenshot<\/figcaption><\/figure>\n<p class=\"s8\"><span class=\"s4\"><span class=\"bumpedFont15\">Noi, Biblioteca Jude\u021bean\u0103,<\/span><\/span><span class=\"s4\"><span class=\"bumpedFont15\"> al\u0103turi de<\/span><\/span><span class=\"s4\"><span class=\"bumpedFont15\"> profesorii \u0219i p\u0103rin\u021bii <\/span><\/span><span class=\"s4\"><span class=\"bumpedFont15\">elevilor <\/span><\/span><span class=\"s4\"><span class=\"bumpedFont15\">suntem bucuro\u0219i \u0219i m\u00e2ndri c\u0103 am reu\u0219it s\u0103 contribuim la formarea <\/span><\/span><span class=\"s4\"><span class=\"bumpedFont15\">lor <\/span><\/span><span class=\"s4\"><span class=\"bumpedFont15\">cultur<\/span><\/span><span class=\"s4\"><span class=\"bumpedFont15\">al\u0103. <\/span><\/span><\/p>\n<p class=\"s7\"><span class=\"s4\"><span class=\"bumpedFont15\">De altfel, trebuie spus c\u0103 acest concurs nu este doar un brand (el fiind marc\u0103 \u00eenregistrat\u0103, <\/span><\/span><span class=\"s4\"><span class=\"bumpedFont15\">lucru cu care ne m\u00e2ndrim), ci<\/span><\/span><span class=\"s4\"><span class=\"bumpedFont15\">a reu\u0219it s\u0103 devin\u0103 o veritabil\u0103 stare de spirit care cultiv\u0103 colaborarea, camaraderia, emula\u021bia, dorin\u021ba de autodep\u0103\u0219ire. <\/span><\/span><\/p>\n<p class=\"s7\"><span class=\"s4\"><span class=\"bumpedFont15\">Nu pot s\u0103 nu amintesc faptul c\u0103 <\/span><\/span><span class=\"s2\"><span class=\"bumpedFont15\">Cite\u0219ti \u0219i c\u00e2\u0219tigi<\/span><\/span><span class=\"s2\"><span class=\"bumpedFont15\">!<\/span><\/span><span class=\"s4\"><span class=\"bumpedFont15\"> este urm\u0103rit de mii<\/span><\/span><span class=\"s4\"><span class=\"bumpedFont15\"> de oameni, c\u0103 primim numai cuvinte de laud\u0103, c\u0103 transmisiile \u00een direct sunt a\u0219teptate \u0219i apreciate de to\u021bi cei care <\/span><\/span><span class=\"s4\"><span class=\"bumpedFont15\">privesc concursul pe internet<\/span><\/span><span class=\"s4\"><span class=\"bumpedFont15\">. De altfel, de ce s\u0103 nu spunem, \u0219i cei care ne urm\u0103resc au multe <\/span><\/span><span class=\"s4\"><span class=\"bumpedFont15\">de <\/span><\/span><span class=\"s4\"><span class=\"bumpedFont15\">\u00eenv\u0103\u021bat di<\/span><\/span><span class=\"s4\"><span class=\"bumpedFont15\">n \u00eentreb\u0103rile acestui concurs.<\/span><\/span><\/p>\n<figure id=\"attachment_8211\" aria-describedby=\"caption-attachment-8211\" style=\"width: 992px\" class=\"wp-caption alignnone\"><img loading=\"lazy\" decoding=\"async\" class=\"size-full wp-image-8211\" src=\"https:\/\/cronicahd.ro\/wp-content\/uploads\/2026\/04\/IMG_6725.jpeg\" alt=\"\" width=\"992\" height=\"1455\" srcset=\"https:\/\/cronicahd.ro\/wp-content\/uploads\/2026\/04\/IMG_6725.jpeg 992w, https:\/\/cronicahd.ro\/wp-content\/uploads\/2026\/04\/IMG_6725-205x300.jpeg 205w, https:\/\/cronicahd.ro\/wp-content\/uploads\/2026\/04\/IMG_6725-698x1024.jpeg 698w, https:\/\/cronicahd.ro\/wp-content\/uploads\/2026\/04\/IMG_6725-768x1126.jpeg 768w\" sizes=\"auto, (max-width: 992px) 100vw, 992px\" \/><figcaption id=\"caption-attachment-8211\" class=\"wp-caption-text\">Screenshot<\/figcaption><\/figure>\n<p class=\"s7\"><span class=\"s6\"><span class=\"bumpedFont15\">Concursul a fost c\u00e2\u0219tigat<\/span><\/span><span class=\"s4\"><span class=\"bumpedFont15\"> de<\/span><\/span> <span class=\"s4\"><span class=\"bumpedFont15\">Colegiul Tehnic \u201eTransilvania\u201d Deva<\/span><\/span><span class=\"s4\"><span class=\"bumpedFont15\">,<\/span><\/span><span class=\"s4\"><span class=\"bumpedFont15\"> pe <\/span><\/span><span class=\"s6\"><span class=\"bumpedFont15\">locul doi<\/span><\/span><span class=\"s4\"><span class=\"bumpedFont15\"> s-a clasat<\/span><\/span> <span class=\"s4\"><span class=\"bumpedFont15\">Lice<\/span><\/span><span class=\"s4\"><span class=\"bumpedFont15\">ul Teoretic \u201eMircea Eliade\u201d Lupeni<\/span><\/span><span class=\"s4\"><span class=\"bumpedFont15\">,<\/span><\/span> <span class=\"s4\"><span class=\"bumpedFont15\">iar <\/span><\/span><span class=\"s6\"><span class=\"bumpedFont15\">locul al treilea<\/span><\/span> <span class=\"s4\"><span class=\"bumpedFont15\">este ocupat de <\/span><\/span><span class=\"s4\"><span class=\"bumpedFont15\">Liceul Teoretic \u201eAvram Iancu\u201d Brad<\/span><\/span><span class=\"s4\"><span class=\"bumpedFont15\">.<\/span><\/span><\/p>\n<p class=\"s10\"><span class=\"s6\"><span class=\"bumpedFont15\">Men\u021biune<\/span><\/span><span class=\"s4\"><span class=\"bumpedFont15\"> \u2013<\/span><\/span> <span class=\"s4\"><span class=\"bumpedFont15\">Colegiul Na\u021bional \u201eIancu de Hunedoara\u201d din Hunedoara,<\/span><\/span><\/p>\n<p class=\"s11\"><span class=\"s4\"><span class=\"bumpedFont15\">L<\/span><\/span><span class=\"s4\"><span class=\"bumpedFont15\">ocul 5 <\/span><\/span><span class=\"s4\"><span class=\"bumpedFont15\">\u2013<\/span><\/span> <span class=\"s4\"><span class=\"bumpedFont15\">Colegiul Economic \u201eEmanuil Gojdu\u201d Hunedoara<\/span><\/span><span class=\"s4\"><span class=\"bumpedFont15\">,<\/span><\/span><\/p>\n<p class=\"s11\"><span class=\"s4\"><span class=\"bumpedFont15\">Locul <\/span><\/span><span class=\"s4\"><span class=\"bumpedFont15\">6 <\/span><\/span><span class=\"s4\"><span class=\"bumpedFont15\">\u2013<\/span><\/span> <span class=\"s4\"><span class=\"bumpedFont15\">Colegiul Na\u021bional \u201eTraian Lalescu\u201d Hunedoara,<\/span><\/span><\/p>\n<p class=\"s11\"><span class=\"s4\"><span class=\"bumpedFont15\">Locul <\/span><\/span><span class=\"s4\"><span class=\"bumpedFont15\">7 <\/span><\/span><span class=\"s4\"><span class=\"bumpedFont15\">\u2013<\/span><\/span> <span class=\"s4\"><span class=\"bumpedFont15\">Colegiul Na\u021bional \u201eDecebal\u201d Deva,<\/span><\/span><\/p>\n<p class=\"s11\"><span class=\"s4\"><span class=\"bumpedFont15\">Locul <\/span><\/span><span class=\"s4\"><span class=\"bumpedFont15\">8 <\/span><\/span><span class=\"s4\"><span class=\"bumpedFont15\">\u2013<\/span><\/span> <span class=\"s4\"><span class=\"bumpedFont15\">Colegiul Na\u021bional \u201eMihai Eminescu\u201d Petro\u0219ani,<\/span><\/span><\/p>\n<p class=\"s11\"><span class=\"s4\"><span class=\"bumpedFont15\">Locul <\/span><\/span><span class=\"s4\"><span class=\"bumpedFont15\">9 <\/span><\/span><span class=\"s4\"><span class=\"bumpedFont15\">\u2013<\/span><\/span> <span class=\"s4\"><span class=\"bumpedFont15\">Liceul Tehnologic de Transport Feroviar \u201eAnghel Saligny\u201d Simeria,<\/span><\/span><\/p>\n<p class=\"s11\"><span class=\"s4\"><span class=\"bumpedFont15\">Locul <\/span><\/span><span class=\"s4\"><span class=\"bumpedFont15\">10 <\/span><\/span><span class=\"s4\"><span class=\"bumpedFont15\">\u2013<\/span><\/span> <span class=\"s4\"><span class=\"bumpedFont15\">Colegiul Na\u021bional Pedagogic \u201eRegina Maria\u201d Deva,<\/span><\/span><\/p>\n<p class=\"s11\"><span class=\"s4\"><span class=\"bumpedFont15\">Locul <\/span><\/span><span class=\"s4\"><span class=\"bumpedFont15\">11 <\/span><\/span><span class=\"s4\"><span class=\"bumpedFont15\">\u2013<\/span><\/span> <span class=\"s4\"><span class=\"bumpedFont15\">Liceul Tehnologic \u201eMihai Viteazu\u201d Vulcan,<\/span><\/span><\/p>\n<p class=\"s11\"><span class=\"s4\"><span class=\"bumpedFont15\">Locul <\/span><\/span><span class=\"s4\"><span class=\"bumpedFont15\">12 <\/span><\/span><span class=\"s4\"><span class=\"bumpedFont15\">\u2013<\/span><\/span> <span class=\"s4\"><span class=\"bumpedFont15\">Liceul Tehnologic \u201eDimitrie Leonida\u201d Petro\u0219ani,<\/span><\/span><\/p>\n<p class=\"s11\"><span class=\"s4\"><span class=\"bumpedFont15\">Locul <\/span><\/span><span class=\"s4\"><span class=\"bumpedFont15\">13 <\/span><\/span><span class=\"s4\"><span class=\"bumpedFont15\">\u2013<\/span><\/span> <span class=\"s4\"><span class=\"bumpedFont15\">Colegiul Na\u021bional de Informatic\u0103 \u201eCarmen Sylva\u201d Petro\u0219ani,<\/span><\/span><\/p>\n<p class=\"s11\"><span class=\"s4\"><span class=\"bumpedFont15\">Locul <\/span><\/span><span class=\"s4\"><span class=\"bumpedFont15\">14 <\/span><\/span><span class=\"s4\"><span class=\"bumpedFont15\">\u2013<\/span><\/span> <span class=\"s4\"><span class=\"bumpedFont15\">Colegiul Economic \u201eHermes\u201d Petro\u0219ani,<\/span><\/span><\/p>\n<p class=\"s11\"><span class=\"s4\"><span class=\"bumpedFont15\">Locul <\/span><\/span><span class=\"s4\"><span class=\"bumpedFont15\">15 <\/span><\/span><span class=\"s4\"><span class=\"bumpedFont15\">\u2013<\/span><\/span> <span class=\"s4\"><span class=\"bumpedFont15\">Liceul Teoretic \u201eSilviu Dragomir\u201d Ilia,<\/span><\/span><\/p>\n<p class=\"s11\"><span class=\"s4\"><span class=\"bumpedFont15\">Locul <\/span><\/span><span class=\"s4\"><span class=\"bumpedFont15\">16 <\/span><\/span><span class=\"s4\"><span class=\"bumpedFont15\">\u2013<\/span><\/span> <span class=\"s4\"><span class=\"bumpedFont15\">Liceul Teoretic \u201eI. C. Br\u0103tianu\u201d Ha\u021beg,<\/span><\/span><\/p>\n<p class=\"s11\"><span class=\"s4\"><span class=\"bumpedFont15\">Locul <\/span><\/span><span class=\"s4\"><span class=\"bumpedFont15\">17 <\/span><\/span><span class=\"s4\"><span class=\"bumpedFont15\">\u2013<\/span><\/span> <span class=\"s4\"><span class=\"bumpedFont15\">Liceul Tehnologic \u201eRetezat\u201d Uricani, <\/span><\/span><\/p>\n<p class=\"s11\"><span class=\"s4\"><span class=\"bumpedFont15\">Locul <\/span><\/span><span class=\"s4\"><span class=\"bumpedFont15\">18 <\/span><\/span><span class=\"s4\"><span class=\"bumpedFont15\">\u2013<\/span><\/span> <span class=\"s4\"><span class=\"bumpedFont15\">Liceul Tehnologic \u201eOvid Densusianu\u201d C\u0103lan,<\/span><\/span><\/p>\n<p class=\"s11\"><span class=\"s4\"><span class=\"bumpedFont15\">Locul <\/span><\/span><span class=\"s4\"><span class=\"bumpedFont15\">19 <\/span><\/span><span class=\"s4\"><span class=\"bumpedFont15\">\u2013<\/span><\/span> <span class=\"s4\"><span class=\"bumpedFont15\">Colegiul Tehnic \u201eConstantin Br\u00e2ncu\u0219i\u201d Petrila,<\/span><\/span><\/p>\n<p class=\"s11\"><span class=\"s4\"><span class=\"bumpedFont15\">Locul <\/span><\/span><span class=\"s4\"><span class=\"bumpedFont15\">20 <\/span><\/span><span class=\"s4\"><span class=\"bumpedFont15\">\u2013<\/span><\/span> <span class=\"s4\"><span class=\"bumpedFont15\">Colegiul Na\u021bional \u201eAurel Vlaicu\u201d Or\u0103\u0219tie,<\/span><\/span><\/p>\n<p class=\"s11\"><span class=\"s4\"><span class=\"bumpedFont15\">Locul <\/span><\/span><span class=\"s4\"><span class=\"bumpedFont15\">21 <\/span><\/span><span class=\"s4\"><span class=\"bumpedFont15\">\u2013<\/span><\/span> <span class=\"s4\"><span class=\"bumpedFont15\">Liceul Tehnologic Agricol \u201eAlexandru Borza\u201d Geoagiu,<\/span><\/span><\/p>\n<p class=\"s11\"><span class=\"s4\"><span class=\"bumpedFont15\">Locul <\/span><\/span><span class=\"s4\"><span class=\"bumpedFont15\">22 <\/span><\/span><span class=\"s4\"><span class=\"bumpedFont15\">\u2013<\/span><\/span> <span class=\"s4\"><span class=\"bumpedFont15\">Liceul Tehnologic \u201eGrigore Moisil\u201d Deva,<\/span><\/span><\/p>\n<p class=\"s11\"><span class=\"s4\"><span class=\"bumpedFont15\">Locul <\/span><\/span><span class=\"s4\"><span class=\"bumpedFont15\">23 <\/span><\/span><span class=\"s4\"><span class=\"bumpedFont15\">\u2013<\/span><\/span> <span class=\"s4\"><span class=\"bumpedFont15\">Liceul de Arte \u201eSigismund Todu\u021b\u0103\u201d Deva,<\/span><\/span><\/p>\n<p class=\"s11\"><span class=\"s4\"><span class=\"bumpedFont15\">Locul <\/span><\/span><span class=\"s4\"><span class=\"bumpedFont15\">24 <\/span><\/span><span class=\"s4\"><span class=\"bumpedFont15\">\u2013<\/span><\/span> <span class=\"s4\"><span class=\"bumpedFont15\">Liceul Tehnologic \u201eNicolaus Olahus\u201d Or\u0103\u0219tie,<\/span><\/span><\/p>\n<p class=\"s11\"><span class=\"s4\"><span class=\"bumpedFont15\">Locul <\/span><\/span><span class=\"s4\"><span class=\"bumpedFont15\">25 <\/span><\/span><span class=\"s4\"><span class=\"bumpedFont15\">\u2013<\/span><\/span> <span class=\"s4\"><span class=\"bumpedFont15\">Liceul Tehnologic \u201eMatei Corvin\u201d Hunedoara,<\/span><\/span><\/p>\n<p class=\"s11\"><span class=\"s4\"><span class=\"bumpedFont15\">Locul 26 \u2013 <\/span><\/span><span class=\"s4\"><span class=\"bumpedFont15\">Liceul Tehnologic Energetic \u201eDragomir Hurmuzescu\u201d Deva,<\/span><\/span><\/p>\n<p class=\"s11\"><span class=\"s4\"><span class=\"bumpedFont15\">Locul 27 \u2013 <\/span><\/span><span class=\"s4\"><span class=\"bumpedFont15\">Liceul cu Program Sportiv \u201eCetate\u201d Deva,<\/span><\/span><\/p>\n<p class=\"s11\"><span class=\"s4\"><span class=\"bumpedFont15\">Locul 28 \u2013 <\/span><\/span><span class=\"s4\"><span class=\"bumpedFont15\">Liceul \u201eProf. Bora Tit Liviu\u201d Baru.<\/span><\/span><\/p>\n<p class=\"s11\"><span class=\"s9\">\u00a0<\/span><\/p>\n<p class=\"s5\"><span class=\"s4\"><span class=\"bumpedFont15\">Premiul juriului a fost acordat <\/span><\/span><span class=\"s4\"><span class=\"bumpedFont15\">echipei<\/span><\/span> <span class=\"s4\"><span class=\"bumpedFont15\">Colegiul<\/span><\/span><span class=\"s4\"><span class=\"bumpedFont15\">ui<\/span><\/span><span class=\"s4\"><span class=\"bumpedFont15\"> Economic \u201eEmanuil Gojdu\u201d Hunedoara, <\/span><\/span><span class=\"s4\"><span class=\"bumpedFont15\">care a avut o evolu\u021bie constant\u0103 de-a lungul confrunt\u0103rilor, a manifestat interes pentru temele propuse spre studiu \u0219i a dovedit spirit de echip\u0103 \u0219i fai<\/span><\/span><span class=\"s4\"><span class=\"bumpedFont15\">r-play.<\/span><\/span><\/p>\n<figure id=\"attachment_8215\" aria-describedby=\"caption-attachment-8215\" style=\"width: 1125px\" class=\"wp-caption alignnone\"><img loading=\"lazy\" decoding=\"async\" class=\"size-full wp-image-8215\" src=\"https:\/\/cronicahd.ro\/wp-content\/uploads\/2026\/04\/IMG_6731.jpeg\" alt=\"\" width=\"1125\" height=\"568\" srcset=\"https:\/\/cronicahd.ro\/wp-content\/uploads\/2026\/04\/IMG_6731.jpeg 1125w, https:\/\/cronicahd.ro\/wp-content\/uploads\/2026\/04\/IMG_6731-300x151.jpeg 300w, https:\/\/cronicahd.ro\/wp-content\/uploads\/2026\/04\/IMG_6731-1024x517.jpeg 1024w, https:\/\/cronicahd.ro\/wp-content\/uploads\/2026\/04\/IMG_6731-768x388.jpeg 768w\" sizes=\"auto, (max-width: 1125px) 100vw, 1125px\" \/><figcaption id=\"caption-attachment-8215\" class=\"wp-caption-text\">Screenshot<\/figcaption><\/figure>\n<p class=\"s5\"><span class=\"s4\"><span class=\"bumpedFont15\">Au fost<\/span><\/span><span class=\"s4\"><span class=\"bumpedFont15\"> pus<\/span><\/span><span class=\"s4\"><span class=\"bumpedFont15\">e<\/span><\/span><span class=\"s4\"><span class=\"bumpedFont15\"> \u00een joc urm\u0103toarele premii:<\/span><\/span> <span class=\"s4\"><span class=\"bumpedFont15\">pen<\/span><\/span><span class=\"s4\"><span class=\"bumpedFont15\">tru locul I \u2013 <\/span><\/span><span class=\"s4\"><span class=\"bumpedFont15\">8 laptopuri Lenovo<\/span><\/span><span class=\"s4\"><span class=\"bumpedFont15\"> \u0219i un aparat un aparat de cafea Philips din partea Versuni Or\u0103\u0219tie Rom\u00e2nia<\/span><\/span><span class=\"s4\"><span class=\"bumpedFont15\">, pentru locul al II-lea \u2013 8 tablete Samsung Galaxy Tab A9+<\/span><\/span><span class=\"s4\"><span class=\"bumpedFont15\"> \u0219i un aparat de cafea Philips din partea Versuni Or\u0103\u0219tie Rom\u00e2nia<\/span><\/span><span class=\"s4\"><span class=\"bumpedFont15\">, pentru locul al III-lea \u2013 8 smartwatch-uri Samsung Galaxy<\/span><\/span><span class=\"s4\"><span class=\"bumpedFont15\"> \u0219i un aparat de cafea Philips din partea Versuni Or\u0103\u0219tie Rom\u00e2nia<\/span><\/span><span class=\"s4\"><span class=\"bumpedFont15\">, pentru locul al IV-lea \u2013 8 e-book<\/span><\/span><span class=\"s4\"><span class=\"bumpedFont15\"> readere Kindle<\/span><\/span><span class=\"s4\"><span class=\"bumpedFont15\"> \u0219i un aparat de cafea Philips din partea Versuni Or\u0103\u0219tie Rom\u00e2nia, <\/span><\/span><span class=\"s4\"><span class=\"bumpedFont15\">224 de pachete cu c\u0103r\u021bi, trofee, diplome, pr<\/span><\/span><span class=\"s4\"><span class=\"bumpedFont15\">ecum \u0219i premii surpriz\u0103 care au<\/span><\/span><span class=\"s4\"><span class=\"bumpedFont15\"> f<\/span><\/span><span class=\"s4\"><span class=\"bumpedFont15\">ost<\/span><\/span><span class=\"s4\"><span class=\"bumpedFont15\"> atribuite prin tragere la sor\u021bi <\/span><\/span><span class=\"s4\"><span class=\"bumpedFont15\">chiar \u00een ziua marii finale: <\/span><\/span><span class=\"s4\"><span class=\"bumpedFont15\">un<\/span><\/span><span class=\"s4\"><span class=\"bumpedFont15\"> m<\/span><\/span><span class=\"s4\"><span class=\"bumpedFont15\">onitor Samsung, <\/span><\/span><span class=\"s4\"><span class=\"bumpedFont15\">o tablet\u0103 Galaxy Tab A11<\/span><\/span><span class=\"s4\"><span class=\"bumpedFont15\">,<\/span><\/span> <span class=\"s4\"><span class=\"bumpedFont15\">o biciclet\u0103, <\/span><\/span><span class=\"s4\"><span class=\"bumpedFont15\">d<\/span><\/span><span class=\"s4\"><span class=\"bumpedFont15\">o<\/span><\/span><span class=\"s4\"><span class=\"bumpedFont15\">u\u0103 undi\u021be<\/span><\/span><span class=\"s4\"><span class=\"bumpedFont15\">, <\/span><\/span><span class=\"s4\"><span class=\"bumpedFont15\">dou\u0103 aparate de cafea Philips<\/span><\/span><span class=\"s4\"><span class=\"bumpedFont15\">, un <\/span><\/span><span class=\"s4\"><span class=\"bumpedFont15\">espressor manual de cafea, <\/span><\/span><span class=\"s4\"><span class=\"bumpedFont15\">un premiu de 500 de lei,<\/span><\/span><span class=\"s4\"><span class=\"bumpedFont15\"> cinci ghiozdane cu rechizite,<\/span><\/span> <span class=\"s4\"><span class=\"bumpedFont15\">trei invita\u021bii la restaurant pentru trei <\/span><\/span><span class=\"s4\"><span class=\"bumpedFont15\">echipe, un tort pentru o echip\u0103<\/span><\/span><span class=\"s4\"><span class=\"bumpedFont15\"> \u0219i 40 de vouchere a c\u00e2te o b\u0103utur\u0103 r\u0103coritoare pentru cinci echipe.<\/span><\/span><\/p>\n<p class=\"s5\"><span class=\"s4\"><span class=\"bumpedFont15\">Felicit \u00een primul r\u00e2nd toate colegiile \u0219i liceele participante, \u00eei felicit din toat\u0103 inima pe minuna\u021bii no\u0219tri liceeni care s-au preg\u0103tit cu seriozitate, cu ambi\u021bie \u0219i cu dorin\u021ba de a afla lucruri noi din temele \u0219i domeniile pe care le-am propus atunci c\u00e2nd am \u00eenceput aceast\u0103 edi\u021bie a concursului. <\/span><\/span><\/p>\n<p class=\"s5\"><span class=\"s4\"><span class=\"bumpedFont15\">Felicit din toat\u0103 inima <\/span><\/span><span class=\"s4\"><span class=\"bumpedFont15\">cadre<\/span><\/span><span class=\"s4\"><span class=\"bumpedFont15\">le didactice<\/span><\/span><span class=\"s4\"><span class=\"bumpedFont15\"> care s-au implicat cu entuziasm \u0219i cu responsabilitate \u00een preg\u0103tirea \u0219i consilierea elevilor care au f\u0103cut parte din echipele concurente. \u00cemp\u0103rt\u0103\u0219esc din plin bucuria elevilor \u0219i a dasc\u0103lilor pentru frumoasele performan\u021be ob\u021binute, nu doar la aceast\u0103 edi\u021bie, ci la toate edi\u021biile la care au participat. <\/span><\/span><\/p>\n<p class=\"s12\"><span class=\"s4\"><span class=\"bumpedFont15\">Sunt convins c\u0103 elevii vor continua s\u0103 fie la fel de competitivi, la fel de implica\u021bi \u00een activit\u0103\u021bi care \u00eei determin\u0103 s\u0103-\u0219i m\u0103soare puterile, s\u0103 \u00ee\u0219i arate cuno\u0219tin\u021bele, toate acestea fiind dovezi limpezi ale faptului c\u0103 cine a citit a c\u00e2\u0219tigat. <\/span><\/span><\/p>\n<p class=\"s13\">\n<p class=\"s13\"><span class=\"s4\"><span class=\"bumpedFont15\">Manager,<\/span><\/span><\/p>\n<p class=\"s13\"><span class=\"s4\"><span class=\"bumpedFont15\">Ioan Sebastian Bara<\/span><\/span><\/p>\n","protected":false},"excerpt":{"rendered":"<p>Concursul jude\u021bean de cultur\u0103 general\u0103 \u201eCite\u0219ti \u0219i c\u00e2\u0219tigi!\u201da ajuns la cea de-a XII-a edi\u021bie. Acest&#8230;<\/p>\n","protected":false},"author":1,"featured_media":8210,"comment_status":"closed","ping_status":"closed","sticky":false,"template":"","format":"standard","meta":{"footnotes":""},"categories":[1,17],"tags":[],"class_list":["post-8208","post","type-post","status-publish","format-standard","has-post-thumbnail","hentry","category-actual","category-cultura"],"yoast_head":"<!-- This site is optimized with the Yoast SEO plugin v25.3.1 - https:\/\/yoast.com\/wordpress\/plugins\/seo\/ -->\n<title>Cite\u0219ti \u0219i c\u00e2\u0219tigi!, la a XII-a edi\u021bie -<\/title>\n<meta name=\"robots\" content=\"index, follow, max-snippet:-1, max-image-preview:large, max-video-preview:-1\" \/>\n<link rel=\"canonical\" href=\"https:\/\/cronicahd.ro\/?p=8208\" \/>\n<meta property=\"og:locale\" content=\"ro_RO\" \/>\n<meta property=\"og:type\" content=\"article\" \/>\n<meta property=\"og:title\" content=\"Cite\u0219ti \u0219i c\u00e2\u0219tigi!, la a XII-a edi\u021bie -\" \/>\n<meta property=\"og:description\" content=\"Concursul jude\u021bean de cultur\u0103 general\u0103 \u201eCite\u0219ti \u0219i c\u00e2\u0219tigi!\u201da ajuns la cea de-a XII-a edi\u021bie. Acest...\" \/>\n<meta property=\"og:url\" content=\"https:\/\/cronicahd.ro\/?p=8208\" \/>\n<meta property=\"article:published_time\" content=\"2026-04-22T15:54:51+00:00\" \/>\n<meta property=\"og:image\" content=\"https:\/\/cronicahd.ro\/wp-content\/uploads\/2026\/04\/IMG_6726.jpeg\" \/>\n\t<meta property=\"og:image:width\" content=\"1125\" \/>\n\t<meta property=\"og:image:height\" content=\"569\" \/>\n\t<meta property=\"og:image:type\" content=\"image\/jpeg\" \/>\n<meta name=\"author\" content=\"admin\" \/>\n<meta name=\"twitter:card\" content=\"summary_large_image\" \/>\n<meta name=\"twitter:label1\" content=\"Scris de\" \/>\n\t<meta name=\"twitter:data1\" content=\"admin\" \/>\n\t<meta name=\"twitter:label2\" content=\"Timp estimat pentru citire\" \/>\n\t<meta name=\"twitter:data2\" content=\"9 minute\" \/>\n<script type=\"application\/ld+json\" class=\"yoast-schema-graph\">{\"@context\":\"https:\/\/schema.org\",\"@graph\":[{\"@type\":\"WebPage\",\"@id\":\"https:\/\/cronicahd.ro\/?p=8208\",\"url\":\"https:\/\/cronicahd.ro\/?p=8208\",\"name\":\"Cite\u0219ti \u0219i c\u00e2\u0219tigi!, la a XII-a edi\u021bie -\",\"isPartOf\":{\"@id\":\"https:\/\/cronicahd.ro\/#website\"},\"primaryImageOfPage\":{\"@id\":\"https:\/\/cronicahd.ro\/?p=8208#primaryimage\"},\"image\":{\"@id\":\"https:\/\/cronicahd.ro\/?p=8208#primaryimage\"},\"thumbnailUrl\":\"https:\/\/cronicahd.ro\/wp-content\/uploads\/2026\/04\/IMG_6726.jpeg\",\"datePublished\":\"2026-04-22T15:54:51+00:00\",\"author\":{\"@id\":\"https:\/\/cronicahd.ro\/#\/schema\/person\/d1a1277a8cd166610328e17aaf58bf46\"},\"breadcrumb\":{\"@id\":\"https:\/\/cronicahd.ro\/?p=8208#breadcrumb\"},\"inLanguage\":\"ro-RO\",\"potentialAction\":[{\"@type\":\"ReadAction\",\"target\":[\"https:\/\/cronicahd.ro\/?p=8208\"]}]},{\"@type\":\"ImageObject\",\"inLanguage\":\"ro-RO\",\"@id\":\"https:\/\/cronicahd.ro\/?p=8208#primaryimage\",\"url\":\"https:\/\/cronicahd.ro\/wp-content\/uploads\/2026\/04\/IMG_6726.jpeg\",\"contentUrl\":\"https:\/\/cronicahd.ro\/wp-content\/uploads\/2026\/04\/IMG_6726.jpeg\",\"width\":1125,\"height\":569,\"caption\":\"Screenshot\"},{\"@type\":\"BreadcrumbList\",\"@id\":\"https:\/\/cronicahd.ro\/?p=8208#breadcrumb\",\"itemListElement\":[{\"@type\":\"ListItem\",\"position\":1,\"name\":\"Prima pagin\u0103\",\"item\":\"https:\/\/cronicahd.ro\/\"},{\"@type\":\"ListItem\",\"position\":2,\"name\":\"Cite\u0219ti \u0219i c\u00e2\u0219tigi!, la a XII-a edi\u021bie\"}]},{\"@type\":\"WebSite\",\"@id\":\"https:\/\/cronicahd.ro\/#website\",\"url\":\"https:\/\/cronicahd.ro\/\",\"name\":\"\",\"description\":\"\",\"potentialAction\":[{\"@type\":\"SearchAction\",\"target\":{\"@type\":\"EntryPoint\",\"urlTemplate\":\"https:\/\/cronicahd.ro\/?s={search_term_string}\"},\"query-input\":{\"@type\":\"PropertyValueSpecification\",\"valueRequired\":true,\"valueName\":\"search_term_string\"}}],\"inLanguage\":\"ro-RO\"},{\"@type\":\"Person\",\"@id\":\"https:\/\/cronicahd.ro\/#\/schema\/person\/d1a1277a8cd166610328e17aaf58bf46\",\"name\":\"admin\",\"image\":{\"@type\":\"ImageObject\",\"inLanguage\":\"ro-RO\",\"@id\":\"https:\/\/cronicahd.ro\/#\/schema\/person\/image\/\",\"url\":\"https:\/\/secure.gravatar.com\/avatar\/24700337280d10898c2e0d19d44a05316bff9fccc941ecc5570ffe41668203f7?s=96&d=mm&r=g\",\"contentUrl\":\"https:\/\/secure.gravatar.com\/avatar\/24700337280d10898c2e0d19d44a05316bff9fccc941ecc5570ffe41668203f7?s=96&d=mm&r=g\",\"caption\":\"admin\"},\"sameAs\":[\"https:\/\/cronicavj.ro\"],\"url\":\"https:\/\/cronicahd.ro\/?author=1\"}]}<\/script>\n<!-- \/ Yoast SEO plugin. -->","yoast_head_json":{"title":"Cite\u0219ti \u0219i c\u00e2\u0219tigi!, la a XII-a edi\u021bie -","robots":{"index":"index","follow":"follow","max-snippet":"max-snippet:-1","max-image-preview":"max-image-preview:large","max-video-preview":"max-video-preview:-1"},"canonical":"https:\/\/cronicahd.ro\/?p=8208","og_locale":"ro_RO","og_type":"article","og_title":"Cite\u0219ti \u0219i c\u00e2\u0219tigi!, la a XII-a edi\u021bie -","og_description":"Concursul jude\u021bean de cultur\u0103 general\u0103 \u201eCite\u0219ti \u0219i c\u00e2\u0219tigi!\u201da ajuns la cea de-a XII-a edi\u021bie. Acest...","og_url":"https:\/\/cronicahd.ro\/?p=8208","article_published_time":"2026-04-22T15:54:51+00:00","og_image":[{"width":1125,"height":569,"url":"https:\/\/cronicahd.ro\/wp-content\/uploads\/2026\/04\/IMG_6726.jpeg","type":"image\/jpeg"}],"author":"admin","twitter_card":"summary_large_image","twitter_misc":{"Scris de":"admin","Timp estimat pentru citire":"9 minute"},"schema":{"@context":"https:\/\/schema.org","@graph":[{"@type":"WebPage","@id":"https:\/\/cronicahd.ro\/?p=8208","url":"https:\/\/cronicahd.ro\/?p=8208","name":"Cite\u0219ti \u0219i c\u00e2\u0219tigi!, la a XII-a edi\u021bie -","isPartOf":{"@id":"https:\/\/cronicahd.ro\/#website"},"primaryImageOfPage":{"@id":"https:\/\/cronicahd.ro\/?p=8208#primaryimage"},"image":{"@id":"https:\/\/cronicahd.ro\/?p=8208#primaryimage"},"thumbnailUrl":"https:\/\/cronicahd.ro\/wp-content\/uploads\/2026\/04\/IMG_6726.jpeg","datePublished":"2026-04-22T15:54:51+00:00","author":{"@id":"https:\/\/cronicahd.ro\/#\/schema\/person\/d1a1277a8cd166610328e17aaf58bf46"},"breadcrumb":{"@id":"https:\/\/cronicahd.ro\/?p=8208#breadcrumb"},"inLanguage":"ro-RO","potentialAction":[{"@type":"ReadAction","target":["https:\/\/cronicahd.ro\/?p=8208"]}]},{"@type":"ImageObject","inLanguage":"ro-RO","@id":"https:\/\/cronicahd.ro\/?p=8208#primaryimage","url":"https:\/\/cronicahd.ro\/wp-content\/uploads\/2026\/04\/IMG_6726.jpeg","contentUrl":"https:\/\/cronicahd.ro\/wp-content\/uploads\/2026\/04\/IMG_6726.jpeg","width":1125,"height":569,"caption":"Screenshot"},{"@type":"BreadcrumbList","@id":"https:\/\/cronicahd.ro\/?p=8208#breadcrumb","itemListElement":[{"@type":"ListItem","position":1,"name":"Prima pagin\u0103","item":"https:\/\/cronicahd.ro\/"},{"@type":"ListItem","position":2,"name":"Cite\u0219ti \u0219i c\u00e2\u0219tigi!, la a XII-a edi\u021bie"}]},{"@type":"WebSite","@id":"https:\/\/cronicahd.ro\/#website","url":"https:\/\/cronicahd.ro\/","name":"","description":"","potentialAction":[{"@type":"SearchAction","target":{"@type":"EntryPoint","urlTemplate":"https:\/\/cronicahd.ro\/?s={search_term_string}"},"query-input":{"@type":"PropertyValueSpecification","valueRequired":true,"valueName":"search_term_string"}}],"inLanguage":"ro-RO"},{"@type":"Person","@id":"https:\/\/cronicahd.ro\/#\/schema\/person\/d1a1277a8cd166610328e17aaf58bf46","name":"admin","image":{"@type":"ImageObject","inLanguage":"ro-RO","@id":"https:\/\/cronicahd.ro\/#\/schema\/person\/image\/","url":"https:\/\/secure.gravatar.com\/avatar\/24700337280d10898c2e0d19d44a05316bff9fccc941ecc5570ffe41668203f7?s=96&d=mm&r=g","contentUrl":"https:\/\/secure.gravatar.com\/avatar\/24700337280d10898c2e0d19d44a05316bff9fccc941ecc5570ffe41668203f7?s=96&d=mm&r=g","caption":"admin"},"sameAs":["https:\/\/cronicavj.ro"],"url":"https:\/\/cronicahd.ro\/?author=1"}]}},"_links":{"self":[{"href":"https:\/\/cronicahd.ro\/index.php?rest_route=\/wp\/v2\/posts\/8208","targetHints":{"allow":["GET"]}}],"collection":[{"href":"https:\/\/cronicahd.ro\/index.php?rest_route=\/wp\/v2\/posts"}],"about":[{"href":"https:\/\/cronicahd.ro\/index.php?rest_route=\/wp\/v2\/types\/post"}],"author":[{"embeddable":true,"href":"https:\/\/cronicahd.ro\/index.php?rest_route=\/wp\/v2\/users\/1"}],"replies":[{"embeddable":true,"href":"https:\/\/cronicahd.ro\/index.php?rest_route=%2Fwp%2Fv2%2Fcomments&post=8208"}],"version-history":[{"count":1,"href":"https:\/\/cronicahd.ro\/index.php?rest_route=\/wp\/v2\/posts\/8208\/revisions"}],"predecessor-version":[{"id":8220,"href":"https:\/\/cronicahd.ro\/index.php?rest_route=\/wp\/v2\/posts\/8208\/revisions\/8220"}],"wp:featuredmedia":[{"embeddable":true,"href":"https:\/\/cronicahd.ro\/index.php?rest_route=\/wp\/v2\/media\/8210"}],"wp:attachment":[{"href":"https:\/\/cronicahd.ro\/index.php?rest_route=%2Fwp%2Fv2%2Fmedia&parent=8208"}],"wp:term":[{"taxonomy":"category","embeddable":true,"href":"https:\/\/cronicahd.ro\/index.php?rest_route=%2Fwp%2Fv2%2Fcategories&post=8208"},{"taxonomy":"post_tag","embeddable":true,"href":"https:\/\/cronicahd.ro\/index.php?rest_route=%2Fwp%2Fv2%2Ftags&post=8208"}],"curies":[{"name":"wp","href":"https:\/\/api.w.org\/{rel}","templated":true}]}}