{"id":8197,"date":"2026-04-22T11:52:15","date_gmt":"2026-04-22T11:52:15","guid":{"rendered":"https:\/\/cronicahd.ro\/?p=8197"},"modified":"2026-04-22T11:52:15","modified_gmt":"2026-04-22T11:52:15","slug":"termen-prelungit-pentru-distribuirea-tichetelor-gratuite-de-calatorie","status":"publish","type":"post","link":"https:\/\/cronicahd.ro\/?p=8197","title":{"rendered":"Termen prelungit pentru distribuirea tichetelor gratuite de c\u0103l\u0103torie"},"content":{"rendered":"<p class=\"s3\">\n<p class=\"s3\"><span class=\"s4\">\u00a0<\/span><span class=\"s4\"><span class=\"bumpedFont15\">Direc\u0163ia de Asisten\u0163\u0103 Social\u0103 Deva prelunge\u015fte perioada de distribuire a tichetelor de c\u0103l\u0103torie <\/span><\/span><span class=\"s4\"><span class=\"bumpedFont15\">gratuite <\/span><\/span><span class=\"s4\"><span class=\"bumpedFont15\">pentru transportul public local, <\/span><\/span><span class=\"s4\"><span class=\"bumpedFont15\">care sunt <\/span><\/span><span class=\"s4\"><span class=\"bumpedFont15\">valabile <\/span><\/span><span class=\"s4\"><span class=\"bumpedFont15\">\u00een <\/span><\/span><span class=\"s4\"><span class=\"bumpedFont15\">perioada<\/span><\/span> <span class=\"s2\"><span class=\"bumpedFont15\">apri<\/span><\/span><span class=\"s2\"><span class=\"bumpedFont15\">lie <\/span><\/span><span class=\"s2\"><span class=\"bumpedFont15\">\u2013 <\/span><\/span><span class=\"s2\"><span class=\"bumpedFont15\">iulie<\/span><\/span><span class=\"s2\"><span class=\"bumpedFont15\"> 2026<\/span><\/span><span class=\"s4\"><span class=\"bumpedFont15\"> \u0219i sunt<\/span><\/span> <span class=\"s4\"><span class=\"bumpedFont15\">destinate <\/span><\/span><span class=\"s4\"><span class=\"bumpedFont15\">copiilor \u0219i adul\u021bilor<\/span><\/span><span class=\"s4\"><span class=\"bumpedFont15\"> cu dizabilit\u0103\u0163i.<\/span><\/span><\/p>\n<p class=\"s3\"><span class=\"s4\">\u00a0<\/span><span class=\"s4\"><span class=\"bumpedFont15\">Astfel, persoanele care <\/span><\/span><span class=\"s4\"><span class=\"bumpedFont15\">s<\/span><\/span><span class=\"s4\"><span class=\"bumpedFont15\">e<\/span><\/span><span class=\"s4\"><span class=\"bumpedFont15\"> afl<\/span><\/span><span class=\"s4\"><span class=\"bumpedFont15\">\u0103<\/span><\/span><span class=\"s4\"><span class=\"bumpedFont15\"> \u00een situa\u0163ii deosebite (<\/span><\/span><span class=\"s4\"><span class=\"bumpedFont15\">internare, absen\u0163\u0103 din localitate etc.) \u015fi nu au posibilitatea s\u0103 ridice tichetele gratuite <\/span><\/span><span class=\"s4\"><span class=\"bumpedFont15\">p\u00e2n\u0103 <\/span><\/span><span class=\"s4\"><span class=\"bumpedFont15\">vineri<\/span><\/span><span class=\"s4\"><span class=\"bumpedFont15\">, <\/span><\/span><span class=\"s2\"><span class=\"bumpedFont15\">2<\/span><\/span><span class=\"s2\"><span class=\"bumpedFont15\">4<\/span><\/span> <span class=\"s2\"><span class=\"bumpedFont15\">aprilie 2026<\/span><\/span><span class=\"s4\"><span class=\"bumpedFont15\">, pot<\/span><\/span><span class=\"s4\"><span class=\"bumpedFont15\"> intra \u00een posesia acestora <\/span><\/span><span class=\"s4\"><span class=\"bumpedFont15\">\u00een<\/span><\/span><span class=\"s4\"><span class=\"bumpedFont15\">cep\u00e2nd de luni<\/span><\/span><span class=\"s4\"><span class=\"bumpedFont15\">, <\/span><\/span><span class=\"s2\"><span class=\"bumpedFont15\">27 aprilie 2026<\/span><\/span><span class=\"s4\"><span class=\"bumpedFont15\">.<\/span><\/span><\/p>\n<p class=\"s3\"><span class=\"s4\">\u00a0<\/span><span class=\"s4\"><span class=\"bumpedFont15\">Tichetele pot fi ridicate din cl\u0103direa Pie\u021bei Agroalimentare Deva, etaj 1, birou<\/span><\/span><span class=\"s4\"><span class=\"bumpedFont15\">l<\/span><\/span> <span class=\"s4\"><span class=\"bumpedFont15\">nr. <\/span><\/span><span class=\"s4\"><span class=\"bumpedFont15\">22, <\/span><\/span><span class=\"s4\"><span class=\"bumpedFont15\">dup\u0103 urm\u0103torul program:<\/span><\/span><\/p>\n<p class=\"s3\"><span class=\"s4\"><span class=\"bumpedFont15\">&#8211;<\/span><\/span> <span class=\"s4\"><span class=\"bumpedFont15\">luni \u2013 <\/span><\/span><span class=\"s4\"><span class=\"bumpedFont15\">jo<\/span><\/span><span class=\"s4\"><span class=\"bumpedFont15\">i<\/span><\/span><span class=\"s4\"><span class=\"bumpedFont15\">, <\/span><\/span><span class=\"s4\"><span class=\"bumpedFont15\">\u00eentre orele 8:00<\/span><\/span> <span class=\"s4\"><span class=\"bumpedFont15\">&#8211;<\/span><\/span> <span class=\"s4\"><span class=\"bumpedFont15\">16:30 <\/span><\/span><\/p>\n<p class=\"s3\"><span class=\"s4\"><span class=\"bumpedFont15\">&#8211;<\/span><\/span> <span class=\"s4\"><span class=\"bumpedFont15\">vineri, \u00eentre orele 8:00<\/span><\/span> <span class=\"s4\"><span class=\"bumpedFont15\">&#8211;<\/span><\/span> <span class=\"s4\"><span class=\"bumpedFont15\">14:00 <\/span><\/span><\/p>\n<p class=\"s3\"><span class=\"s4\">\u00a0<\/span><span class=\"s4\"><span class=\"bumpedFont15\">Tichetele de c\u0103l\u0103torie <\/span><\/span><span class=\"s4\"><span class=\"bumpedFont15\">gratuite <\/span><\/span><span class=\"s4\"><span class=\"bumpedFont15\">se acord\u0103 <\/span><\/span><span class=\"s4\"><span class=\"bumpedFont15\">at\u00e2t persoanelor cu <\/span><\/span><span class=\"s4\"><span class=\"bumpedFont15\">dizabilit\u0103\u0163i<\/span><\/span><span class=\"s4\"><span class=\"bumpedFont15\">,<\/span><\/span><span class=\"s4\"><span class=\"bumpedFont15\"> \u00eencadra<\/span><\/span><span class=\"s4\"><span class=\"bumpedFont15\">te<\/span><\/span><span class=\"s4\"><span class=\"bumpedFont15\"> \u00een grad<\/span><\/span><span class=\"s4\"><span class=\"bumpedFont15\">ele de handicap<\/span><\/span><span class=\"s4\"><span class=\"bumpedFont15\"> grav<\/span><\/span><span class=\"s4\"><span class=\"bumpedFont15\"> \u0219i accentuat<\/span><\/span><span class=\"s4\"><span class=\"bumpedFont15\">, c\u00e2t \u015fi <\/span><\/span><span class=\"s4\"><span class=\"bumpedFont15\">\u00eenso\u021bitori<\/span><\/span><span class=\"s4\"><span class=\"bumpedFont15\">lor sau <\/span><\/span><span class=\"s4\"><span class=\"bumpedFont15\">asisten\u021bi<\/span><\/span><span class=\"s4\"><span class=\"bumpedFont15\">lor<\/span><\/span><span class=\"s4\"><span class=\"bumpedFont15\"> personali ai persoanelor cu dizabilit\u0103\u021bi<\/span><\/span><span class=\"s4\"><span class=\"bumpedFont15\">,<\/span><\/span><span class=\"s4\"><span class=\"bumpedFont15\"> \u00eencadrate \u00een grad de handicap grav<\/span><\/span><\/p>\n<p class=\"s3\"><span class=\"s4\">\u00a0<\/span><span class=\"s4\"><span class=\"bumpedFont15\">Documente ne<\/span><\/span><span class=\"s4\"><span class=\"bumpedFont15\">cesare pentru eliberarea tichetelor:<\/span><\/span><\/p>\n<p class=\"s3\"><span class=\"s4\"><span class=\"bumpedFont15\">&#8211;<\/span><\/span> <span class=\"s4\"><span class=\"bumpedFont15\">cartea de identitate <\/span><\/span><span class=\"s4\"><span class=\"bumpedFont15\">\/<\/span><\/span><span class=\"s4\"><span class=\"bumpedFont15\"> certificatul de na\u0219tere (\u00een cazul minorilor)<\/span><\/span><\/p>\n<p class=\"s3\"><span class=\"s4\"><span class=\"bumpedFont15\">&#8211;<\/span><\/span> <span class=\"s4\"><span class=\"bumpedFont15\">legitima\u021bia de c\u0103l\u0103torie, eliberat\u0103 de Direc\u021bia General\u0103 de Asisten\u021b\u0103 Social\u0103 \u0219i Protec\u021bia Copilului Hunedoara<\/span><\/span><\/p>\n<p class=\"s3\"><span class=\"s4\"><span class=\"bumpedFont15\">&#8211;<\/span><\/span> <span class=\"s4\"><span class=\"bumpedFont15\">certificatul de \u00eencadrare \u00een grad de handicap<\/span><\/span><\/p>\n<p class=\"s3\"><span class=\"s4\">\u00a0<\/span><span class=\"s4\"><span class=\"bumpedFont15\">Tichetele <\/span><\/span><span class=\"s4\"><span class=\"bumpedFont15\">gratuite <\/span><\/span><span class=\"s4\"><span class=\"bumpedFont15\">pentru transportul public local <\/span><\/span><span class=\"s4\"><span class=\"bumpedFont15\">pot fi <\/span><\/span><span class=\"s4\"><span class=\"bumpedFont15\">folosite<\/span><\/span><span class=\"s4\"><span class=\"bumpedFont15\">pentru <\/span><\/span><span class=\"s4\"><span class=\"bumpedFont15\">2<\/span><\/span><span class=\"s4\"><span class=\"bumpedFont15\">0 c\u0103l\u0103torii<\/span><\/span><span class=\"s4\"><span class=\"bumpedFont15\">\/<\/span><\/span><span class=\"s4\"><span class=\"bumpedFont15\">lun\u0103<\/span><\/span><span class=\"s4\"><span class=\"bumpedFont15\">, \u00een municipiul Deva<\/span><\/span><span class=\"s4\"><span class=\"bumpedFont15\"> \u015fi localit\u0103\u0163ile <\/span><\/span><span class=\"s4\"><span class=\"bumpedFont15\">componente <\/span><\/span><span class=\"s4\"><span class=\"bumpedFont15\">(S\u00e2ntuhalm, A<\/span><\/span><span class=\"s4\"><span class=\"bumpedFont15\">rchia, B\u00e2rcea Mic\u0103 \u015fi Cristur).<\/span><\/span><\/p>\n<p class=\"s3\"><span class=\"s4\">\u00a0<\/span><span class=\"s2\"><span class=\"bumpedFont15\">INFORMA\u0162II SUPLIMENTARE<\/span><\/span><span class=\"s4\"><span class=\"bumpedFont15\"> se pot ob\u0163ine la num<\/span><\/span><span class=\"s4\"><span class=\"bumpedFont15\">\u0103rul<\/span><\/span><span class=\"s4\"><span class=\"bumpedFont15\"> de <\/span><\/span><span class=\"s2\"><span class=\"bumpedFont15\">telefon<\/span><\/span> <span class=\"s2\"><span class=\"bumpedFont15\">0737.036.004<\/span><\/span><span class=\"s4\"><span class=\"bumpedFont15\">, <\/span><\/span><span class=\"s4\"><span class=\"bumpedFont15\">de luni p\u021bn\u0103 joi, \u00eentre orele 8:00 <\/span><\/span><span class=\"s4\"><span class=\"bumpedFont15\">\u2013<\/span><\/span><span class=\"s4\"><span class=\"bumpedFont15\"> 16:<\/span><\/span><span class=\"s4\"><span class=\"bumpedFont15\">30 sau vineri, \u00eentre orele 8:00 <\/span><\/span><span class=\"s4\"><span class=\"bumpedFont15\">\u2013<\/span><\/span><span class=\"s4\"><span class=\"bumpedFont15\"> 14:<\/span><\/span><span class=\"s4\"><span class=\"bumpedFont15\">00.<\/span><\/span><\/p>\n<p class=\"s3\"><span class=\"s4\">\u00a0<\/span><\/p>\n<p class=\"s3\"><span class=\"s2\"><span class=\"bumpedFont15\">Direc\u021bia de Asisten\u021b\u0103 Social\u0103 Deva<\/span><\/span><\/p>\n","protected":false},"excerpt":{"rendered":"<p>\u00a0Direc\u0163ia de Asisten\u0163\u0103 Social\u0103 Deva prelunge\u015fte perioada de distribuire a tichetelor de c\u0103l\u0103torie gratuite pentru&#8230;<\/p>\n","protected":false},"author":1,"featured_media":8198,"comment_status":"closed","ping_status":"closed","sticky":false,"template":"","format":"standard","meta":{"footnotes":""},"categories":[1,6],"tags":[],"class_list":["post-8197","post","type-post","status-publish","format-standard","has-post-thumbnail","hentry","category-actual","category-administratie"],"yoast_head":"<!-- This site is optimized with the Yoast SEO plugin v25.3.1 - https:\/\/yoast.com\/wordpress\/plugins\/seo\/ -->\n<title>Termen prelungit pentru distribuirea tichetelor gratuite de c\u0103l\u0103torie -<\/title>\n<meta name=\"robots\" content=\"index, follow, max-snippet:-1, max-image-preview:large, max-video-preview:-1\" \/>\n<link rel=\"canonical\" href=\"https:\/\/cronicahd.ro\/?p=8197\" \/>\n<meta property=\"og:locale\" content=\"ro_RO\" \/>\n<meta property=\"og:type\" content=\"article\" \/>\n<meta property=\"og:title\" content=\"Termen prelungit pentru distribuirea tichetelor gratuite de c\u0103l\u0103torie -\" \/>\n<meta property=\"og:description\" content=\"\u00a0Direc\u0163ia de Asisten\u0163\u0103 Social\u0103 Deva prelunge\u015fte perioada de distribuire a tichetelor de c\u0103l\u0103torie gratuite pentru...\" \/>\n<meta property=\"og:url\" content=\"https:\/\/cronicahd.ro\/?p=8197\" \/>\n<meta property=\"article:published_time\" content=\"2026-04-22T11:52:15+00:00\" \/>\n<meta property=\"og:image\" content=\"https:\/\/cronicahd.ro\/wp-content\/uploads\/2026\/04\/Foto-Tichete-gratuite-calatorie-aprilie-2026.jpeg\" \/>\n\t<meta property=\"og:image:width\" content=\"2048\" \/>\n\t<meta property=\"og:image:height\" content=\"1429\" \/>\n\t<meta property=\"og:image:type\" content=\"image\/jpeg\" \/>\n<meta name=\"author\" content=\"admin\" \/>\n<meta name=\"twitter:card\" content=\"summary_large_image\" \/>\n<meta name=\"twitter:label1\" content=\"Scris de\" \/>\n\t<meta name=\"twitter:data1\" content=\"admin\" \/>\n\t<meta name=\"twitter:label2\" content=\"Timp estimat pentru citire\" \/>\n\t<meta name=\"twitter:data2\" content=\"2 minute\" \/>\n<script type=\"application\/ld+json\" class=\"yoast-schema-graph\">{\"@context\":\"https:\/\/schema.org\",\"@graph\":[{\"@type\":\"WebPage\",\"@id\":\"https:\/\/cronicahd.ro\/?p=8197\",\"url\":\"https:\/\/cronicahd.ro\/?p=8197\",\"name\":\"Termen prelungit pentru distribuirea tichetelor gratuite de c\u0103l\u0103torie -\",\"isPartOf\":{\"@id\":\"https:\/\/cronicahd.ro\/#website\"},\"primaryImageOfPage\":{\"@id\":\"https:\/\/cronicahd.ro\/?p=8197#primaryimage\"},\"image\":{\"@id\":\"https:\/\/cronicahd.ro\/?p=8197#primaryimage\"},\"thumbnailUrl\":\"https:\/\/cronicahd.ro\/wp-content\/uploads\/2026\/04\/Foto-Tichete-gratuite-calatorie-aprilie-2026.jpeg\",\"datePublished\":\"2026-04-22T11:52:15+00:00\",\"author\":{\"@id\":\"https:\/\/cronicahd.ro\/#\/schema\/person\/d1a1277a8cd166610328e17aaf58bf46\"},\"breadcrumb\":{\"@id\":\"https:\/\/cronicahd.ro\/?p=8197#breadcrumb\"},\"inLanguage\":\"ro-RO\",\"potentialAction\":[{\"@type\":\"ReadAction\",\"target\":[\"https:\/\/cronicahd.ro\/?p=8197\"]}]},{\"@type\":\"ImageObject\",\"inLanguage\":\"ro-RO\",\"@id\":\"https:\/\/cronicahd.ro\/?p=8197#primaryimage\",\"url\":\"https:\/\/cronicahd.ro\/wp-content\/uploads\/2026\/04\/Foto-Tichete-gratuite-calatorie-aprilie-2026.jpeg\",\"contentUrl\":\"https:\/\/cronicahd.ro\/wp-content\/uploads\/2026\/04\/Foto-Tichete-gratuite-calatorie-aprilie-2026.jpeg\",\"width\":2048,\"height\":1429},{\"@type\":\"BreadcrumbList\",\"@id\":\"https:\/\/cronicahd.ro\/?p=8197#breadcrumb\",\"itemListElement\":[{\"@type\":\"ListItem\",\"position\":1,\"name\":\"Prima pagin\u0103\",\"item\":\"https:\/\/cronicahd.ro\/\"},{\"@type\":\"ListItem\",\"position\":2,\"name\":\"Termen prelungit pentru distribuirea tichetelor gratuite de c\u0103l\u0103torie\"}]},{\"@type\":\"WebSite\",\"@id\":\"https:\/\/cronicahd.ro\/#website\",\"url\":\"https:\/\/cronicahd.ro\/\",\"name\":\"\",\"description\":\"\",\"potentialAction\":[{\"@type\":\"SearchAction\",\"target\":{\"@type\":\"EntryPoint\",\"urlTemplate\":\"https:\/\/cronicahd.ro\/?s={search_term_string}\"},\"query-input\":{\"@type\":\"PropertyValueSpecification\",\"valueRequired\":true,\"valueName\":\"search_term_string\"}}],\"inLanguage\":\"ro-RO\"},{\"@type\":\"Person\",\"@id\":\"https:\/\/cronicahd.ro\/#\/schema\/person\/d1a1277a8cd166610328e17aaf58bf46\",\"name\":\"admin\",\"image\":{\"@type\":\"ImageObject\",\"inLanguage\":\"ro-RO\",\"@id\":\"https:\/\/cronicahd.ro\/#\/schema\/person\/image\/\",\"url\":\"https:\/\/secure.gravatar.com\/avatar\/24700337280d10898c2e0d19d44a05316bff9fccc941ecc5570ffe41668203f7?s=96&d=mm&r=g\",\"contentUrl\":\"https:\/\/secure.gravatar.com\/avatar\/24700337280d10898c2e0d19d44a05316bff9fccc941ecc5570ffe41668203f7?s=96&d=mm&r=g\",\"caption\":\"admin\"},\"sameAs\":[\"https:\/\/cronicavj.ro\"],\"url\":\"https:\/\/cronicahd.ro\/?author=1\"}]}<\/script>\n<!-- \/ Yoast SEO plugin. -->","yoast_head_json":{"title":"Termen prelungit pentru distribuirea tichetelor gratuite de c\u0103l\u0103torie -","robots":{"index":"index","follow":"follow","max-snippet":"max-snippet:-1","max-image-preview":"max-image-preview:large","max-video-preview":"max-video-preview:-1"},"canonical":"https:\/\/cronicahd.ro\/?p=8197","og_locale":"ro_RO","og_type":"article","og_title":"Termen prelungit pentru distribuirea tichetelor gratuite de c\u0103l\u0103torie -","og_description":"\u00a0Direc\u0163ia de Asisten\u0163\u0103 Social\u0103 Deva prelunge\u015fte perioada de distribuire a tichetelor de c\u0103l\u0103torie gratuite pentru...","og_url":"https:\/\/cronicahd.ro\/?p=8197","article_published_time":"2026-04-22T11:52:15+00:00","og_image":[{"width":2048,"height":1429,"url":"https:\/\/cronicahd.ro\/wp-content\/uploads\/2026\/04\/Foto-Tichete-gratuite-calatorie-aprilie-2026.jpeg","type":"image\/jpeg"}],"author":"admin","twitter_card":"summary_large_image","twitter_misc":{"Scris de":"admin","Timp estimat pentru citire":"2 minute"},"schema":{"@context":"https:\/\/schema.org","@graph":[{"@type":"WebPage","@id":"https:\/\/cronicahd.ro\/?p=8197","url":"https:\/\/cronicahd.ro\/?p=8197","name":"Termen prelungit pentru distribuirea tichetelor gratuite de c\u0103l\u0103torie -","isPartOf":{"@id":"https:\/\/cronicahd.ro\/#website"},"primaryImageOfPage":{"@id":"https:\/\/cronicahd.ro\/?p=8197#primaryimage"},"image":{"@id":"https:\/\/cronicahd.ro\/?p=8197#primaryimage"},"thumbnailUrl":"https:\/\/cronicahd.ro\/wp-content\/uploads\/2026\/04\/Foto-Tichete-gratuite-calatorie-aprilie-2026.jpeg","datePublished":"2026-04-22T11:52:15+00:00","author":{"@id":"https:\/\/cronicahd.ro\/#\/schema\/person\/d1a1277a8cd166610328e17aaf58bf46"},"breadcrumb":{"@id":"https:\/\/cronicahd.ro\/?p=8197#breadcrumb"},"inLanguage":"ro-RO","potentialAction":[{"@type":"ReadAction","target":["https:\/\/cronicahd.ro\/?p=8197"]}]},{"@type":"ImageObject","inLanguage":"ro-RO","@id":"https:\/\/cronicahd.ro\/?p=8197#primaryimage","url":"https:\/\/cronicahd.ro\/wp-content\/uploads\/2026\/04\/Foto-Tichete-gratuite-calatorie-aprilie-2026.jpeg","contentUrl":"https:\/\/cronicahd.ro\/wp-content\/uploads\/2026\/04\/Foto-Tichete-gratuite-calatorie-aprilie-2026.jpeg","width":2048,"height":1429},{"@type":"BreadcrumbList","@id":"https:\/\/cronicahd.ro\/?p=8197#breadcrumb","itemListElement":[{"@type":"ListItem","position":1,"name":"Prima pagin\u0103","item":"https:\/\/cronicahd.ro\/"},{"@type":"ListItem","position":2,"name":"Termen prelungit pentru distribuirea tichetelor gratuite de c\u0103l\u0103torie"}]},{"@type":"WebSite","@id":"https:\/\/cronicahd.ro\/#website","url":"https:\/\/cronicahd.ro\/","name":"","description":"","potentialAction":[{"@type":"SearchAction","target":{"@type":"EntryPoint","urlTemplate":"https:\/\/cronicahd.ro\/?s={search_term_string}"},"query-input":{"@type":"PropertyValueSpecification","valueRequired":true,"valueName":"search_term_string"}}],"inLanguage":"ro-RO"},{"@type":"Person","@id":"https:\/\/cronicahd.ro\/#\/schema\/person\/d1a1277a8cd166610328e17aaf58bf46","name":"admin","image":{"@type":"ImageObject","inLanguage":"ro-RO","@id":"https:\/\/cronicahd.ro\/#\/schema\/person\/image\/","url":"https:\/\/secure.gravatar.com\/avatar\/24700337280d10898c2e0d19d44a05316bff9fccc941ecc5570ffe41668203f7?s=96&d=mm&r=g","contentUrl":"https:\/\/secure.gravatar.com\/avatar\/24700337280d10898c2e0d19d44a05316bff9fccc941ecc5570ffe41668203f7?s=96&d=mm&r=g","caption":"admin"},"sameAs":["https:\/\/cronicavj.ro"],"url":"https:\/\/cronicahd.ro\/?author=1"}]}},"_links":{"self":[{"href":"https:\/\/cronicahd.ro\/index.php?rest_route=\/wp\/v2\/posts\/8197","targetHints":{"allow":["GET"]}}],"collection":[{"href":"https:\/\/cronicahd.ro\/index.php?rest_route=\/wp\/v2\/posts"}],"about":[{"href":"https:\/\/cronicahd.ro\/index.php?rest_route=\/wp\/v2\/types\/post"}],"author":[{"embeddable":true,"href":"https:\/\/cronicahd.ro\/index.php?rest_route=\/wp\/v2\/users\/1"}],"replies":[{"embeddable":true,"href":"https:\/\/cronicahd.ro\/index.php?rest_route=%2Fwp%2Fv2%2Fcomments&post=8197"}],"version-history":[{"count":1,"href":"https:\/\/cronicahd.ro\/index.php?rest_route=\/wp\/v2\/posts\/8197\/revisions"}],"predecessor-version":[{"id":8199,"href":"https:\/\/cronicahd.ro\/index.php?rest_route=\/wp\/v2\/posts\/8197\/revisions\/8199"}],"wp:featuredmedia":[{"embeddable":true,"href":"https:\/\/cronicahd.ro\/index.php?rest_route=\/wp\/v2\/media\/8198"}],"wp:attachment":[{"href":"https:\/\/cronicahd.ro\/index.php?rest_route=%2Fwp%2Fv2%2Fmedia&parent=8197"}],"wp:term":[{"taxonomy":"category","embeddable":true,"href":"https:\/\/cronicahd.ro\/index.php?rest_route=%2Fwp%2Fv2%2Fcategories&post=8197"},{"taxonomy":"post_tag","embeddable":true,"href":"https:\/\/cronicahd.ro\/index.php?rest_route=%2Fwp%2Fv2%2Ftags&post=8197"}],"curies":[{"name":"wp","href":"https:\/\/api.w.org\/{rel}","templated":true}]}}