{"id":8192,"date":"2026-04-22T09:57:23","date_gmt":"2026-04-22T09:57:23","guid":{"rendered":"https:\/\/cronicahd.ro\/?p=8192"},"modified":"2026-04-22T09:57:23","modified_gmt":"2026-04-22T09:57:23","slug":"femei-batute-in-valea-jiului","status":"publish","type":"post","link":"https:\/\/cronicahd.ro\/?p=8192","title":{"rendered":"Femei b\u0103tute \u00een Valea Jiului"},"content":{"rendered":"<p>Nicio zi f\u0103r\u0103 ordine de protec\u021bie! A\u0219a stau lucrurile \u00een jude\u021bul Hunedoara, unde, zilnic, femei agresate de partenerii lor, ajung la spital. Ultimele dou\u0103 cazuri vin din Valea Jiului<\/p>\n<p>Femeie de 28 de ani agresat\u0103 de so\u021b, \u00een municipiul Vulcan<\/p>\n<p>\u00cen data de 22 aprilie 2026, \u00een jurul orei 03:00, poli\u021bi\u0219tii din municipiul Vulcan au fost sesiza\u021bi prin apel la SNUAU 112 cu privire la un conflict izbucnit \u00eentre so\u021bi. Ajun\u0219i la fa\u021ba locului, poli\u021bi\u0219tii au identificat o femeie \u00een v\u00e2rst\u0103 de 28 de ani \u0219i un b\u0103rbat de 29 de ani, ambii din municipiul Vulcan. Din primele verific\u0103ri, conflictul ar fi izbucnit pe fondul unor discu\u021bii contradictorii. Situa\u021bia a degenerat, iar b\u0103rbatul ar fi agresat-o fizic pe femeie. Femeia a fost preluat\u0103 de un echipaj de ambulan\u021b\u0103 \u0219i transportat\u0103 la Compartimentul de Primiri Urgen\u021be Vulcan, \u00een vederea acord\u0103rii \u00eengrijirilor medicale. \u00cen urma evalu\u0103rii riscului, poli\u021bi\u0219tii au constatat existen\u021ba unui pericol iminent, fiind emis un ordin de protec\u021bie provizoriu pentru o perioad\u0103 de 5 zile. \u00a0\u00cen cauz\u0103, a fost \u00eentocmit dosar penal pentru violen\u021b\u0103 \u00een familie.<\/p>\n<p>Femeie de 38 de ani agresat\u0103 \u0219i amenin\u021bat\u0103 de concubin, \u00een ora\u0219ul Petrila<\/p>\n<p>Poli\u021bi\u0219tii din ora\u0219ul Petrila au fost sesiza\u021bi, ieri, de o femeie de 38 de ani, din Petrila, cu privire la faptul c\u0103, \u00een seara zilei de 20 aprilie 2026, \u00een jurul orei 23:00, ar fi fost agresat\u0103 de concubinul s\u0103u, un b\u0103rbat de 46 de ani, \u00een timp ce se aflau la domiciliu, \u00eempreun\u0103 cu alte persoane, consum\u00e2nd b\u0103uturi alcoolice.<\/p>\n<p>Din verific\u0103ri a rezultat c\u0103 b\u0103rbatul ar fi devenit violent \u0219i ar fi lovit-o pe femeie cu un pahar \u00een zona capului, provoc\u00e2ndu-i o plag\u0103 deschis\u0103. Ulterior, femeia s-a deplasat la Spitalul de Urgen\u021b\u0103 Petro\u0219ani, pentru \u00eengrijiri medicale. De asemenea, femeia a reclamat c\u0103, dup\u0103 ce \u0219i-a exprimat inten\u021bia de a sesiza poli\u021bia, concubinul s\u0103u ar fi amenin\u021bat-o, provoc\u00e2ndu-i o stare de temere. \u00cen urma evalu\u0103rii riscului, poli\u021bi\u0219tii au stabilit c\u0103 exist\u0103 un pericol iminent, fiind emis un ordin de protec\u021bie provizoriu \u00eempotriva b\u0103rbatului. \u00cen acest caz, a fost \u00eentocmit dosar penal pentru violen\u021b\u0103 \u00een familie \u0219i amenin\u021bare.<\/p>\n","protected":false},"excerpt":{"rendered":"<p>Nicio zi f\u0103r\u0103 ordine de protec\u021bie! A\u0219a stau lucrurile \u00een jude\u021bul Hunedoara, unde, zilnic, femei&#8230;<\/p>\n","protected":false},"author":1,"featured_media":863,"comment_status":"closed","ping_status":"closed","sticky":false,"template":"","format":"standard","meta":{"footnotes":""},"categories":[1,15],"tags":[],"class_list":["post-8192","post","type-post","status-publish","format-standard","has-post-thumbnail","hentry","category-actual","category-eveniment"],"yoast_head":"<!-- This site is optimized with the Yoast SEO plugin v25.3.1 - https:\/\/yoast.com\/wordpress\/plugins\/seo\/ -->\n<title>Femei b\u0103tute \u00een Valea Jiului -<\/title>\n<meta name=\"robots\" content=\"index, follow, max-snippet:-1, max-image-preview:large, max-video-preview:-1\" \/>\n<link rel=\"canonical\" href=\"https:\/\/cronicahd.ro\/?p=8192\" \/>\n<meta property=\"og:locale\" content=\"ro_RO\" \/>\n<meta property=\"og:type\" content=\"article\" \/>\n<meta property=\"og:title\" content=\"Femei b\u0103tute \u00een Valea Jiului -\" \/>\n<meta property=\"og:description\" content=\"Nicio zi f\u0103r\u0103 ordine de protec\u021bie! A\u0219a stau lucrurile \u00een jude\u021bul Hunedoara, unde, zilnic, femei...\" \/>\n<meta property=\"og:url\" content=\"https:\/\/cronicahd.ro\/?p=8192\" \/>\n<meta property=\"article:published_time\" content=\"2026-04-22T09:57:23+00:00\" \/>\n<meta property=\"og:image\" content=\"https:\/\/cronicahd.ro\/wp-content\/uploads\/2025\/07\/ordindeprotectie-1.jpg\" \/>\n\t<meta property=\"og:image:width\" content=\"279\" \/>\n\t<meta property=\"og:image:height\" content=\"180\" \/>\n\t<meta property=\"og:image:type\" content=\"image\/jpeg\" \/>\n<meta name=\"author\" content=\"admin\" \/>\n<meta name=\"twitter:card\" content=\"summary_large_image\" \/>\n<meta name=\"twitter:label1\" content=\"Scris de\" \/>\n\t<meta name=\"twitter:data1\" content=\"admin\" \/>\n\t<meta name=\"twitter:label2\" content=\"Timp estimat pentru citire\" \/>\n\t<meta name=\"twitter:data2\" content=\"3 minute\" \/>\n<script type=\"application\/ld+json\" class=\"yoast-schema-graph\">{\"@context\":\"https:\/\/schema.org\",\"@graph\":[{\"@type\":\"WebPage\",\"@id\":\"https:\/\/cronicahd.ro\/?p=8192\",\"url\":\"https:\/\/cronicahd.ro\/?p=8192\",\"name\":\"Femei b\u0103tute \u00een Valea Jiului -\",\"isPartOf\":{\"@id\":\"https:\/\/cronicahd.ro\/#website\"},\"primaryImageOfPage\":{\"@id\":\"https:\/\/cronicahd.ro\/?p=8192#primaryimage\"},\"image\":{\"@id\":\"https:\/\/cronicahd.ro\/?p=8192#primaryimage\"},\"thumbnailUrl\":\"https:\/\/cronicahd.ro\/wp-content\/uploads\/2025\/07\/ordindeprotectie-1.jpg\",\"datePublished\":\"2026-04-22T09:57:23+00:00\",\"author\":{\"@id\":\"https:\/\/cronicahd.ro\/#\/schema\/person\/d1a1277a8cd166610328e17aaf58bf46\"},\"breadcrumb\":{\"@id\":\"https:\/\/cronicahd.ro\/?p=8192#breadcrumb\"},\"inLanguage\":\"ro-RO\",\"potentialAction\":[{\"@type\":\"ReadAction\",\"target\":[\"https:\/\/cronicahd.ro\/?p=8192\"]}]},{\"@type\":\"ImageObject\",\"inLanguage\":\"ro-RO\",\"@id\":\"https:\/\/cronicahd.ro\/?p=8192#primaryimage\",\"url\":\"https:\/\/cronicahd.ro\/wp-content\/uploads\/2025\/07\/ordindeprotectie-1.jpg\",\"contentUrl\":\"https:\/\/cronicahd.ro\/wp-content\/uploads\/2025\/07\/ordindeprotectie-1.jpg\",\"width\":279,\"height\":180},{\"@type\":\"BreadcrumbList\",\"@id\":\"https:\/\/cronicahd.ro\/?p=8192#breadcrumb\",\"itemListElement\":[{\"@type\":\"ListItem\",\"position\":1,\"name\":\"Prima pagin\u0103\",\"item\":\"https:\/\/cronicahd.ro\/\"},{\"@type\":\"ListItem\",\"position\":2,\"name\":\"Femei b\u0103tute \u00een Valea Jiului\"}]},{\"@type\":\"WebSite\",\"@id\":\"https:\/\/cronicahd.ro\/#website\",\"url\":\"https:\/\/cronicahd.ro\/\",\"name\":\"\",\"description\":\"\",\"potentialAction\":[{\"@type\":\"SearchAction\",\"target\":{\"@type\":\"EntryPoint\",\"urlTemplate\":\"https:\/\/cronicahd.ro\/?s={search_term_string}\"},\"query-input\":{\"@type\":\"PropertyValueSpecification\",\"valueRequired\":true,\"valueName\":\"search_term_string\"}}],\"inLanguage\":\"ro-RO\"},{\"@type\":\"Person\",\"@id\":\"https:\/\/cronicahd.ro\/#\/schema\/person\/d1a1277a8cd166610328e17aaf58bf46\",\"name\":\"admin\",\"image\":{\"@type\":\"ImageObject\",\"inLanguage\":\"ro-RO\",\"@id\":\"https:\/\/cronicahd.ro\/#\/schema\/person\/image\/\",\"url\":\"https:\/\/secure.gravatar.com\/avatar\/24700337280d10898c2e0d19d44a05316bff9fccc941ecc5570ffe41668203f7?s=96&d=mm&r=g\",\"contentUrl\":\"https:\/\/secure.gravatar.com\/avatar\/24700337280d10898c2e0d19d44a05316bff9fccc941ecc5570ffe41668203f7?s=96&d=mm&r=g\",\"caption\":\"admin\"},\"sameAs\":[\"https:\/\/cronicavj.ro\"],\"url\":\"https:\/\/cronicahd.ro\/?author=1\"}]}<\/script>\n<!-- \/ Yoast SEO plugin. -->","yoast_head_json":{"title":"Femei b\u0103tute \u00een Valea Jiului -","robots":{"index":"index","follow":"follow","max-snippet":"max-snippet:-1","max-image-preview":"max-image-preview:large","max-video-preview":"max-video-preview:-1"},"canonical":"https:\/\/cronicahd.ro\/?p=8192","og_locale":"ro_RO","og_type":"article","og_title":"Femei b\u0103tute \u00een Valea Jiului -","og_description":"Nicio zi f\u0103r\u0103 ordine de protec\u021bie! A\u0219a stau lucrurile \u00een jude\u021bul Hunedoara, unde, zilnic, femei...","og_url":"https:\/\/cronicahd.ro\/?p=8192","article_published_time":"2026-04-22T09:57:23+00:00","og_image":[{"width":279,"height":180,"url":"https:\/\/cronicahd.ro\/wp-content\/uploads\/2025\/07\/ordindeprotectie-1.jpg","type":"image\/jpeg"}],"author":"admin","twitter_card":"summary_large_image","twitter_misc":{"Scris de":"admin","Timp estimat pentru citire":"3 minute"},"schema":{"@context":"https:\/\/schema.org","@graph":[{"@type":"WebPage","@id":"https:\/\/cronicahd.ro\/?p=8192","url":"https:\/\/cronicahd.ro\/?p=8192","name":"Femei b\u0103tute \u00een Valea Jiului -","isPartOf":{"@id":"https:\/\/cronicahd.ro\/#website"},"primaryImageOfPage":{"@id":"https:\/\/cronicahd.ro\/?p=8192#primaryimage"},"image":{"@id":"https:\/\/cronicahd.ro\/?p=8192#primaryimage"},"thumbnailUrl":"https:\/\/cronicahd.ro\/wp-content\/uploads\/2025\/07\/ordindeprotectie-1.jpg","datePublished":"2026-04-22T09:57:23+00:00","author":{"@id":"https:\/\/cronicahd.ro\/#\/schema\/person\/d1a1277a8cd166610328e17aaf58bf46"},"breadcrumb":{"@id":"https:\/\/cronicahd.ro\/?p=8192#breadcrumb"},"inLanguage":"ro-RO","potentialAction":[{"@type":"ReadAction","target":["https:\/\/cronicahd.ro\/?p=8192"]}]},{"@type":"ImageObject","inLanguage":"ro-RO","@id":"https:\/\/cronicahd.ro\/?p=8192#primaryimage","url":"https:\/\/cronicahd.ro\/wp-content\/uploads\/2025\/07\/ordindeprotectie-1.jpg","contentUrl":"https:\/\/cronicahd.ro\/wp-content\/uploads\/2025\/07\/ordindeprotectie-1.jpg","width":279,"height":180},{"@type":"BreadcrumbList","@id":"https:\/\/cronicahd.ro\/?p=8192#breadcrumb","itemListElement":[{"@type":"ListItem","position":1,"name":"Prima pagin\u0103","item":"https:\/\/cronicahd.ro\/"},{"@type":"ListItem","position":2,"name":"Femei b\u0103tute \u00een Valea Jiului"}]},{"@type":"WebSite","@id":"https:\/\/cronicahd.ro\/#website","url":"https:\/\/cronicahd.ro\/","name":"","description":"","potentialAction":[{"@type":"SearchAction","target":{"@type":"EntryPoint","urlTemplate":"https:\/\/cronicahd.ro\/?s={search_term_string}"},"query-input":{"@type":"PropertyValueSpecification","valueRequired":true,"valueName":"search_term_string"}}],"inLanguage":"ro-RO"},{"@type":"Person","@id":"https:\/\/cronicahd.ro\/#\/schema\/person\/d1a1277a8cd166610328e17aaf58bf46","name":"admin","image":{"@type":"ImageObject","inLanguage":"ro-RO","@id":"https:\/\/cronicahd.ro\/#\/schema\/person\/image\/","url":"https:\/\/secure.gravatar.com\/avatar\/24700337280d10898c2e0d19d44a05316bff9fccc941ecc5570ffe41668203f7?s=96&d=mm&r=g","contentUrl":"https:\/\/secure.gravatar.com\/avatar\/24700337280d10898c2e0d19d44a05316bff9fccc941ecc5570ffe41668203f7?s=96&d=mm&r=g","caption":"admin"},"sameAs":["https:\/\/cronicavj.ro"],"url":"https:\/\/cronicahd.ro\/?author=1"}]}},"_links":{"self":[{"href":"https:\/\/cronicahd.ro\/index.php?rest_route=\/wp\/v2\/posts\/8192","targetHints":{"allow":["GET"]}}],"collection":[{"href":"https:\/\/cronicahd.ro\/index.php?rest_route=\/wp\/v2\/posts"}],"about":[{"href":"https:\/\/cronicahd.ro\/index.php?rest_route=\/wp\/v2\/types\/post"}],"author":[{"embeddable":true,"href":"https:\/\/cronicahd.ro\/index.php?rest_route=\/wp\/v2\/users\/1"}],"replies":[{"embeddable":true,"href":"https:\/\/cronicahd.ro\/index.php?rest_route=%2Fwp%2Fv2%2Fcomments&post=8192"}],"version-history":[{"count":1,"href":"https:\/\/cronicahd.ro\/index.php?rest_route=\/wp\/v2\/posts\/8192\/revisions"}],"predecessor-version":[{"id":8193,"href":"https:\/\/cronicahd.ro\/index.php?rest_route=\/wp\/v2\/posts\/8192\/revisions\/8193"}],"wp:featuredmedia":[{"embeddable":true,"href":"https:\/\/cronicahd.ro\/index.php?rest_route=\/wp\/v2\/media\/863"}],"wp:attachment":[{"href":"https:\/\/cronicahd.ro\/index.php?rest_route=%2Fwp%2Fv2%2Fmedia&parent=8192"}],"wp:term":[{"taxonomy":"category","embeddable":true,"href":"https:\/\/cronicahd.ro\/index.php?rest_route=%2Fwp%2Fv2%2Fcategories&post=8192"},{"taxonomy":"post_tag","embeddable":true,"href":"https:\/\/cronicahd.ro\/index.php?rest_route=%2Fwp%2Fv2%2Ftags&post=8192"}],"curies":[{"name":"wp","href":"https:\/\/api.w.org\/{rel}","templated":true}]}}