{"id":8188,"date":"2026-04-22T09:27:55","date_gmt":"2026-04-22T09:27:55","guid":{"rendered":"https:\/\/cronicahd.ro\/?p=8188"},"modified":"2026-04-22T09:27:55","modified_gmt":"2026-04-22T09:27:55","slug":"a-inceput-competitia-nationala-de-descarcerare-si-prima-ajutor-calificat-faza-zonala-hunedoara","status":"publish","type":"post","link":"https:\/\/cronicahd.ro\/?p=8188","title":{"rendered":"A \u00eenceput Competi\u021bia Na\u021bional\u0103 de Descarcerare \u0219i Prima Ajutor Calificat \u2013 faza zonal\u0103 Hunedoara"},"content":{"rendered":"<p>\u00cen aceast\u0103 diminea\u021b\u0103, \u00een sta\u021biunea Geoagiu B\u0103i, a avut loc deschiderea oficial\u0103 a concursului \u00een cadrul c\u0103ruia vor participa echipaje de salvatori din jude\u021bele Arad, Alba, Cara\u0219-Severin, Timi\u0219 \u0219i Hunedoara.<\/p>\n<p>Inspectorul \u0219ef al ISU Hunedoara, lt. col. Alin Nasta, le-a urat suces \u0219i bun venit celor mai buni pompieri \u0219i paramedici, care, pe parcursul celor 2 zile ale competi\u021biei, \u00ee\u0219i vor testa limitele profesionale \u00een baza scenariilor care vor reproduce c\u00e2t mai fidel interven\u021biile din via\u021ba real\u0103.<\/p>\n<p><img loading=\"lazy\" decoding=\"async\" class=\"alignnone size-full wp-image-8190\" src=\"https:\/\/cronicahd.ro\/wp-content\/uploads\/2026\/04\/IMG_6713.jpeg\" alt=\"\" width=\"1500\" height=\"854\" srcset=\"https:\/\/cronicahd.ro\/wp-content\/uploads\/2026\/04\/IMG_6713.jpeg 1500w, https:\/\/cronicahd.ro\/wp-content\/uploads\/2026\/04\/IMG_6713-300x171.jpeg 300w, https:\/\/cronicahd.ro\/wp-content\/uploads\/2026\/04\/IMG_6713-1024x583.jpeg 1024w, https:\/\/cronicahd.ro\/wp-content\/uploads\/2026\/04\/IMG_6713-768x437.jpeg 768w\" sizes=\"auto, (max-width: 1500px) 100vw, 1500px\" \/><\/p>\n<p>La evenimentul care a marcat \u00eenceputul concursului au participat subprefectul jude\u021bului Hunedoara, Lorincz Szell, dar \u0219i reprezentan\u021bii administra\u021biei publice din localitatea gazd\u0103, primarul ora\u0219ului Geoagiu, Ovidiu Vlad, \u0219i viceprimarul Ovidiu Boldor.<\/p>\n<p>A\u0219adar, p\u00e2n\u0103 m\u00e2ine, echipajele de salvatori \u00ee\u0219i vor demonstra abilit\u0103\u021bile \u00een interven\u021bii rapide, salvarea victimelor din accidente rutiere \u0219i acordarea primului ajutor calificat.<\/p>\n<p>Cei care doresc s\u0103 urm\u0103reasc\u0103 cum pompierii ac\u021bioneaz\u0103 \u00een diferite situa\u021bii, care presupun descarcerare \u0219i acordarea primului ajutor, \u00een condi\u021biile \u00een care totul se desf\u0103\u0219oar\u0103 contracronometru pentru lupta cu secundele este vital\u0103, sunt a\u0219tepta\u021bi ast\u0103zi, p\u00e2n\u0103 la ora 19.00, dar \u0219i joi, 23 aprilie, p\u00e2n\u0103 la ora 13.00.<br \/>\nsursa ISU Hunedoara<\/p>\n","protected":false},"excerpt":{"rendered":"<p>\u00cen aceast\u0103 diminea\u021b\u0103, \u00een sta\u021biunea Geoagiu B\u0103i, a avut loc deschiderea oficial\u0103 a concursului \u00een&#8230;<\/p>\n","protected":false},"author":1,"featured_media":8189,"comment_status":"closed","ping_status":"closed","sticky":false,"template":"","format":"standard","meta":{"footnotes":""},"categories":[1,15],"tags":[],"class_list":["post-8188","post","type-post","status-publish","format-standard","has-post-thumbnail","hentry","category-actual","category-eveniment"],"yoast_head":"<!-- This site is optimized with the Yoast SEO plugin v25.3.1 - https:\/\/yoast.com\/wordpress\/plugins\/seo\/ -->\n<title>A \u00eenceput Competi\u021bia Na\u021bional\u0103 de Descarcerare \u0219i Prima Ajutor Calificat \u2013 faza zonal\u0103 Hunedoara -<\/title>\n<meta name=\"robots\" content=\"index, follow, max-snippet:-1, max-image-preview:large, max-video-preview:-1\" \/>\n<link rel=\"canonical\" href=\"https:\/\/cronicahd.ro\/?p=8188\" \/>\n<meta property=\"og:locale\" content=\"ro_RO\" \/>\n<meta property=\"og:type\" content=\"article\" \/>\n<meta property=\"og:title\" content=\"A \u00eenceput Competi\u021bia Na\u021bional\u0103 de Descarcerare \u0219i Prima Ajutor Calificat \u2013 faza zonal\u0103 Hunedoara -\" \/>\n<meta property=\"og:description\" content=\"\u00cen aceast\u0103 diminea\u021b\u0103, \u00een sta\u021biunea Geoagiu B\u0103i, a avut loc deschiderea oficial\u0103 a concursului \u00een...\" \/>\n<meta property=\"og:url\" content=\"https:\/\/cronicahd.ro\/?p=8188\" \/>\n<meta property=\"article:published_time\" content=\"2026-04-22T09:27:55+00:00\" \/>\n<meta property=\"og:image\" content=\"https:\/\/cronicahd.ro\/wp-content\/uploads\/2026\/04\/IMG_6714.jpeg\" \/>\n\t<meta property=\"og:image:width\" content=\"1500\" \/>\n\t<meta property=\"og:image:height\" content=\"1000\" \/>\n\t<meta property=\"og:image:type\" content=\"image\/jpeg\" \/>\n<meta name=\"author\" content=\"admin\" \/>\n<meta name=\"twitter:card\" content=\"summary_large_image\" \/>\n<meta name=\"twitter:label1\" content=\"Scris de\" \/>\n\t<meta name=\"twitter:data1\" content=\"admin\" \/>\n\t<meta name=\"twitter:label2\" content=\"Timp estimat pentru citire\" \/>\n\t<meta name=\"twitter:data2\" content=\"2 minute\" \/>\n<script type=\"application\/ld+json\" class=\"yoast-schema-graph\">{\"@context\":\"https:\/\/schema.org\",\"@graph\":[{\"@type\":\"WebPage\",\"@id\":\"https:\/\/cronicahd.ro\/?p=8188\",\"url\":\"https:\/\/cronicahd.ro\/?p=8188\",\"name\":\"A \u00eenceput Competi\u021bia Na\u021bional\u0103 de Descarcerare \u0219i Prima Ajutor Calificat \u2013 faza zonal\u0103 Hunedoara -\",\"isPartOf\":{\"@id\":\"https:\/\/cronicahd.ro\/#website\"},\"primaryImageOfPage\":{\"@id\":\"https:\/\/cronicahd.ro\/?p=8188#primaryimage\"},\"image\":{\"@id\":\"https:\/\/cronicahd.ro\/?p=8188#primaryimage\"},\"thumbnailUrl\":\"https:\/\/cronicahd.ro\/wp-content\/uploads\/2026\/04\/IMG_6714.jpeg\",\"datePublished\":\"2026-04-22T09:27:55+00:00\",\"author\":{\"@id\":\"https:\/\/cronicahd.ro\/#\/schema\/person\/d1a1277a8cd166610328e17aaf58bf46\"},\"breadcrumb\":{\"@id\":\"https:\/\/cronicahd.ro\/?p=8188#breadcrumb\"},\"inLanguage\":\"ro-RO\",\"potentialAction\":[{\"@type\":\"ReadAction\",\"target\":[\"https:\/\/cronicahd.ro\/?p=8188\"]}]},{\"@type\":\"ImageObject\",\"inLanguage\":\"ro-RO\",\"@id\":\"https:\/\/cronicahd.ro\/?p=8188#primaryimage\",\"url\":\"https:\/\/cronicahd.ro\/wp-content\/uploads\/2026\/04\/IMG_6714.jpeg\",\"contentUrl\":\"https:\/\/cronicahd.ro\/wp-content\/uploads\/2026\/04\/IMG_6714.jpeg\",\"width\":1500,\"height\":1000},{\"@type\":\"BreadcrumbList\",\"@id\":\"https:\/\/cronicahd.ro\/?p=8188#breadcrumb\",\"itemListElement\":[{\"@type\":\"ListItem\",\"position\":1,\"name\":\"Prima pagin\u0103\",\"item\":\"https:\/\/cronicahd.ro\/\"},{\"@type\":\"ListItem\",\"position\":2,\"name\":\"A \u00eenceput Competi\u021bia Na\u021bional\u0103 de Descarcerare \u0219i Prima Ajutor Calificat \u2013 faza zonal\u0103 Hunedoara\"}]},{\"@type\":\"WebSite\",\"@id\":\"https:\/\/cronicahd.ro\/#website\",\"url\":\"https:\/\/cronicahd.ro\/\",\"name\":\"\",\"description\":\"\",\"potentialAction\":[{\"@type\":\"SearchAction\",\"target\":{\"@type\":\"EntryPoint\",\"urlTemplate\":\"https:\/\/cronicahd.ro\/?s={search_term_string}\"},\"query-input\":{\"@type\":\"PropertyValueSpecification\",\"valueRequired\":true,\"valueName\":\"search_term_string\"}}],\"inLanguage\":\"ro-RO\"},{\"@type\":\"Person\",\"@id\":\"https:\/\/cronicahd.ro\/#\/schema\/person\/d1a1277a8cd166610328e17aaf58bf46\",\"name\":\"admin\",\"image\":{\"@type\":\"ImageObject\",\"inLanguage\":\"ro-RO\",\"@id\":\"https:\/\/cronicahd.ro\/#\/schema\/person\/image\/\",\"url\":\"https:\/\/secure.gravatar.com\/avatar\/24700337280d10898c2e0d19d44a05316bff9fccc941ecc5570ffe41668203f7?s=96&d=mm&r=g\",\"contentUrl\":\"https:\/\/secure.gravatar.com\/avatar\/24700337280d10898c2e0d19d44a05316bff9fccc941ecc5570ffe41668203f7?s=96&d=mm&r=g\",\"caption\":\"admin\"},\"sameAs\":[\"https:\/\/cronicavj.ro\"],\"url\":\"https:\/\/cronicahd.ro\/?author=1\"}]}<\/script>\n<!-- \/ Yoast SEO plugin. -->","yoast_head_json":{"title":"A \u00eenceput Competi\u021bia Na\u021bional\u0103 de Descarcerare \u0219i Prima Ajutor Calificat \u2013 faza zonal\u0103 Hunedoara -","robots":{"index":"index","follow":"follow","max-snippet":"max-snippet:-1","max-image-preview":"max-image-preview:large","max-video-preview":"max-video-preview:-1"},"canonical":"https:\/\/cronicahd.ro\/?p=8188","og_locale":"ro_RO","og_type":"article","og_title":"A \u00eenceput Competi\u021bia Na\u021bional\u0103 de Descarcerare \u0219i Prima Ajutor Calificat \u2013 faza zonal\u0103 Hunedoara -","og_description":"\u00cen aceast\u0103 diminea\u021b\u0103, \u00een sta\u021biunea Geoagiu B\u0103i, a avut loc deschiderea oficial\u0103 a concursului \u00een...","og_url":"https:\/\/cronicahd.ro\/?p=8188","article_published_time":"2026-04-22T09:27:55+00:00","og_image":[{"width":1500,"height":1000,"url":"https:\/\/cronicahd.ro\/wp-content\/uploads\/2026\/04\/IMG_6714.jpeg","type":"image\/jpeg"}],"author":"admin","twitter_card":"summary_large_image","twitter_misc":{"Scris de":"admin","Timp estimat pentru citire":"2 minute"},"schema":{"@context":"https:\/\/schema.org","@graph":[{"@type":"WebPage","@id":"https:\/\/cronicahd.ro\/?p=8188","url":"https:\/\/cronicahd.ro\/?p=8188","name":"A \u00eenceput Competi\u021bia Na\u021bional\u0103 de Descarcerare \u0219i Prima Ajutor Calificat \u2013 faza zonal\u0103 Hunedoara -","isPartOf":{"@id":"https:\/\/cronicahd.ro\/#website"},"primaryImageOfPage":{"@id":"https:\/\/cronicahd.ro\/?p=8188#primaryimage"},"image":{"@id":"https:\/\/cronicahd.ro\/?p=8188#primaryimage"},"thumbnailUrl":"https:\/\/cronicahd.ro\/wp-content\/uploads\/2026\/04\/IMG_6714.jpeg","datePublished":"2026-04-22T09:27:55+00:00","author":{"@id":"https:\/\/cronicahd.ro\/#\/schema\/person\/d1a1277a8cd166610328e17aaf58bf46"},"breadcrumb":{"@id":"https:\/\/cronicahd.ro\/?p=8188#breadcrumb"},"inLanguage":"ro-RO","potentialAction":[{"@type":"ReadAction","target":["https:\/\/cronicahd.ro\/?p=8188"]}]},{"@type":"ImageObject","inLanguage":"ro-RO","@id":"https:\/\/cronicahd.ro\/?p=8188#primaryimage","url":"https:\/\/cronicahd.ro\/wp-content\/uploads\/2026\/04\/IMG_6714.jpeg","contentUrl":"https:\/\/cronicahd.ro\/wp-content\/uploads\/2026\/04\/IMG_6714.jpeg","width":1500,"height":1000},{"@type":"BreadcrumbList","@id":"https:\/\/cronicahd.ro\/?p=8188#breadcrumb","itemListElement":[{"@type":"ListItem","position":1,"name":"Prima pagin\u0103","item":"https:\/\/cronicahd.ro\/"},{"@type":"ListItem","position":2,"name":"A \u00eenceput Competi\u021bia Na\u021bional\u0103 de Descarcerare \u0219i Prima Ajutor Calificat \u2013 faza zonal\u0103 Hunedoara"}]},{"@type":"WebSite","@id":"https:\/\/cronicahd.ro\/#website","url":"https:\/\/cronicahd.ro\/","name":"","description":"","potentialAction":[{"@type":"SearchAction","target":{"@type":"EntryPoint","urlTemplate":"https:\/\/cronicahd.ro\/?s={search_term_string}"},"query-input":{"@type":"PropertyValueSpecification","valueRequired":true,"valueName":"search_term_string"}}],"inLanguage":"ro-RO"},{"@type":"Person","@id":"https:\/\/cronicahd.ro\/#\/schema\/person\/d1a1277a8cd166610328e17aaf58bf46","name":"admin","image":{"@type":"ImageObject","inLanguage":"ro-RO","@id":"https:\/\/cronicahd.ro\/#\/schema\/person\/image\/","url":"https:\/\/secure.gravatar.com\/avatar\/24700337280d10898c2e0d19d44a05316bff9fccc941ecc5570ffe41668203f7?s=96&d=mm&r=g","contentUrl":"https:\/\/secure.gravatar.com\/avatar\/24700337280d10898c2e0d19d44a05316bff9fccc941ecc5570ffe41668203f7?s=96&d=mm&r=g","caption":"admin"},"sameAs":["https:\/\/cronicavj.ro"],"url":"https:\/\/cronicahd.ro\/?author=1"}]}},"_links":{"self":[{"href":"https:\/\/cronicahd.ro\/index.php?rest_route=\/wp\/v2\/posts\/8188","targetHints":{"allow":["GET"]}}],"collection":[{"href":"https:\/\/cronicahd.ro\/index.php?rest_route=\/wp\/v2\/posts"}],"about":[{"href":"https:\/\/cronicahd.ro\/index.php?rest_route=\/wp\/v2\/types\/post"}],"author":[{"embeddable":true,"href":"https:\/\/cronicahd.ro\/index.php?rest_route=\/wp\/v2\/users\/1"}],"replies":[{"embeddable":true,"href":"https:\/\/cronicahd.ro\/index.php?rest_route=%2Fwp%2Fv2%2Fcomments&post=8188"}],"version-history":[{"count":1,"href":"https:\/\/cronicahd.ro\/index.php?rest_route=\/wp\/v2\/posts\/8188\/revisions"}],"predecessor-version":[{"id":8191,"href":"https:\/\/cronicahd.ro\/index.php?rest_route=\/wp\/v2\/posts\/8188\/revisions\/8191"}],"wp:featuredmedia":[{"embeddable":true,"href":"https:\/\/cronicahd.ro\/index.php?rest_route=\/wp\/v2\/media\/8189"}],"wp:attachment":[{"href":"https:\/\/cronicahd.ro\/index.php?rest_route=%2Fwp%2Fv2%2Fmedia&parent=8188"}],"wp:term":[{"taxonomy":"category","embeddable":true,"href":"https:\/\/cronicahd.ro\/index.php?rest_route=%2Fwp%2Fv2%2Fcategories&post=8188"},{"taxonomy":"post_tag","embeddable":true,"href":"https:\/\/cronicahd.ro\/index.php?rest_route=%2Fwp%2Fv2%2Ftags&post=8188"}],"curies":[{"name":"wp","href":"https:\/\/api.w.org\/{rel}","templated":true}]}}