{"id":8164,"date":"2026-04-22T05:23:25","date_gmt":"2026-04-22T05:23:25","guid":{"rendered":"https:\/\/cronicahd.ro\/?p=8164"},"modified":"2026-04-22T05:23:25","modified_gmt":"2026-04-22T05:23:25","slug":"concert-de-orga-la-petrosani","status":"publish","type":"post","link":"https:\/\/cronicahd.ro\/?p=8164","title":{"rendered":"Concert de org\u0103, la Petro\u0219ani"},"content":{"rendered":"<p class=\"s3\">Elevii \u0218colii de Muzic\u0103 din Petro\u0219ani sus\u021bin, miercuri sear\u0103, un concert de org\u0103 excep\u021bional, la Biserica romano- catolic\u0103 Sf\u00e2nta Varvara. Intrarea este liber\u0103 \u0219i sunt a\u0219tepta\u021bi to\u021bi cei interesa\u021bi s\u0103 asculte, \u00een acustica de excep\u021bie a l\u0103ca\u0219ului de cult, un astfel de concert.<\/p>\n<p class=\"s3\"><span class=\"s2\"><span class=\"bumpedFont15\">\u201e<\/span><\/span><span class=\"s2\"><span class=\"bumpedFont15\">V\u0103 invit\u0103m \u0219i v\u0103 a\u0219tept\u0103m cu drag la evenimentul organizat \u00een colaborare cu \u0218coala de Muzic\u0103 din Petro\u0219ani. Mul\u021bumiri \u0219i recuno\u0219tin\u021b\u0103 doamnei profesor Matilde Stoica pentru implicare \u0219i preg\u0103tirea tinerilor, sincere mul\u021bumiri tinerilor \u0219i tinerelor care au acceptat invita\u021bia de c\u00e2nta la org\u0103, de a ne \u00eenc\u00e2nta inimile \u0219i g\u00e2ndurile. Recitalul din 22 aprilie este al doilea dintr-o serie de 4 &#8211; intrarea este liber\u0103<\/span><\/span><span class=\"s2\"><span class=\"bumpedFont15\">, de la ora 18,30\u201d, se arat\u0103 \u00een invita\u021bia celor de la Biserica romano-catolic\u0103.<\/span><\/span><\/p>\n<p class=\"s3\"><span class=\"s2\"><span class=\"bumpedFont15\">Vor c\u00e2nta:<\/span><\/span> <span class=\"s2\"><span class=\"bumpedFont15\">Lolici<\/span><\/span><span class=\"s2\"><span class=\"bumpedFont15\"> Marcus<\/span><\/span><span class=\"s2\"><span class=\"bumpedFont15\">, elev \u00een clasa a VI-a, <\/span><\/span><span class=\"s2\"><span class=\"bumpedFont15\">\u201e<\/span><\/span><span class=\"s2\"><span class=\"bumpedFont15\">Domenico Scarlatti &#8211; Sonata nr 4 \u00een Re minor<\/span><\/span><span class=\"s2\"><span class=\"bumpedFont15\">\u201d, <\/span><\/span><span class=\"s2\"><span class=\"bumpedFont15\">M\u0103gdu\u021b<\/span><\/span><span class=\"s2\"><span class=\"bumpedFont15\"> Matia<\/span><\/span><span class=\"s2\"><span class=\"bumpedFont15\">, <\/span><\/span><span class=\"s2\"><span class=\"bumpedFont15\">c<\/span><\/span><span class=\"s2\"><span class=\"bumpedFont15\">lasa a V-a,<\/span><\/span> <span class=\"s2\"><span class=\"bumpedFont15\">\u201e<\/span><\/span><span class=\"s2\"><span class=\"bumpedFont15\">Philipp<\/span><\/span><span class=\"s2\"><span class=\"bumpedFont15\">Emanuel Bach <\/span><\/span><span class=\"s2\"><span class=\"bumpedFont15\">\u2013<\/span><\/span><span class=\"s2\"><span class=\"bumpedFont15\"> Fantasia<\/span><\/span><span class=\"s2\"><span class=\"bumpedFont15\">\u201d, <\/span><\/span><span class=\"s2\"><span class=\"bumpedFont15\">Ple\u0219a <\/span><\/span><span class=\"s2\"><span class=\"bumpedFont15\">\u0218<\/span><\/span><span class=\"s2\"><span class=\"bumpedFont15\">tefania<\/span><\/span><span class=\"s2\"><span class=\"bumpedFont15\">,<\/span><\/span><span class=\"s2\"><span class=\"bumpedFont15\">cl<\/span><\/span><span class=\"s2\"><span class=\"bumpedFont15\">a<\/span><\/span><span class=\"s2\"><span class=\"bumpedFont15\">s<\/span><\/span><span class=\"s2\"><span class=\"bumpedFont15\">a a V-a, \u201e<\/span><\/span><span class=\"s2\"><span class=\"bumpedFont15\">Georg Friedrich <\/span><\/span><span class=\"s2\"><span class=\"bumpedFont15\">Handel<\/span><\/span> <span class=\"s2\"><span class=\"bumpedFont15\">\u2013<\/span><\/span><span class=\"s2\"><span class=\"bumpedFont15\"> Aria<\/span><\/span><span class=\"s2\"><span class=\"bumpedFont15\">\u201d, <\/span><\/span><span class=\"s2\"><span class=\"bumpedFont15\">Ile<\/span><\/span><span class=\"s2\"><span class=\"bumpedFont15\"> Sophia cl<\/span><\/span><span class=\"s2\"><span class=\"bumpedFont15\">asa a V-a, <\/span><\/span><span class=\"s2\"><span class=\"bumpedFont15\">\u201e<\/span><\/span><span class=\"s2\"><span class=\"bumpedFont15\">Johann <\/span><\/span><span class=\"s2\"><span class=\"bumpedFont15\">Kuhnau<\/span><\/span> <span class=\"s2\"><span class=\"bumpedFont15\">\u2013<\/span><\/span><span class=\"s2\"><span class=\"bumpedFont15\">Giga<\/span><\/span><span class=\"s2\"><span class=\"bumpedFont15\">\u201d, <\/span><\/span><span class=\"s2\"><span class=\"bumpedFont15\">Ganea Sidonia cl<\/span><\/span><span class=\"s2\"><span class=\"bumpedFont15\">asa a VII-a, <\/span><\/span><span class=\"s2\"><span class=\"bumpedFont15\">\u201e<\/span><\/span><span class=\"s2\"><span class=\"bumpedFont15\">Johann Sebastian Bach<\/span><\/span><span class=\"s2\"><span class=\"bumpedFont15\"> &#8211;<\/span><\/span><span class=\"s2\"><span class=\"bumpedFont15\">Gounod &#8211; Ave Maria &#8211; voce pian<\/span><\/span><span class=\"s2\"><span class=\"bumpedFont15\">\u201d, <\/span><\/span><span class=\"s2\"><span class=\"bumpedFont15\">Emma <\/span><\/span><span class=\"s2\"><span class=\"bumpedFont15\">Acs<\/span><\/span><span class=\"s2\"><span class=\"bumpedFont15\"> cl<\/span><\/span><span class=\"s2\"><span class=\"bumpedFont15\">a<\/span><\/span><span class=\"s2\"><span class=\"bumpedFont15\">s<\/span><\/span><span class=\"s2\"><span class=\"bumpedFont15\">a a IX-a, <\/span><\/span><span class=\"s2\"><span class=\"bumpedFont15\">\u201e<\/span><\/span><span class=\"s2\"><span class=\"bumpedFont15\">Fr. <\/span><\/span><span class=\"s2\"><span class=\"bumpedFont15\">Schuberte<\/span><\/span><span class=\"s2\"><span class=\"bumpedFont15\">-Serenada<\/span><\/span><span class=\"s2\"><span class=\"bumpedFont15\">\u201d, <\/span><\/span><span class=\"s2\"><span class=\"bumpedFont15\">Iulinszky<\/span><\/span><span class=\"s2\"><span class=\"bumpedFont15\"> Renata cl<\/span><\/span><span class=\"s2\"><span class=\"bumpedFont15\">asa a VI-a \u201e<\/span><\/span><span class=\"s2\"><span class=\"bumpedFont15\">J. S. Bach- Preludiu in Do Major<\/span><\/span><span class=\"s2\"><span class=\"bumpedFont15\">\u201d, \u00a0\u0219i <\/span><\/span><span class=\"s2\"><span class=\"bumpedFont15\">Mogoi<\/span><\/span><span class=\"s2\"><span class=\"bumpedFont15\">Theodora<\/span><\/span><span class=\"s2\"><span class=\"bumpedFont15\">,<\/span><\/span><span class=\"s2\"><span class=\"bumpedFont15\"> cl<\/span><\/span><span class=\"s2\"><span class=\"bumpedFont15\">asa<\/span><\/span> <span class=\"s2\"><span class=\"bumpedFont15\">a VII-a &#8211; <\/span><\/span><span class=\"s2\"><span class=\"bumpedFont15\">\u201e<\/span><\/span><span class=\"s2\"><span class=\"bumpedFont15\">H\u00e4ndel- Passacaglia<\/span><\/span><span class=\"s2\"><span class=\"bumpedFont15\">\u201d<\/span><\/span><span class=\"s2\"><span class=\"bumpedFont15\">.<\/span><\/span><\/p>\n<p class=\"s3\"><span class=\"s2\">\u00a0<\/span><\/p>\n<p class=\"s3\"><span class=\"s2\"><span class=\"bumpedFont15\">Diana Mitrache<\/span><\/span><\/p>\n","protected":false},"excerpt":{"rendered":"<p>Elevii \u0218colii de Muzic\u0103 din Petro\u0219ani sus\u021bin, miercuri sear\u0103, un concert de org\u0103 excep\u021bional, la&#8230;<\/p>\n","protected":false},"author":1,"featured_media":8165,"comment_status":"closed","ping_status":"closed","sticky":false,"template":"","format":"standard","meta":{"footnotes":""},"categories":[1,17],"tags":[],"class_list":["post-8164","post","type-post","status-publish","format-standard","has-post-thumbnail","hentry","category-actual","category-cultura"],"yoast_head":"<!-- This site is optimized with the Yoast SEO plugin v25.3.1 - https:\/\/yoast.com\/wordpress\/plugins\/seo\/ -->\n<title>Concert de org\u0103, la Petro\u0219ani -<\/title>\n<meta name=\"robots\" content=\"index, follow, max-snippet:-1, max-image-preview:large, max-video-preview:-1\" \/>\n<link rel=\"canonical\" href=\"https:\/\/cronicahd.ro\/?p=8164\" \/>\n<meta property=\"og:locale\" content=\"ro_RO\" \/>\n<meta property=\"og:type\" content=\"article\" \/>\n<meta property=\"og:title\" content=\"Concert de org\u0103, la Petro\u0219ani -\" \/>\n<meta property=\"og:description\" content=\"Elevii \u0218colii de Muzic\u0103 din Petro\u0219ani sus\u021bin, miercuri sear\u0103, un concert de org\u0103 excep\u021bional, la...\" \/>\n<meta property=\"og:url\" content=\"https:\/\/cronicahd.ro\/?p=8164\" \/>\n<meta property=\"article:published_time\" content=\"2026-04-22T05:23:25+00:00\" \/>\n<meta property=\"og:image\" content=\"https:\/\/cronicahd.ro\/wp-content\/uploads\/2026\/04\/IMG_6712.jpeg\" \/>\n\t<meta property=\"og:image:width\" content=\"989\" \/>\n\t<meta property=\"og:image:height\" content=\"1705\" \/>\n\t<meta property=\"og:image:type\" content=\"image\/jpeg\" \/>\n<meta name=\"author\" content=\"admin\" \/>\n<meta name=\"twitter:card\" content=\"summary_large_image\" \/>\n<meta name=\"twitter:label1\" content=\"Scris de\" \/>\n\t<meta name=\"twitter:data1\" content=\"admin\" \/>\n\t<meta name=\"twitter:label2\" content=\"Timp estimat pentru citire\" \/>\n\t<meta name=\"twitter:data2\" content=\"2 minute\" \/>\n<script type=\"application\/ld+json\" class=\"yoast-schema-graph\">{\"@context\":\"https:\/\/schema.org\",\"@graph\":[{\"@type\":\"WebPage\",\"@id\":\"https:\/\/cronicahd.ro\/?p=8164\",\"url\":\"https:\/\/cronicahd.ro\/?p=8164\",\"name\":\"Concert de org\u0103, la Petro\u0219ani -\",\"isPartOf\":{\"@id\":\"https:\/\/cronicahd.ro\/#website\"},\"primaryImageOfPage\":{\"@id\":\"https:\/\/cronicahd.ro\/?p=8164#primaryimage\"},\"image\":{\"@id\":\"https:\/\/cronicahd.ro\/?p=8164#primaryimage\"},\"thumbnailUrl\":\"https:\/\/cronicahd.ro\/wp-content\/uploads\/2026\/04\/IMG_6712.jpeg\",\"datePublished\":\"2026-04-22T05:23:25+00:00\",\"author\":{\"@id\":\"https:\/\/cronicahd.ro\/#\/schema\/person\/d1a1277a8cd166610328e17aaf58bf46\"},\"breadcrumb\":{\"@id\":\"https:\/\/cronicahd.ro\/?p=8164#breadcrumb\"},\"inLanguage\":\"ro-RO\",\"potentialAction\":[{\"@type\":\"ReadAction\",\"target\":[\"https:\/\/cronicahd.ro\/?p=8164\"]}]},{\"@type\":\"ImageObject\",\"inLanguage\":\"ro-RO\",\"@id\":\"https:\/\/cronicahd.ro\/?p=8164#primaryimage\",\"url\":\"https:\/\/cronicahd.ro\/wp-content\/uploads\/2026\/04\/IMG_6712.jpeg\",\"contentUrl\":\"https:\/\/cronicahd.ro\/wp-content\/uploads\/2026\/04\/IMG_6712.jpeg\",\"width\":989,\"height\":1705,\"caption\":\"Screenshot\"},{\"@type\":\"BreadcrumbList\",\"@id\":\"https:\/\/cronicahd.ro\/?p=8164#breadcrumb\",\"itemListElement\":[{\"@type\":\"ListItem\",\"position\":1,\"name\":\"Prima pagin\u0103\",\"item\":\"https:\/\/cronicahd.ro\/\"},{\"@type\":\"ListItem\",\"position\":2,\"name\":\"Concert de org\u0103, la Petro\u0219ani\"}]},{\"@type\":\"WebSite\",\"@id\":\"https:\/\/cronicahd.ro\/#website\",\"url\":\"https:\/\/cronicahd.ro\/\",\"name\":\"\",\"description\":\"\",\"potentialAction\":[{\"@type\":\"SearchAction\",\"target\":{\"@type\":\"EntryPoint\",\"urlTemplate\":\"https:\/\/cronicahd.ro\/?s={search_term_string}\"},\"query-input\":{\"@type\":\"PropertyValueSpecification\",\"valueRequired\":true,\"valueName\":\"search_term_string\"}}],\"inLanguage\":\"ro-RO\"},{\"@type\":\"Person\",\"@id\":\"https:\/\/cronicahd.ro\/#\/schema\/person\/d1a1277a8cd166610328e17aaf58bf46\",\"name\":\"admin\",\"image\":{\"@type\":\"ImageObject\",\"inLanguage\":\"ro-RO\",\"@id\":\"https:\/\/cronicahd.ro\/#\/schema\/person\/image\/\",\"url\":\"https:\/\/secure.gravatar.com\/avatar\/24700337280d10898c2e0d19d44a05316bff9fccc941ecc5570ffe41668203f7?s=96&d=mm&r=g\",\"contentUrl\":\"https:\/\/secure.gravatar.com\/avatar\/24700337280d10898c2e0d19d44a05316bff9fccc941ecc5570ffe41668203f7?s=96&d=mm&r=g\",\"caption\":\"admin\"},\"sameAs\":[\"https:\/\/cronicavj.ro\"],\"url\":\"https:\/\/cronicahd.ro\/?author=1\"}]}<\/script>\n<!-- \/ Yoast SEO plugin. -->","yoast_head_json":{"title":"Concert de org\u0103, la Petro\u0219ani -","robots":{"index":"index","follow":"follow","max-snippet":"max-snippet:-1","max-image-preview":"max-image-preview:large","max-video-preview":"max-video-preview:-1"},"canonical":"https:\/\/cronicahd.ro\/?p=8164","og_locale":"ro_RO","og_type":"article","og_title":"Concert de org\u0103, la Petro\u0219ani -","og_description":"Elevii \u0218colii de Muzic\u0103 din Petro\u0219ani sus\u021bin, miercuri sear\u0103, un concert de org\u0103 excep\u021bional, la...","og_url":"https:\/\/cronicahd.ro\/?p=8164","article_published_time":"2026-04-22T05:23:25+00:00","og_image":[{"width":989,"height":1705,"url":"https:\/\/cronicahd.ro\/wp-content\/uploads\/2026\/04\/IMG_6712.jpeg","type":"image\/jpeg"}],"author":"admin","twitter_card":"summary_large_image","twitter_misc":{"Scris de":"admin","Timp estimat pentru citire":"2 minute"},"schema":{"@context":"https:\/\/schema.org","@graph":[{"@type":"WebPage","@id":"https:\/\/cronicahd.ro\/?p=8164","url":"https:\/\/cronicahd.ro\/?p=8164","name":"Concert de org\u0103, la Petro\u0219ani -","isPartOf":{"@id":"https:\/\/cronicahd.ro\/#website"},"primaryImageOfPage":{"@id":"https:\/\/cronicahd.ro\/?p=8164#primaryimage"},"image":{"@id":"https:\/\/cronicahd.ro\/?p=8164#primaryimage"},"thumbnailUrl":"https:\/\/cronicahd.ro\/wp-content\/uploads\/2026\/04\/IMG_6712.jpeg","datePublished":"2026-04-22T05:23:25+00:00","author":{"@id":"https:\/\/cronicahd.ro\/#\/schema\/person\/d1a1277a8cd166610328e17aaf58bf46"},"breadcrumb":{"@id":"https:\/\/cronicahd.ro\/?p=8164#breadcrumb"},"inLanguage":"ro-RO","potentialAction":[{"@type":"ReadAction","target":["https:\/\/cronicahd.ro\/?p=8164"]}]},{"@type":"ImageObject","inLanguage":"ro-RO","@id":"https:\/\/cronicahd.ro\/?p=8164#primaryimage","url":"https:\/\/cronicahd.ro\/wp-content\/uploads\/2026\/04\/IMG_6712.jpeg","contentUrl":"https:\/\/cronicahd.ro\/wp-content\/uploads\/2026\/04\/IMG_6712.jpeg","width":989,"height":1705,"caption":"Screenshot"},{"@type":"BreadcrumbList","@id":"https:\/\/cronicahd.ro\/?p=8164#breadcrumb","itemListElement":[{"@type":"ListItem","position":1,"name":"Prima pagin\u0103","item":"https:\/\/cronicahd.ro\/"},{"@type":"ListItem","position":2,"name":"Concert de org\u0103, la Petro\u0219ani"}]},{"@type":"WebSite","@id":"https:\/\/cronicahd.ro\/#website","url":"https:\/\/cronicahd.ro\/","name":"","description":"","potentialAction":[{"@type":"SearchAction","target":{"@type":"EntryPoint","urlTemplate":"https:\/\/cronicahd.ro\/?s={search_term_string}"},"query-input":{"@type":"PropertyValueSpecification","valueRequired":true,"valueName":"search_term_string"}}],"inLanguage":"ro-RO"},{"@type":"Person","@id":"https:\/\/cronicahd.ro\/#\/schema\/person\/d1a1277a8cd166610328e17aaf58bf46","name":"admin","image":{"@type":"ImageObject","inLanguage":"ro-RO","@id":"https:\/\/cronicahd.ro\/#\/schema\/person\/image\/","url":"https:\/\/secure.gravatar.com\/avatar\/24700337280d10898c2e0d19d44a05316bff9fccc941ecc5570ffe41668203f7?s=96&d=mm&r=g","contentUrl":"https:\/\/secure.gravatar.com\/avatar\/24700337280d10898c2e0d19d44a05316bff9fccc941ecc5570ffe41668203f7?s=96&d=mm&r=g","caption":"admin"},"sameAs":["https:\/\/cronicavj.ro"],"url":"https:\/\/cronicahd.ro\/?author=1"}]}},"_links":{"self":[{"href":"https:\/\/cronicahd.ro\/index.php?rest_route=\/wp\/v2\/posts\/8164","targetHints":{"allow":["GET"]}}],"collection":[{"href":"https:\/\/cronicahd.ro\/index.php?rest_route=\/wp\/v2\/posts"}],"about":[{"href":"https:\/\/cronicahd.ro\/index.php?rest_route=\/wp\/v2\/types\/post"}],"author":[{"embeddable":true,"href":"https:\/\/cronicahd.ro\/index.php?rest_route=\/wp\/v2\/users\/1"}],"replies":[{"embeddable":true,"href":"https:\/\/cronicahd.ro\/index.php?rest_route=%2Fwp%2Fv2%2Fcomments&post=8164"}],"version-history":[{"count":1,"href":"https:\/\/cronicahd.ro\/index.php?rest_route=\/wp\/v2\/posts\/8164\/revisions"}],"predecessor-version":[{"id":8166,"href":"https:\/\/cronicahd.ro\/index.php?rest_route=\/wp\/v2\/posts\/8164\/revisions\/8166"}],"wp:featuredmedia":[{"embeddable":true,"href":"https:\/\/cronicahd.ro\/index.php?rest_route=\/wp\/v2\/media\/8165"}],"wp:attachment":[{"href":"https:\/\/cronicahd.ro\/index.php?rest_route=%2Fwp%2Fv2%2Fmedia&parent=8164"}],"wp:term":[{"taxonomy":"category","embeddable":true,"href":"https:\/\/cronicahd.ro\/index.php?rest_route=%2Fwp%2Fv2%2Fcategories&post=8164"},{"taxonomy":"post_tag","embeddable":true,"href":"https:\/\/cronicahd.ro\/index.php?rest_route=%2Fwp%2Fv2%2Ftags&post=8164"}],"curies":[{"name":"wp","href":"https:\/\/api.w.org\/{rel}","templated":true}]}}