{"id":8158,"date":"2026-04-21T14:03:21","date_gmt":"2026-04-21T14:03:21","guid":{"rendered":"https:\/\/cronicahd.ro\/?p=8158"},"modified":"2026-04-21T14:03:21","modified_gmt":"2026-04-21T14:03:21","slug":"1-mai-in-ritmuri-autentice-romanesti-la-deva-spectacol-folcloric-de-exceptie","status":"publish","type":"post","link":"https:\/\/cronicahd.ro\/?p=8158","title":{"rendered":"1 Mai \u00een ritmuri autentice rom\u00e2ne\u0219ti la Deva \u2013 Spectacol folcloric de excep\u021bie"},"content":{"rendered":"<p class=\"s3\">\n<p class=\"s3\"><span class=\"s4\">Prim\u0103ria<\/span> <span class=\"s4\">Municipiului<\/span><span class=\"s4\"> Deva <\/span><span class=\"s4\">\u0219i<\/span> <span class=\"s4\">Centrul<\/span><span class=\"s4\"> Cultural \u201e<\/span><span class=\"s4\">Dr\u0103gan<\/span><span class=\"s4\">Muntean<\/span><span class=\"s4\">\u201d <\/span><span class=\"s4\">invit\u0103<\/span> <span class=\"s4\">publicul<\/span> <span class=\"s4\">s\u0103<\/span> <span class=\"s4\">petreac\u0103<\/span> <span class=\"s4\">ziua<\/span><span class=\"s4\"> de 1 Mai 2026<\/span><span class=\"s4\">,<\/span> <span class=\"s4\">\u00eentr<\/span><span class=\"s4\">-o <\/span><span class=\"s4\">atmosfer\u0103<\/span> <span class=\"s4\">tradi\u021bional\u0103<\/span><span class=\"s4\">, la <\/span><span class=\"s4\">P\u0103durea<\/span> <span class=\"s4\">Bejan<\/span><span class=\"s4\">, <\/span><span class=\"s4\">unde<\/span> <span class=\"s4\">va<\/span> <span class=\"s4\">avea<\/span> <span class=\"s4\">loc<\/span><span class=\"s4\"> un <\/span><span class=\"s4\">spectacol<\/span> <span class=\"s4\">folcloric<\/span> <span class=\"s4\">deosebit<\/span><span class=\"s4\">.<\/span><\/p>\n<p class=\"s3\"><span class=\"s4\">Evenimentul<\/span> <span class=\"s4\">debuteaz\u0103<\/span><span class=\"s4\"> la <\/span><span class=\"s4\">ora<\/span><span class=\"s4\"> 14:30 <\/span><span class=\"s4\">\u0219i<\/span> <span class=\"s4\">va<\/span> <span class=\"s4\">oferi<\/span> <span class=\"s4\">publicului<\/span><span class=\"s4\"> o <\/span><span class=\"s4\">dup\u0103-amiaz\u0103<\/span> <span class=\"s4\">dedicat\u0103<\/span> <span class=\"s4\">valorilor<\/span> <span class=\"s4\">autentice<\/span> <span class=\"s4\">rom\u00e2ne\u0219ti<\/span><span class=\"s4\">. <\/span><span class=\"s4\">Pe<\/span> <span class=\"s4\">scen\u0103<\/span> <span class=\"s4\">vor<\/span><span class=\"s4\">urca<\/span> <span class=\"s4\">\u00eendr\u0103gi\u021bii<\/span> <span class=\"s4\">interpre\u021bi<\/span> <span class=\"s4\">hunedoreni<\/span> <span class=\"s4\">Ovidiu<\/span> <span class=\"s4\">Peica<\/span><span class=\"s4\">, <\/span><span class=\"s4\">Andra<\/span> <span class=\"s4\">Costea<\/span><span class=\"s4\">, Marcel <\/span><span class=\"s4\">Gavrilu\u021b\u0103<\/span> <span class=\"s4\">\u0219i<\/span><span class=\"s4\"> Aida <\/span><span class=\"s4\">Busuioc<\/span><span class=\"s4\">, <\/span><span class=\"s4\">acompania\u021bi<\/span><span class=\"s4\"> de<\/span> <span class=\"s4\">Forma\u021bia<\/span><span class=\"s4\">Aida <\/span><span class=\"s4\">Busuioc<\/span><span class=\"s4\">. <\/span><span class=\"s4\">Invitata<\/span> <span class=\"s4\">special\u0103<\/span><span class=\"s4\"> din Banat, <\/span><span class=\"s4\">Mihaela<\/span> <span class=\"s4\">Petrovici<\/span><span class=\"s4\">, <\/span><span class=\"s4\">va<\/span><span class=\"s4\">aduce<\/span> <span class=\"s4\">un<\/span><span class=\"s4\"> moment artistic <\/span><span class=\"s4\">aparte<\/span><span class=\"s4\">.<\/span><\/p>\n<p class=\"s3\"><span class=\"s4\">De la <\/span><span class=\"s4\">ora<\/span><span class=\"s4\"> 16:30, <\/span><span class=\"s4\">Ansamblul<\/span> <span class=\"s4\">Folcloric<\/span><span class=\"s4\"> \u201e<\/span><span class=\"s4\">Cununi\u021ba<\/span><span class=\"s4\">\u201d al <\/span><span class=\"s4\">Universit\u0103\u021bii<\/span><span class=\"s4\">de Vest \u201e<\/span><span class=\"s4\">Vasile<\/span> <span class=\"s4\">Goldi\u0219<\/span><span class=\"s4\">\u201d \u00a0Arad<\/span><a name=\"_GoBack\"><\/a> <span class=\"s4\">va<\/span> <span class=\"s4\">\u00eenc\u00e2nta<\/span> <span class=\"s4\">publicul<\/span><span class=\"s4\"> cu un <\/span><span class=\"s4\">spectacol<\/span> <span class=\"s4\">autentic<\/span><span class=\"s4\">. <\/span><span class=\"s4\">Conducerea<\/span> <span class=\"s4\">muzical\u0103<\/span> <span class=\"s4\">este<\/span> <span class=\"s4\">asigurat\u0103<\/span><span class=\"s4\"> de <\/span><span class=\"s4\">Petric\u0103<\/span> <span class=\"s4\">Spinare<\/span><span class=\"s4\">, <\/span><span class=\"s4\">iar<\/span> <span class=\"s4\">coregrafia<\/span> <span class=\"s4\">poart\u0103<\/span> <span class=\"s4\">semn\u0103tura<\/span> <span class=\"s4\">lui<\/span> <span class=\"s4\">Ioan<\/span> <span class=\"s4\">D\u0103r\u0103u<\/span><span class=\"s4\">. <\/span><span class=\"s4\">Programul<\/span> <span class=\"s4\">va<\/span><span class=\"s4\"> fi <\/span><span class=\"s4\">completat<\/span><span class=\"s4\"> de <\/span><span class=\"s4\">momente<\/span> <span class=\"s4\">solistice<\/span> <span class=\"s4\">sus\u021binute<\/span><span class=\"s4\"> de Monica <\/span><span class=\"s4\">Gr<\/span><span class=\"s4\">oza<\/span><span class=\"s4\">, Alina <\/span><span class=\"s4\">\u021aopa<\/span> <span class=\"s4\">\u0219i<\/span><span class=\"s4\"> Andrei <\/span><span class=\"s4\">Gur\u0103u<\/span><span class=\"s4\">, <\/span><span class=\"s4\">eviden\u021bii<\/span><span class=\"s4\">frumuse\u021bea<\/span> <span class=\"s4\">c\u00e2ntecului<\/span> <span class=\"s4\">\u0219i<\/span> <span class=\"s4\">dansului<\/span><span class=\"s4\"> popular.<\/span><\/p>\n<p class=\"s3\"><span class=\"s4\">\u00cencep\u00e2nd<\/span><span class=\"s4\"> cu <\/span><span class=\"s4\">ora<\/span><span class=\"s4\"> 18:00, <\/span><span class=\"s4\">Ansamblul<\/span> <span class=\"s4\">Folcloric<\/span><span class=\"s4\"> \u201eSilvana\u201d al <\/span><span class=\"s4\">Centrului<\/span><span class=\"s4\"> Cultural \u201e<\/span><span class=\"s4\">Dr\u0103gan<\/span> <span class=\"s4\">Muntean<\/span><span class=\"s4\">\u201d din Deva <\/span><span class=\"s4\">va<\/span> <span class=\"s4\">aduce<\/span> <span class=\"s4\">pe<\/span><span class=\"s4\">scen\u0103<\/span> <span class=\"s4\">momente<\/span> <span class=\"s4\">pline<\/span><span class=\"s4\"> de <\/span><span class=\"s4\">emo\u021bie<\/span> <span class=\"s4\">\u0219i<\/span> <span class=\"s4\">tradi\u021bie<\/span><span class=\"s4\">, <\/span><span class=\"s4\">interpretate<\/span><span class=\"s4\"> de <\/span><span class=\"s4\">dou\u0103<\/span><span class=\"s4\">genera\u021bii<\/span><span class=\"s4\"> de <\/span><span class=\"s4\">dansatori<\/span><span class=\"s4\">, <\/span><span class=\"s4\">al\u0103turi<\/span><span class=\"s4\"> de<\/span> <span class=\"s4\">soli\u0219tii<\/span> <span class=\"s4\">vocali<\/span><span class=\"s4\">:<\/span><span class=\"s4\"> Georgiana <\/span><span class=\"s4\">Pleter<\/span><span class=\"s4\">, Gabriela <\/span><span class=\"s4\">Ni\u021b\u0103<\/span><span class=\"s4\">, <\/span><span class=\"s4\">Ciprian<\/span> <span class=\"s4\">Trusescu<\/span><span class=\"s4\">, Bianca <\/span><span class=\"s4\">S\u00e2rb<\/span> <span class=\"s4\">\u0219i<\/span><span class=\"s4\"> Alexandra <\/span><span class=\"s4\">Scrob<\/span><span class=\"s4\">. <\/span><span class=\"s4\">Conducerea<\/span> <span class=\"s4\">muzical\u0103<\/span> <span class=\"s4\">este<\/span> <span class=\"s4\">semnat\u0103<\/span><span class=\"s4\"> de Andrei <\/span><span class=\"s4\">Cri\u0219an<\/span><span class=\"s4\">, <\/span><span class=\"s4\">iar<\/span><span class=\"s4\">coregrafia<\/span><span class=\"s4\"> de Andrei Gabor.<\/span><\/p>\n<p class=\"s5\"><span class=\"s4\">Seara<\/span> <span class=\"s4\">continu\u0103<\/span><span class=\"s4\"> cu <\/span><span class=\"s4\">dou\u0103<\/span> <span class=\"s4\">concerte<\/span><span class=\"s4\"> de <\/span><span class=\"s4\">excep\u021bie<\/span><span class=\"s4\"> dedicate <\/span><span class=\"s4\">iubitorilor<\/span><span class=\"s4\">de <\/span><span class=\"s4\">muzic\u0103<\/span><span class=\"s4\"> de <\/span><span class=\"s4\">petrecere<\/span> <span class=\"s4\">\u0219i<\/span> <span class=\"s4\">folclor<\/span><span class=\"s4\">:<\/span><span class=\"s4\"><br \/>\n<\/span><span class=\"s4\">\u2013 De la <\/span><span class=\"s4\">ora<\/span><span class=\"s4\"> 20:00, Maria <\/span><span class=\"s4\">Chira<\/span><span class=\"s4\"> &amp; Band <\/span><span class=\"s4\">vor<\/span> <span class=\"s4\">aduce<\/span> <span class=\"s4\">energie<\/span> <span class=\"s4\">\u0219i<\/span> <span class=\"s4\">voie<\/span><span class=\"s4\">bun\u0103<\/span><span class=\"s4\">;<\/span><span class=\"s4\"><br \/>\n<\/span><span class=\"s4\">\u2013 De la <\/span><span class=\"s4\">ora<\/span><span class=\"s4\"> 21:00, <\/span><span class=\"s4\">Tinu<\/span> <span class=\"s4\">Vere\u0219ezan<\/span><span class=\"s4\"> &amp; Band <\/span><span class=\"s4\">vor<\/span> <span class=\"s4\">\u00eencheia<\/span><span class=\"s4\">evenimentul<\/span> <span class=\"s4\">\u00eentr<\/span><span class=\"s4\">-o <\/span><span class=\"s4\">atmosfer\u0103<\/span> <span class=\"s4\">festiv\u0103<\/span><span class=\"s4\">.<\/span><\/p>\n<p class=\"s3\"><span class=\"s4\">\u00centregul<\/span> <span class=\"s4\">eveniment<\/span> <span class=\"s4\">va<\/span><span class=\"s4\"> fi <\/span><span class=\"s4\">prezentat<\/span><span class=\"s4\"> de <\/span><span class=\"s4\">Ioana<\/span> <span class=\"s4\">Popescu<\/span><span class=\"s4\">, o <\/span><span class=\"s4\">prezen\u021b\u0103<\/span><span class=\"s4\">bine <\/span><span class=\"s4\">cunoscut\u0103<\/span> <span class=\"s4\">\u00een<\/span> <span class=\"s4\">cadrul<\/span> <span class=\"s4\">manifest\u0103rilor<\/span> <span class=\"s4\">culturale<\/span><span class=\"s4\"> locale.<\/span><\/p>\n<p class=\"s3\"><span class=\"s4\">Sunte\u021bi<\/span> <span class=\"s4\">invita\u021bi<\/span> <span class=\"s4\">s\u0103<\/span> <span class=\"s4\">v\u0103<\/span> <span class=\"s4\">bucura\u021bi<\/span><span class=\"s4\"> de o <\/span><span class=\"s4\">zi<\/span> <span class=\"s4\">special\u0103<\/span><span class=\"s4\">, <\/span><span class=\"s4\">\u00een<\/span><span class=\"s4\"> care <\/span><span class=\"s4\">muzica<\/span><span class=\"s4\">, <\/span><span class=\"s4\">tradi\u021biile<\/span> <span class=\"s4\">\u0219i<\/span> <span class=\"s4\">spiritul<\/span> <span class=\"s4\">comunit\u0103\u021bii<\/span><span class=\"s4\"> se <\/span><span class=\"s4\">\u00eent\u00e2lnesc<\/span> <span class=\"s4\">\u00eentr<\/span><span class=\"s4\">-un <\/span><span class=\"s4\">cadru<\/span><span class=\"s4\"> natural <\/span><span class=\"s4\">deosebit<\/span><span class=\"s4\">.<\/span><\/p>\n<p class=\"s7\"><span class=\"s6\">Centrul<\/span><span class=\"s6\"> Cultural \u201e<\/span><span class=\"s6\">Dr\u0103gan<\/span> <span class=\"s6\">Muntean<\/span><span class=\"s6\">\u201d Deva<\/span><\/p>\n<p class=\"s8\"><span class=\"s4\">\u00a0<\/span><\/p>\n","protected":false},"excerpt":{"rendered":"<p>Prim\u0103ria Municipiului Deva \u0219i Centrul Cultural \u201eDr\u0103ganMuntean\u201d invit\u0103 publicul s\u0103 petreac\u0103 ziua de 1 Mai&#8230;<\/p>\n","protected":false},"author":1,"featured_media":8159,"comment_status":"closed","ping_status":"closed","sticky":false,"template":"","format":"standard","meta":{"footnotes":""},"categories":[1,19],"tags":[],"class_list":["post-8158","post","type-post","status-publish","format-standard","has-post-thumbnail","hentry","category-actual","category-timp-liber"],"yoast_head":"<!-- This site is optimized with the Yoast SEO plugin v25.3.1 - https:\/\/yoast.com\/wordpress\/plugins\/seo\/ -->\n<title>1 Mai \u00een ritmuri autentice rom\u00e2ne\u0219ti la Deva \u2013 Spectacol folcloric de excep\u021bie -<\/title>\n<meta name=\"robots\" content=\"index, follow, max-snippet:-1, max-image-preview:large, max-video-preview:-1\" \/>\n<link rel=\"canonical\" href=\"https:\/\/cronicahd.ro\/?p=8158\" \/>\n<meta property=\"og:locale\" content=\"ro_RO\" \/>\n<meta property=\"og:type\" content=\"article\" \/>\n<meta property=\"og:title\" content=\"1 Mai \u00een ritmuri autentice rom\u00e2ne\u0219ti la Deva \u2013 Spectacol folcloric de excep\u021bie -\" \/>\n<meta property=\"og:description\" content=\"Prim\u0103ria Municipiului Deva \u0219i Centrul Cultural \u201eDr\u0103ganMuntean\u201d invit\u0103 publicul s\u0103 petreac\u0103 ziua de 1 Mai...\" \/>\n<meta property=\"og:url\" content=\"https:\/\/cronicahd.ro\/?p=8158\" \/>\n<meta property=\"article:published_time\" content=\"2026-04-21T14:03:21+00:00\" \/>\n<meta property=\"og:image\" content=\"https:\/\/cronicahd.ro\/wp-content\/uploads\/2026\/04\/IMG_6710-scaled.jpeg\" \/>\n\t<meta property=\"og:image:width\" content=\"2560\" \/>\n\t<meta property=\"og:image:height\" content=\"2026\" \/>\n\t<meta property=\"og:image:type\" content=\"image\/jpeg\" \/>\n<meta name=\"author\" content=\"admin\" \/>\n<meta name=\"twitter:card\" content=\"summary_large_image\" \/>\n<meta name=\"twitter:label1\" content=\"Scris de\" \/>\n\t<meta name=\"twitter:data1\" content=\"admin\" \/>\n\t<meta name=\"twitter:label2\" content=\"Timp estimat pentru citire\" \/>\n\t<meta name=\"twitter:data2\" content=\"2 minute\" \/>\n<script type=\"application\/ld+json\" class=\"yoast-schema-graph\">{\"@context\":\"https:\/\/schema.org\",\"@graph\":[{\"@type\":\"WebPage\",\"@id\":\"https:\/\/cronicahd.ro\/?p=8158\",\"url\":\"https:\/\/cronicahd.ro\/?p=8158\",\"name\":\"1 Mai \u00een ritmuri autentice rom\u00e2ne\u0219ti la Deva \u2013 Spectacol folcloric de excep\u021bie -\",\"isPartOf\":{\"@id\":\"https:\/\/cronicahd.ro\/#website\"},\"primaryImageOfPage\":{\"@id\":\"https:\/\/cronicahd.ro\/?p=8158#primaryimage\"},\"image\":{\"@id\":\"https:\/\/cronicahd.ro\/?p=8158#primaryimage\"},\"thumbnailUrl\":\"https:\/\/cronicahd.ro\/wp-content\/uploads\/2026\/04\/IMG_6710-scaled.jpeg\",\"datePublished\":\"2026-04-21T14:03:21+00:00\",\"author\":{\"@id\":\"https:\/\/cronicahd.ro\/#\/schema\/person\/d1a1277a8cd166610328e17aaf58bf46\"},\"breadcrumb\":{\"@id\":\"https:\/\/cronicahd.ro\/?p=8158#breadcrumb\"},\"inLanguage\":\"ro-RO\",\"potentialAction\":[{\"@type\":\"ReadAction\",\"target\":[\"https:\/\/cronicahd.ro\/?p=8158\"]}]},{\"@type\":\"ImageObject\",\"inLanguage\":\"ro-RO\",\"@id\":\"https:\/\/cronicahd.ro\/?p=8158#primaryimage\",\"url\":\"https:\/\/cronicahd.ro\/wp-content\/uploads\/2026\/04\/IMG_6710-scaled.jpeg\",\"contentUrl\":\"https:\/\/cronicahd.ro\/wp-content\/uploads\/2026\/04\/IMG_6710-scaled.jpeg\",\"width\":2560,\"height\":2026},{\"@type\":\"BreadcrumbList\",\"@id\":\"https:\/\/cronicahd.ro\/?p=8158#breadcrumb\",\"itemListElement\":[{\"@type\":\"ListItem\",\"position\":1,\"name\":\"Prima pagin\u0103\",\"item\":\"https:\/\/cronicahd.ro\/\"},{\"@type\":\"ListItem\",\"position\":2,\"name\":\"1 Mai \u00een ritmuri autentice rom\u00e2ne\u0219ti la Deva \u2013 Spectacol folcloric de excep\u021bie\"}]},{\"@type\":\"WebSite\",\"@id\":\"https:\/\/cronicahd.ro\/#website\",\"url\":\"https:\/\/cronicahd.ro\/\",\"name\":\"\",\"description\":\"\",\"potentialAction\":[{\"@type\":\"SearchAction\",\"target\":{\"@type\":\"EntryPoint\",\"urlTemplate\":\"https:\/\/cronicahd.ro\/?s={search_term_string}\"},\"query-input\":{\"@type\":\"PropertyValueSpecification\",\"valueRequired\":true,\"valueName\":\"search_term_string\"}}],\"inLanguage\":\"ro-RO\"},{\"@type\":\"Person\",\"@id\":\"https:\/\/cronicahd.ro\/#\/schema\/person\/d1a1277a8cd166610328e17aaf58bf46\",\"name\":\"admin\",\"image\":{\"@type\":\"ImageObject\",\"inLanguage\":\"ro-RO\",\"@id\":\"https:\/\/cronicahd.ro\/#\/schema\/person\/image\/\",\"url\":\"https:\/\/secure.gravatar.com\/avatar\/24700337280d10898c2e0d19d44a05316bff9fccc941ecc5570ffe41668203f7?s=96&d=mm&r=g\",\"contentUrl\":\"https:\/\/secure.gravatar.com\/avatar\/24700337280d10898c2e0d19d44a05316bff9fccc941ecc5570ffe41668203f7?s=96&d=mm&r=g\",\"caption\":\"admin\"},\"sameAs\":[\"https:\/\/cronicavj.ro\"],\"url\":\"https:\/\/cronicahd.ro\/?author=1\"}]}<\/script>\n<!-- \/ Yoast SEO plugin. -->","yoast_head_json":{"title":"1 Mai \u00een ritmuri autentice rom\u00e2ne\u0219ti la Deva \u2013 Spectacol folcloric de excep\u021bie -","robots":{"index":"index","follow":"follow","max-snippet":"max-snippet:-1","max-image-preview":"max-image-preview:large","max-video-preview":"max-video-preview:-1"},"canonical":"https:\/\/cronicahd.ro\/?p=8158","og_locale":"ro_RO","og_type":"article","og_title":"1 Mai \u00een ritmuri autentice rom\u00e2ne\u0219ti la Deva \u2013 Spectacol folcloric de excep\u021bie -","og_description":"Prim\u0103ria Municipiului Deva \u0219i Centrul Cultural \u201eDr\u0103ganMuntean\u201d invit\u0103 publicul s\u0103 petreac\u0103 ziua de 1 Mai...","og_url":"https:\/\/cronicahd.ro\/?p=8158","article_published_time":"2026-04-21T14:03:21+00:00","og_image":[{"width":2560,"height":2026,"url":"https:\/\/cronicahd.ro\/wp-content\/uploads\/2026\/04\/IMG_6710-scaled.jpeg","type":"image\/jpeg"}],"author":"admin","twitter_card":"summary_large_image","twitter_misc":{"Scris de":"admin","Timp estimat pentru citire":"2 minute"},"schema":{"@context":"https:\/\/schema.org","@graph":[{"@type":"WebPage","@id":"https:\/\/cronicahd.ro\/?p=8158","url":"https:\/\/cronicahd.ro\/?p=8158","name":"1 Mai \u00een ritmuri autentice rom\u00e2ne\u0219ti la Deva \u2013 Spectacol folcloric de excep\u021bie -","isPartOf":{"@id":"https:\/\/cronicahd.ro\/#website"},"primaryImageOfPage":{"@id":"https:\/\/cronicahd.ro\/?p=8158#primaryimage"},"image":{"@id":"https:\/\/cronicahd.ro\/?p=8158#primaryimage"},"thumbnailUrl":"https:\/\/cronicahd.ro\/wp-content\/uploads\/2026\/04\/IMG_6710-scaled.jpeg","datePublished":"2026-04-21T14:03:21+00:00","author":{"@id":"https:\/\/cronicahd.ro\/#\/schema\/person\/d1a1277a8cd166610328e17aaf58bf46"},"breadcrumb":{"@id":"https:\/\/cronicahd.ro\/?p=8158#breadcrumb"},"inLanguage":"ro-RO","potentialAction":[{"@type":"ReadAction","target":["https:\/\/cronicahd.ro\/?p=8158"]}]},{"@type":"ImageObject","inLanguage":"ro-RO","@id":"https:\/\/cronicahd.ro\/?p=8158#primaryimage","url":"https:\/\/cronicahd.ro\/wp-content\/uploads\/2026\/04\/IMG_6710-scaled.jpeg","contentUrl":"https:\/\/cronicahd.ro\/wp-content\/uploads\/2026\/04\/IMG_6710-scaled.jpeg","width":2560,"height":2026},{"@type":"BreadcrumbList","@id":"https:\/\/cronicahd.ro\/?p=8158#breadcrumb","itemListElement":[{"@type":"ListItem","position":1,"name":"Prima pagin\u0103","item":"https:\/\/cronicahd.ro\/"},{"@type":"ListItem","position":2,"name":"1 Mai \u00een ritmuri autentice rom\u00e2ne\u0219ti la Deva \u2013 Spectacol folcloric de excep\u021bie"}]},{"@type":"WebSite","@id":"https:\/\/cronicahd.ro\/#website","url":"https:\/\/cronicahd.ro\/","name":"","description":"","potentialAction":[{"@type":"SearchAction","target":{"@type":"EntryPoint","urlTemplate":"https:\/\/cronicahd.ro\/?s={search_term_string}"},"query-input":{"@type":"PropertyValueSpecification","valueRequired":true,"valueName":"search_term_string"}}],"inLanguage":"ro-RO"},{"@type":"Person","@id":"https:\/\/cronicahd.ro\/#\/schema\/person\/d1a1277a8cd166610328e17aaf58bf46","name":"admin","image":{"@type":"ImageObject","inLanguage":"ro-RO","@id":"https:\/\/cronicahd.ro\/#\/schema\/person\/image\/","url":"https:\/\/secure.gravatar.com\/avatar\/24700337280d10898c2e0d19d44a05316bff9fccc941ecc5570ffe41668203f7?s=96&d=mm&r=g","contentUrl":"https:\/\/secure.gravatar.com\/avatar\/24700337280d10898c2e0d19d44a05316bff9fccc941ecc5570ffe41668203f7?s=96&d=mm&r=g","caption":"admin"},"sameAs":["https:\/\/cronicavj.ro"],"url":"https:\/\/cronicahd.ro\/?author=1"}]}},"_links":{"self":[{"href":"https:\/\/cronicahd.ro\/index.php?rest_route=\/wp\/v2\/posts\/8158","targetHints":{"allow":["GET"]}}],"collection":[{"href":"https:\/\/cronicahd.ro\/index.php?rest_route=\/wp\/v2\/posts"}],"about":[{"href":"https:\/\/cronicahd.ro\/index.php?rest_route=\/wp\/v2\/types\/post"}],"author":[{"embeddable":true,"href":"https:\/\/cronicahd.ro\/index.php?rest_route=\/wp\/v2\/users\/1"}],"replies":[{"embeddable":true,"href":"https:\/\/cronicahd.ro\/index.php?rest_route=%2Fwp%2Fv2%2Fcomments&post=8158"}],"version-history":[{"count":1,"href":"https:\/\/cronicahd.ro\/index.php?rest_route=\/wp\/v2\/posts\/8158\/revisions"}],"predecessor-version":[{"id":8160,"href":"https:\/\/cronicahd.ro\/index.php?rest_route=\/wp\/v2\/posts\/8158\/revisions\/8160"}],"wp:featuredmedia":[{"embeddable":true,"href":"https:\/\/cronicahd.ro\/index.php?rest_route=\/wp\/v2\/media\/8159"}],"wp:attachment":[{"href":"https:\/\/cronicahd.ro\/index.php?rest_route=%2Fwp%2Fv2%2Fmedia&parent=8158"}],"wp:term":[{"taxonomy":"category","embeddable":true,"href":"https:\/\/cronicahd.ro\/index.php?rest_route=%2Fwp%2Fv2%2Fcategories&post=8158"},{"taxonomy":"post_tag","embeddable":true,"href":"https:\/\/cronicahd.ro\/index.php?rest_route=%2Fwp%2Fv2%2Ftags&post=8158"}],"curies":[{"name":"wp","href":"https:\/\/api.w.org\/{rel}","templated":true}]}}