{"id":8155,"date":"2026-04-21T12:02:03","date_gmt":"2026-04-21T12:02:03","guid":{"rendered":"https:\/\/cronicahd.ro\/?p=8155"},"modified":"2026-04-21T12:02:03","modified_gmt":"2026-04-21T12:02:03","slug":"adr-vest-a-depasit-pragul-de-100-contractare-in-programul-regional-vest","status":"publish","type":"post","link":"https:\/\/cronicahd.ro\/?p=8155","title":{"rendered":"ADR Vest a dep\u0103\u0219it pragul de 100% contractare \u00een Programul Regional Vest"},"content":{"rendered":"<p class=\"s8\"><span class=\"s11\">Peste 400 de contracte de finan\u021bare <\/span><span class=\"s11\">publice \u0219i private <\/span><span class=\"s11\">au fost semnate de la demararea <\/span><span class=\"s11\">P<\/span><span class=\"s11\">rogramului<\/span><span class=\"s11\"> Regional Vest<\/span><span class=\"s11\">, \u00eensemn\u00e2nd investi\u021bii de 1,<\/span><span class=\"s11\">2<\/span><span class=\"s11\"> miliarde de euro fonduri nerambursabile atrase \u00een comunit\u0103\u021bile din \u00eentreaga regiune.<\/span><\/p>\n<p class=\"s12\"><span class=\"s13\">Proiectele <\/span><span class=\"s13\">ADR Vest<\/span><span class=\"s13\"> \u00eenseamn\u0103 \u0219coli \u0219i gr\u0103dini\u021be moderne, blocuri izolate termic, transport \u00een comun, piste de biciclete<\/span><span class=\"s13\">, <\/span><span class=\"s13\">spa\u021bii urbane <\/span><span class=\"s13\">vii, dar <\/span><span class=\"s13\">\u0219i oportunit\u0103\u021bi pentru <\/span><span class=\"s13\">companiile<\/span><span class=\"s13\"> local<\/span><span class=\"s13\">e<\/span><span class=\"s13\">\u0219i<\/span><span class=\"s13\"> locuri de munc\u0103<\/span><span class=\"s13\">. Sunt proiecte care scurteaz\u0103 distan\u021be, creeaz\u0103 conexiuni<\/span><span class=\"s13\">,<\/span><span class=\"s13\"> dau un nou ritm ora\u0219elor <\/span><span class=\"s13\">\u0219i <\/span><span class=\"s13\">cresc confortul \u0219i calitatea vie\u021bii cet\u0103\u021benilor regiunii. <\/span><\/p>\n<p class=\"s12\"><span class=\"s13\">\u00cen plus, <\/span><span class=\"s13\">Agen\u021bia pentru Dezvoltare Regional\u0103 Vest <\/span><span class=\"s13\">are \u00een portofoliu<\/span> <span class=\"s13\">dou\u0103 instrumente financiare regionale<\/span><span class=\"s13\"> \u0219i <\/span><span class=\"s13\">o<\/span><span class=\"s13\"> agen\u021bi<\/span><span class=\"s13\">e<\/span><span class=\"s13\">regional<\/span><span class=\"s13\">\u0103<\/span><span class=\"s13\"> de inovare<\/span><span class=\"s13\">.<\/span> <span class=\"s13\">T<\/span><span class=\"s13\">oate<\/span><span class=\"s13\"> aceste<\/span><span class=\"s13\"> investi\u021bii <\/span><span class=\"s13\">sunt <\/span><span class=\"s13\">sus\u021binute <\/span><span class=\"s13\">din fonduri europene <\/span><span class=\"s13\">prin Programul Regional Vest <\/span><span class=\"s13\">\u0219i <\/span><span class=\"s13\">continu\u0103 s\u0103 fie parte din via\u021ba de zi cu zi a oamenilor care tr\u0103iesc \u00een jude\u021bele Timi\u0219, Arad, Hunedoara \u0219i Cara\u0219-Severin.<\/span><span class=\"s13\">Situa\u021bia tuturor proiectelor implementate prin Programul Regional Vest este disponibil\u0103 <\/span><a href=\"https:\/\/www.vest.ro\/proiecte-finantate\"><span class=\"s14\">aici<\/span><\/a><span class=\"s13\">. \u00a0<\/span><\/p>\n<p class=\"s12\"><span class=\"s15\">\u201e<\/span><span class=\"s15\">Dep\u0103\u0219irea<\/span><span class=\"s15\"> pragului de 100% contractare este rezultatul un<\/span><span class=\"s15\">ui efort <\/span><span class=\"s15\">sus\u021binut, de echip\u0103, \u00eenceput cu ani \u00een urm\u0103. Fiecare contract semnat \u00eenseamn\u0103 o <\/span><span class=\"s15\">garan\u021bie<\/span><span class=\"s15\"> pentru comunitate \u0219i o responsabilitate pe care ne-o asum\u0103m p\u00e2n\u0103 la cap\u0103t<\/span> <span class=\"s15\">alaturi<\/span><span class=\"s15\">de beneficiar<\/span><span class=\"s15\">. \u00cen spatele acestor rezultate sunt <\/span><span class=\"s15\">multe <\/span><span class=\"s15\">documente analizate, verificate \u0219i validate cu responsabilitate, sunt mii de ore de munc\u0103 \u0219i mai ales se afl\u0103 o echip\u0103 <\/span><span class=\"s15\">echip\u0103<\/span> <span class=\"s15\">de profesioni\u0219ti <\/span><span class=\"s15\">din ADR Vest<\/span><span class=\"s15\">.<\/span><\/p>\n<p class=\"s12\"><span class=\"s15\">Fundamentarea acestor investi\u021bii este <\/span><span class=\"s15\">f\u0103cut<\/span><span class=\"s15\">\u0103 de<\/span><span class=\"s15\"> analize, strategii,<\/span> <span class=\"s15\">un program de finan\u021bare negociat \u0219i aprobat de c\u0103tre Comisia <\/span><span class=\"s15\">Europen\u0103<\/span><span class=\"s15\">. A<\/span><span class=\"s16\">u <\/span><span class=\"s16\">fost<\/span><span class=\"s16\"> elaborate <\/span><span class=\"s16\">ghiduri<\/span> <span class=\"s16\">\u0219i<\/span> <span class=\"s16\">lansate<\/span><span class=\"s16\">80 de <\/span><span class=\"s16\">apeluri<\/span><span class=\"s15\"> \u0219i <\/span><span class=\"s15\">au fost organizate sute de \u00eent\u00e2lniri cu to\u021bi cei interesa\u021bi de finan\u021b\u0103ri. \u00a0Desigur, niciuna dintre aceste realiz\u0103ri nu ar fi posibile f\u0103r\u0103 partenerii din administra\u021bia public\u0103<\/span><span class=\"s15\">: consiliile <\/span><span class=\"s15\">jude\u021bene, prim\u0103riile de municipii, ora\u0219e \u0219i comune, companii<\/span><span class=\"s15\"> \u0219i societatea civil\u0103, care<\/span><span class=\"s15\">, <\/span><span class=\"s15\">la fel ca noi<\/span><span class=\"s15\">,<\/span><span class=\"s15\"> investesc energie, munc\u0103 \u0219i inspira\u021bie <\/span><span class=\"s15\">\u00een poten\u021bialul regiunii Vest\u201d,<\/span><span class=\"s13\"> a declarat Sorin Maxim, directorul General al ADR Vest.\u00a0 <\/span><\/p>\n<p class=\"s12\"><span class=\"s13\">Procesul de implementare a Programului Regional Vest nu se opre\u0219te aici. A<\/span><span class=\"s13\">lte proiecte <\/span><span class=\"s13\">cu o valoare total\u0103 <\/span><span class=\"s13\">de peste 4<\/span><span class=\"s13\">5<\/span><span class=\"s13\">0 de mil<\/span><span class=\"s13\">ioane de<\/span><span class=\"s13\"> euro se afl\u0103 \u00een diferite etape de evaluare<\/span><span class=\"s13\"> \u0219i contractare<\/span><span class=\"s13\">. Stadiul implement\u0103rii Programului Regional Vest este disponibil<\/span> <a href=\"https:\/\/www.vest.ro\/stadiul-implementarii\"><span class=\"s14\">aici<\/span><\/a><span class=\"s13\">.<\/span><\/p>\n<p class=\"s12\"><span class=\"s15\">\u201ePentru ADR Vest, contractarea \u00eentregii aloc\u0103ri a programului<\/span><span class=\"s15\">reprezint\u0103 o realizare major\u0103, o piatr\u0103 de hotar care<\/span><span class=\"s15\"> aduce<\/span><span class=\"s15\">\u00eens\u0103<\/span><span class=\"s15\"> o alt\u0103 provocare: aceste proiecte trebuie puse \u00een oper\u0103, ele trebuie implementate, h\u00e2rtiile \u0219i datele dintr-un sistem electronic trebuie s\u0103 prind\u0103 via\u021b\u0103 \u0219i to\u021bi cet\u0103\u021benii de la mic la mare s\u0103 se bucure de rezultate concrete, vizibile. Noi vom fi al\u0103turi de proiecte p\u00e2n\u0103 la final, urmeaz\u0103 <\/span><span class=\"s15\">multe <\/span><span class=\"s15\">alte documente verificate \u0219i procesate, sute de vizite \u00een teren, pentru ca investi\u021biile s\u0103 ajung\u0103 acolo unde conteaz\u0103 \u0219i produc efectele a\u0219teptate, \u00een comunitate\u201d<\/span><span class=\"s13\"> a declarat Georgiana <\/span><span class=\"s13\">Radac<\/span><span class=\"s13\">, Directorul Direc\u021biei Generale Autoritate de Management PR Vest 2021-2027.<\/span><\/p>\n<p>Ionut Suciu<\/p>\n","protected":false},"excerpt":{"rendered":"<p>Peste 400 de contracte de finan\u021bare publice \u0219i private au fost semnate de la demararea&#8230;<\/p>\n","protected":false},"author":1,"featured_media":8156,"comment_status":"closed","ping_status":"closed","sticky":false,"template":"","format":"standard","meta":{"footnotes":""},"categories":[1,18],"tags":[],"class_list":["post-8155","post","type-post","status-publish","format-standard","has-post-thumbnail","hentry","category-actual","category-economic"],"yoast_head":"<!-- This site is optimized with the Yoast SEO plugin v25.3.1 - https:\/\/yoast.com\/wordpress\/plugins\/seo\/ -->\n<title>ADR Vest a dep\u0103\u0219it pragul de 100% contractare \u00een Programul Regional Vest -<\/title>\n<meta name=\"robots\" content=\"index, follow, max-snippet:-1, max-image-preview:large, max-video-preview:-1\" \/>\n<link rel=\"canonical\" href=\"https:\/\/cronicahd.ro\/?p=8155\" \/>\n<meta property=\"og:locale\" content=\"ro_RO\" \/>\n<meta property=\"og:type\" content=\"article\" \/>\n<meta property=\"og:title\" content=\"ADR Vest a dep\u0103\u0219it pragul de 100% contractare \u00een Programul Regional Vest -\" \/>\n<meta property=\"og:description\" content=\"Peste 400 de contracte de finan\u021bare publice \u0219i private au fost semnate de la demararea...\" \/>\n<meta property=\"og:url\" content=\"https:\/\/cronicahd.ro\/?p=8155\" \/>\n<meta property=\"article:published_time\" content=\"2026-04-21T12:02:03+00:00\" \/>\n<meta property=\"og:image\" content=\"https:\/\/cronicahd.ro\/wp-content\/uploads\/2026\/04\/Contractare-PR-Vest-scaled.jpeg\" \/>\n\t<meta property=\"og:image:width\" content=\"2560\" \/>\n\t<meta property=\"og:image:height\" content=\"2146\" \/>\n\t<meta property=\"og:image:type\" content=\"image\/jpeg\" \/>\n<meta name=\"author\" content=\"admin\" \/>\n<meta name=\"twitter:card\" content=\"summary_large_image\" \/>\n<meta name=\"twitter:label1\" content=\"Scris de\" \/>\n\t<meta name=\"twitter:data1\" content=\"admin\" \/>\n\t<meta name=\"twitter:label2\" content=\"Timp estimat pentru citire\" \/>\n\t<meta name=\"twitter:data2\" content=\"3 minute\" \/>\n<script type=\"application\/ld+json\" class=\"yoast-schema-graph\">{\"@context\":\"https:\/\/schema.org\",\"@graph\":[{\"@type\":\"WebPage\",\"@id\":\"https:\/\/cronicahd.ro\/?p=8155\",\"url\":\"https:\/\/cronicahd.ro\/?p=8155\",\"name\":\"ADR Vest a dep\u0103\u0219it pragul de 100% contractare \u00een Programul Regional Vest -\",\"isPartOf\":{\"@id\":\"https:\/\/cronicahd.ro\/#website\"},\"primaryImageOfPage\":{\"@id\":\"https:\/\/cronicahd.ro\/?p=8155#primaryimage\"},\"image\":{\"@id\":\"https:\/\/cronicahd.ro\/?p=8155#primaryimage\"},\"thumbnailUrl\":\"https:\/\/cronicahd.ro\/wp-content\/uploads\/2026\/04\/Contractare-PR-Vest-scaled.jpeg\",\"datePublished\":\"2026-04-21T12:02:03+00:00\",\"author\":{\"@id\":\"https:\/\/cronicahd.ro\/#\/schema\/person\/d1a1277a8cd166610328e17aaf58bf46\"},\"breadcrumb\":{\"@id\":\"https:\/\/cronicahd.ro\/?p=8155#breadcrumb\"},\"inLanguage\":\"ro-RO\",\"potentialAction\":[{\"@type\":\"ReadAction\",\"target\":[\"https:\/\/cronicahd.ro\/?p=8155\"]}]},{\"@type\":\"ImageObject\",\"inLanguage\":\"ro-RO\",\"@id\":\"https:\/\/cronicahd.ro\/?p=8155#primaryimage\",\"url\":\"https:\/\/cronicahd.ro\/wp-content\/uploads\/2026\/04\/Contractare-PR-Vest-scaled.jpeg\",\"contentUrl\":\"https:\/\/cronicahd.ro\/wp-content\/uploads\/2026\/04\/Contractare-PR-Vest-scaled.jpeg\",\"width\":2560,\"height\":2146},{\"@type\":\"BreadcrumbList\",\"@id\":\"https:\/\/cronicahd.ro\/?p=8155#breadcrumb\",\"itemListElement\":[{\"@type\":\"ListItem\",\"position\":1,\"name\":\"Prima pagin\u0103\",\"item\":\"https:\/\/cronicahd.ro\/\"},{\"@type\":\"ListItem\",\"position\":2,\"name\":\"ADR Vest a dep\u0103\u0219it pragul de 100% contractare \u00een Programul Regional Vest\"}]},{\"@type\":\"WebSite\",\"@id\":\"https:\/\/cronicahd.ro\/#website\",\"url\":\"https:\/\/cronicahd.ro\/\",\"name\":\"\",\"description\":\"\",\"potentialAction\":[{\"@type\":\"SearchAction\",\"target\":{\"@type\":\"EntryPoint\",\"urlTemplate\":\"https:\/\/cronicahd.ro\/?s={search_term_string}\"},\"query-input\":{\"@type\":\"PropertyValueSpecification\",\"valueRequired\":true,\"valueName\":\"search_term_string\"}}],\"inLanguage\":\"ro-RO\"},{\"@type\":\"Person\",\"@id\":\"https:\/\/cronicahd.ro\/#\/schema\/person\/d1a1277a8cd166610328e17aaf58bf46\",\"name\":\"admin\",\"image\":{\"@type\":\"ImageObject\",\"inLanguage\":\"ro-RO\",\"@id\":\"https:\/\/cronicahd.ro\/#\/schema\/person\/image\/\",\"url\":\"https:\/\/secure.gravatar.com\/avatar\/24700337280d10898c2e0d19d44a05316bff9fccc941ecc5570ffe41668203f7?s=96&d=mm&r=g\",\"contentUrl\":\"https:\/\/secure.gravatar.com\/avatar\/24700337280d10898c2e0d19d44a05316bff9fccc941ecc5570ffe41668203f7?s=96&d=mm&r=g\",\"caption\":\"admin\"},\"sameAs\":[\"https:\/\/cronicavj.ro\"],\"url\":\"https:\/\/cronicahd.ro\/?author=1\"}]}<\/script>\n<!-- \/ Yoast SEO plugin. -->","yoast_head_json":{"title":"ADR Vest a dep\u0103\u0219it pragul de 100% contractare \u00een Programul Regional Vest -","robots":{"index":"index","follow":"follow","max-snippet":"max-snippet:-1","max-image-preview":"max-image-preview:large","max-video-preview":"max-video-preview:-1"},"canonical":"https:\/\/cronicahd.ro\/?p=8155","og_locale":"ro_RO","og_type":"article","og_title":"ADR Vest a dep\u0103\u0219it pragul de 100% contractare \u00een Programul Regional Vest -","og_description":"Peste 400 de contracte de finan\u021bare publice \u0219i private au fost semnate de la demararea...","og_url":"https:\/\/cronicahd.ro\/?p=8155","article_published_time":"2026-04-21T12:02:03+00:00","og_image":[{"width":2560,"height":2146,"url":"https:\/\/cronicahd.ro\/wp-content\/uploads\/2026\/04\/Contractare-PR-Vest-scaled.jpeg","type":"image\/jpeg"}],"author":"admin","twitter_card":"summary_large_image","twitter_misc":{"Scris de":"admin","Timp estimat pentru citire":"3 minute"},"schema":{"@context":"https:\/\/schema.org","@graph":[{"@type":"WebPage","@id":"https:\/\/cronicahd.ro\/?p=8155","url":"https:\/\/cronicahd.ro\/?p=8155","name":"ADR Vest a dep\u0103\u0219it pragul de 100% contractare \u00een Programul Regional Vest -","isPartOf":{"@id":"https:\/\/cronicahd.ro\/#website"},"primaryImageOfPage":{"@id":"https:\/\/cronicahd.ro\/?p=8155#primaryimage"},"image":{"@id":"https:\/\/cronicahd.ro\/?p=8155#primaryimage"},"thumbnailUrl":"https:\/\/cronicahd.ro\/wp-content\/uploads\/2026\/04\/Contractare-PR-Vest-scaled.jpeg","datePublished":"2026-04-21T12:02:03+00:00","author":{"@id":"https:\/\/cronicahd.ro\/#\/schema\/person\/d1a1277a8cd166610328e17aaf58bf46"},"breadcrumb":{"@id":"https:\/\/cronicahd.ro\/?p=8155#breadcrumb"},"inLanguage":"ro-RO","potentialAction":[{"@type":"ReadAction","target":["https:\/\/cronicahd.ro\/?p=8155"]}]},{"@type":"ImageObject","inLanguage":"ro-RO","@id":"https:\/\/cronicahd.ro\/?p=8155#primaryimage","url":"https:\/\/cronicahd.ro\/wp-content\/uploads\/2026\/04\/Contractare-PR-Vest-scaled.jpeg","contentUrl":"https:\/\/cronicahd.ro\/wp-content\/uploads\/2026\/04\/Contractare-PR-Vest-scaled.jpeg","width":2560,"height":2146},{"@type":"BreadcrumbList","@id":"https:\/\/cronicahd.ro\/?p=8155#breadcrumb","itemListElement":[{"@type":"ListItem","position":1,"name":"Prima pagin\u0103","item":"https:\/\/cronicahd.ro\/"},{"@type":"ListItem","position":2,"name":"ADR Vest a dep\u0103\u0219it pragul de 100% contractare \u00een Programul Regional Vest"}]},{"@type":"WebSite","@id":"https:\/\/cronicahd.ro\/#website","url":"https:\/\/cronicahd.ro\/","name":"","description":"","potentialAction":[{"@type":"SearchAction","target":{"@type":"EntryPoint","urlTemplate":"https:\/\/cronicahd.ro\/?s={search_term_string}"},"query-input":{"@type":"PropertyValueSpecification","valueRequired":true,"valueName":"search_term_string"}}],"inLanguage":"ro-RO"},{"@type":"Person","@id":"https:\/\/cronicahd.ro\/#\/schema\/person\/d1a1277a8cd166610328e17aaf58bf46","name":"admin","image":{"@type":"ImageObject","inLanguage":"ro-RO","@id":"https:\/\/cronicahd.ro\/#\/schema\/person\/image\/","url":"https:\/\/secure.gravatar.com\/avatar\/24700337280d10898c2e0d19d44a05316bff9fccc941ecc5570ffe41668203f7?s=96&d=mm&r=g","contentUrl":"https:\/\/secure.gravatar.com\/avatar\/24700337280d10898c2e0d19d44a05316bff9fccc941ecc5570ffe41668203f7?s=96&d=mm&r=g","caption":"admin"},"sameAs":["https:\/\/cronicavj.ro"],"url":"https:\/\/cronicahd.ro\/?author=1"}]}},"_links":{"self":[{"href":"https:\/\/cronicahd.ro\/index.php?rest_route=\/wp\/v2\/posts\/8155","targetHints":{"allow":["GET"]}}],"collection":[{"href":"https:\/\/cronicahd.ro\/index.php?rest_route=\/wp\/v2\/posts"}],"about":[{"href":"https:\/\/cronicahd.ro\/index.php?rest_route=\/wp\/v2\/types\/post"}],"author":[{"embeddable":true,"href":"https:\/\/cronicahd.ro\/index.php?rest_route=\/wp\/v2\/users\/1"}],"replies":[{"embeddable":true,"href":"https:\/\/cronicahd.ro\/index.php?rest_route=%2Fwp%2Fv2%2Fcomments&post=8155"}],"version-history":[{"count":1,"href":"https:\/\/cronicahd.ro\/index.php?rest_route=\/wp\/v2\/posts\/8155\/revisions"}],"predecessor-version":[{"id":8157,"href":"https:\/\/cronicahd.ro\/index.php?rest_route=\/wp\/v2\/posts\/8155\/revisions\/8157"}],"wp:featuredmedia":[{"embeddable":true,"href":"https:\/\/cronicahd.ro\/index.php?rest_route=\/wp\/v2\/media\/8156"}],"wp:attachment":[{"href":"https:\/\/cronicahd.ro\/index.php?rest_route=%2Fwp%2Fv2%2Fmedia&parent=8155"}],"wp:term":[{"taxonomy":"category","embeddable":true,"href":"https:\/\/cronicahd.ro\/index.php?rest_route=%2Fwp%2Fv2%2Fcategories&post=8155"},{"taxonomy":"post_tag","embeddable":true,"href":"https:\/\/cronicahd.ro\/index.php?rest_route=%2Fwp%2Fv2%2Ftags&post=8155"}],"curies":[{"name":"wp","href":"https:\/\/api.w.org\/{rel}","templated":true}]}}