{"id":8152,"date":"2026-04-21T11:44:27","date_gmt":"2026-04-21T11:44:27","guid":{"rendered":"https:\/\/cronicahd.ro\/?p=8152"},"modified":"2026-04-21T11:44:27","modified_gmt":"2026-04-21T11:44:27","slug":"calin-petru-marian-continuarea-reformelor-nu-este-negociabila-iar-ilie-bolojan-trebuie-sa-ramana-premier","status":"publish","type":"post","link":"https:\/\/cronicahd.ro\/?p=8152","title":{"rendered":"C\u0103lin Petru Marian: \u201eContinuarea reformelor nu este negociabil\u0103, iar Ilie Bolojan trebuie s\u0103 r\u0103m\u00e2n\u0103 premier\u201d"},"content":{"rendered":"<p>&nbsp;<\/p>\n<p>Senatorul PNL C\u0103lin Petru Marian a transmis pe pagina de Facebook un mesaj \u00a0de sus\u021binere pentru continuarea actualei guvern\u0103ri sub conducerea prim-ministrului Ilie Bolojan, subliniind c\u0103 reformele asumate de Executiv trebuie duse p\u00e2n\u0103 la cap\u0103t, \u00een ciuda tensiunilor politice din coali\u021bie.<\/p>\n<p>Potrivit senatorului liberal, rezolu\u021bia adoptat\u0103 \u00een cadrul partidului confirm\u0103 sprijinul total al PNL pentru programul de guvernare \u0219i pentru m\u0103surile considerate esen\u021biale \u00een procesul de modernizare a statului rom\u00e2n.<\/p>\n<p>\u201eContinuarea reformelor pentru redresarea Rom\u00e2niei nu este negociabil\u0103. PNL \u00ee\u0219i reafirm\u0103 angajamentul pentru implementarea programului de guvernare, pentru modernizarea statului \u0219i pentru m\u0103suri concrete de redresare economic\u0103\u201d, a declarat C\u0103lin Petru Marian.<\/p>\n<p>Senatorul a precizat c\u0103 priorit\u0103\u021bile liberalilor r\u0103m\u00e2n eliminarea risipei bugetare, reducerea privilegiilor, accelerarea absorb\u021biei fondurilor europene \u0219i men\u021binerea stabilit\u0103\u021bii economice \u0219i politice \u00eentr-un context intern \u0219i interna\u021bional complicat.<\/p>\n<p>\u00cen acela\u0219i timp, C\u0103lin Petru Marian a criticat decizia PSD de a genera tensiuni \u00een interiorul coali\u021biei, catalog\u00e2nd-o drept un gest iresponsabil \u00eentr-un moment sensibil pentru Rom\u00e2nia.<\/p>\n<p>\u201eDecizia PSD de a provoca o criz\u0103 politic\u0103 \u00eentr-un moment critic pentru Rom\u00e2nia reprezint\u0103 un act de iresponsabilitate \u0219i o fug\u0103 de r\u0103spundere, inclusiv \u00een ceea ce prive\u0219te \u00eent\u00e2rzierile majore \u00een absorb\u021bia fondurilor europene\u201d, a afirmat senatorul.<\/p>\n<p>Liderul liberal a respins \u0219i scenariile privind schimbarea premierului, sus\u021bin\u00e2nd c\u0103 nu exist\u0103 niciun motiv pentru retragerea lui Ilie Bolojan din fruntea Guvernului.<\/p>\n<p>\u201eRespingem ultimatumurile politice \u0219i sus\u021binem f\u0103r\u0103 echivoc faptul c\u0103 nu exist\u0103 niciun motiv pentru ca prim-ministrul Ilie Bolojan s\u0103 plece din func\u021bie\u201d, a mai transmis C\u0103lin Petru Marian.<\/p>\n<p>\u00cen \u00eencheiere, senatorul PNL a precizat c\u0103 forma\u021biunea liberal\u0103 va continua s\u0103 sus\u021bin\u0103 reformele asumate, consider\u00e2nd c\u0103 stabilitatea \u0219i responsabilitatea politic\u0103 sunt esen\u021biale pentru perioada urm\u0103toare.<\/p>\n<p>&nbsp;<\/p>\n","protected":false},"excerpt":{"rendered":"<p>&nbsp; Senatorul PNL C\u0103lin Petru Marian a transmis pe pagina de Facebook un mesaj \u00a0de&#8230;<\/p>\n","protected":false},"author":1,"featured_media":8153,"comment_status":"closed","ping_status":"closed","sticky":false,"template":"","format":"standard","meta":{"footnotes":""},"categories":[1,16],"tags":[],"class_list":["post-8152","post","type-post","status-publish","format-standard","has-post-thumbnail","hentry","category-actual","category-politic"],"yoast_head":"<!-- This site is optimized with the Yoast SEO plugin v25.3.1 - https:\/\/yoast.com\/wordpress\/plugins\/seo\/ -->\n<title>C\u0103lin Petru Marian: \u201eContinuarea reformelor nu este negociabil\u0103, iar Ilie Bolojan trebuie s\u0103 r\u0103m\u00e2n\u0103 premier\u201d -<\/title>\n<meta name=\"robots\" content=\"index, follow, max-snippet:-1, max-image-preview:large, max-video-preview:-1\" \/>\n<link rel=\"canonical\" href=\"https:\/\/cronicahd.ro\/?p=8152\" \/>\n<meta property=\"og:locale\" content=\"ro_RO\" \/>\n<meta property=\"og:type\" content=\"article\" \/>\n<meta property=\"og:title\" content=\"C\u0103lin Petru Marian: \u201eContinuarea reformelor nu este negociabil\u0103, iar Ilie Bolojan trebuie s\u0103 r\u0103m\u00e2n\u0103 premier\u201d -\" \/>\n<meta property=\"og:description\" content=\"&nbsp; Senatorul PNL C\u0103lin Petru Marian a transmis pe pagina de Facebook un mesaj \u00a0de...\" \/>\n<meta property=\"og:url\" content=\"https:\/\/cronicahd.ro\/?p=8152\" \/>\n<meta property=\"article:published_time\" content=\"2026-04-21T11:44:27+00:00\" \/>\n<meta property=\"og:image\" content=\"https:\/\/cronicahd.ro\/wp-content\/uploads\/2026\/04\/IMG_6708.jpeg\" \/>\n\t<meta property=\"og:image:width\" content=\"1200\" \/>\n\t<meta property=\"og:image:height\" content=\"1600\" \/>\n\t<meta property=\"og:image:type\" content=\"image\/jpeg\" \/>\n<meta name=\"author\" content=\"admin\" \/>\n<meta name=\"twitter:card\" content=\"summary_large_image\" \/>\n<meta name=\"twitter:label1\" content=\"Scris de\" \/>\n\t<meta name=\"twitter:data1\" content=\"admin\" \/>\n\t<meta name=\"twitter:label2\" content=\"Timp estimat pentru citire\" \/>\n\t<meta name=\"twitter:data2\" content=\"2 minute\" \/>\n<script type=\"application\/ld+json\" class=\"yoast-schema-graph\">{\"@context\":\"https:\/\/schema.org\",\"@graph\":[{\"@type\":\"WebPage\",\"@id\":\"https:\/\/cronicahd.ro\/?p=8152\",\"url\":\"https:\/\/cronicahd.ro\/?p=8152\",\"name\":\"C\u0103lin Petru Marian: \u201eContinuarea reformelor nu este negociabil\u0103, iar Ilie Bolojan trebuie s\u0103 r\u0103m\u00e2n\u0103 premier\u201d -\",\"isPartOf\":{\"@id\":\"https:\/\/cronicahd.ro\/#website\"},\"primaryImageOfPage\":{\"@id\":\"https:\/\/cronicahd.ro\/?p=8152#primaryimage\"},\"image\":{\"@id\":\"https:\/\/cronicahd.ro\/?p=8152#primaryimage\"},\"thumbnailUrl\":\"https:\/\/cronicahd.ro\/wp-content\/uploads\/2026\/04\/IMG_6708.jpeg\",\"datePublished\":\"2026-04-21T11:44:27+00:00\",\"author\":{\"@id\":\"https:\/\/cronicahd.ro\/#\/schema\/person\/d1a1277a8cd166610328e17aaf58bf46\"},\"breadcrumb\":{\"@id\":\"https:\/\/cronicahd.ro\/?p=8152#breadcrumb\"},\"inLanguage\":\"ro-RO\",\"potentialAction\":[{\"@type\":\"ReadAction\",\"target\":[\"https:\/\/cronicahd.ro\/?p=8152\"]}]},{\"@type\":\"ImageObject\",\"inLanguage\":\"ro-RO\",\"@id\":\"https:\/\/cronicahd.ro\/?p=8152#primaryimage\",\"url\":\"https:\/\/cronicahd.ro\/wp-content\/uploads\/2026\/04\/IMG_6708.jpeg\",\"contentUrl\":\"https:\/\/cronicahd.ro\/wp-content\/uploads\/2026\/04\/IMG_6708.jpeg\",\"width\":1200,\"height\":1600},{\"@type\":\"BreadcrumbList\",\"@id\":\"https:\/\/cronicahd.ro\/?p=8152#breadcrumb\",\"itemListElement\":[{\"@type\":\"ListItem\",\"position\":1,\"name\":\"Prima pagin\u0103\",\"item\":\"https:\/\/cronicahd.ro\/\"},{\"@type\":\"ListItem\",\"position\":2,\"name\":\"C\u0103lin Petru Marian: \u201eContinuarea reformelor nu este negociabil\u0103, iar Ilie Bolojan trebuie s\u0103 r\u0103m\u00e2n\u0103 premier\u201d\"}]},{\"@type\":\"WebSite\",\"@id\":\"https:\/\/cronicahd.ro\/#website\",\"url\":\"https:\/\/cronicahd.ro\/\",\"name\":\"\",\"description\":\"\",\"potentialAction\":[{\"@type\":\"SearchAction\",\"target\":{\"@type\":\"EntryPoint\",\"urlTemplate\":\"https:\/\/cronicahd.ro\/?s={search_term_string}\"},\"query-input\":{\"@type\":\"PropertyValueSpecification\",\"valueRequired\":true,\"valueName\":\"search_term_string\"}}],\"inLanguage\":\"ro-RO\"},{\"@type\":\"Person\",\"@id\":\"https:\/\/cronicahd.ro\/#\/schema\/person\/d1a1277a8cd166610328e17aaf58bf46\",\"name\":\"admin\",\"image\":{\"@type\":\"ImageObject\",\"inLanguage\":\"ro-RO\",\"@id\":\"https:\/\/cronicahd.ro\/#\/schema\/person\/image\/\",\"url\":\"https:\/\/secure.gravatar.com\/avatar\/24700337280d10898c2e0d19d44a05316bff9fccc941ecc5570ffe41668203f7?s=96&d=mm&r=g\",\"contentUrl\":\"https:\/\/secure.gravatar.com\/avatar\/24700337280d10898c2e0d19d44a05316bff9fccc941ecc5570ffe41668203f7?s=96&d=mm&r=g\",\"caption\":\"admin\"},\"sameAs\":[\"https:\/\/cronicavj.ro\"],\"url\":\"https:\/\/cronicahd.ro\/?author=1\"}]}<\/script>\n<!-- \/ Yoast SEO plugin. -->","yoast_head_json":{"title":"C\u0103lin Petru Marian: \u201eContinuarea reformelor nu este negociabil\u0103, iar Ilie Bolojan trebuie s\u0103 r\u0103m\u00e2n\u0103 premier\u201d -","robots":{"index":"index","follow":"follow","max-snippet":"max-snippet:-1","max-image-preview":"max-image-preview:large","max-video-preview":"max-video-preview:-1"},"canonical":"https:\/\/cronicahd.ro\/?p=8152","og_locale":"ro_RO","og_type":"article","og_title":"C\u0103lin Petru Marian: \u201eContinuarea reformelor nu este negociabil\u0103, iar Ilie Bolojan trebuie s\u0103 r\u0103m\u00e2n\u0103 premier\u201d -","og_description":"&nbsp; Senatorul PNL C\u0103lin Petru Marian a transmis pe pagina de Facebook un mesaj \u00a0de...","og_url":"https:\/\/cronicahd.ro\/?p=8152","article_published_time":"2026-04-21T11:44:27+00:00","og_image":[{"width":1200,"height":1600,"url":"https:\/\/cronicahd.ro\/wp-content\/uploads\/2026\/04\/IMG_6708.jpeg","type":"image\/jpeg"}],"author":"admin","twitter_card":"summary_large_image","twitter_misc":{"Scris de":"admin","Timp estimat pentru citire":"2 minute"},"schema":{"@context":"https:\/\/schema.org","@graph":[{"@type":"WebPage","@id":"https:\/\/cronicahd.ro\/?p=8152","url":"https:\/\/cronicahd.ro\/?p=8152","name":"C\u0103lin Petru Marian: \u201eContinuarea reformelor nu este negociabil\u0103, iar Ilie Bolojan trebuie s\u0103 r\u0103m\u00e2n\u0103 premier\u201d -","isPartOf":{"@id":"https:\/\/cronicahd.ro\/#website"},"primaryImageOfPage":{"@id":"https:\/\/cronicahd.ro\/?p=8152#primaryimage"},"image":{"@id":"https:\/\/cronicahd.ro\/?p=8152#primaryimage"},"thumbnailUrl":"https:\/\/cronicahd.ro\/wp-content\/uploads\/2026\/04\/IMG_6708.jpeg","datePublished":"2026-04-21T11:44:27+00:00","author":{"@id":"https:\/\/cronicahd.ro\/#\/schema\/person\/d1a1277a8cd166610328e17aaf58bf46"},"breadcrumb":{"@id":"https:\/\/cronicahd.ro\/?p=8152#breadcrumb"},"inLanguage":"ro-RO","potentialAction":[{"@type":"ReadAction","target":["https:\/\/cronicahd.ro\/?p=8152"]}]},{"@type":"ImageObject","inLanguage":"ro-RO","@id":"https:\/\/cronicahd.ro\/?p=8152#primaryimage","url":"https:\/\/cronicahd.ro\/wp-content\/uploads\/2026\/04\/IMG_6708.jpeg","contentUrl":"https:\/\/cronicahd.ro\/wp-content\/uploads\/2026\/04\/IMG_6708.jpeg","width":1200,"height":1600},{"@type":"BreadcrumbList","@id":"https:\/\/cronicahd.ro\/?p=8152#breadcrumb","itemListElement":[{"@type":"ListItem","position":1,"name":"Prima pagin\u0103","item":"https:\/\/cronicahd.ro\/"},{"@type":"ListItem","position":2,"name":"C\u0103lin Petru Marian: \u201eContinuarea reformelor nu este negociabil\u0103, iar Ilie Bolojan trebuie s\u0103 r\u0103m\u00e2n\u0103 premier\u201d"}]},{"@type":"WebSite","@id":"https:\/\/cronicahd.ro\/#website","url":"https:\/\/cronicahd.ro\/","name":"","description":"","potentialAction":[{"@type":"SearchAction","target":{"@type":"EntryPoint","urlTemplate":"https:\/\/cronicahd.ro\/?s={search_term_string}"},"query-input":{"@type":"PropertyValueSpecification","valueRequired":true,"valueName":"search_term_string"}}],"inLanguage":"ro-RO"},{"@type":"Person","@id":"https:\/\/cronicahd.ro\/#\/schema\/person\/d1a1277a8cd166610328e17aaf58bf46","name":"admin","image":{"@type":"ImageObject","inLanguage":"ro-RO","@id":"https:\/\/cronicahd.ro\/#\/schema\/person\/image\/","url":"https:\/\/secure.gravatar.com\/avatar\/24700337280d10898c2e0d19d44a05316bff9fccc941ecc5570ffe41668203f7?s=96&d=mm&r=g","contentUrl":"https:\/\/secure.gravatar.com\/avatar\/24700337280d10898c2e0d19d44a05316bff9fccc941ecc5570ffe41668203f7?s=96&d=mm&r=g","caption":"admin"},"sameAs":["https:\/\/cronicavj.ro"],"url":"https:\/\/cronicahd.ro\/?author=1"}]}},"_links":{"self":[{"href":"https:\/\/cronicahd.ro\/index.php?rest_route=\/wp\/v2\/posts\/8152","targetHints":{"allow":["GET"]}}],"collection":[{"href":"https:\/\/cronicahd.ro\/index.php?rest_route=\/wp\/v2\/posts"}],"about":[{"href":"https:\/\/cronicahd.ro\/index.php?rest_route=\/wp\/v2\/types\/post"}],"author":[{"embeddable":true,"href":"https:\/\/cronicahd.ro\/index.php?rest_route=\/wp\/v2\/users\/1"}],"replies":[{"embeddable":true,"href":"https:\/\/cronicahd.ro\/index.php?rest_route=%2Fwp%2Fv2%2Fcomments&post=8152"}],"version-history":[{"count":1,"href":"https:\/\/cronicahd.ro\/index.php?rest_route=\/wp\/v2\/posts\/8152\/revisions"}],"predecessor-version":[{"id":8154,"href":"https:\/\/cronicahd.ro\/index.php?rest_route=\/wp\/v2\/posts\/8152\/revisions\/8154"}],"wp:featuredmedia":[{"embeddable":true,"href":"https:\/\/cronicahd.ro\/index.php?rest_route=\/wp\/v2\/media\/8153"}],"wp:attachment":[{"href":"https:\/\/cronicahd.ro\/index.php?rest_route=%2Fwp%2Fv2%2Fmedia&parent=8152"}],"wp:term":[{"taxonomy":"category","embeddable":true,"href":"https:\/\/cronicahd.ro\/index.php?rest_route=%2Fwp%2Fv2%2Fcategories&post=8152"},{"taxonomy":"post_tag","embeddable":true,"href":"https:\/\/cronicahd.ro\/index.php?rest_route=%2Fwp%2Fv2%2Ftags&post=8152"}],"curies":[{"name":"wp","href":"https:\/\/api.w.org\/{rel}","templated":true}]}}