{"id":8149,"date":"2026-04-21T11:22:56","date_gmt":"2026-04-21T11:22:56","guid":{"rendered":"https:\/\/cronicahd.ro\/?p=8149"},"modified":"2026-04-21T11:22:56","modified_gmt":"2026-04-21T11:22:56","slug":"a-fost-aprobat-programul-de-actiune-comunitara-in-municipiul-deva-pentru-anul-2026","status":"publish","type":"post","link":"https:\/\/cronicahd.ro\/?p=8149","title":{"rendered":"A fost aprobat Programul de ac\u021biune comunitar\u0103 \u00een municipiul Deva, pentru anul 2026"},"content":{"rendered":"<p class=\"s3\"><span class=\"s4\"><span class=\"bumpedFont15\">Programul de ac\u021biun<\/span><\/span><span class=\"s4\"><span class=\"bumpedFont15\">e<\/span><\/span><span class=\"s4\"><span class=\"bumpedFont15\"> comunitar<\/span><\/span><span class=\"s4\"><span class=\"bumpedFont15\">\u0103<\/span><\/span><span class=\"s4\"><span class=\"bumpedFont15\"> pentru anul 202<\/span><\/span><span class=\"s4\"><span class=\"bumpedFont15\">6<\/span><\/span><span class=\"s4\"><span class=\"bumpedFont15\"> a fost aprobat de <\/span><\/span><span class=\"s4\"><span class=\"bumpedFont15\">Consiliul Local Deva<\/span><\/span><span class=\"s4\"><span class=\"bumpedFont15\">.<\/span><\/span><\/p>\n<p class=\"s3\"><span class=\"s4\"><span class=\"bumpedFont15\">Documentul<\/span><\/span><span class=\"s4\"><span class=\"bumpedFont15\"> are ca obiectiv<\/span><\/span><span class=\"s4\"><span class=\"bumpedFont15\"> general \u00eembun\u0103t\u0103\u021birea calit\u0103\u021bii vie\u021bii persoanelor, familiilor <\/span><\/span><span class=\"s4\"><span class=\"bumpedFont15\">s<\/span><\/span><span class=\"s4\"><span class=\"bumpedFont15\">au <\/span><\/span><span class=\"s4\"><span class=\"bumpedFont15\">grupurilor vulnerabile<\/span><\/span><span class=\"s4\"><span class=\"bumpedFont15\">,<\/span><\/span><span class=\"s4\"><span class=\"bumpedFont15\"> prin <\/span><\/span><span class=\"s4\"><span class=\"bumpedFont15\">activit\u0103\u021bi<\/span><\/span><span class=\"s4\"><span class=\"bumpedFont15\">\u0219<\/span><\/span><span class=\"s4\"><span class=\"bumpedFont15\">i m\u0103suri de <\/span><\/span><span class=\"s4\"><span class=\"bumpedFont15\">reducere <\/span><\/span><span class=\"s4\"><span class=\"bumpedFont15\">a s\u0103r\u0103ciei \u0219i excluziunii sociale. <\/span><\/span><\/p>\n<p class=\"s3\"><span class=\"s4\">\u00a0<\/span><span class=\"s4\"><span class=\"bumpedFont15\">Pe l\u00e2ng\u0103 asisten\u021ba social\u0103 acordat\u0103 sub forma beneficiilor de asisten\u021b\u0103 social\u0103<\/span><\/span><span class=\"s4\"><span class=\"bumpedFont15\"> \u0219i interven\u021biei \u00een situa\u021bii de urgen\u021b\u0103 social\u0103<\/span><\/span><span class=\"s4\"><span class=\"bumpedFont15\">, programul de ac\u021biun<\/span><\/span><span class=\"s4\"><span class=\"bumpedFont15\">e<\/span><\/span><span class=\"s4\"><span class=\"bumpedFont15\"> comun<\/span><\/span><span class=\"s4\"><span class=\"bumpedFont15\">itar<\/span><\/span><span class=\"s4\"><span class=\"bumpedFont15\">\u0103<\/span><\/span><span class=\"s4\"><span class=\"bumpedFont15\"> urm\u0103re\u0219te <\/span><\/span><span class=\"s4\"><span class=\"bumpedFont15\">cre\u0219terea<\/span><\/span><span class=\"s4\"><span class=\"bumpedFont15\"> accesului persoanelor defavorizate la serviciile publice de interes general \u2013 servicii sociale, s\u0103n\u0103tate, educa\u021bie, ocupare, locuire \u0219i ob\u021binerea documentelor de identitate. <\/span><\/span><\/p>\n<p class=\"s3\"><span class=\"s4\"><span class=\"bumpedFont15\">Serviciile sociale sunt acordate gratuit persoanelor care nu realizeaz\u0103 venituri sau ale c\u0103ror venituri nu acoper\u0103 nivel<\/span><\/span><span class=\"s4\"><span class=\"bumpedFont15\">ul<\/span><\/span><span class=\"s4\"><span class=\"bumpedFont15\">minimal<\/span><\/span><span class=\"s4\"><span class=\"bumpedFont15\"> de trai. \u00a0<\/span><\/span><\/p>\n<p class=\"s3\"><span class=\"s4\">\u00a0<\/span><span class=\"s4\"><span class=\"bumpedFont15\">Principalele activit\u0103\u021bi \u0219i m\u0103suri <\/span><\/span><span class=\"s4\"><span class=\"bumpedFont15\">inclus<\/span><\/span><span class=\"s4\"><span class=\"bumpedFont15\">e \u00een Programul de ac\u021biun<\/span><\/span><span class=\"s4\"><span class=\"bumpedFont15\">e<\/span><\/span><span class=\"s4\"><span class=\"bumpedFont15\">comunitar<\/span><\/span><span class=\"s4\"><span class=\"bumpedFont15\">\u0103:<\/span><\/span><\/p>\n<p class=\"s3\"><span class=\"s4\">\u00a0<\/span><span class=\"s4\"><span class=\"bumpedFont15\">&#8211;<\/span><\/span> <span class=\"s4\"><span class=\"bumpedFont15\">informarea privi<\/span><\/span><span class=\"s4\"><span class=\"bumpedFont15\">nd<\/span><\/span><span class=\"s4\"><span class=\"bumpedFont15\"> drepturile \u0219i obliga\u021biile <\/span><\/span><span class=\"s4\"><span class=\"bumpedFont15\">reglementate de legisla\u021bia<\/span><\/span><span class=\"s4\"><span class=\"bumpedFont15\"> \u00een vigo<\/span><\/span><span class=\"s4\"><span class=\"bumpedFont15\">are<\/span><\/span><\/p>\n<p class=\"s3\"><span class=\"s4\"><span class=\"bumpedFont15\">&#8211;<\/span><\/span> <span class=\"s4\"><span class=\"bumpedFont15\">identificarea nevoilor <\/span><\/span><span class=\"s4\"><span class=\"bumpedFont15\">\u0219i evaluarea situa\u021biilor de dificultate<\/span><\/span><span class=\"s4\"><span class=\"bumpedFont15\">, prin verific\u0103ri \u00een teren \u0219i \u00eentocmirea planului de interven\u021bie<\/span><\/span><\/p>\n<p class=\"s3\"><span class=\"s4\"><span class=\"bumpedFont15\">&#8211;<\/span><\/span> <span class=\"s4\"><span class=\"bumpedFont15\">consiliere\/<\/span><\/span><span class=\"s4\"><span class=\"bumpedFont15\">acompaniere <\/span><\/span><span class=\"s4\"><span class=\"bumpedFont15\">\u00een vederea \u00eentocmirii documentelor de identitate<\/span><\/span><\/p>\n<p class=\"s3\"><span class=\"s4\"><span class=\"bumpedFont15\">&#8211;<\/span><\/span> <span class=\"s4\"><span class=\"bumpedFont15\">informare \u0219i consiliere <\/span><\/span><span class=\"s4\"><span class=\"bumpedFont15\">privind planificarea familial\u0103 \u0219i contracep\u021bia<\/span><\/span><\/p>\n<p class=\"s3\"><span class=\"s4\"><span class=\"bumpedFont15\">&#8211;<\/span><\/span> <span class=\"s4\"><span class=\"bumpedFont15\">informare \u0219i sprijin pentru femeile \u00eens\u0103rcinate<\/span><\/span><span class=\"s4\"><span class=\"bumpedFont15\"> &#8211;<\/span><\/span><span class=\"s4\"><span class=\"bumpedFont15\"> cu accent <\/span><\/span><span class=\"s4\"><span class=\"bumpedFont15\">pe mamele minore<\/span><\/span><\/p>\n<p class=\"s3\"><span class=\"s4\"><span class=\"bumpedFont15\">&#8211;<\/span><\/span> <span class=\"s4\"><span class=\"bumpedFont15\">informare privin<\/span><\/span><span class=\"s4\"><span class=\"bumpedFont15\">d<\/span><\/span><span class=\"s4\"><span class=\"bumpedFont15\"> importan\u021b<\/span><\/span><span class=\"s4\"><span class=\"bumpedFont15\">a<\/span><\/span><span class=\"s4\"><span class=\"bumpedFont15\"> vaccin\u0103rii copiilor \u0219i adul\u021bilor pentru prevenirea <\/span><\/span><span class=\"s4\"><span class=\"bumpedFont15\">bolilor <\/span><\/span><span class=\"s4\"><span class=\"bumpedFont15\">infec\u021bioase<\/span><\/span><span class=\"s4\"><span class=\"bumpedFont15\"> grave<\/span><\/span><\/p>\n<p class=\"s3\"><span class=\"s4\"><span class=\"bumpedFont15\">&#8211; informare \u0219i sprijin pentru \u00eenscrierea \u00een programul educa\u021bional \u201eA doua \u0219ans\u0103\u201d, destinat persoanelor care nu au urmat sau nu au finalizat \u00eenv\u0103\u021b\u0103m\u00e2ntul primar \u0219i gimnazial<\/span><\/span><\/p>\n<p class=\"s3\"><span class=\"s4\"><span class=\"bumpedFont15\">&#8211;<\/span><\/span> <span class=\"s4\"><span class=\"bumpedFont15\">consiliere \u0219i sprijin <\/span><\/span><span class=\"s4\"><span class=\"bumpedFont15\">pentru<\/span><\/span><span class=\"s4\"><span class=\"bumpedFont15\"> identificarea de programe \u0219i cursuri de calificare, <\/span><\/span><span class=\"s4\"><span class=\"bumpedFont15\">\u00een<\/span><\/span><span class=\"s4\"><span class=\"bumpedFont15\"> scop<\/span><\/span><span class=\"s4\"><span class=\"bumpedFont15\">ul<\/span><\/span><span class=\"s4\"><span class=\"bumpedFont15\"> integr\u0103rii pe pia\u021ba for\u021bei de munc\u0103<\/span><\/span><span class=\"s4\"><span class=\"bumpedFont15\"> etc.<\/span><\/span><\/p>\n<p class=\"s3\"><span class=\"s4\">\u00a0<\/span><span class=\"s4\"><span class=\"bumpedFont15\">Programul de ac\u021biun<\/span><\/span><span class=\"s4\"><span class=\"bumpedFont15\">e<\/span><\/span><span class=\"s4\"><span class=\"bumpedFont15\"> comunitar<\/span><\/span><span class=\"s4\"><span class=\"bumpedFont15\">\u0103<\/span><\/span><span class=\"s4\"><span class=\"bumpedFont15\"> este elaborat de <\/span><\/span><span class=\"s4\"><span class=\"bumpedFont15\">c\u0103tre <\/span><\/span><span class=\"s4\"><span class=\"bumpedFont15\">Direc\u021bia de Asisten\u021b\u0103 Social\u0103 Deva, <\/span><\/span><span class=\"s4\"><span class=\"bumpedFont15\">iar activit\u0103\u021bile incluse \u00een document vor fi realizate \u00een colaborare cu diferite institu\u021bii partenere.<\/span><\/span><\/p>\n<p class=\"s3\"><span class=\"s4\">\u00a0<\/span><\/p>\n<p class=\"s3\"><span class=\"s2\"><span class=\"bumpedFont15\">Direc\u021bia de Asisten\u021b\u0103 Social\u0103 Deva<\/span><\/span><\/p>\n","protected":false},"excerpt":{"rendered":"<p>Programul de ac\u021biune comunitar\u0103 pentru anul 2026 a fost aprobat de Consiliul Local Deva. Documentul&#8230;<\/p>\n","protected":false},"author":1,"featured_media":8150,"comment_status":"closed","ping_status":"closed","sticky":false,"template":"","format":"standard","meta":{"footnotes":""},"categories":[1,14],"tags":[],"class_list":["post-8149","post","type-post","status-publish","format-standard","has-post-thumbnail","hentry","category-actual","category-social"],"yoast_head":"<!-- This site is optimized with the Yoast SEO plugin v25.3.1 - https:\/\/yoast.com\/wordpress\/plugins\/seo\/ -->\n<title>A fost aprobat Programul de ac\u021biune comunitar\u0103 \u00een municipiul Deva, pentru anul 2026 -<\/title>\n<meta name=\"robots\" content=\"index, follow, max-snippet:-1, max-image-preview:large, max-video-preview:-1\" \/>\n<link rel=\"canonical\" href=\"https:\/\/cronicahd.ro\/?p=8149\" \/>\n<meta property=\"og:locale\" content=\"ro_RO\" \/>\n<meta property=\"og:type\" content=\"article\" \/>\n<meta property=\"og:title\" content=\"A fost aprobat Programul de ac\u021biune comunitar\u0103 \u00een municipiul Deva, pentru anul 2026 -\" \/>\n<meta property=\"og:description\" content=\"Programul de ac\u021biune comunitar\u0103 pentru anul 2026 a fost aprobat de Consiliul Local Deva. Documentul...\" \/>\n<meta property=\"og:url\" content=\"https:\/\/cronicahd.ro\/?p=8149\" \/>\n<meta property=\"article:published_time\" content=\"2026-04-21T11:22:56+00:00\" \/>\n<meta property=\"og:image\" content=\"https:\/\/cronicahd.ro\/wp-content\/uploads\/2026\/04\/Foto-asistenta-sociala.jpeg\" \/>\n\t<meta property=\"og:image:width\" content=\"660\" \/>\n\t<meta property=\"og:image:height\" content=\"400\" \/>\n\t<meta property=\"og:image:type\" content=\"image\/jpeg\" \/>\n<meta name=\"author\" content=\"admin\" \/>\n<meta name=\"twitter:card\" content=\"summary_large_image\" \/>\n<meta name=\"twitter:label1\" content=\"Scris de\" \/>\n\t<meta name=\"twitter:data1\" content=\"admin\" \/>\n\t<meta name=\"twitter:label2\" content=\"Timp estimat pentru citire\" \/>\n\t<meta name=\"twitter:data2\" content=\"2 minute\" \/>\n<script type=\"application\/ld+json\" class=\"yoast-schema-graph\">{\"@context\":\"https:\/\/schema.org\",\"@graph\":[{\"@type\":\"WebPage\",\"@id\":\"https:\/\/cronicahd.ro\/?p=8149\",\"url\":\"https:\/\/cronicahd.ro\/?p=8149\",\"name\":\"A fost aprobat Programul de ac\u021biune comunitar\u0103 \u00een municipiul Deva, pentru anul 2026 -\",\"isPartOf\":{\"@id\":\"https:\/\/cronicahd.ro\/#website\"},\"primaryImageOfPage\":{\"@id\":\"https:\/\/cronicahd.ro\/?p=8149#primaryimage\"},\"image\":{\"@id\":\"https:\/\/cronicahd.ro\/?p=8149#primaryimage\"},\"thumbnailUrl\":\"https:\/\/cronicahd.ro\/wp-content\/uploads\/2026\/04\/Foto-asistenta-sociala.jpeg\",\"datePublished\":\"2026-04-21T11:22:56+00:00\",\"author\":{\"@id\":\"https:\/\/cronicahd.ro\/#\/schema\/person\/d1a1277a8cd166610328e17aaf58bf46\"},\"breadcrumb\":{\"@id\":\"https:\/\/cronicahd.ro\/?p=8149#breadcrumb\"},\"inLanguage\":\"ro-RO\",\"potentialAction\":[{\"@type\":\"ReadAction\",\"target\":[\"https:\/\/cronicahd.ro\/?p=8149\"]}]},{\"@type\":\"ImageObject\",\"inLanguage\":\"ro-RO\",\"@id\":\"https:\/\/cronicahd.ro\/?p=8149#primaryimage\",\"url\":\"https:\/\/cronicahd.ro\/wp-content\/uploads\/2026\/04\/Foto-asistenta-sociala.jpeg\",\"contentUrl\":\"https:\/\/cronicahd.ro\/wp-content\/uploads\/2026\/04\/Foto-asistenta-sociala.jpeg\",\"width\":660,\"height\":400},{\"@type\":\"BreadcrumbList\",\"@id\":\"https:\/\/cronicahd.ro\/?p=8149#breadcrumb\",\"itemListElement\":[{\"@type\":\"ListItem\",\"position\":1,\"name\":\"Prima pagin\u0103\",\"item\":\"https:\/\/cronicahd.ro\/\"},{\"@type\":\"ListItem\",\"position\":2,\"name\":\"A fost aprobat Programul de ac\u021biune comunitar\u0103 \u00een municipiul Deva, pentru anul 2026\"}]},{\"@type\":\"WebSite\",\"@id\":\"https:\/\/cronicahd.ro\/#website\",\"url\":\"https:\/\/cronicahd.ro\/\",\"name\":\"\",\"description\":\"\",\"potentialAction\":[{\"@type\":\"SearchAction\",\"target\":{\"@type\":\"EntryPoint\",\"urlTemplate\":\"https:\/\/cronicahd.ro\/?s={search_term_string}\"},\"query-input\":{\"@type\":\"PropertyValueSpecification\",\"valueRequired\":true,\"valueName\":\"search_term_string\"}}],\"inLanguage\":\"ro-RO\"},{\"@type\":\"Person\",\"@id\":\"https:\/\/cronicahd.ro\/#\/schema\/person\/d1a1277a8cd166610328e17aaf58bf46\",\"name\":\"admin\",\"image\":{\"@type\":\"ImageObject\",\"inLanguage\":\"ro-RO\",\"@id\":\"https:\/\/cronicahd.ro\/#\/schema\/person\/image\/\",\"url\":\"https:\/\/secure.gravatar.com\/avatar\/24700337280d10898c2e0d19d44a05316bff9fccc941ecc5570ffe41668203f7?s=96&d=mm&r=g\",\"contentUrl\":\"https:\/\/secure.gravatar.com\/avatar\/24700337280d10898c2e0d19d44a05316bff9fccc941ecc5570ffe41668203f7?s=96&d=mm&r=g\",\"caption\":\"admin\"},\"sameAs\":[\"https:\/\/cronicavj.ro\"],\"url\":\"https:\/\/cronicahd.ro\/?author=1\"}]}<\/script>\n<!-- \/ Yoast SEO plugin. -->","yoast_head_json":{"title":"A fost aprobat Programul de ac\u021biune comunitar\u0103 \u00een municipiul Deva, pentru anul 2026 -","robots":{"index":"index","follow":"follow","max-snippet":"max-snippet:-1","max-image-preview":"max-image-preview:large","max-video-preview":"max-video-preview:-1"},"canonical":"https:\/\/cronicahd.ro\/?p=8149","og_locale":"ro_RO","og_type":"article","og_title":"A fost aprobat Programul de ac\u021biune comunitar\u0103 \u00een municipiul Deva, pentru anul 2026 -","og_description":"Programul de ac\u021biune comunitar\u0103 pentru anul 2026 a fost aprobat de Consiliul Local Deva. Documentul...","og_url":"https:\/\/cronicahd.ro\/?p=8149","article_published_time":"2026-04-21T11:22:56+00:00","og_image":[{"width":660,"height":400,"url":"https:\/\/cronicahd.ro\/wp-content\/uploads\/2026\/04\/Foto-asistenta-sociala.jpeg","type":"image\/jpeg"}],"author":"admin","twitter_card":"summary_large_image","twitter_misc":{"Scris de":"admin","Timp estimat pentru citire":"2 minute"},"schema":{"@context":"https:\/\/schema.org","@graph":[{"@type":"WebPage","@id":"https:\/\/cronicahd.ro\/?p=8149","url":"https:\/\/cronicahd.ro\/?p=8149","name":"A fost aprobat Programul de ac\u021biune comunitar\u0103 \u00een municipiul Deva, pentru anul 2026 -","isPartOf":{"@id":"https:\/\/cronicahd.ro\/#website"},"primaryImageOfPage":{"@id":"https:\/\/cronicahd.ro\/?p=8149#primaryimage"},"image":{"@id":"https:\/\/cronicahd.ro\/?p=8149#primaryimage"},"thumbnailUrl":"https:\/\/cronicahd.ro\/wp-content\/uploads\/2026\/04\/Foto-asistenta-sociala.jpeg","datePublished":"2026-04-21T11:22:56+00:00","author":{"@id":"https:\/\/cronicahd.ro\/#\/schema\/person\/d1a1277a8cd166610328e17aaf58bf46"},"breadcrumb":{"@id":"https:\/\/cronicahd.ro\/?p=8149#breadcrumb"},"inLanguage":"ro-RO","potentialAction":[{"@type":"ReadAction","target":["https:\/\/cronicahd.ro\/?p=8149"]}]},{"@type":"ImageObject","inLanguage":"ro-RO","@id":"https:\/\/cronicahd.ro\/?p=8149#primaryimage","url":"https:\/\/cronicahd.ro\/wp-content\/uploads\/2026\/04\/Foto-asistenta-sociala.jpeg","contentUrl":"https:\/\/cronicahd.ro\/wp-content\/uploads\/2026\/04\/Foto-asistenta-sociala.jpeg","width":660,"height":400},{"@type":"BreadcrumbList","@id":"https:\/\/cronicahd.ro\/?p=8149#breadcrumb","itemListElement":[{"@type":"ListItem","position":1,"name":"Prima pagin\u0103","item":"https:\/\/cronicahd.ro\/"},{"@type":"ListItem","position":2,"name":"A fost aprobat Programul de ac\u021biune comunitar\u0103 \u00een municipiul Deva, pentru anul 2026"}]},{"@type":"WebSite","@id":"https:\/\/cronicahd.ro\/#website","url":"https:\/\/cronicahd.ro\/","name":"","description":"","potentialAction":[{"@type":"SearchAction","target":{"@type":"EntryPoint","urlTemplate":"https:\/\/cronicahd.ro\/?s={search_term_string}"},"query-input":{"@type":"PropertyValueSpecification","valueRequired":true,"valueName":"search_term_string"}}],"inLanguage":"ro-RO"},{"@type":"Person","@id":"https:\/\/cronicahd.ro\/#\/schema\/person\/d1a1277a8cd166610328e17aaf58bf46","name":"admin","image":{"@type":"ImageObject","inLanguage":"ro-RO","@id":"https:\/\/cronicahd.ro\/#\/schema\/person\/image\/","url":"https:\/\/secure.gravatar.com\/avatar\/24700337280d10898c2e0d19d44a05316bff9fccc941ecc5570ffe41668203f7?s=96&d=mm&r=g","contentUrl":"https:\/\/secure.gravatar.com\/avatar\/24700337280d10898c2e0d19d44a05316bff9fccc941ecc5570ffe41668203f7?s=96&d=mm&r=g","caption":"admin"},"sameAs":["https:\/\/cronicavj.ro"],"url":"https:\/\/cronicahd.ro\/?author=1"}]}},"_links":{"self":[{"href":"https:\/\/cronicahd.ro\/index.php?rest_route=\/wp\/v2\/posts\/8149","targetHints":{"allow":["GET"]}}],"collection":[{"href":"https:\/\/cronicahd.ro\/index.php?rest_route=\/wp\/v2\/posts"}],"about":[{"href":"https:\/\/cronicahd.ro\/index.php?rest_route=\/wp\/v2\/types\/post"}],"author":[{"embeddable":true,"href":"https:\/\/cronicahd.ro\/index.php?rest_route=\/wp\/v2\/users\/1"}],"replies":[{"embeddable":true,"href":"https:\/\/cronicahd.ro\/index.php?rest_route=%2Fwp%2Fv2%2Fcomments&post=8149"}],"version-history":[{"count":1,"href":"https:\/\/cronicahd.ro\/index.php?rest_route=\/wp\/v2\/posts\/8149\/revisions"}],"predecessor-version":[{"id":8151,"href":"https:\/\/cronicahd.ro\/index.php?rest_route=\/wp\/v2\/posts\/8149\/revisions\/8151"}],"wp:featuredmedia":[{"embeddable":true,"href":"https:\/\/cronicahd.ro\/index.php?rest_route=\/wp\/v2\/media\/8150"}],"wp:attachment":[{"href":"https:\/\/cronicahd.ro\/index.php?rest_route=%2Fwp%2Fv2%2Fmedia&parent=8149"}],"wp:term":[{"taxonomy":"category","embeddable":true,"href":"https:\/\/cronicahd.ro\/index.php?rest_route=%2Fwp%2Fv2%2Fcategories&post=8149"},{"taxonomy":"post_tag","embeddable":true,"href":"https:\/\/cronicahd.ro\/index.php?rest_route=%2Fwp%2Fv2%2Ftags&post=8149"}],"curies":[{"name":"wp","href":"https:\/\/api.w.org\/{rel}","templated":true}]}}