{"id":8143,"date":"2026-04-21T11:13:51","date_gmt":"2026-04-21T11:13:51","guid":{"rendered":"https:\/\/cronicahd.ro\/?p=8143"},"modified":"2026-04-21T11:13:51","modified_gmt":"2026-04-21T11:13:51","slug":"tanar-din-hunedoara-retinut-pentru-violenta-in-familie-viol-si-alte-infractiuni-grave","status":"publish","type":"post","link":"https:\/\/cronicahd.ro\/?p=8143","title":{"rendered":"T\u00e2n\u0103r din Hunedoara, re\u021binut pentru violen\u021b\u0103 \u00een familie, viol \u0219i alte infrac\u021biuni grave"},"content":{"rendered":"<p>&nbsp;<\/p>\n<p>Un t\u00e2n\u0103r de 22 de ani din municipiul Hunedoara a fost re\u021binut de poli\u021bi\u0219ti, fiind acuzat de comiterea mai multor infrac\u021biuni grave asupra concubinei sale, \u00een urma unei interven\u021bii prompte a oamenilor legii.<\/p>\n<p>Potrivit informa\u021biilor furnizate de Poli\u021bia Municipiului Hunedoara, cazul a fost semnalat \u00een data de 20 aprilie 2026, c\u00e2nd o femeie \u00een v\u00e2rst\u0103 de 27 de ani s-a prezentat la sediul institu\u021biei pentru a reclama o agresiune petrecut\u0103 cu o sear\u0103 \u00eenainte, \u00een locuin\u021ba comun\u0103.<\/p>\n<p>Conform sesiz\u0103rii, pe fondul unui conflict, b\u0103rbatul ar fi manifestat un comportament violent, distrug\u00e2nd documentele de identitate ale victimei, agres\u00e2nd-o fizic prin lovituri aplicate \u00een zona fe\u021bei \u0219i constr\u00e2ng\u00e2nd-o s\u0103 \u00eentre\u021bin\u0103 raporturi sexuale \u00eempotriva voin\u021bei sale. De asemenea, acesta ar fi \u00eempiedicat-o s\u0103 p\u0103r\u0103seasc\u0103 locuin\u021ba \u0219i ar fi amenin\u021bat-o, provoc\u00e2ndu-i o stare de team\u0103.<\/p>\n<p>Mai mult, femeia le-a declarat anchetatorilor c\u0103 nu este primul incident de acest tip, indic\u00e2nd un episod anterior, din 10 aprilie, c\u00e2nd ar fi fost amenin\u021bat\u0103 de acela\u0219i b\u0103rbat cu un cu\u021bit.<\/p>\n<p>\u00cen urma verific\u0103rilor \u0219i a probatoriului administrat, poli\u021bi\u0219tii au \u00eentocmit dosar penal pentru violen\u021b\u0103 \u00een familie, viol, lipsire de libertate \u00een mod ilegal, amenin\u021bare \u0219i distrugere.<\/p>\n<p>Totodat\u0103, \u00een urma evalu\u0103rii riscului, autorit\u0103\u021bile au stabilit existen\u021ba unui pericol iminent, fiind emis un ordin de protec\u021bie provizoriu valabil pentru 5 zile, \u00een vederea protej\u0103rii victimei.<\/p>\n<p>T\u00e2n\u0103rul a fost re\u021binut pentru 24 de ore, urm\u00e2nd ca acesta s\u0103 fie prezentat magistra\u021bilor pentru dispunerea unor m\u0103suri preventive.<\/p>\n<p>&nbsp;<\/p>\n","protected":false},"excerpt":{"rendered":"<p>&nbsp; Un t\u00e2n\u0103r de 22 de ani din municipiul Hunedoara a fost re\u021binut de poli\u021bi\u0219ti,&#8230;<\/p>\n","protected":false},"author":1,"featured_media":8144,"comment_status":"closed","ping_status":"closed","sticky":false,"template":"","format":"standard","meta":{"footnotes":""},"categories":[1,15],"tags":[],"class_list":["post-8143","post","type-post","status-publish","format-standard","has-post-thumbnail","hentry","category-actual","category-eveniment"],"yoast_head":"<!-- This site is optimized with the Yoast SEO plugin v25.3.1 - https:\/\/yoast.com\/wordpress\/plugins\/seo\/ -->\n<title>T\u00e2n\u0103r din Hunedoara, re\u021binut pentru violen\u021b\u0103 \u00een familie, viol \u0219i alte infrac\u021biuni grave -<\/title>\n<meta name=\"robots\" content=\"index, follow, max-snippet:-1, max-image-preview:large, max-video-preview:-1\" \/>\n<link rel=\"canonical\" href=\"https:\/\/cronicahd.ro\/?p=8143\" \/>\n<meta property=\"og:locale\" content=\"ro_RO\" \/>\n<meta property=\"og:type\" content=\"article\" \/>\n<meta property=\"og:title\" content=\"T\u00e2n\u0103r din Hunedoara, re\u021binut pentru violen\u021b\u0103 \u00een familie, viol \u0219i alte infrac\u021biuni grave -\" \/>\n<meta property=\"og:description\" content=\"&nbsp; Un t\u00e2n\u0103r de 22 de ani din municipiul Hunedoara a fost re\u021binut de poli\u021bi\u0219ti,...\" \/>\n<meta property=\"og:url\" content=\"https:\/\/cronicahd.ro\/?p=8143\" \/>\n<meta property=\"article:published_time\" content=\"2026-04-21T11:13:51+00:00\" \/>\n<meta property=\"og:image\" content=\"https:\/\/cronicahd.ro\/wp-content\/uploads\/2026\/04\/IMG_6705.jpeg\" \/>\n\t<meta property=\"og:image:width\" content=\"1125\" \/>\n\t<meta property=\"og:image:height\" content=\"1561\" \/>\n\t<meta property=\"og:image:type\" content=\"image\/jpeg\" \/>\n<meta name=\"author\" content=\"admin\" \/>\n<meta name=\"twitter:card\" content=\"summary_large_image\" \/>\n<meta name=\"twitter:label1\" content=\"Scris de\" \/>\n\t<meta name=\"twitter:data1\" content=\"admin\" \/>\n\t<meta name=\"twitter:label2\" content=\"Timp estimat pentru citire\" \/>\n\t<meta name=\"twitter:data2\" content=\"2 minute\" \/>\n<script type=\"application\/ld+json\" class=\"yoast-schema-graph\">{\"@context\":\"https:\/\/schema.org\",\"@graph\":[{\"@type\":\"WebPage\",\"@id\":\"https:\/\/cronicahd.ro\/?p=8143\",\"url\":\"https:\/\/cronicahd.ro\/?p=8143\",\"name\":\"T\u00e2n\u0103r din Hunedoara, re\u021binut pentru violen\u021b\u0103 \u00een familie, viol \u0219i alte infrac\u021biuni grave -\",\"isPartOf\":{\"@id\":\"https:\/\/cronicahd.ro\/#website\"},\"primaryImageOfPage\":{\"@id\":\"https:\/\/cronicahd.ro\/?p=8143#primaryimage\"},\"image\":{\"@id\":\"https:\/\/cronicahd.ro\/?p=8143#primaryimage\"},\"thumbnailUrl\":\"https:\/\/cronicahd.ro\/wp-content\/uploads\/2026\/04\/IMG_6705.jpeg\",\"datePublished\":\"2026-04-21T11:13:51+00:00\",\"author\":{\"@id\":\"https:\/\/cronicahd.ro\/#\/schema\/person\/d1a1277a8cd166610328e17aaf58bf46\"},\"breadcrumb\":{\"@id\":\"https:\/\/cronicahd.ro\/?p=8143#breadcrumb\"},\"inLanguage\":\"ro-RO\",\"potentialAction\":[{\"@type\":\"ReadAction\",\"target\":[\"https:\/\/cronicahd.ro\/?p=8143\"]}]},{\"@type\":\"ImageObject\",\"inLanguage\":\"ro-RO\",\"@id\":\"https:\/\/cronicahd.ro\/?p=8143#primaryimage\",\"url\":\"https:\/\/cronicahd.ro\/wp-content\/uploads\/2026\/04\/IMG_6705.jpeg\",\"contentUrl\":\"https:\/\/cronicahd.ro\/wp-content\/uploads\/2026\/04\/IMG_6705.jpeg\",\"width\":1125,\"height\":1561,\"caption\":\"Screenshot\"},{\"@type\":\"BreadcrumbList\",\"@id\":\"https:\/\/cronicahd.ro\/?p=8143#breadcrumb\",\"itemListElement\":[{\"@type\":\"ListItem\",\"position\":1,\"name\":\"Prima pagin\u0103\",\"item\":\"https:\/\/cronicahd.ro\/\"},{\"@type\":\"ListItem\",\"position\":2,\"name\":\"T\u00e2n\u0103r din Hunedoara, re\u021binut pentru violen\u021b\u0103 \u00een familie, viol \u0219i alte infrac\u021biuni grave\"}]},{\"@type\":\"WebSite\",\"@id\":\"https:\/\/cronicahd.ro\/#website\",\"url\":\"https:\/\/cronicahd.ro\/\",\"name\":\"\",\"description\":\"\",\"potentialAction\":[{\"@type\":\"SearchAction\",\"target\":{\"@type\":\"EntryPoint\",\"urlTemplate\":\"https:\/\/cronicahd.ro\/?s={search_term_string}\"},\"query-input\":{\"@type\":\"PropertyValueSpecification\",\"valueRequired\":true,\"valueName\":\"search_term_string\"}}],\"inLanguage\":\"ro-RO\"},{\"@type\":\"Person\",\"@id\":\"https:\/\/cronicahd.ro\/#\/schema\/person\/d1a1277a8cd166610328e17aaf58bf46\",\"name\":\"admin\",\"image\":{\"@type\":\"ImageObject\",\"inLanguage\":\"ro-RO\",\"@id\":\"https:\/\/cronicahd.ro\/#\/schema\/person\/image\/\",\"url\":\"https:\/\/secure.gravatar.com\/avatar\/24700337280d10898c2e0d19d44a05316bff9fccc941ecc5570ffe41668203f7?s=96&d=mm&r=g\",\"contentUrl\":\"https:\/\/secure.gravatar.com\/avatar\/24700337280d10898c2e0d19d44a05316bff9fccc941ecc5570ffe41668203f7?s=96&d=mm&r=g\",\"caption\":\"admin\"},\"sameAs\":[\"https:\/\/cronicavj.ro\"],\"url\":\"https:\/\/cronicahd.ro\/?author=1\"}]}<\/script>\n<!-- \/ Yoast SEO plugin. -->","yoast_head_json":{"title":"T\u00e2n\u0103r din Hunedoara, re\u021binut pentru violen\u021b\u0103 \u00een familie, viol \u0219i alte infrac\u021biuni grave -","robots":{"index":"index","follow":"follow","max-snippet":"max-snippet:-1","max-image-preview":"max-image-preview:large","max-video-preview":"max-video-preview:-1"},"canonical":"https:\/\/cronicahd.ro\/?p=8143","og_locale":"ro_RO","og_type":"article","og_title":"T\u00e2n\u0103r din Hunedoara, re\u021binut pentru violen\u021b\u0103 \u00een familie, viol \u0219i alte infrac\u021biuni grave -","og_description":"&nbsp; Un t\u00e2n\u0103r de 22 de ani din municipiul Hunedoara a fost re\u021binut de poli\u021bi\u0219ti,...","og_url":"https:\/\/cronicahd.ro\/?p=8143","article_published_time":"2026-04-21T11:13:51+00:00","og_image":[{"width":1125,"height":1561,"url":"https:\/\/cronicahd.ro\/wp-content\/uploads\/2026\/04\/IMG_6705.jpeg","type":"image\/jpeg"}],"author":"admin","twitter_card":"summary_large_image","twitter_misc":{"Scris de":"admin","Timp estimat pentru citire":"2 minute"},"schema":{"@context":"https:\/\/schema.org","@graph":[{"@type":"WebPage","@id":"https:\/\/cronicahd.ro\/?p=8143","url":"https:\/\/cronicahd.ro\/?p=8143","name":"T\u00e2n\u0103r din Hunedoara, re\u021binut pentru violen\u021b\u0103 \u00een familie, viol \u0219i alte infrac\u021biuni grave -","isPartOf":{"@id":"https:\/\/cronicahd.ro\/#website"},"primaryImageOfPage":{"@id":"https:\/\/cronicahd.ro\/?p=8143#primaryimage"},"image":{"@id":"https:\/\/cronicahd.ro\/?p=8143#primaryimage"},"thumbnailUrl":"https:\/\/cronicahd.ro\/wp-content\/uploads\/2026\/04\/IMG_6705.jpeg","datePublished":"2026-04-21T11:13:51+00:00","author":{"@id":"https:\/\/cronicahd.ro\/#\/schema\/person\/d1a1277a8cd166610328e17aaf58bf46"},"breadcrumb":{"@id":"https:\/\/cronicahd.ro\/?p=8143#breadcrumb"},"inLanguage":"ro-RO","potentialAction":[{"@type":"ReadAction","target":["https:\/\/cronicahd.ro\/?p=8143"]}]},{"@type":"ImageObject","inLanguage":"ro-RO","@id":"https:\/\/cronicahd.ro\/?p=8143#primaryimage","url":"https:\/\/cronicahd.ro\/wp-content\/uploads\/2026\/04\/IMG_6705.jpeg","contentUrl":"https:\/\/cronicahd.ro\/wp-content\/uploads\/2026\/04\/IMG_6705.jpeg","width":1125,"height":1561,"caption":"Screenshot"},{"@type":"BreadcrumbList","@id":"https:\/\/cronicahd.ro\/?p=8143#breadcrumb","itemListElement":[{"@type":"ListItem","position":1,"name":"Prima pagin\u0103","item":"https:\/\/cronicahd.ro\/"},{"@type":"ListItem","position":2,"name":"T\u00e2n\u0103r din Hunedoara, re\u021binut pentru violen\u021b\u0103 \u00een familie, viol \u0219i alte infrac\u021biuni grave"}]},{"@type":"WebSite","@id":"https:\/\/cronicahd.ro\/#website","url":"https:\/\/cronicahd.ro\/","name":"","description":"","potentialAction":[{"@type":"SearchAction","target":{"@type":"EntryPoint","urlTemplate":"https:\/\/cronicahd.ro\/?s={search_term_string}"},"query-input":{"@type":"PropertyValueSpecification","valueRequired":true,"valueName":"search_term_string"}}],"inLanguage":"ro-RO"},{"@type":"Person","@id":"https:\/\/cronicahd.ro\/#\/schema\/person\/d1a1277a8cd166610328e17aaf58bf46","name":"admin","image":{"@type":"ImageObject","inLanguage":"ro-RO","@id":"https:\/\/cronicahd.ro\/#\/schema\/person\/image\/","url":"https:\/\/secure.gravatar.com\/avatar\/24700337280d10898c2e0d19d44a05316bff9fccc941ecc5570ffe41668203f7?s=96&d=mm&r=g","contentUrl":"https:\/\/secure.gravatar.com\/avatar\/24700337280d10898c2e0d19d44a05316bff9fccc941ecc5570ffe41668203f7?s=96&d=mm&r=g","caption":"admin"},"sameAs":["https:\/\/cronicavj.ro"],"url":"https:\/\/cronicahd.ro\/?author=1"}]}},"_links":{"self":[{"href":"https:\/\/cronicahd.ro\/index.php?rest_route=\/wp\/v2\/posts\/8143","targetHints":{"allow":["GET"]}}],"collection":[{"href":"https:\/\/cronicahd.ro\/index.php?rest_route=\/wp\/v2\/posts"}],"about":[{"href":"https:\/\/cronicahd.ro\/index.php?rest_route=\/wp\/v2\/types\/post"}],"author":[{"embeddable":true,"href":"https:\/\/cronicahd.ro\/index.php?rest_route=\/wp\/v2\/users\/1"}],"replies":[{"embeddable":true,"href":"https:\/\/cronicahd.ro\/index.php?rest_route=%2Fwp%2Fv2%2Fcomments&post=8143"}],"version-history":[{"count":1,"href":"https:\/\/cronicahd.ro\/index.php?rest_route=\/wp\/v2\/posts\/8143\/revisions"}],"predecessor-version":[{"id":8145,"href":"https:\/\/cronicahd.ro\/index.php?rest_route=\/wp\/v2\/posts\/8143\/revisions\/8145"}],"wp:featuredmedia":[{"embeddable":true,"href":"https:\/\/cronicahd.ro\/index.php?rest_route=\/wp\/v2\/media\/8144"}],"wp:attachment":[{"href":"https:\/\/cronicahd.ro\/index.php?rest_route=%2Fwp%2Fv2%2Fmedia&parent=8143"}],"wp:term":[{"taxonomy":"category","embeddable":true,"href":"https:\/\/cronicahd.ro\/index.php?rest_route=%2Fwp%2Fv2%2Fcategories&post=8143"},{"taxonomy":"post_tag","embeddable":true,"href":"https:\/\/cronicahd.ro\/index.php?rest_route=%2Fwp%2Fv2%2Ftags&post=8143"}],"curies":[{"name":"wp","href":"https:\/\/api.w.org\/{rel}","templated":true}]}}